{"id":6716,"date":"2026-01-24T07:45:03","date_gmt":"2026-01-24T10:45:03","guid":{"rendered":"https:\/\/sudoesteacontece.com.br\/?p=6716"},"modified":"2026-01-24T07:46:39","modified_gmt":"2026-01-24T10:46:39","slug":"__trashed","status":"publish","type":"post","link":"https:\/\/sudoesteacontece.com.br\/?p=6716","title":{"rendered":"Homem \u00e9 assassinado a tiros em Brumado"},"content":{"rendered":"<div class=\"wp-block-image\">\n<figure class=\"aligncenter size-full\"><img fetchpriority=\"high\" decoding=\"async\" width=\"900\" height=\"600\" src=\"http:\/\/sudoesteacontece.com.br\/wp-content\/uploads\/2026\/01\/Homem-e-assassinado-a-tiros-em-Brumado-sudoeste-acontece.jpg\" alt=\"\" class=\"wp-image-6727\" srcset=\"https:\/\/sudoesteacontece.com.br\/wp-content\/uploads\/2026\/01\/Homem-e-assassinado-a-tiros-em-Brumado-sudoeste-acontece.jpg 900w, https:\/\/sudoesteacontece.com.br\/wp-content\/uploads\/2026\/01\/Homem-e-assassinado-a-tiros-em-Brumado-sudoeste-acontece-300x200.jpg 300w, https:\/\/sudoesteacontece.com.br\/wp-content\/uploads\/2026\/01\/Homem-e-assassinado-a-tiros-em-Brumado-sudoeste-acontece-768x512.jpg 768w\" sizes=\"(max-width: 900px) 100vw, 900px\" \/><\/figure>\n<\/div>\n\n\n<p>Crime violento matou um homem de 31 anos no in\u00edcio da noite desta sexta-feira (23), na Pra\u00e7a Virg\u00ednia da Silva Aguiar, no bairro Urbis 2, em Brumado. A v\u00edtima foi atingida por disparos de arma de fogo em um ponto movimentado da comunidade e morreu antes de ser levada ao hospital.<\/p>\n\n\n\n<p>Identificado como Jefferson Le\u00f4ncio Lopes, conhecido como \u201cGegel\u201d, o homem morava na pr\u00f3pria localidade onde ocorreu o crime. Moradores relataram momentos de tens\u00e3o ap\u00f3s os tiros, que chamaram a aten\u00e7\u00e3o de quem estava pr\u00f3ximo \u00e0 pra\u00e7a.<\/p>\n\n\n\n<p>Segundo a Pol\u00edcia Militar, a ocorr\u00eancia foi registrada por volta das 18h43. Jefferson foi encontrado ca\u00eddo nas proximidades de um bar, j\u00e1 sem sinais vitais. O m\u00e9dico plantonista do Samu confirmou a morte ainda no local.<\/p>\n\n\n\n<p>Ap\u00f3s a constata\u00e7\u00e3o do \u00f3bito, policiais isolaram a \u00e1rea para preservar a cena do crime. O Departamento de Pol\u00edcia T\u00e9cnica realizou a per\u00edcia e removeu o corpo para o Instituto M\u00e9dico Legal de Brumado.<\/p>\n\n\n\n<p>Agora a Pol\u00edcia Civil investiga o caso para identificar a autoria e esclarecer a motiva\u00e7\u00e3o do homic\u00eddio. At\u00e9 o momento, ningu\u00e9m foi preso, e novas informa\u00e7\u00f5es devem ser divulgadas com o avan\u00e7o das investiga\u00e7\u00f5es.<\/p>\n","protected":false},"excerpt":{"rendered":"<p>Crime violento matou um homem de 31 anos no in\u00edcio da noite desta sexta-feira (23), na Pra\u00e7a Virg\u00ednia da Silva Aguiar, no bairro Urbis 2, em Brumado. A v\u00edtima foi atingida por disparos de arma de fogo em um ponto movimentado da comunidade e morreu antes de ser levada ao hospital. Identificado como Jefferson Le\u00f4ncio Lopes, conhecido como \u201cGegel\u201d, o homem morava na pr\u00f3pria localidade onde ocorreu o crime. Moradores relataram momentos de tens\u00e3o ap\u00f3s os tiros, que chamaram a aten\u00e7\u00e3o de quem estava pr\u00f3ximo \u00e0 pra\u00e7a. Segundo a Pol\u00edcia Militar, a ocorr\u00eancia foi registrada por volta das 18h43. Jefferson foi encontrado ca\u00eddo nas proximidades de um bar, j\u00e1 sem sinais vitais. O m\u00e9dico plantonista do Samu confirmou a morte ainda no local. Ap\u00f3s a constata\u00e7\u00e3o do \u00f3bito, policiais isolaram a \u00e1rea para preservar a cena do crime. O Departamento de Pol\u00edcia T\u00e9cnica realizou a per\u00edcia e removeu o corpo para o Instituto M\u00e9dico Legal de Brumado. Agora a Pol\u00edcia Civil investiga o caso para identificar a autoria e esclarecer a motiva\u00e7\u00e3o do homic\u00eddio. At\u00e9 o momento, ningu\u00e9m foi preso, e novas informa\u00e7\u00f5es devem ser divulgadas com o avan\u00e7o das investiga\u00e7\u00f5es.<\/p>\n","protected":false},"author":2,"featured_media":6727,"comment_status":"open","ping_status":"open","sticky":false,"template":"","format":"standard","meta":{"footnotes":""},"categories":[10,3],"tags":[],"class_list":["post-6716","post","type-post","status-publish","format-standard","has-post-thumbnail","hentry","category-brumado","category-policia"],"yoast_head":"<!-- This site is optimized with the Yoast SEO plugin v26.5 - https:\/\/yoast.com\/wordpress\/plugins\/seo\/ -->\n<title>Homem \u00e9 assassinado a tiros em Brumado - Sudoesteacontece<\/title>\n<meta name=\"robots\" content=\"index, follow, max-snippet:-1, max-image-preview:large, max-video-preview:-1\" \/>\n<link rel=\"canonical\" href=\"https:\/\/sudoesteacontece.com.br\/?p=6716\" \/>\n<meta property=\"og:locale\" content=\"pt_BR\" \/>\n<meta property=\"og:type\" content=\"article\" \/>\n<meta property=\"og:title\" content=\"Homem \u00e9 assassinado a tiros em Brumado - Sudoesteacontece\" \/>\n<meta property=\"og:description\" content=\"Crime violento matou um homem de 31 anos no in\u00edcio da noite desta sexta-feira (23), na Pra\u00e7a Virg\u00ednia da Silva Aguiar, no bairro Urbis 2, em Brumado. A v\u00edtima foi atingida por disparos de arma de fogo em um ponto movimentado da comunidade e morreu antes de ser levada ao hospital. Identificado como Jefferson Le\u00f4ncio Lopes, conhecido como \u201cGegel\u201d, o homem morava na pr\u00f3pria localidade onde ocorreu o crime. Moradores relataram momentos de tens\u00e3o ap\u00f3s os tiros, que chamaram a aten\u00e7\u00e3o de quem estava pr\u00f3ximo \u00e0 pra\u00e7a. Segundo a Pol\u00edcia Militar, a ocorr\u00eancia foi registrada por volta das 18h43. Jefferson foi encontrado ca\u00eddo nas proximidades de um bar, j\u00e1 sem sinais vitais. O m\u00e9dico plantonista do Samu confirmou a morte ainda no local. Ap\u00f3s a constata\u00e7\u00e3o do \u00f3bito, policiais isolaram a \u00e1rea para preservar a cena do crime. O Departamento de Pol\u00edcia T\u00e9cnica realizou a per\u00edcia e removeu o corpo para o Instituto M\u00e9dico Legal de Brumado. Agora a Pol\u00edcia Civil investiga o caso para identificar a autoria e esclarecer a motiva\u00e7\u00e3o do homic\u00eddio. At\u00e9 o momento, ningu\u00e9m foi preso, e novas informa\u00e7\u00f5es devem ser divulgadas com o avan\u00e7o das investiga\u00e7\u00f5es.\" \/>\n<meta property=\"og:url\" content=\"https:\/\/sudoesteacontece.com.br\/?p=6716\" \/>\n<meta property=\"og:site_name\" content=\"Sudoesteacontece\" \/>\n<meta property=\"article:publisher\" content=\"https:\/\/www.facebook.com\/sudoesteacontece\/?locale=pt_BR\" \/>\n<meta property=\"article:published_time\" content=\"2026-01-24T10:45:03+00:00\" \/>\n<meta property=\"article:modified_time\" content=\"2026-01-24T10:46:39+00:00\" \/>\n<meta property=\"og:image\" content=\"https:\/\/sudoesteacontece.com.br\/wp-content\/uploads\/2026\/01\/Homem-e-assassinado-a-tiros-em-Brumado-sudoeste-acontece.jpg\" \/>\n\t<meta property=\"og:image:width\" content=\"900\" \/>\n\t<meta property=\"og:image:height\" content=\"600\" \/>\n\t<meta property=\"og:image:type\" content=\"image\/jpeg\" \/>\n<meta name=\"author\" content=\"Washington Tiago\" \/>\n<meta name=\"twitter:card\" content=\"summary_large_image\" \/>\n<meta name=\"twitter:label1\" content=\"Escrito por\" \/>\n\t<meta name=\"twitter:data1\" content=\"Washington Tiago\" \/>\n\t<meta name=\"twitter:label2\" content=\"Est. tempo de leitura\" \/>\n\t<meta name=\"twitter:data2\" content=\"2 minutos\" \/>\n<script type=\"application\/ld+json\" class=\"yoast-schema-graph\">{\"@context\":\"https:\/\/schema.org\",\"@graph\":[{\"@type\":\"Article\",\"@id\":\"https:\/\/sudoesteacontece.com.br\/?p=6716#article\",\"isPartOf\":{\"@id\":\"https:\/\/sudoesteacontece.com.br\/?p=6716\"},\"author\":{\"name\":\"Washington Tiago\",\"@id\":\"https:\/\/sudoesteacontece.com.br\/#\/schema\/person\/3cf2cf009926a9683ebc29d5379fa79c\"},\"headline\":\"Homem \u00e9 assassinado a tiros em Brumado\",\"datePublished\":\"2026-01-24T10:45:03+00:00\",\"dateModified\":\"2026-01-24T10:46:39+00:00\",\"mainEntityOfPage\":{\"@id\":\"https:\/\/sudoesteacontece.com.br\/?p=6716\"},\"wordCount\":221,\"commentCount\":0,\"publisher\":{\"@id\":\"https:\/\/sudoesteacontece.com.br\/#organization\"},\"image\":{\"@id\":\"https:\/\/sudoesteacontece.com.br\/?p=6716#primaryimage\"},\"thumbnailUrl\":\"https:\/\/sudoesteacontece.com.br\/wp-content\/uploads\/2026\/01\/Homem-e-assassinado-a-tiros-em-Brumado-sudoeste-acontece.jpg\",\"articleSection\":[\"Brumado\",\"Pol\u00edcia\"],\"inLanguage\":\"pt-BR\",\"potentialAction\":[{\"@type\":\"CommentAction\",\"name\":\"Comment\",\"target\":[\"https:\/\/sudoesteacontece.com.br\/?p=6716#respond\"]}]},{\"@type\":\"WebPage\",\"@id\":\"https:\/\/sudoesteacontece.com.br\/?p=6716\",\"url\":\"https:\/\/sudoesteacontece.com.br\/?p=6716\",\"name\":\"Homem \u00e9 assassinado a tiros em Brumado - Sudoesteacontece\",\"isPartOf\":{\"@id\":\"https:\/\/sudoesteacontece.com.br\/#website\"},\"primaryImageOfPage\":{\"@id\":\"https:\/\/sudoesteacontece.com.br\/?p=6716#primaryimage\"},\"image\":{\"@id\":\"https:\/\/sudoesteacontece.com.br\/?p=6716#primaryimage\"},\"thumbnailUrl\":\"https:\/\/sudoesteacontece.com.br\/wp-content\/uploads\/2026\/01\/Homem-e-assassinado-a-tiros-em-Brumado-sudoeste-acontece.jpg\",\"datePublished\":\"2026-01-24T10:45:03+00:00\",\"dateModified\":\"2026-01-24T10:46:39+00:00\",\"breadcrumb\":{\"@id\":\"https:\/\/sudoesteacontece.com.br\/?p=6716#breadcrumb\"},\"inLanguage\":\"pt-BR\",\"potentialAction\":[{\"@type\":\"ReadAction\",\"target\":[\"https:\/\/sudoesteacontece.com.br\/?p=6716\"]}]},{\"@type\":\"ImageObject\",\"inLanguage\":\"pt-BR\",\"@id\":\"https:\/\/sudoesteacontece.com.br\/?p=6716#primaryimage\",\"url\":\"https:\/\/sudoesteacontece.com.br\/wp-content\/uploads\/2026\/01\/Homem-e-assassinado-a-tiros-em-Brumado-sudoeste-acontece.jpg\",\"contentUrl\":\"https:\/\/sudoesteacontece.com.br\/wp-content\/uploads\/2026\/01\/Homem-e-assassinado-a-tiros-em-Brumado-sudoeste-acontece.jpg\",\"width\":900,\"height\":600},{\"@type\":\"BreadcrumbList\",\"@id\":\"https:\/\/sudoesteacontece.com.br\/?p=6716#breadcrumb\",\"itemListElement\":[{\"@type\":\"ListItem\",\"position\":1,\"name\":\"In\u00edcio\",\"item\":\"https:\/\/sudoesteacontece.com.br\/\"},{\"@type\":\"ListItem\",\"position\":2,\"name\":\"Homem \u00e9 assassinado a tiros em Brumado\"}]},{\"@type\":\"WebSite\",\"@id\":\"https:\/\/sudoesteacontece.com.br\/#website\",\"url\":\"https:\/\/sudoesteacontece.com.br\/\",\"name\":\"Sudoesteacontece\",\"description\":\"\",\"publisher\":{\"@id\":\"https:\/\/sudoesteacontece.com.br\/#organization\"},\"potentialAction\":[{\"@type\":\"SearchAction\",\"target\":{\"@type\":\"EntryPoint\",\"urlTemplate\":\"https:\/\/sudoesteacontece.com.br\/?s={search_term_string}\"},\"query-input\":{\"@type\":\"PropertyValueSpecification\",\"valueRequired\":true,\"valueName\":\"search_term_string\"}}],\"inLanguage\":\"pt-BR\"},{\"@type\":\"Organization\",\"@id\":\"https:\/\/sudoesteacontece.com.br\/#organization\",\"name\":\"Sudoesteacontece\",\"url\":\"https:\/\/sudoesteacontece.com.br\/\",\"logo\":{\"@type\":\"ImageObject\",\"inLanguage\":\"pt-BR\",\"@id\":\"https:\/\/sudoesteacontece.com.br\/#\/schema\/logo\/image\/\",\"url\":\"https:\/\/sudoesteacontece.com.br\/wp-content\/uploads\/2025\/12\/cropped-logo-2-180x180-1.png\",\"contentUrl\":\"https:\/\/sudoesteacontece.com.br\/wp-content\/uploads\/2025\/12\/cropped-logo-2-180x180-1.png\",\"width\":180,\"height\":180,\"caption\":\"Sudoesteacontece\"},\"image\":{\"@id\":\"https:\/\/sudoesteacontece.com.br\/#\/schema\/logo\/image\/\"},\"sameAs\":[\"https:\/\/www.facebook.com\/sudoesteacontece\/?locale=pt_BR\"]},{\"@type\":\"Person\",\"@id\":\"https:\/\/sudoesteacontece.com.br\/#\/schema\/person\/3cf2cf009926a9683ebc29d5379fa79c\",\"name\":\"Washington Tiago\",\"image\":{\"@type\":\"ImageObject\",\"inLanguage\":\"pt-BR\",\"@id\":\"https:\/\/sudoesteacontece.com.br\/#\/schema\/person\/image\/\",\"url\":\"https:\/\/secure.gravatar.com\/avatar\/33c43b8668157e040f9d1fe93c354bf087cbd8ba36270c1163198bd3ddcf2a56?s=96&d=mm&r=g\",\"contentUrl\":\"https:\/\/secure.gravatar.com\/avatar\/33c43b8668157e040f9d1fe93c354bf087cbd8ba36270c1163198bd3ddcf2a56?s=96&d=mm&r=g\",\"caption\":\"Washington Tiago\"},\"url\":\"https:\/\/sudoesteacontece.com.br\/?author=2\"}]}<\/script>\n<!-- \/ Yoast SEO plugin. -->","yoast_head_json":{"title":"Homem \u00e9 assassinado a tiros em Brumado - Sudoesteacontece","robots":{"index":"index","follow":"follow","max-snippet":"max-snippet:-1","max-image-preview":"max-image-preview:large","max-video-preview":"max-video-preview:-1"},"canonical":"https:\/\/sudoesteacontece.com.br\/?p=6716","og_locale":"pt_BR","og_type":"article","og_title":"Homem \u00e9 assassinado a tiros em Brumado - Sudoesteacontece","og_description":"Crime violento matou um homem de 31 anos no in\u00edcio da noite desta sexta-feira (23), na Pra\u00e7a Virg\u00ednia da Silva Aguiar, no bairro Urbis 2, em Brumado. A v\u00edtima foi atingida por disparos de arma de fogo em um ponto movimentado da comunidade e morreu antes de ser levada ao hospital. Identificado como Jefferson Le\u00f4ncio Lopes, conhecido como \u201cGegel\u201d, o homem morava na pr\u00f3pria localidade onde ocorreu o crime. Moradores relataram momentos de tens\u00e3o ap\u00f3s os tiros, que chamaram a aten\u00e7\u00e3o de quem estava pr\u00f3ximo \u00e0 pra\u00e7a. Segundo a Pol\u00edcia Militar, a ocorr\u00eancia foi registrada por volta das 18h43. Jefferson foi encontrado ca\u00eddo nas proximidades de um bar, j\u00e1 sem sinais vitais. O m\u00e9dico plantonista do Samu confirmou a morte ainda no local. Ap\u00f3s a constata\u00e7\u00e3o do \u00f3bito, policiais isolaram a \u00e1rea para preservar a cena do crime. O Departamento de Pol\u00edcia T\u00e9cnica realizou a per\u00edcia e removeu o corpo para o Instituto M\u00e9dico Legal de Brumado. Agora a Pol\u00edcia Civil investiga o caso para identificar a autoria e esclarecer a motiva\u00e7\u00e3o do homic\u00eddio. At\u00e9 o momento, ningu\u00e9m foi preso, e novas informa\u00e7\u00f5es devem ser divulgadas com o avan\u00e7o das investiga\u00e7\u00f5es.","og_url":"https:\/\/sudoesteacontece.com.br\/?p=6716","og_site_name":"Sudoesteacontece","article_publisher":"https:\/\/www.facebook.com\/sudoesteacontece\/?locale=pt_BR","article_published_time":"2026-01-24T10:45:03+00:00","article_modified_time":"2026-01-24T10:46:39+00:00","og_image":[{"width":900,"height":600,"url":"https:\/\/sudoesteacontece.com.br\/wp-content\/uploads\/2026\/01\/Homem-e-assassinado-a-tiros-em-Brumado-sudoeste-acontece.jpg","type":"image\/jpeg"}],"author":"Washington Tiago","twitter_card":"summary_large_image","twitter_misc":{"Escrito por":"Washington Tiago","Est. tempo de leitura":"2 minutos"},"schema":{"@context":"https:\/\/schema.org","@graph":[{"@type":"Article","@id":"https:\/\/sudoesteacontece.com.br\/?p=6716#article","isPartOf":{"@id":"https:\/\/sudoesteacontece.com.br\/?p=6716"},"author":{"name":"Washington Tiago","@id":"https:\/\/sudoesteacontece.com.br\/#\/schema\/person\/3cf2cf009926a9683ebc29d5379fa79c"},"headline":"Homem \u00e9 assassinado a tiros em Brumado","datePublished":"2026-01-24T10:45:03+00:00","dateModified":"2026-01-24T10:46:39+00:00","mainEntityOfPage":{"@id":"https:\/\/sudoesteacontece.com.br\/?p=6716"},"wordCount":221,"commentCount":0,"publisher":{"@id":"https:\/\/sudoesteacontece.com.br\/#organization"},"image":{"@id":"https:\/\/sudoesteacontece.com.br\/?p=6716#primaryimage"},"thumbnailUrl":"https:\/\/sudoesteacontece.com.br\/wp-content\/uploads\/2026\/01\/Homem-e-assassinado-a-tiros-em-Brumado-sudoeste-acontece.jpg","articleSection":["Brumado","Pol\u00edcia"],"inLanguage":"pt-BR","potentialAction":[{"@type":"CommentAction","name":"Comment","target":["https:\/\/sudoesteacontece.com.br\/?p=6716#respond"]}]},{"@type":"WebPage","@id":"https:\/\/sudoesteacontece.com.br\/?p=6716","url":"https:\/\/sudoesteacontece.com.br\/?p=6716","name":"Homem \u00e9 assassinado a tiros em Brumado - Sudoesteacontece","isPartOf":{"@id":"https:\/\/sudoesteacontece.com.br\/#website"},"primaryImageOfPage":{"@id":"https:\/\/sudoesteacontece.com.br\/?p=6716#primaryimage"},"image":{"@id":"https:\/\/sudoesteacontece.com.br\/?p=6716#primaryimage"},"thumbnailUrl":"https:\/\/sudoesteacontece.com.br\/wp-content\/uploads\/2026\/01\/Homem-e-assassinado-a-tiros-em-Brumado-sudoeste-acontece.jpg","datePublished":"2026-01-24T10:45:03+00:00","dateModified":"2026-01-24T10:46:39+00:00","breadcrumb":{"@id":"https:\/\/sudoesteacontece.com.br\/?p=6716#breadcrumb"},"inLanguage":"pt-BR","potentialAction":[{"@type":"ReadAction","target":["https:\/\/sudoesteacontece.com.br\/?p=6716"]}]},{"@type":"ImageObject","inLanguage":"pt-BR","@id":"https:\/\/sudoesteacontece.com.br\/?p=6716#primaryimage","url":"https:\/\/sudoesteacontece.com.br\/wp-content\/uploads\/2026\/01\/Homem-e-assassinado-a-tiros-em-Brumado-sudoeste-acontece.jpg","contentUrl":"https:\/\/sudoesteacontece.com.br\/wp-content\/uploads\/2026\/01\/Homem-e-assassinado-a-tiros-em-Brumado-sudoeste-acontece.jpg","width":900,"height":600},{"@type":"BreadcrumbList","@id":"https:\/\/sudoesteacontece.com.br\/?p=6716#breadcrumb","itemListElement":[{"@type":"ListItem","position":1,"name":"In\u00edcio","item":"https:\/\/sudoesteacontece.com.br\/"},{"@type":"ListItem","position":2,"name":"Homem \u00e9 assassinado a tiros em Brumado"}]},{"@type":"WebSite","@id":"https:\/\/sudoesteacontece.com.br\/#website","url":"https:\/\/sudoesteacontece.com.br\/","name":"Sudoesteacontece","description":"","publisher":{"@id":"https:\/\/sudoesteacontece.com.br\/#organization"},"potentialAction":[{"@type":"SearchAction","target":{"@type":"EntryPoint","urlTemplate":"https:\/\/sudoesteacontece.com.br\/?s={search_term_string}"},"query-input":{"@type":"PropertyValueSpecification","valueRequired":true,"valueName":"search_term_string"}}],"inLanguage":"pt-BR"},{"@type":"Organization","@id":"https:\/\/sudoesteacontece.com.br\/#organization","name":"Sudoesteacontece","url":"https:\/\/sudoesteacontece.com.br\/","logo":{"@type":"ImageObject","inLanguage":"pt-BR","@id":"https:\/\/sudoesteacontece.com.br\/#\/schema\/logo\/image\/","url":"https:\/\/sudoesteacontece.com.br\/wp-content\/uploads\/2025\/12\/cropped-logo-2-180x180-1.png","contentUrl":"https:\/\/sudoesteacontece.com.br\/wp-content\/uploads\/2025\/12\/cropped-logo-2-180x180-1.png","width":180,"height":180,"caption":"Sudoesteacontece"},"image":{"@id":"https:\/\/sudoesteacontece.com.br\/#\/schema\/logo\/image\/"},"sameAs":["https:\/\/www.facebook.com\/sudoesteacontece\/?locale=pt_BR"]},{"@type":"Person","@id":"https:\/\/sudoesteacontece.com.br\/#\/schema\/person\/3cf2cf009926a9683ebc29d5379fa79c","name":"Washington Tiago","image":{"@type":"ImageObject","inLanguage":"pt-BR","@id":"https:\/\/sudoesteacontece.com.br\/#\/schema\/person\/image\/","url":"https:\/\/secure.gravatar.com\/avatar\/33c43b8668157e040f9d1fe93c354bf087cbd8ba36270c1163198bd3ddcf2a56?s=96&d=mm&r=g","contentUrl":"https:\/\/secure.gravatar.com\/avatar\/33c43b8668157e040f9d1fe93c354bf087cbd8ba36270c1163198bd3ddcf2a56?s=96&d=mm&r=g","caption":"Washington Tiago"},"url":"https:\/\/sudoesteacontece.com.br\/?author=2"}]}},"_links":{"self":[{"href":"https:\/\/sudoesteacontece.com.br\/index.php?rest_route=\/wp\/v2\/posts\/6716","targetHints":{"allow":["GET"]}}],"collection":[{"href":"https:\/\/sudoesteacontece.com.br\/index.php?rest_route=\/wp\/v2\/posts"}],"about":[{"href":"https:\/\/sudoesteacontece.com.br\/index.php?rest_route=\/wp\/v2\/types\/post"}],"author":[{"embeddable":true,"href":"https:\/\/sudoesteacontece.com.br\/index.php?rest_route=\/wp\/v2\/users\/2"}],"replies":[{"embeddable":true,"href":"https:\/\/sudoesteacontece.com.br\/index.php?rest_route=%2Fwp%2Fv2%2Fcomments&post=6716"}],"version-history":[{"count":0,"href":"https:\/\/sudoesteacontece.com.br\/index.php?rest_route=\/wp\/v2\/posts\/6716\/revisions"}],"wp:featuredmedia":[{"embeddable":true,"href":"https:\/\/sudoesteacontece.com.br\/index.php?rest_route=\/wp\/v2\/media\/6727"}],"wp:attachment":[{"href":"https:\/\/sudoesteacontece.com.br\/index.php?rest_route=%2Fwp%2Fv2%2Fmedia&parent=6716"}],"wp:term":[{"taxonomy":"category","embeddable":true,"href":"https:\/\/sudoesteacontece.com.br\/index.php?rest_route=%2Fwp%2Fv2%2Fcategories&post=6716"},{"taxonomy":"post_tag","embeddable":true,"href":"https:\/\/sudoesteacontece.com.br\/index.php?rest_route=%2Fwp%2Fv2%2Ftags&post=6716"}],"curies":[{"name":"wp","href":"https:\/\/api.w.org\/{rel}","templated":true}]}}