{"id":6723,"date":"2026-01-24T07:53:14","date_gmt":"2026-01-24T10:53:14","guid":{"rendered":"https:\/\/sudoesteacontece.com.br\/?p=6723"},"modified":"2026-01-24T07:53:20","modified_gmt":"2026-01-24T10:53:20","slug":"diego-castro-adere-a-caminhada-de-nikolas-ferreira-rumo-a-brasilia-por-criticas-ao-judiciario","status":"publish","type":"post","link":"https:\/\/sudoesteacontece.com.br\/?p=6723","title":{"rendered":"Diego Castro adere \u00e0 caminhada de Nikolas Ferreira rumo a Bras\u00edlia por cr\u00edticas ao Judici\u00e1rio"},"content":{"rendered":"<div class=\"wp-block-image\">\n<figure class=\"aligncenter size-full\"><img fetchpriority=\"high\" decoding=\"async\" width=\"900\" height=\"600\" src=\"http:\/\/sudoesteacontece.com.br\/wp-content\/uploads\/2026\/01\/Diego-Castro-adere-a-caminhada-de-Nikolas-Ferreira-rumo-a-Brasilia-por-criticas-ao-Judiciario-sudoeste-acontece.jpg\" alt=\"\" class=\"wp-image-6733\" srcset=\"https:\/\/sudoesteacontece.com.br\/wp-content\/uploads\/2026\/01\/Diego-Castro-adere-a-caminhada-de-Nikolas-Ferreira-rumo-a-Brasilia-por-criticas-ao-Judiciario-sudoeste-acontece.jpg 900w, https:\/\/sudoesteacontece.com.br\/wp-content\/uploads\/2026\/01\/Diego-Castro-adere-a-caminhada-de-Nikolas-Ferreira-rumo-a-Brasilia-por-criticas-ao-Judiciario-sudoeste-acontece-300x200.jpg 300w, https:\/\/sudoesteacontece.com.br\/wp-content\/uploads\/2026\/01\/Diego-Castro-adere-a-caminhada-de-Nikolas-Ferreira-rumo-a-Brasilia-por-criticas-ao-Judiciario-sudoeste-acontece-768x512.jpg 768w\" sizes=\"(max-width: 900px) 100vw, 900px\" \/><\/figure>\n<\/div>\n\n\n<p>Mobiliza\u00e7\u00e3o pol\u00edtica ganhou refor\u00e7o baiano com a ades\u00e3o do deputado estadual Diego Castro (PL) \u00e0 caminhada liderada pelo deputado federal Nikolas Ferreira (PL). O grupo percorre cerca de 240 quil\u00f4metros entre Paracatu, em Minas Gerais, e Bras\u00edlia, onde pretende chegar no domingo (25) para um ato p\u00fablico na Pra\u00e7a do Cruzeiro.<\/p>\n\n\n\n<p>Organizada sob o nome de \u201cCaminhada da Liberdade\u201d, a iniciativa foi convocada por Nikolas Ferreira, que define o movimento como pac\u00edfico. Segundo ele, a manifesta\u00e7\u00e3o protesta contra o que classifica como arbitrariedades e persegui\u00e7\u00f5es judiciais a integrantes da oposi\u00e7\u00e3o, al\u00e9m de decis\u00f5es do Supremo Tribunal Federal.<\/p>\n\n\n\n<p>Durante o percurso, Diego Castro afirmou que a caminhada simboliza resist\u00eancia pol\u00edtica e defesa da liberdade. O parlamentar destacou que participa mesmo ap\u00f3s enfrentar um problema pulmonar no ano passado, como forma de demonstrar que o movimento re\u00fane pessoas inconformadas com decis\u00f5es que, segundo ele, tentam silenciar vozes contr\u00e1rias.<\/p>\n\n\n\n<p>Ao refor\u00e7ar o convite para o ato em Bras\u00edlia, Castro afirmou que a Pra\u00e7a do Cruzeiro deve ser ocupada por brasileiros que defendem o direito de se manifestar. Para o deputado, a mobiliza\u00e7\u00e3o busca mostrar que o pa\u00eds n\u00e3o pertence a poucos e que a popula\u00e7\u00e3o deve reagir contra abusos de poder.<\/p>\n\n\n\n<p>Al\u00e9m de Diego Castro, outros parlamentares e apoiadores baianos tamb\u00e9m aderiram \u00e0 caminhada, que vem ganhando visibilidade nacional. A expectativa dos organizadores \u00e9 reunir participantes de diferentes estados no encerramento do ato, ampliando a press\u00e3o pol\u00edtica sobre institui\u00e7\u00f5es e autoridades.<\/p>\n","protected":false},"excerpt":{"rendered":"<p>Mobiliza\u00e7\u00e3o pol\u00edtica ganhou refor\u00e7o baiano com a ades\u00e3o do deputado estadual Diego Castro (PL) \u00e0 caminhada liderada pelo deputado federal Nikolas Ferreira (PL). O grupo percorre cerca de 240 quil\u00f4metros entre Paracatu, em Minas Gerais, e Bras\u00edlia, onde pretende chegar no domingo (25) para um ato p\u00fablico na Pra\u00e7a do Cruzeiro. Organizada sob o nome de \u201cCaminhada da Liberdade\u201d, a iniciativa foi convocada por Nikolas Ferreira, que define o movimento como pac\u00edfico. Segundo ele, a manifesta\u00e7\u00e3o protesta contra o que classifica como arbitrariedades e persegui\u00e7\u00f5es judiciais a integrantes da oposi\u00e7\u00e3o, al\u00e9m de decis\u00f5es do Supremo Tribunal Federal. Durante o percurso, Diego Castro afirmou que a caminhada simboliza resist\u00eancia pol\u00edtica e defesa da liberdade. O parlamentar destacou que participa mesmo ap\u00f3s enfrentar um problema pulmonar no ano passado, como forma de demonstrar que o movimento re\u00fane pessoas inconformadas com decis\u00f5es que, segundo ele, tentam silenciar vozes contr\u00e1rias. Ao refor\u00e7ar o convite para o ato em Bras\u00edlia, Castro afirmou que a Pra\u00e7a do Cruzeiro deve ser ocupada por brasileiros que defendem o direito de se manifestar. Para o deputado, a mobiliza\u00e7\u00e3o busca mostrar que o pa\u00eds n\u00e3o pertence a poucos e que a popula\u00e7\u00e3o deve reagir contra abusos de poder. Al\u00e9m de Diego Castro, outros parlamentares e apoiadores baianos tamb\u00e9m aderiram \u00e0 caminhada, que vem ganhando visibilidade nacional. A expectativa dos organizadores \u00e9 reunir participantes de diferentes estados no encerramento do ato, ampliando a press\u00e3o pol\u00edtica sobre institui\u00e7\u00f5es e autoridades.<\/p>\n","protected":false},"author":2,"featured_media":6733,"comment_status":"open","ping_status":"open","sticky":false,"template":"","format":"standard","meta":{"footnotes":""},"categories":[7,53,13,6],"tags":[],"class_list":["post-6723","post","type-post","status-publish","format-standard","has-post-thumbnail","hentry","category-bahia","category-brasil","category-justica","category-politica"],"yoast_head":"<!-- This site is optimized with the Yoast SEO plugin v26.5 - https:\/\/yoast.com\/wordpress\/plugins\/seo\/ -->\n<title>Diego Castro adere \u00e0 caminhada de Nikolas Ferreira rumo a Bras\u00edlia por cr\u00edticas ao Judici\u00e1rio - Sudoesteacontece<\/title>\n<meta name=\"robots\" content=\"index, follow, max-snippet:-1, max-image-preview:large, max-video-preview:-1\" \/>\n<link rel=\"canonical\" href=\"https:\/\/sudoesteacontece.com.br\/?p=6723\" \/>\n<meta property=\"og:locale\" content=\"pt_BR\" \/>\n<meta property=\"og:type\" content=\"article\" \/>\n<meta property=\"og:title\" content=\"Diego Castro adere \u00e0 caminhada de Nikolas Ferreira rumo a Bras\u00edlia por cr\u00edticas ao Judici\u00e1rio - Sudoesteacontece\" \/>\n<meta property=\"og:description\" content=\"Mobiliza\u00e7\u00e3o pol\u00edtica ganhou refor\u00e7o baiano com a ades\u00e3o do deputado estadual Diego Castro (PL) \u00e0 caminhada liderada pelo deputado federal Nikolas Ferreira (PL). O grupo percorre cerca de 240 quil\u00f4metros entre Paracatu, em Minas Gerais, e Bras\u00edlia, onde pretende chegar no domingo (25) para um ato p\u00fablico na Pra\u00e7a do Cruzeiro. Organizada sob o nome de \u201cCaminhada da Liberdade\u201d, a iniciativa foi convocada por Nikolas Ferreira, que define o movimento como pac\u00edfico. Segundo ele, a manifesta\u00e7\u00e3o protesta contra o que classifica como arbitrariedades e persegui\u00e7\u00f5es judiciais a integrantes da oposi\u00e7\u00e3o, al\u00e9m de decis\u00f5es do Supremo Tribunal Federal. Durante o percurso, Diego Castro afirmou que a caminhada simboliza resist\u00eancia pol\u00edtica e defesa da liberdade. O parlamentar destacou que participa mesmo ap\u00f3s enfrentar um problema pulmonar no ano passado, como forma de demonstrar que o movimento re\u00fane pessoas inconformadas com decis\u00f5es que, segundo ele, tentam silenciar vozes contr\u00e1rias. Ao refor\u00e7ar o convite para o ato em Bras\u00edlia, Castro afirmou que a Pra\u00e7a do Cruzeiro deve ser ocupada por brasileiros que defendem o direito de se manifestar. Para o deputado, a mobiliza\u00e7\u00e3o busca mostrar que o pa\u00eds n\u00e3o pertence a poucos e que a popula\u00e7\u00e3o deve reagir contra abusos de poder. Al\u00e9m de Diego Castro, outros parlamentares e apoiadores baianos tamb\u00e9m aderiram \u00e0 caminhada, que vem ganhando visibilidade nacional. A expectativa dos organizadores \u00e9 reunir participantes de diferentes estados no encerramento do ato, ampliando a press\u00e3o pol\u00edtica sobre institui\u00e7\u00f5es e autoridades.\" \/>\n<meta property=\"og:url\" content=\"https:\/\/sudoesteacontece.com.br\/?p=6723\" \/>\n<meta property=\"og:site_name\" content=\"Sudoesteacontece\" \/>\n<meta property=\"article:publisher\" content=\"https:\/\/www.facebook.com\/sudoesteacontece\/?locale=pt_BR\" \/>\n<meta property=\"article:published_time\" content=\"2026-01-24T10:53:14+00:00\" \/>\n<meta property=\"article:modified_time\" content=\"2026-01-24T10:53:20+00:00\" \/>\n<meta property=\"og:image\" content=\"https:\/\/sudoesteacontece.com.br\/wp-content\/uploads\/2026\/01\/Diego-Castro-adere-a-caminhada-de-Nikolas-Ferreira-rumo-a-Brasilia-por-criticas-ao-Judiciario-sudoeste-acontece.jpg\" \/>\n\t<meta property=\"og:image:width\" content=\"900\" \/>\n\t<meta property=\"og:image:height\" content=\"600\" \/>\n\t<meta property=\"og:image:type\" content=\"image\/jpeg\" \/>\n<meta name=\"author\" content=\"Washington Tiago\" \/>\n<meta name=\"twitter:card\" content=\"summary_large_image\" \/>\n<meta name=\"twitter:label1\" content=\"Escrito por\" \/>\n\t<meta name=\"twitter:data1\" content=\"Washington Tiago\" \/>\n\t<meta name=\"twitter:label2\" content=\"Est. tempo de leitura\" \/>\n\t<meta name=\"twitter:data2\" content=\"2 minutos\" \/>\n<script type=\"application\/ld+json\" class=\"yoast-schema-graph\">{\"@context\":\"https:\/\/schema.org\",\"@graph\":[{\"@type\":\"Article\",\"@id\":\"https:\/\/sudoesteacontece.com.br\/?p=6723#article\",\"isPartOf\":{\"@id\":\"https:\/\/sudoesteacontece.com.br\/?p=6723\"},\"author\":{\"name\":\"Washington Tiago\",\"@id\":\"https:\/\/sudoesteacontece.com.br\/#\/schema\/person\/3cf2cf009926a9683ebc29d5379fa79c\"},\"headline\":\"Diego Castro adere \u00e0 caminhada de Nikolas Ferreira rumo a Bras\u00edlia por cr\u00edticas ao Judici\u00e1rio\",\"datePublished\":\"2026-01-24T10:53:14+00:00\",\"dateModified\":\"2026-01-24T10:53:20+00:00\",\"mainEntityOfPage\":{\"@id\":\"https:\/\/sudoesteacontece.com.br\/?p=6723\"},\"wordCount\":282,\"commentCount\":0,\"publisher\":{\"@id\":\"https:\/\/sudoesteacontece.com.br\/#organization\"},\"image\":{\"@id\":\"https:\/\/sudoesteacontece.com.br\/?p=6723#primaryimage\"},\"thumbnailUrl\":\"https:\/\/sudoesteacontece.com.br\/wp-content\/uploads\/2026\/01\/Diego-Castro-adere-a-caminhada-de-Nikolas-Ferreira-rumo-a-Brasilia-por-criticas-ao-Judiciario-sudoeste-acontece.jpg\",\"articleSection\":[\"Bahia\",\"Brasil\",\"Justi\u00e7a\",\"Pol\u00edtica\"],\"inLanguage\":\"pt-BR\",\"potentialAction\":[{\"@type\":\"CommentAction\",\"name\":\"Comment\",\"target\":[\"https:\/\/sudoesteacontece.com.br\/?p=6723#respond\"]}]},{\"@type\":\"WebPage\",\"@id\":\"https:\/\/sudoesteacontece.com.br\/?p=6723\",\"url\":\"https:\/\/sudoesteacontece.com.br\/?p=6723\",\"name\":\"Diego Castro adere \u00e0 caminhada de Nikolas Ferreira rumo a Bras\u00edlia por cr\u00edticas ao Judici\u00e1rio - Sudoesteacontece\",\"isPartOf\":{\"@id\":\"https:\/\/sudoesteacontece.com.br\/#website\"},\"primaryImageOfPage\":{\"@id\":\"https:\/\/sudoesteacontece.com.br\/?p=6723#primaryimage\"},\"image\":{\"@id\":\"https:\/\/sudoesteacontece.com.br\/?p=6723#primaryimage\"},\"thumbnailUrl\":\"https:\/\/sudoesteacontece.com.br\/wp-content\/uploads\/2026\/01\/Diego-Castro-adere-a-caminhada-de-Nikolas-Ferreira-rumo-a-Brasilia-por-criticas-ao-Judiciario-sudoeste-acontece.jpg\",\"datePublished\":\"2026-01-24T10:53:14+00:00\",\"dateModified\":\"2026-01-24T10:53:20+00:00\",\"breadcrumb\":{\"@id\":\"https:\/\/sudoesteacontece.com.br\/?p=6723#breadcrumb\"},\"inLanguage\":\"pt-BR\",\"potentialAction\":[{\"@type\":\"ReadAction\",\"target\":[\"https:\/\/sudoesteacontece.com.br\/?p=6723\"]}]},{\"@type\":\"ImageObject\",\"inLanguage\":\"pt-BR\",\"@id\":\"https:\/\/sudoesteacontece.com.br\/?p=6723#primaryimage\",\"url\":\"https:\/\/sudoesteacontece.com.br\/wp-content\/uploads\/2026\/01\/Diego-Castro-adere-a-caminhada-de-Nikolas-Ferreira-rumo-a-Brasilia-por-criticas-ao-Judiciario-sudoeste-acontece.jpg\",\"contentUrl\":\"https:\/\/sudoesteacontece.com.br\/wp-content\/uploads\/2026\/01\/Diego-Castro-adere-a-caminhada-de-Nikolas-Ferreira-rumo-a-Brasilia-por-criticas-ao-Judiciario-sudoeste-acontece.jpg\",\"width\":900,\"height\":600},{\"@type\":\"BreadcrumbList\",\"@id\":\"https:\/\/sudoesteacontece.com.br\/?p=6723#breadcrumb\",\"itemListElement\":[{\"@type\":\"ListItem\",\"position\":1,\"name\":\"In\u00edcio\",\"item\":\"https:\/\/sudoesteacontece.com.br\/\"},{\"@type\":\"ListItem\",\"position\":2,\"name\":\"Diego Castro adere \u00e0 caminhada de Nikolas Ferreira rumo a Bras\u00edlia por cr\u00edticas ao Judici\u00e1rio\"}]},{\"@type\":\"WebSite\",\"@id\":\"https:\/\/sudoesteacontece.com.br\/#website\",\"url\":\"https:\/\/sudoesteacontece.com.br\/\",\"name\":\"Sudoesteacontece\",\"description\":\"\",\"publisher\":{\"@id\":\"https:\/\/sudoesteacontece.com.br\/#organization\"},\"potentialAction\":[{\"@type\":\"SearchAction\",\"target\":{\"@type\":\"EntryPoint\",\"urlTemplate\":\"https:\/\/sudoesteacontece.com.br\/?s={search_term_string}\"},\"query-input\":{\"@type\":\"PropertyValueSpecification\",\"valueRequired\":true,\"valueName\":\"search_term_string\"}}],\"inLanguage\":\"pt-BR\"},{\"@type\":\"Organization\",\"@id\":\"https:\/\/sudoesteacontece.com.br\/#organization\",\"name\":\"Sudoesteacontece\",\"url\":\"https:\/\/sudoesteacontece.com.br\/\",\"logo\":{\"@type\":\"ImageObject\",\"inLanguage\":\"pt-BR\",\"@id\":\"https:\/\/sudoesteacontece.com.br\/#\/schema\/logo\/image\/\",\"url\":\"https:\/\/sudoesteacontece.com.br\/wp-content\/uploads\/2025\/12\/cropped-logo-2-180x180-1.png\",\"contentUrl\":\"https:\/\/sudoesteacontece.com.br\/wp-content\/uploads\/2025\/12\/cropped-logo-2-180x180-1.png\",\"width\":180,\"height\":180,\"caption\":\"Sudoesteacontece\"},\"image\":{\"@id\":\"https:\/\/sudoesteacontece.com.br\/#\/schema\/logo\/image\/\"},\"sameAs\":[\"https:\/\/www.facebook.com\/sudoesteacontece\/?locale=pt_BR\"]},{\"@type\":\"Person\",\"@id\":\"https:\/\/sudoesteacontece.com.br\/#\/schema\/person\/3cf2cf009926a9683ebc29d5379fa79c\",\"name\":\"Washington Tiago\",\"image\":{\"@type\":\"ImageObject\",\"inLanguage\":\"pt-BR\",\"@id\":\"https:\/\/sudoesteacontece.com.br\/#\/schema\/person\/image\/\",\"url\":\"https:\/\/secure.gravatar.com\/avatar\/33c43b8668157e040f9d1fe93c354bf087cbd8ba36270c1163198bd3ddcf2a56?s=96&d=mm&r=g\",\"contentUrl\":\"https:\/\/secure.gravatar.com\/avatar\/33c43b8668157e040f9d1fe93c354bf087cbd8ba36270c1163198bd3ddcf2a56?s=96&d=mm&r=g\",\"caption\":\"Washington Tiago\"},\"url\":\"https:\/\/sudoesteacontece.com.br\/?author=2\"}]}<\/script>\n<!-- \/ Yoast SEO plugin. -->","yoast_head_json":{"title":"Diego Castro adere \u00e0 caminhada de Nikolas Ferreira rumo a Bras\u00edlia por cr\u00edticas ao Judici\u00e1rio - Sudoesteacontece","robots":{"index":"index","follow":"follow","max-snippet":"max-snippet:-1","max-image-preview":"max-image-preview:large","max-video-preview":"max-video-preview:-1"},"canonical":"https:\/\/sudoesteacontece.com.br\/?p=6723","og_locale":"pt_BR","og_type":"article","og_title":"Diego Castro adere \u00e0 caminhada de Nikolas Ferreira rumo a Bras\u00edlia por cr\u00edticas ao Judici\u00e1rio - Sudoesteacontece","og_description":"Mobiliza\u00e7\u00e3o pol\u00edtica ganhou refor\u00e7o baiano com a ades\u00e3o do deputado estadual Diego Castro (PL) \u00e0 caminhada liderada pelo deputado federal Nikolas Ferreira (PL). O grupo percorre cerca de 240 quil\u00f4metros entre Paracatu, em Minas Gerais, e Bras\u00edlia, onde pretende chegar no domingo (25) para um ato p\u00fablico na Pra\u00e7a do Cruzeiro. Organizada sob o nome de \u201cCaminhada da Liberdade\u201d, a iniciativa foi convocada por Nikolas Ferreira, que define o movimento como pac\u00edfico. Segundo ele, a manifesta\u00e7\u00e3o protesta contra o que classifica como arbitrariedades e persegui\u00e7\u00f5es judiciais a integrantes da oposi\u00e7\u00e3o, al\u00e9m de decis\u00f5es do Supremo Tribunal Federal. Durante o percurso, Diego Castro afirmou que a caminhada simboliza resist\u00eancia pol\u00edtica e defesa da liberdade. O parlamentar destacou que participa mesmo ap\u00f3s enfrentar um problema pulmonar no ano passado, como forma de demonstrar que o movimento re\u00fane pessoas inconformadas com decis\u00f5es que, segundo ele, tentam silenciar vozes contr\u00e1rias. Ao refor\u00e7ar o convite para o ato em Bras\u00edlia, Castro afirmou que a Pra\u00e7a do Cruzeiro deve ser ocupada por brasileiros que defendem o direito de se manifestar. Para o deputado, a mobiliza\u00e7\u00e3o busca mostrar que o pa\u00eds n\u00e3o pertence a poucos e que a popula\u00e7\u00e3o deve reagir contra abusos de poder. Al\u00e9m de Diego Castro, outros parlamentares e apoiadores baianos tamb\u00e9m aderiram \u00e0 caminhada, que vem ganhando visibilidade nacional. A expectativa dos organizadores \u00e9 reunir participantes de diferentes estados no encerramento do ato, ampliando a press\u00e3o pol\u00edtica sobre institui\u00e7\u00f5es e autoridades.","og_url":"https:\/\/sudoesteacontece.com.br\/?p=6723","og_site_name":"Sudoesteacontece","article_publisher":"https:\/\/www.facebook.com\/sudoesteacontece\/?locale=pt_BR","article_published_time":"2026-01-24T10:53:14+00:00","article_modified_time":"2026-01-24T10:53:20+00:00","og_image":[{"width":900,"height":600,"url":"https:\/\/sudoesteacontece.com.br\/wp-content\/uploads\/2026\/01\/Diego-Castro-adere-a-caminhada-de-Nikolas-Ferreira-rumo-a-Brasilia-por-criticas-ao-Judiciario-sudoeste-acontece.jpg","type":"image\/jpeg"}],"author":"Washington Tiago","twitter_card":"summary_large_image","twitter_misc":{"Escrito por":"Washington Tiago","Est. tempo de leitura":"2 minutos"},"schema":{"@context":"https:\/\/schema.org","@graph":[{"@type":"Article","@id":"https:\/\/sudoesteacontece.com.br\/?p=6723#article","isPartOf":{"@id":"https:\/\/sudoesteacontece.com.br\/?p=6723"},"author":{"name":"Washington Tiago","@id":"https:\/\/sudoesteacontece.com.br\/#\/schema\/person\/3cf2cf009926a9683ebc29d5379fa79c"},"headline":"Diego Castro adere \u00e0 caminhada de Nikolas Ferreira rumo a Bras\u00edlia por cr\u00edticas ao Judici\u00e1rio","datePublished":"2026-01-24T10:53:14+00:00","dateModified":"2026-01-24T10:53:20+00:00","mainEntityOfPage":{"@id":"https:\/\/sudoesteacontece.com.br\/?p=6723"},"wordCount":282,"commentCount":0,"publisher":{"@id":"https:\/\/sudoesteacontece.com.br\/#organization"},"image":{"@id":"https:\/\/sudoesteacontece.com.br\/?p=6723#primaryimage"},"thumbnailUrl":"https:\/\/sudoesteacontece.com.br\/wp-content\/uploads\/2026\/01\/Diego-Castro-adere-a-caminhada-de-Nikolas-Ferreira-rumo-a-Brasilia-por-criticas-ao-Judiciario-sudoeste-acontece.jpg","articleSection":["Bahia","Brasil","Justi\u00e7a","Pol\u00edtica"],"inLanguage":"pt-BR","potentialAction":[{"@type":"CommentAction","name":"Comment","target":["https:\/\/sudoesteacontece.com.br\/?p=6723#respond"]}]},{"@type":"WebPage","@id":"https:\/\/sudoesteacontece.com.br\/?p=6723","url":"https:\/\/sudoesteacontece.com.br\/?p=6723","name":"Diego Castro adere \u00e0 caminhada de Nikolas Ferreira rumo a Bras\u00edlia por cr\u00edticas ao Judici\u00e1rio - Sudoesteacontece","isPartOf":{"@id":"https:\/\/sudoesteacontece.com.br\/#website"},"primaryImageOfPage":{"@id":"https:\/\/sudoesteacontece.com.br\/?p=6723#primaryimage"},"image":{"@id":"https:\/\/sudoesteacontece.com.br\/?p=6723#primaryimage"},"thumbnailUrl":"https:\/\/sudoesteacontece.com.br\/wp-content\/uploads\/2026\/01\/Diego-Castro-adere-a-caminhada-de-Nikolas-Ferreira-rumo-a-Brasilia-por-criticas-ao-Judiciario-sudoeste-acontece.jpg","datePublished":"2026-01-24T10:53:14+00:00","dateModified":"2026-01-24T10:53:20+00:00","breadcrumb":{"@id":"https:\/\/sudoesteacontece.com.br\/?p=6723#breadcrumb"},"inLanguage":"pt-BR","potentialAction":[{"@type":"ReadAction","target":["https:\/\/sudoesteacontece.com.br\/?p=6723"]}]},{"@type":"ImageObject","inLanguage":"pt-BR","@id":"https:\/\/sudoesteacontece.com.br\/?p=6723#primaryimage","url":"https:\/\/sudoesteacontece.com.br\/wp-content\/uploads\/2026\/01\/Diego-Castro-adere-a-caminhada-de-Nikolas-Ferreira-rumo-a-Brasilia-por-criticas-ao-Judiciario-sudoeste-acontece.jpg","contentUrl":"https:\/\/sudoesteacontece.com.br\/wp-content\/uploads\/2026\/01\/Diego-Castro-adere-a-caminhada-de-Nikolas-Ferreira-rumo-a-Brasilia-por-criticas-ao-Judiciario-sudoeste-acontece.jpg","width":900,"height":600},{"@type":"BreadcrumbList","@id":"https:\/\/sudoesteacontece.com.br\/?p=6723#breadcrumb","itemListElement":[{"@type":"ListItem","position":1,"name":"In\u00edcio","item":"https:\/\/sudoesteacontece.com.br\/"},{"@type":"ListItem","position":2,"name":"Diego Castro adere \u00e0 caminhada de Nikolas Ferreira rumo a Bras\u00edlia por cr\u00edticas ao Judici\u00e1rio"}]},{"@type":"WebSite","@id":"https:\/\/sudoesteacontece.com.br\/#website","url":"https:\/\/sudoesteacontece.com.br\/","name":"Sudoesteacontece","description":"","publisher":{"@id":"https:\/\/sudoesteacontece.com.br\/#organization"},"potentialAction":[{"@type":"SearchAction","target":{"@type":"EntryPoint","urlTemplate":"https:\/\/sudoesteacontece.com.br\/?s={search_term_string}"},"query-input":{"@type":"PropertyValueSpecification","valueRequired":true,"valueName":"search_term_string"}}],"inLanguage":"pt-BR"},{"@type":"Organization","@id":"https:\/\/sudoesteacontece.com.br\/#organization","name":"Sudoesteacontece","url":"https:\/\/sudoesteacontece.com.br\/","logo":{"@type":"ImageObject","inLanguage":"pt-BR","@id":"https:\/\/sudoesteacontece.com.br\/#\/schema\/logo\/image\/","url":"https:\/\/sudoesteacontece.com.br\/wp-content\/uploads\/2025\/12\/cropped-logo-2-180x180-1.png","contentUrl":"https:\/\/sudoesteacontece.com.br\/wp-content\/uploads\/2025\/12\/cropped-logo-2-180x180-1.png","width":180,"height":180,"caption":"Sudoesteacontece"},"image":{"@id":"https:\/\/sudoesteacontece.com.br\/#\/schema\/logo\/image\/"},"sameAs":["https:\/\/www.facebook.com\/sudoesteacontece\/?locale=pt_BR"]},{"@type":"Person","@id":"https:\/\/sudoesteacontece.com.br\/#\/schema\/person\/3cf2cf009926a9683ebc29d5379fa79c","name":"Washington Tiago","image":{"@type":"ImageObject","inLanguage":"pt-BR","@id":"https:\/\/sudoesteacontece.com.br\/#\/schema\/person\/image\/","url":"https:\/\/secure.gravatar.com\/avatar\/33c43b8668157e040f9d1fe93c354bf087cbd8ba36270c1163198bd3ddcf2a56?s=96&d=mm&r=g","contentUrl":"https:\/\/secure.gravatar.com\/avatar\/33c43b8668157e040f9d1fe93c354bf087cbd8ba36270c1163198bd3ddcf2a56?s=96&d=mm&r=g","caption":"Washington Tiago"},"url":"https:\/\/sudoesteacontece.com.br\/?author=2"}]}},"_links":{"self":[{"href":"https:\/\/sudoesteacontece.com.br\/index.php?rest_route=\/wp\/v2\/posts\/6723","targetHints":{"allow":["GET"]}}],"collection":[{"href":"https:\/\/sudoesteacontece.com.br\/index.php?rest_route=\/wp\/v2\/posts"}],"about":[{"href":"https:\/\/sudoesteacontece.com.br\/index.php?rest_route=\/wp\/v2\/types\/post"}],"author":[{"embeddable":true,"href":"https:\/\/sudoesteacontece.com.br\/index.php?rest_route=\/wp\/v2\/users\/2"}],"replies":[{"embeddable":true,"href":"https:\/\/sudoesteacontece.com.br\/index.php?rest_route=%2Fwp%2Fv2%2Fcomments&post=6723"}],"version-history":[{"count":0,"href":"https:\/\/sudoesteacontece.com.br\/index.php?rest_route=\/wp\/v2\/posts\/6723\/revisions"}],"wp:featuredmedia":[{"embeddable":true,"href":"https:\/\/sudoesteacontece.com.br\/index.php?rest_route=\/wp\/v2\/media\/6733"}],"wp:attachment":[{"href":"https:\/\/sudoesteacontece.com.br\/index.php?rest_route=%2Fwp%2Fv2%2Fmedia&parent=6723"}],"wp:term":[{"taxonomy":"category","embeddable":true,"href":"https:\/\/sudoesteacontece.com.br\/index.php?rest_route=%2Fwp%2Fv2%2Fcategories&post=6723"},{"taxonomy":"post_tag","embeddable":true,"href":"https:\/\/sudoesteacontece.com.br\/index.php?rest_route=%2Fwp%2Fv2%2Ftags&post=6723"}],"curies":[{"name":"wp","href":"https:\/\/api.w.org\/{rel}","templated":true}]}}