{"id":6762,"date":"2026-01-25T17:42:01","date_gmt":"2026-01-25T20:42:01","guid":{"rendered":"https:\/\/sudoesteacontece.com.br\/?p=6762"},"modified":"2026-01-25T17:42:07","modified_gmt":"2026-01-25T20:42:07","slug":"homem-e-preso-em-flagrante-por-furto-em-hipermercado-de-guanambi","status":"publish","type":"post","link":"https:\/\/sudoesteacontece.com.br\/?p=6762","title":{"rendered":"Homem \u00e9 preso em flagrante por furto em hipermercado de Guanambi"},"content":{"rendered":"<div class=\"wp-block-image\">\n<figure class=\"aligncenter size-full\"><img fetchpriority=\"high\" decoding=\"async\" width=\"900\" height=\"600\" src=\"http:\/\/sudoesteacontece.com.br\/wp-content\/uploads\/2026\/01\/Homem-e-preso-em-flagrante-por-furto-em-hipermercado-de-Guanambi-sudoeste-acontece.jpg\" alt=\"\" class=\"wp-image-6780\" srcset=\"https:\/\/sudoesteacontece.com.br\/wp-content\/uploads\/2026\/01\/Homem-e-preso-em-flagrante-por-furto-em-hipermercado-de-Guanambi-sudoeste-acontece.jpg 900w, https:\/\/sudoesteacontece.com.br\/wp-content\/uploads\/2026\/01\/Homem-e-preso-em-flagrante-por-furto-em-hipermercado-de-Guanambi-sudoeste-acontece-300x200.jpg 300w, https:\/\/sudoesteacontece.com.br\/wp-content\/uploads\/2026\/01\/Homem-e-preso-em-flagrante-por-furto-em-hipermercado-de-Guanambi-sudoeste-acontece-768x512.jpg 768w\" sizes=\"(max-width: 900px) 100vw, 900px\" \/><\/figure>\n<\/div>\n\n\n<p>Um homem de 47 anos foi preso em flagrante na manh\u00e3 deste domingo (25) ap\u00f3s furtar mercadorias de um hipermercado em Guanambi, no sudoeste da Bahia. A pris\u00e3o ocorreu por volta das 9h20, no Hipermercado Docelar, e mobilizou uma guarni\u00e7\u00e3o da Pol\u00edcia Militar ap\u00f3s acionamento da ger\u00eancia do estabelecimento.<\/p>\n\n\n\n<p>Segundo a PM, o gerente identificou o suspeito por meio do sistema de c\u00e2meras de seguran\u00e7a no momento em que ele ocultava produtos sob as vestes. A abordagem aconteceu na sa\u00edda do hipermercado, onde os itens furtados foram recuperados ainda em posse do homem.<\/p>\n\n\n\n<p>Ap\u00f3s a constata\u00e7\u00e3o do crime, os policiais conduziram o suspeito \u00e0 Delegacia de Guanambi, juntamente com o material apreendido. O homem permaneceu \u00e0 disposi\u00e7\u00e3o da autoridade policial para a ado\u00e7\u00e3o das medidas legais cab\u00edveis.<\/p>\n\n\n\n<p>A Pol\u00edcia Militar refor\u00e7ou a import\u00e2ncia do monitoramento eletr\u00f4nico e da atua\u00e7\u00e3o r\u00e1pida para coibir crimes patrimoniais. O caso segue sob responsabilidade da Pol\u00edcia Civil, que dar\u00e1 continuidade aos procedimentos legais.<\/p>\n","protected":false},"excerpt":{"rendered":"<p>Um homem de 47 anos foi preso em flagrante na manh\u00e3 deste domingo (25) ap\u00f3s furtar mercadorias de um hipermercado em Guanambi, no sudoeste da Bahia. A pris\u00e3o ocorreu por volta das 9h20, no Hipermercado Docelar, e mobilizou uma guarni\u00e7\u00e3o da Pol\u00edcia Militar ap\u00f3s acionamento da ger\u00eancia do estabelecimento. Segundo a PM, o gerente identificou o suspeito por meio do sistema de c\u00e2meras de seguran\u00e7a no momento em que ele ocultava produtos sob as vestes. A abordagem aconteceu na sa\u00edda do hipermercado, onde os itens furtados foram recuperados ainda em posse do homem. Ap\u00f3s a constata\u00e7\u00e3o do crime, os policiais conduziram o suspeito \u00e0 Delegacia de Guanambi, juntamente com o material apreendido. O homem permaneceu \u00e0 disposi\u00e7\u00e3o da autoridade policial para a ado\u00e7\u00e3o das medidas legais cab\u00edveis. A Pol\u00edcia Militar refor\u00e7ou a import\u00e2ncia do monitoramento eletr\u00f4nico e da atua\u00e7\u00e3o r\u00e1pida para coibir crimes patrimoniais. O caso segue sob responsabilidade da Pol\u00edcia Civil, que dar\u00e1 continuidade aos procedimentos legais.<\/p>\n","protected":false},"author":2,"featured_media":6780,"comment_status":"open","ping_status":"open","sticky":false,"template":"","format":"standard","meta":{"footnotes":""},"categories":[4,17,3],"tags":[],"class_list":["post-6762","post","type-post","status-publish","format-standard","has-post-thumbnail","hentry","category-cidades","category-guanambi","category-policia"],"yoast_head":"<!-- This site is optimized with the Yoast SEO plugin v26.5 - https:\/\/yoast.com\/wordpress\/plugins\/seo\/ -->\n<title>Homem \u00e9 preso em flagrante por furto em hipermercado de Guanambi - Sudoesteacontece<\/title>\n<meta name=\"robots\" content=\"index, follow, max-snippet:-1, max-image-preview:large, max-video-preview:-1\" \/>\n<link rel=\"canonical\" href=\"https:\/\/sudoesteacontece.com.br\/?p=6762\" \/>\n<meta property=\"og:locale\" content=\"pt_BR\" \/>\n<meta property=\"og:type\" content=\"article\" \/>\n<meta property=\"og:title\" content=\"Homem \u00e9 preso em flagrante por furto em hipermercado de Guanambi - Sudoesteacontece\" \/>\n<meta property=\"og:description\" content=\"Um homem de 47 anos foi preso em flagrante na manh\u00e3 deste domingo (25) ap\u00f3s furtar mercadorias de um hipermercado em Guanambi, no sudoeste da Bahia. A pris\u00e3o ocorreu por volta das 9h20, no Hipermercado Docelar, e mobilizou uma guarni\u00e7\u00e3o da Pol\u00edcia Militar ap\u00f3s acionamento da ger\u00eancia do estabelecimento. Segundo a PM, o gerente identificou o suspeito por meio do sistema de c\u00e2meras de seguran\u00e7a no momento em que ele ocultava produtos sob as vestes. A abordagem aconteceu na sa\u00edda do hipermercado, onde os itens furtados foram recuperados ainda em posse do homem. Ap\u00f3s a constata\u00e7\u00e3o do crime, os policiais conduziram o suspeito \u00e0 Delegacia de Guanambi, juntamente com o material apreendido. O homem permaneceu \u00e0 disposi\u00e7\u00e3o da autoridade policial para a ado\u00e7\u00e3o das medidas legais cab\u00edveis. A Pol\u00edcia Militar refor\u00e7ou a import\u00e2ncia do monitoramento eletr\u00f4nico e da atua\u00e7\u00e3o r\u00e1pida para coibir crimes patrimoniais. O caso segue sob responsabilidade da Pol\u00edcia Civil, que dar\u00e1 continuidade aos procedimentos legais.\" \/>\n<meta property=\"og:url\" content=\"https:\/\/sudoesteacontece.com.br\/?p=6762\" \/>\n<meta property=\"og:site_name\" content=\"Sudoesteacontece\" \/>\n<meta property=\"article:publisher\" content=\"https:\/\/www.facebook.com\/sudoesteacontece\/?locale=pt_BR\" \/>\n<meta property=\"article:published_time\" content=\"2026-01-25T20:42:01+00:00\" \/>\n<meta property=\"article:modified_time\" content=\"2026-01-25T20:42:07+00:00\" \/>\n<meta property=\"og:image\" content=\"https:\/\/sudoesteacontece.com.br\/wp-content\/uploads\/2026\/01\/Homem-e-preso-em-flagrante-por-furto-em-hipermercado-de-Guanambi-sudoeste-acontece.jpg\" \/>\n\t<meta property=\"og:image:width\" content=\"900\" \/>\n\t<meta property=\"og:image:height\" content=\"600\" \/>\n\t<meta property=\"og:image:type\" content=\"image\/jpeg\" \/>\n<meta name=\"author\" content=\"Washington Tiago\" \/>\n<meta name=\"twitter:card\" content=\"summary_large_image\" \/>\n<meta name=\"twitter:label1\" content=\"Escrito por\" \/>\n\t<meta name=\"twitter:data1\" content=\"Washington Tiago\" \/>\n\t<meta name=\"twitter:label2\" content=\"Est. tempo de leitura\" \/>\n\t<meta name=\"twitter:data2\" content=\"2 minutos\" \/>\n<script type=\"application\/ld+json\" class=\"yoast-schema-graph\">{\"@context\":\"https:\/\/schema.org\",\"@graph\":[{\"@type\":\"Article\",\"@id\":\"https:\/\/sudoesteacontece.com.br\/?p=6762#article\",\"isPartOf\":{\"@id\":\"https:\/\/sudoesteacontece.com.br\/?p=6762\"},\"author\":{\"name\":\"Washington Tiago\",\"@id\":\"https:\/\/sudoesteacontece.com.br\/#\/schema\/person\/3cf2cf009926a9683ebc29d5379fa79c\"},\"headline\":\"Homem \u00e9 preso em flagrante por furto em hipermercado de Guanambi\",\"datePublished\":\"2026-01-25T20:42:01+00:00\",\"dateModified\":\"2026-01-25T20:42:07+00:00\",\"mainEntityOfPage\":{\"@id\":\"https:\/\/sudoesteacontece.com.br\/?p=6762\"},\"wordCount\":185,\"commentCount\":0,\"publisher\":{\"@id\":\"https:\/\/sudoesteacontece.com.br\/#organization\"},\"image\":{\"@id\":\"https:\/\/sudoesteacontece.com.br\/?p=6762#primaryimage\"},\"thumbnailUrl\":\"https:\/\/sudoesteacontece.com.br\/wp-content\/uploads\/2026\/01\/Homem-e-preso-em-flagrante-por-furto-em-hipermercado-de-Guanambi-sudoeste-acontece.jpg\",\"articleSection\":[\"Cidades\",\"Guanambi\",\"Pol\u00edcia\"],\"inLanguage\":\"pt-BR\",\"potentialAction\":[{\"@type\":\"CommentAction\",\"name\":\"Comment\",\"target\":[\"https:\/\/sudoesteacontece.com.br\/?p=6762#respond\"]}]},{\"@type\":\"WebPage\",\"@id\":\"https:\/\/sudoesteacontece.com.br\/?p=6762\",\"url\":\"https:\/\/sudoesteacontece.com.br\/?p=6762\",\"name\":\"Homem \u00e9 preso em flagrante por furto em hipermercado de Guanambi - Sudoesteacontece\",\"isPartOf\":{\"@id\":\"https:\/\/sudoesteacontece.com.br\/#website\"},\"primaryImageOfPage\":{\"@id\":\"https:\/\/sudoesteacontece.com.br\/?p=6762#primaryimage\"},\"image\":{\"@id\":\"https:\/\/sudoesteacontece.com.br\/?p=6762#primaryimage\"},\"thumbnailUrl\":\"https:\/\/sudoesteacontece.com.br\/wp-content\/uploads\/2026\/01\/Homem-e-preso-em-flagrante-por-furto-em-hipermercado-de-Guanambi-sudoeste-acontece.jpg\",\"datePublished\":\"2026-01-25T20:42:01+00:00\",\"dateModified\":\"2026-01-25T20:42:07+00:00\",\"breadcrumb\":{\"@id\":\"https:\/\/sudoesteacontece.com.br\/?p=6762#breadcrumb\"},\"inLanguage\":\"pt-BR\",\"potentialAction\":[{\"@type\":\"ReadAction\",\"target\":[\"https:\/\/sudoesteacontece.com.br\/?p=6762\"]}]},{\"@type\":\"ImageObject\",\"inLanguage\":\"pt-BR\",\"@id\":\"https:\/\/sudoesteacontece.com.br\/?p=6762#primaryimage\",\"url\":\"https:\/\/sudoesteacontece.com.br\/wp-content\/uploads\/2026\/01\/Homem-e-preso-em-flagrante-por-furto-em-hipermercado-de-Guanambi-sudoeste-acontece.jpg\",\"contentUrl\":\"https:\/\/sudoesteacontece.com.br\/wp-content\/uploads\/2026\/01\/Homem-e-preso-em-flagrante-por-furto-em-hipermercado-de-Guanambi-sudoeste-acontece.jpg\",\"width\":900,\"height\":600},{\"@type\":\"BreadcrumbList\",\"@id\":\"https:\/\/sudoesteacontece.com.br\/?p=6762#breadcrumb\",\"itemListElement\":[{\"@type\":\"ListItem\",\"position\":1,\"name\":\"In\u00edcio\",\"item\":\"https:\/\/sudoesteacontece.com.br\/\"},{\"@type\":\"ListItem\",\"position\":2,\"name\":\"Homem \u00e9 preso em flagrante por furto em hipermercado de Guanambi\"}]},{\"@type\":\"WebSite\",\"@id\":\"https:\/\/sudoesteacontece.com.br\/#website\",\"url\":\"https:\/\/sudoesteacontece.com.br\/\",\"name\":\"Sudoesteacontece\",\"description\":\"\",\"publisher\":{\"@id\":\"https:\/\/sudoesteacontece.com.br\/#organization\"},\"potentialAction\":[{\"@type\":\"SearchAction\",\"target\":{\"@type\":\"EntryPoint\",\"urlTemplate\":\"https:\/\/sudoesteacontece.com.br\/?s={search_term_string}\"},\"query-input\":{\"@type\":\"PropertyValueSpecification\",\"valueRequired\":true,\"valueName\":\"search_term_string\"}}],\"inLanguage\":\"pt-BR\"},{\"@type\":\"Organization\",\"@id\":\"https:\/\/sudoesteacontece.com.br\/#organization\",\"name\":\"Sudoesteacontece\",\"url\":\"https:\/\/sudoesteacontece.com.br\/\",\"logo\":{\"@type\":\"ImageObject\",\"inLanguage\":\"pt-BR\",\"@id\":\"https:\/\/sudoesteacontece.com.br\/#\/schema\/logo\/image\/\",\"url\":\"https:\/\/sudoesteacontece.com.br\/wp-content\/uploads\/2025\/12\/cropped-logo-2-180x180-1.png\",\"contentUrl\":\"https:\/\/sudoesteacontece.com.br\/wp-content\/uploads\/2025\/12\/cropped-logo-2-180x180-1.png\",\"width\":180,\"height\":180,\"caption\":\"Sudoesteacontece\"},\"image\":{\"@id\":\"https:\/\/sudoesteacontece.com.br\/#\/schema\/logo\/image\/\"},\"sameAs\":[\"https:\/\/www.facebook.com\/sudoesteacontece\/?locale=pt_BR\"]},{\"@type\":\"Person\",\"@id\":\"https:\/\/sudoesteacontece.com.br\/#\/schema\/person\/3cf2cf009926a9683ebc29d5379fa79c\",\"name\":\"Washington Tiago\",\"image\":{\"@type\":\"ImageObject\",\"inLanguage\":\"pt-BR\",\"@id\":\"https:\/\/sudoesteacontece.com.br\/#\/schema\/person\/image\/\",\"url\":\"https:\/\/secure.gravatar.com\/avatar\/33c43b8668157e040f9d1fe93c354bf087cbd8ba36270c1163198bd3ddcf2a56?s=96&d=mm&r=g\",\"contentUrl\":\"https:\/\/secure.gravatar.com\/avatar\/33c43b8668157e040f9d1fe93c354bf087cbd8ba36270c1163198bd3ddcf2a56?s=96&d=mm&r=g\",\"caption\":\"Washington Tiago\"},\"url\":\"https:\/\/sudoesteacontece.com.br\/?author=2\"}]}<\/script>\n<!-- \/ Yoast SEO plugin. -->","yoast_head_json":{"title":"Homem \u00e9 preso em flagrante por furto em hipermercado de Guanambi - Sudoesteacontece","robots":{"index":"index","follow":"follow","max-snippet":"max-snippet:-1","max-image-preview":"max-image-preview:large","max-video-preview":"max-video-preview:-1"},"canonical":"https:\/\/sudoesteacontece.com.br\/?p=6762","og_locale":"pt_BR","og_type":"article","og_title":"Homem \u00e9 preso em flagrante por furto em hipermercado de Guanambi - Sudoesteacontece","og_description":"Um homem de 47 anos foi preso em flagrante na manh\u00e3 deste domingo (25) ap\u00f3s furtar mercadorias de um hipermercado em Guanambi, no sudoeste da Bahia. A pris\u00e3o ocorreu por volta das 9h20, no Hipermercado Docelar, e mobilizou uma guarni\u00e7\u00e3o da Pol\u00edcia Militar ap\u00f3s acionamento da ger\u00eancia do estabelecimento. Segundo a PM, o gerente identificou o suspeito por meio do sistema de c\u00e2meras de seguran\u00e7a no momento em que ele ocultava produtos sob as vestes. A abordagem aconteceu na sa\u00edda do hipermercado, onde os itens furtados foram recuperados ainda em posse do homem. Ap\u00f3s a constata\u00e7\u00e3o do crime, os policiais conduziram o suspeito \u00e0 Delegacia de Guanambi, juntamente com o material apreendido. O homem permaneceu \u00e0 disposi\u00e7\u00e3o da autoridade policial para a ado\u00e7\u00e3o das medidas legais cab\u00edveis. A Pol\u00edcia Militar refor\u00e7ou a import\u00e2ncia do monitoramento eletr\u00f4nico e da atua\u00e7\u00e3o r\u00e1pida para coibir crimes patrimoniais. O caso segue sob responsabilidade da Pol\u00edcia Civil, que dar\u00e1 continuidade aos procedimentos legais.","og_url":"https:\/\/sudoesteacontece.com.br\/?p=6762","og_site_name":"Sudoesteacontece","article_publisher":"https:\/\/www.facebook.com\/sudoesteacontece\/?locale=pt_BR","article_published_time":"2026-01-25T20:42:01+00:00","article_modified_time":"2026-01-25T20:42:07+00:00","og_image":[{"width":900,"height":600,"url":"https:\/\/sudoesteacontece.com.br\/wp-content\/uploads\/2026\/01\/Homem-e-preso-em-flagrante-por-furto-em-hipermercado-de-Guanambi-sudoeste-acontece.jpg","type":"image\/jpeg"}],"author":"Washington Tiago","twitter_card":"summary_large_image","twitter_misc":{"Escrito por":"Washington Tiago","Est. tempo de leitura":"2 minutos"},"schema":{"@context":"https:\/\/schema.org","@graph":[{"@type":"Article","@id":"https:\/\/sudoesteacontece.com.br\/?p=6762#article","isPartOf":{"@id":"https:\/\/sudoesteacontece.com.br\/?p=6762"},"author":{"name":"Washington Tiago","@id":"https:\/\/sudoesteacontece.com.br\/#\/schema\/person\/3cf2cf009926a9683ebc29d5379fa79c"},"headline":"Homem \u00e9 preso em flagrante por furto em hipermercado de Guanambi","datePublished":"2026-01-25T20:42:01+00:00","dateModified":"2026-01-25T20:42:07+00:00","mainEntityOfPage":{"@id":"https:\/\/sudoesteacontece.com.br\/?p=6762"},"wordCount":185,"commentCount":0,"publisher":{"@id":"https:\/\/sudoesteacontece.com.br\/#organization"},"image":{"@id":"https:\/\/sudoesteacontece.com.br\/?p=6762#primaryimage"},"thumbnailUrl":"https:\/\/sudoesteacontece.com.br\/wp-content\/uploads\/2026\/01\/Homem-e-preso-em-flagrante-por-furto-em-hipermercado-de-Guanambi-sudoeste-acontece.jpg","articleSection":["Cidades","Guanambi","Pol\u00edcia"],"inLanguage":"pt-BR","potentialAction":[{"@type":"CommentAction","name":"Comment","target":["https:\/\/sudoesteacontece.com.br\/?p=6762#respond"]}]},{"@type":"WebPage","@id":"https:\/\/sudoesteacontece.com.br\/?p=6762","url":"https:\/\/sudoesteacontece.com.br\/?p=6762","name":"Homem \u00e9 preso em flagrante por furto em hipermercado de Guanambi - Sudoesteacontece","isPartOf":{"@id":"https:\/\/sudoesteacontece.com.br\/#website"},"primaryImageOfPage":{"@id":"https:\/\/sudoesteacontece.com.br\/?p=6762#primaryimage"},"image":{"@id":"https:\/\/sudoesteacontece.com.br\/?p=6762#primaryimage"},"thumbnailUrl":"https:\/\/sudoesteacontece.com.br\/wp-content\/uploads\/2026\/01\/Homem-e-preso-em-flagrante-por-furto-em-hipermercado-de-Guanambi-sudoeste-acontece.jpg","datePublished":"2026-01-25T20:42:01+00:00","dateModified":"2026-01-25T20:42:07+00:00","breadcrumb":{"@id":"https:\/\/sudoesteacontece.com.br\/?p=6762#breadcrumb"},"inLanguage":"pt-BR","potentialAction":[{"@type":"ReadAction","target":["https:\/\/sudoesteacontece.com.br\/?p=6762"]}]},{"@type":"ImageObject","inLanguage":"pt-BR","@id":"https:\/\/sudoesteacontece.com.br\/?p=6762#primaryimage","url":"https:\/\/sudoesteacontece.com.br\/wp-content\/uploads\/2026\/01\/Homem-e-preso-em-flagrante-por-furto-em-hipermercado-de-Guanambi-sudoeste-acontece.jpg","contentUrl":"https:\/\/sudoesteacontece.com.br\/wp-content\/uploads\/2026\/01\/Homem-e-preso-em-flagrante-por-furto-em-hipermercado-de-Guanambi-sudoeste-acontece.jpg","width":900,"height":600},{"@type":"BreadcrumbList","@id":"https:\/\/sudoesteacontece.com.br\/?p=6762#breadcrumb","itemListElement":[{"@type":"ListItem","position":1,"name":"In\u00edcio","item":"https:\/\/sudoesteacontece.com.br\/"},{"@type":"ListItem","position":2,"name":"Homem \u00e9 preso em flagrante por furto em hipermercado de Guanambi"}]},{"@type":"WebSite","@id":"https:\/\/sudoesteacontece.com.br\/#website","url":"https:\/\/sudoesteacontece.com.br\/","name":"Sudoesteacontece","description":"","publisher":{"@id":"https:\/\/sudoesteacontece.com.br\/#organization"},"potentialAction":[{"@type":"SearchAction","target":{"@type":"EntryPoint","urlTemplate":"https:\/\/sudoesteacontece.com.br\/?s={search_term_string}"},"query-input":{"@type":"PropertyValueSpecification","valueRequired":true,"valueName":"search_term_string"}}],"inLanguage":"pt-BR"},{"@type":"Organization","@id":"https:\/\/sudoesteacontece.com.br\/#organization","name":"Sudoesteacontece","url":"https:\/\/sudoesteacontece.com.br\/","logo":{"@type":"ImageObject","inLanguage":"pt-BR","@id":"https:\/\/sudoesteacontece.com.br\/#\/schema\/logo\/image\/","url":"https:\/\/sudoesteacontece.com.br\/wp-content\/uploads\/2025\/12\/cropped-logo-2-180x180-1.png","contentUrl":"https:\/\/sudoesteacontece.com.br\/wp-content\/uploads\/2025\/12\/cropped-logo-2-180x180-1.png","width":180,"height":180,"caption":"Sudoesteacontece"},"image":{"@id":"https:\/\/sudoesteacontece.com.br\/#\/schema\/logo\/image\/"},"sameAs":["https:\/\/www.facebook.com\/sudoesteacontece\/?locale=pt_BR"]},{"@type":"Person","@id":"https:\/\/sudoesteacontece.com.br\/#\/schema\/person\/3cf2cf009926a9683ebc29d5379fa79c","name":"Washington Tiago","image":{"@type":"ImageObject","inLanguage":"pt-BR","@id":"https:\/\/sudoesteacontece.com.br\/#\/schema\/person\/image\/","url":"https:\/\/secure.gravatar.com\/avatar\/33c43b8668157e040f9d1fe93c354bf087cbd8ba36270c1163198bd3ddcf2a56?s=96&d=mm&r=g","contentUrl":"https:\/\/secure.gravatar.com\/avatar\/33c43b8668157e040f9d1fe93c354bf087cbd8ba36270c1163198bd3ddcf2a56?s=96&d=mm&r=g","caption":"Washington Tiago"},"url":"https:\/\/sudoesteacontece.com.br\/?author=2"}]}},"_links":{"self":[{"href":"https:\/\/sudoesteacontece.com.br\/index.php?rest_route=\/wp\/v2\/posts\/6762","targetHints":{"allow":["GET"]}}],"collection":[{"href":"https:\/\/sudoesteacontece.com.br\/index.php?rest_route=\/wp\/v2\/posts"}],"about":[{"href":"https:\/\/sudoesteacontece.com.br\/index.php?rest_route=\/wp\/v2\/types\/post"}],"author":[{"embeddable":true,"href":"https:\/\/sudoesteacontece.com.br\/index.php?rest_route=\/wp\/v2\/users\/2"}],"replies":[{"embeddable":true,"href":"https:\/\/sudoesteacontece.com.br\/index.php?rest_route=%2Fwp%2Fv2%2Fcomments&post=6762"}],"version-history":[{"count":0,"href":"https:\/\/sudoesteacontece.com.br\/index.php?rest_route=\/wp\/v2\/posts\/6762\/revisions"}],"wp:featuredmedia":[{"embeddable":true,"href":"https:\/\/sudoesteacontece.com.br\/index.php?rest_route=\/wp\/v2\/media\/6780"}],"wp:attachment":[{"href":"https:\/\/sudoesteacontece.com.br\/index.php?rest_route=%2Fwp%2Fv2%2Fmedia&parent=6762"}],"wp:term":[{"taxonomy":"category","embeddable":true,"href":"https:\/\/sudoesteacontece.com.br\/index.php?rest_route=%2Fwp%2Fv2%2Fcategories&post=6762"},{"taxonomy":"post_tag","embeddable":true,"href":"https:\/\/sudoesteacontece.com.br\/index.php?rest_route=%2Fwp%2Fv2%2Ftags&post=6762"}],"curies":[{"name":"wp","href":"https:\/\/api.w.org\/{rel}","templated":true}]}}