{"id":6798,"date":"2026-01-26T10:15:48","date_gmt":"2026-01-26T13:15:48","guid":{"rendered":"https:\/\/sudoesteacontece.com.br\/?p=6798"},"modified":"2026-01-26T10:15:54","modified_gmt":"2026-01-26T13:15:54","slug":"homem-ameaca-irma-com-faca-e-e-conduzido-a-delegacia-em-guanambi","status":"publish","type":"post","link":"https:\/\/sudoesteacontece.com.br\/?p=6798","title":{"rendered":"Homem amea\u00e7a irm\u00e3 com faca e \u00e9 conduzido \u00e0 delegacia em Guanambi"},"content":{"rendered":"<div class=\"wp-block-image\">\n<figure class=\"aligncenter size-full\"><img fetchpriority=\"high\" decoding=\"async\" width=\"900\" height=\"600\" src=\"http:\/\/sudoesteacontece.com.br\/wp-content\/uploads\/2026\/01\/Homem-ameaca-irma-com-faca-e-e-conduzido-a-delegacia-em-Guanambi-sudoeste-acontece.jpg\" alt=\"\" class=\"wp-image-6820\" srcset=\"https:\/\/sudoesteacontece.com.br\/wp-content\/uploads\/2026\/01\/Homem-ameaca-irma-com-faca-e-e-conduzido-a-delegacia-em-Guanambi-sudoeste-acontece.jpg 900w, https:\/\/sudoesteacontece.com.br\/wp-content\/uploads\/2026\/01\/Homem-ameaca-irma-com-faca-e-e-conduzido-a-delegacia-em-Guanambi-sudoeste-acontece-300x200.jpg 300w, https:\/\/sudoesteacontece.com.br\/wp-content\/uploads\/2026\/01\/Homem-ameaca-irma-com-faca-e-e-conduzido-a-delegacia-em-Guanambi-sudoeste-acontece-768x512.jpg 768w\" sizes=\"(max-width: 900px) 100vw, 900px\" \/><\/figure>\n<\/div>\n\n\n<p>Viol\u00eancia dom\u00e9stica mobilizou a Pol\u00edcia Militar na noite de domingo no bairro S\u00e3o Sebasti\u00e3o, em Guanambi. Uma jovem de 20 anos denunciou ter sido amea\u00e7ada pelo pr\u00f3prio irm\u00e3o dentro de casa, em um epis\u00f3dio marcado por agressividade e destrui\u00e7\u00e3o de objetos. Acionada por volta das 21h, a guarni\u00e7\u00e3o do 17\u00ba Batalh\u00e3o da PM se deslocou at\u00e9 a Rua Ubiano Amaral ap\u00f3s receber a den\u00fancia. <\/p>\n\n\n\n<p>No local, a v\u00edtima relatou que o irm\u00e3o, de 34 anos, entrou na resid\u00eancia alterado, apresentando comportamento agressivo e fora de controle. Segundo o relato, o homem teria amea\u00e7ado a jovem com uma faca e provocado danos em diversos objetos do im\u00f3vel. A v\u00edtima afirmou ainda que o agressor aparentava estar sob efeito de entorpecentes, o que agravou a situa\u00e7\u00e3o de risco dentro da resid\u00eancia.<\/p>\n\n\n\n<p>Ap\u00f3s a interven\u00e7\u00e3o policial, a jovem manifestou interesse em representar criminalmente contra o irm\u00e3o. Diante disso, os envolvidos foram encaminhados \u00e0 autoridade policial para a ado\u00e7\u00e3o das provid\u00eancias legais cab\u00edveis. A faca utilizada na amea\u00e7a foi apreendida e apresentada na delegacia. <\/p>\n\n\n\n<p>O caso foi registrado com base na Lei Maria da Penha, que prev\u00ea medidas de prote\u00e7\u00e3o \u00e0s v\u00edtimas de viol\u00eancia dom\u00e9stica e familiar. A Pol\u00edcia Militar refor\u00e7a a import\u00e2ncia da den\u00fancia em situa\u00e7\u00f5es de viol\u00eancia dom\u00e9stica e orienta que v\u00edtimas ou testemunhas acionem imediatamente o 190 para garantir a seguran\u00e7a e evitar desfechos mais graves.<\/p>\n","protected":false},"excerpt":{"rendered":"<p>Viol\u00eancia dom\u00e9stica mobilizou a Pol\u00edcia Militar na noite de domingo no bairro S\u00e3o Sebasti\u00e3o, em Guanambi. Uma jovem de 20 anos denunciou ter sido amea\u00e7ada pelo pr\u00f3prio irm\u00e3o dentro de casa, em um epis\u00f3dio marcado por agressividade e destrui\u00e7\u00e3o de objetos. Acionada por volta das 21h, a guarni\u00e7\u00e3o do 17\u00ba Batalh\u00e3o da PM se deslocou at\u00e9 a Rua Ubiano Amaral ap\u00f3s receber a den\u00fancia. No local, a v\u00edtima relatou que o irm\u00e3o, de 34 anos, entrou na resid\u00eancia alterado, apresentando comportamento agressivo e fora de controle. Segundo o relato, o homem teria amea\u00e7ado a jovem com uma faca e provocado danos em diversos objetos do im\u00f3vel. A v\u00edtima afirmou ainda que o agressor aparentava estar sob efeito de entorpecentes, o que agravou a situa\u00e7\u00e3o de risco dentro da resid\u00eancia. Ap\u00f3s a interven\u00e7\u00e3o policial, a jovem manifestou interesse em representar criminalmente contra o irm\u00e3o. Diante disso, os envolvidos foram encaminhados \u00e0 autoridade policial para a ado\u00e7\u00e3o das provid\u00eancias legais cab\u00edveis. A faca utilizada na amea\u00e7a foi apreendida e apresentada na delegacia. O caso foi registrado com base na Lei Maria da Penha, que prev\u00ea medidas de prote\u00e7\u00e3o \u00e0s v\u00edtimas de viol\u00eancia dom\u00e9stica e familiar. A Pol\u00edcia Militar refor\u00e7a a import\u00e2ncia da den\u00fancia em situa\u00e7\u00f5es de viol\u00eancia dom\u00e9stica e orienta que v\u00edtimas ou testemunhas acionem imediatamente o 190 para garantir a seguran\u00e7a e evitar desfechos mais graves.<\/p>\n","protected":false},"author":2,"featured_media":6820,"comment_status":"open","ping_status":"open","sticky":false,"template":"","format":"standard","meta":{"footnotes":""},"categories":[4,17,3],"tags":[],"class_list":["post-6798","post","type-post","status-publish","format-standard","has-post-thumbnail","hentry","category-cidades","category-guanambi","category-policia"],"yoast_head":"<!-- This site is optimized with the Yoast SEO plugin v26.5 - https:\/\/yoast.com\/wordpress\/plugins\/seo\/ -->\n<title>Homem amea\u00e7a irm\u00e3 com faca e \u00e9 conduzido \u00e0 delegacia em Guanambi - Sudoesteacontece<\/title>\n<meta name=\"robots\" content=\"index, follow, max-snippet:-1, max-image-preview:large, max-video-preview:-1\" \/>\n<link rel=\"canonical\" href=\"https:\/\/sudoesteacontece.com.br\/?p=6798\" \/>\n<meta property=\"og:locale\" content=\"pt_BR\" \/>\n<meta property=\"og:type\" content=\"article\" \/>\n<meta property=\"og:title\" content=\"Homem amea\u00e7a irm\u00e3 com faca e \u00e9 conduzido \u00e0 delegacia em Guanambi - Sudoesteacontece\" \/>\n<meta property=\"og:description\" content=\"Viol\u00eancia dom\u00e9stica mobilizou a Pol\u00edcia Militar na noite de domingo no bairro S\u00e3o Sebasti\u00e3o, em Guanambi. Uma jovem de 20 anos denunciou ter sido amea\u00e7ada pelo pr\u00f3prio irm\u00e3o dentro de casa, em um epis\u00f3dio marcado por agressividade e destrui\u00e7\u00e3o de objetos. Acionada por volta das 21h, a guarni\u00e7\u00e3o do 17\u00ba Batalh\u00e3o da PM se deslocou at\u00e9 a Rua Ubiano Amaral ap\u00f3s receber a den\u00fancia. No local, a v\u00edtima relatou que o irm\u00e3o, de 34 anos, entrou na resid\u00eancia alterado, apresentando comportamento agressivo e fora de controle. Segundo o relato, o homem teria amea\u00e7ado a jovem com uma faca e provocado danos em diversos objetos do im\u00f3vel. A v\u00edtima afirmou ainda que o agressor aparentava estar sob efeito de entorpecentes, o que agravou a situa\u00e7\u00e3o de risco dentro da resid\u00eancia. Ap\u00f3s a interven\u00e7\u00e3o policial, a jovem manifestou interesse em representar criminalmente contra o irm\u00e3o. Diante disso, os envolvidos foram encaminhados \u00e0 autoridade policial para a ado\u00e7\u00e3o das provid\u00eancias legais cab\u00edveis. A faca utilizada na amea\u00e7a foi apreendida e apresentada na delegacia. O caso foi registrado com base na Lei Maria da Penha, que prev\u00ea medidas de prote\u00e7\u00e3o \u00e0s v\u00edtimas de viol\u00eancia dom\u00e9stica e familiar. A Pol\u00edcia Militar refor\u00e7a a import\u00e2ncia da den\u00fancia em situa\u00e7\u00f5es de viol\u00eancia dom\u00e9stica e orienta que v\u00edtimas ou testemunhas acionem imediatamente o 190 para garantir a seguran\u00e7a e evitar desfechos mais graves.\" \/>\n<meta property=\"og:url\" content=\"https:\/\/sudoesteacontece.com.br\/?p=6798\" \/>\n<meta property=\"og:site_name\" content=\"Sudoesteacontece\" \/>\n<meta property=\"article:publisher\" content=\"https:\/\/www.facebook.com\/sudoesteacontece\/?locale=pt_BR\" \/>\n<meta property=\"article:published_time\" content=\"2026-01-26T13:15:48+00:00\" \/>\n<meta property=\"article:modified_time\" content=\"2026-01-26T13:15:54+00:00\" \/>\n<meta property=\"og:image\" content=\"https:\/\/sudoesteacontece.com.br\/wp-content\/uploads\/2026\/01\/Homem-ameaca-irma-com-faca-e-e-conduzido-a-delegacia-em-Guanambi-sudoeste-acontece.jpg\" \/>\n\t<meta property=\"og:image:width\" content=\"900\" \/>\n\t<meta property=\"og:image:height\" content=\"600\" \/>\n\t<meta property=\"og:image:type\" content=\"image\/jpeg\" \/>\n<meta name=\"author\" content=\"Washington Tiago\" \/>\n<meta name=\"twitter:card\" content=\"summary_large_image\" \/>\n<meta name=\"twitter:label1\" content=\"Escrito por\" \/>\n\t<meta name=\"twitter:data1\" content=\"Washington Tiago\" \/>\n\t<meta name=\"twitter:label2\" content=\"Est. tempo de leitura\" \/>\n\t<meta name=\"twitter:data2\" content=\"2 minutos\" \/>\n<script type=\"application\/ld+json\" class=\"yoast-schema-graph\">{\"@context\":\"https:\/\/schema.org\",\"@graph\":[{\"@type\":\"Article\",\"@id\":\"https:\/\/sudoesteacontece.com.br\/?p=6798#article\",\"isPartOf\":{\"@id\":\"https:\/\/sudoesteacontece.com.br\/?p=6798\"},\"author\":{\"name\":\"Washington Tiago\",\"@id\":\"https:\/\/sudoesteacontece.com.br\/#\/schema\/person\/3cf2cf009926a9683ebc29d5379fa79c\"},\"headline\":\"Homem amea\u00e7a irm\u00e3 com faca e \u00e9 conduzido \u00e0 delegacia em Guanambi\",\"datePublished\":\"2026-01-26T13:15:48+00:00\",\"dateModified\":\"2026-01-26T13:15:54+00:00\",\"mainEntityOfPage\":{\"@id\":\"https:\/\/sudoesteacontece.com.br\/?p=6798\"},\"wordCount\":273,\"commentCount\":0,\"publisher\":{\"@id\":\"https:\/\/sudoesteacontece.com.br\/#organization\"},\"image\":{\"@id\":\"https:\/\/sudoesteacontece.com.br\/?p=6798#primaryimage\"},\"thumbnailUrl\":\"https:\/\/sudoesteacontece.com.br\/wp-content\/uploads\/2026\/01\/Homem-ameaca-irma-com-faca-e-e-conduzido-a-delegacia-em-Guanambi-sudoeste-acontece.jpg\",\"articleSection\":[\"Cidades\",\"Guanambi\",\"Pol\u00edcia\"],\"inLanguage\":\"pt-BR\",\"potentialAction\":[{\"@type\":\"CommentAction\",\"name\":\"Comment\",\"target\":[\"https:\/\/sudoesteacontece.com.br\/?p=6798#respond\"]}]},{\"@type\":\"WebPage\",\"@id\":\"https:\/\/sudoesteacontece.com.br\/?p=6798\",\"url\":\"https:\/\/sudoesteacontece.com.br\/?p=6798\",\"name\":\"Homem amea\u00e7a irm\u00e3 com faca e \u00e9 conduzido \u00e0 delegacia em Guanambi - Sudoesteacontece\",\"isPartOf\":{\"@id\":\"https:\/\/sudoesteacontece.com.br\/#website\"},\"primaryImageOfPage\":{\"@id\":\"https:\/\/sudoesteacontece.com.br\/?p=6798#primaryimage\"},\"image\":{\"@id\":\"https:\/\/sudoesteacontece.com.br\/?p=6798#primaryimage\"},\"thumbnailUrl\":\"https:\/\/sudoesteacontece.com.br\/wp-content\/uploads\/2026\/01\/Homem-ameaca-irma-com-faca-e-e-conduzido-a-delegacia-em-Guanambi-sudoeste-acontece.jpg\",\"datePublished\":\"2026-01-26T13:15:48+00:00\",\"dateModified\":\"2026-01-26T13:15:54+00:00\",\"breadcrumb\":{\"@id\":\"https:\/\/sudoesteacontece.com.br\/?p=6798#breadcrumb\"},\"inLanguage\":\"pt-BR\",\"potentialAction\":[{\"@type\":\"ReadAction\",\"target\":[\"https:\/\/sudoesteacontece.com.br\/?p=6798\"]}]},{\"@type\":\"ImageObject\",\"inLanguage\":\"pt-BR\",\"@id\":\"https:\/\/sudoesteacontece.com.br\/?p=6798#primaryimage\",\"url\":\"https:\/\/sudoesteacontece.com.br\/wp-content\/uploads\/2026\/01\/Homem-ameaca-irma-com-faca-e-e-conduzido-a-delegacia-em-Guanambi-sudoeste-acontece.jpg\",\"contentUrl\":\"https:\/\/sudoesteacontece.com.br\/wp-content\/uploads\/2026\/01\/Homem-ameaca-irma-com-faca-e-e-conduzido-a-delegacia-em-Guanambi-sudoeste-acontece.jpg\",\"width\":900,\"height\":600},{\"@type\":\"BreadcrumbList\",\"@id\":\"https:\/\/sudoesteacontece.com.br\/?p=6798#breadcrumb\",\"itemListElement\":[{\"@type\":\"ListItem\",\"position\":1,\"name\":\"In\u00edcio\",\"item\":\"https:\/\/sudoesteacontece.com.br\/\"},{\"@type\":\"ListItem\",\"position\":2,\"name\":\"Homem amea\u00e7a irm\u00e3 com faca e \u00e9 conduzido \u00e0 delegacia em Guanambi\"}]},{\"@type\":\"WebSite\",\"@id\":\"https:\/\/sudoesteacontece.com.br\/#website\",\"url\":\"https:\/\/sudoesteacontece.com.br\/\",\"name\":\"Sudoesteacontece\",\"description\":\"\",\"publisher\":{\"@id\":\"https:\/\/sudoesteacontece.com.br\/#organization\"},\"potentialAction\":[{\"@type\":\"SearchAction\",\"target\":{\"@type\":\"EntryPoint\",\"urlTemplate\":\"https:\/\/sudoesteacontece.com.br\/?s={search_term_string}\"},\"query-input\":{\"@type\":\"PropertyValueSpecification\",\"valueRequired\":true,\"valueName\":\"search_term_string\"}}],\"inLanguage\":\"pt-BR\"},{\"@type\":\"Organization\",\"@id\":\"https:\/\/sudoesteacontece.com.br\/#organization\",\"name\":\"Sudoesteacontece\",\"url\":\"https:\/\/sudoesteacontece.com.br\/\",\"logo\":{\"@type\":\"ImageObject\",\"inLanguage\":\"pt-BR\",\"@id\":\"https:\/\/sudoesteacontece.com.br\/#\/schema\/logo\/image\/\",\"url\":\"https:\/\/sudoesteacontece.com.br\/wp-content\/uploads\/2025\/12\/cropped-logo-2-180x180-1.png\",\"contentUrl\":\"https:\/\/sudoesteacontece.com.br\/wp-content\/uploads\/2025\/12\/cropped-logo-2-180x180-1.png\",\"width\":180,\"height\":180,\"caption\":\"Sudoesteacontece\"},\"image\":{\"@id\":\"https:\/\/sudoesteacontece.com.br\/#\/schema\/logo\/image\/\"},\"sameAs\":[\"https:\/\/www.facebook.com\/sudoesteacontece\/?locale=pt_BR\"]},{\"@type\":\"Person\",\"@id\":\"https:\/\/sudoesteacontece.com.br\/#\/schema\/person\/3cf2cf009926a9683ebc29d5379fa79c\",\"name\":\"Washington Tiago\",\"image\":{\"@type\":\"ImageObject\",\"inLanguage\":\"pt-BR\",\"@id\":\"https:\/\/sudoesteacontece.com.br\/#\/schema\/person\/image\/\",\"url\":\"https:\/\/secure.gravatar.com\/avatar\/33c43b8668157e040f9d1fe93c354bf087cbd8ba36270c1163198bd3ddcf2a56?s=96&d=mm&r=g\",\"contentUrl\":\"https:\/\/secure.gravatar.com\/avatar\/33c43b8668157e040f9d1fe93c354bf087cbd8ba36270c1163198bd3ddcf2a56?s=96&d=mm&r=g\",\"caption\":\"Washington Tiago\"},\"url\":\"https:\/\/sudoesteacontece.com.br\/?author=2\"}]}<\/script>\n<!-- \/ Yoast SEO plugin. -->","yoast_head_json":{"title":"Homem amea\u00e7a irm\u00e3 com faca e \u00e9 conduzido \u00e0 delegacia em Guanambi - Sudoesteacontece","robots":{"index":"index","follow":"follow","max-snippet":"max-snippet:-1","max-image-preview":"max-image-preview:large","max-video-preview":"max-video-preview:-1"},"canonical":"https:\/\/sudoesteacontece.com.br\/?p=6798","og_locale":"pt_BR","og_type":"article","og_title":"Homem amea\u00e7a irm\u00e3 com faca e \u00e9 conduzido \u00e0 delegacia em Guanambi - Sudoesteacontece","og_description":"Viol\u00eancia dom\u00e9stica mobilizou a Pol\u00edcia Militar na noite de domingo no bairro S\u00e3o Sebasti\u00e3o, em Guanambi. Uma jovem de 20 anos denunciou ter sido amea\u00e7ada pelo pr\u00f3prio irm\u00e3o dentro de casa, em um epis\u00f3dio marcado por agressividade e destrui\u00e7\u00e3o de objetos. Acionada por volta das 21h, a guarni\u00e7\u00e3o do 17\u00ba Batalh\u00e3o da PM se deslocou at\u00e9 a Rua Ubiano Amaral ap\u00f3s receber a den\u00fancia. No local, a v\u00edtima relatou que o irm\u00e3o, de 34 anos, entrou na resid\u00eancia alterado, apresentando comportamento agressivo e fora de controle. Segundo o relato, o homem teria amea\u00e7ado a jovem com uma faca e provocado danos em diversos objetos do im\u00f3vel. A v\u00edtima afirmou ainda que o agressor aparentava estar sob efeito de entorpecentes, o que agravou a situa\u00e7\u00e3o de risco dentro da resid\u00eancia. Ap\u00f3s a interven\u00e7\u00e3o policial, a jovem manifestou interesse em representar criminalmente contra o irm\u00e3o. Diante disso, os envolvidos foram encaminhados \u00e0 autoridade policial para a ado\u00e7\u00e3o das provid\u00eancias legais cab\u00edveis. A faca utilizada na amea\u00e7a foi apreendida e apresentada na delegacia. O caso foi registrado com base na Lei Maria da Penha, que prev\u00ea medidas de prote\u00e7\u00e3o \u00e0s v\u00edtimas de viol\u00eancia dom\u00e9stica e familiar. A Pol\u00edcia Militar refor\u00e7a a import\u00e2ncia da den\u00fancia em situa\u00e7\u00f5es de viol\u00eancia dom\u00e9stica e orienta que v\u00edtimas ou testemunhas acionem imediatamente o 190 para garantir a seguran\u00e7a e evitar desfechos mais graves.","og_url":"https:\/\/sudoesteacontece.com.br\/?p=6798","og_site_name":"Sudoesteacontece","article_publisher":"https:\/\/www.facebook.com\/sudoesteacontece\/?locale=pt_BR","article_published_time":"2026-01-26T13:15:48+00:00","article_modified_time":"2026-01-26T13:15:54+00:00","og_image":[{"width":900,"height":600,"url":"https:\/\/sudoesteacontece.com.br\/wp-content\/uploads\/2026\/01\/Homem-ameaca-irma-com-faca-e-e-conduzido-a-delegacia-em-Guanambi-sudoeste-acontece.jpg","type":"image\/jpeg"}],"author":"Washington Tiago","twitter_card":"summary_large_image","twitter_misc":{"Escrito por":"Washington Tiago","Est. tempo de leitura":"2 minutos"},"schema":{"@context":"https:\/\/schema.org","@graph":[{"@type":"Article","@id":"https:\/\/sudoesteacontece.com.br\/?p=6798#article","isPartOf":{"@id":"https:\/\/sudoesteacontece.com.br\/?p=6798"},"author":{"name":"Washington Tiago","@id":"https:\/\/sudoesteacontece.com.br\/#\/schema\/person\/3cf2cf009926a9683ebc29d5379fa79c"},"headline":"Homem amea\u00e7a irm\u00e3 com faca e \u00e9 conduzido \u00e0 delegacia em Guanambi","datePublished":"2026-01-26T13:15:48+00:00","dateModified":"2026-01-26T13:15:54+00:00","mainEntityOfPage":{"@id":"https:\/\/sudoesteacontece.com.br\/?p=6798"},"wordCount":273,"commentCount":0,"publisher":{"@id":"https:\/\/sudoesteacontece.com.br\/#organization"},"image":{"@id":"https:\/\/sudoesteacontece.com.br\/?p=6798#primaryimage"},"thumbnailUrl":"https:\/\/sudoesteacontece.com.br\/wp-content\/uploads\/2026\/01\/Homem-ameaca-irma-com-faca-e-e-conduzido-a-delegacia-em-Guanambi-sudoeste-acontece.jpg","articleSection":["Cidades","Guanambi","Pol\u00edcia"],"inLanguage":"pt-BR","potentialAction":[{"@type":"CommentAction","name":"Comment","target":["https:\/\/sudoesteacontece.com.br\/?p=6798#respond"]}]},{"@type":"WebPage","@id":"https:\/\/sudoesteacontece.com.br\/?p=6798","url":"https:\/\/sudoesteacontece.com.br\/?p=6798","name":"Homem amea\u00e7a irm\u00e3 com faca e \u00e9 conduzido \u00e0 delegacia em Guanambi - Sudoesteacontece","isPartOf":{"@id":"https:\/\/sudoesteacontece.com.br\/#website"},"primaryImageOfPage":{"@id":"https:\/\/sudoesteacontece.com.br\/?p=6798#primaryimage"},"image":{"@id":"https:\/\/sudoesteacontece.com.br\/?p=6798#primaryimage"},"thumbnailUrl":"https:\/\/sudoesteacontece.com.br\/wp-content\/uploads\/2026\/01\/Homem-ameaca-irma-com-faca-e-e-conduzido-a-delegacia-em-Guanambi-sudoeste-acontece.jpg","datePublished":"2026-01-26T13:15:48+00:00","dateModified":"2026-01-26T13:15:54+00:00","breadcrumb":{"@id":"https:\/\/sudoesteacontece.com.br\/?p=6798#breadcrumb"},"inLanguage":"pt-BR","potentialAction":[{"@type":"ReadAction","target":["https:\/\/sudoesteacontece.com.br\/?p=6798"]}]},{"@type":"ImageObject","inLanguage":"pt-BR","@id":"https:\/\/sudoesteacontece.com.br\/?p=6798#primaryimage","url":"https:\/\/sudoesteacontece.com.br\/wp-content\/uploads\/2026\/01\/Homem-ameaca-irma-com-faca-e-e-conduzido-a-delegacia-em-Guanambi-sudoeste-acontece.jpg","contentUrl":"https:\/\/sudoesteacontece.com.br\/wp-content\/uploads\/2026\/01\/Homem-ameaca-irma-com-faca-e-e-conduzido-a-delegacia-em-Guanambi-sudoeste-acontece.jpg","width":900,"height":600},{"@type":"BreadcrumbList","@id":"https:\/\/sudoesteacontece.com.br\/?p=6798#breadcrumb","itemListElement":[{"@type":"ListItem","position":1,"name":"In\u00edcio","item":"https:\/\/sudoesteacontece.com.br\/"},{"@type":"ListItem","position":2,"name":"Homem amea\u00e7a irm\u00e3 com faca e \u00e9 conduzido \u00e0 delegacia em Guanambi"}]},{"@type":"WebSite","@id":"https:\/\/sudoesteacontece.com.br\/#website","url":"https:\/\/sudoesteacontece.com.br\/","name":"Sudoesteacontece","description":"","publisher":{"@id":"https:\/\/sudoesteacontece.com.br\/#organization"},"potentialAction":[{"@type":"SearchAction","target":{"@type":"EntryPoint","urlTemplate":"https:\/\/sudoesteacontece.com.br\/?s={search_term_string}"},"query-input":{"@type":"PropertyValueSpecification","valueRequired":true,"valueName":"search_term_string"}}],"inLanguage":"pt-BR"},{"@type":"Organization","@id":"https:\/\/sudoesteacontece.com.br\/#organization","name":"Sudoesteacontece","url":"https:\/\/sudoesteacontece.com.br\/","logo":{"@type":"ImageObject","inLanguage":"pt-BR","@id":"https:\/\/sudoesteacontece.com.br\/#\/schema\/logo\/image\/","url":"https:\/\/sudoesteacontece.com.br\/wp-content\/uploads\/2025\/12\/cropped-logo-2-180x180-1.png","contentUrl":"https:\/\/sudoesteacontece.com.br\/wp-content\/uploads\/2025\/12\/cropped-logo-2-180x180-1.png","width":180,"height":180,"caption":"Sudoesteacontece"},"image":{"@id":"https:\/\/sudoesteacontece.com.br\/#\/schema\/logo\/image\/"},"sameAs":["https:\/\/www.facebook.com\/sudoesteacontece\/?locale=pt_BR"]},{"@type":"Person","@id":"https:\/\/sudoesteacontece.com.br\/#\/schema\/person\/3cf2cf009926a9683ebc29d5379fa79c","name":"Washington Tiago","image":{"@type":"ImageObject","inLanguage":"pt-BR","@id":"https:\/\/sudoesteacontece.com.br\/#\/schema\/person\/image\/","url":"https:\/\/secure.gravatar.com\/avatar\/33c43b8668157e040f9d1fe93c354bf087cbd8ba36270c1163198bd3ddcf2a56?s=96&d=mm&r=g","contentUrl":"https:\/\/secure.gravatar.com\/avatar\/33c43b8668157e040f9d1fe93c354bf087cbd8ba36270c1163198bd3ddcf2a56?s=96&d=mm&r=g","caption":"Washington Tiago"},"url":"https:\/\/sudoesteacontece.com.br\/?author=2"}]}},"_links":{"self":[{"href":"https:\/\/sudoesteacontece.com.br\/index.php?rest_route=\/wp\/v2\/posts\/6798","targetHints":{"allow":["GET"]}}],"collection":[{"href":"https:\/\/sudoesteacontece.com.br\/index.php?rest_route=\/wp\/v2\/posts"}],"about":[{"href":"https:\/\/sudoesteacontece.com.br\/index.php?rest_route=\/wp\/v2\/types\/post"}],"author":[{"embeddable":true,"href":"https:\/\/sudoesteacontece.com.br\/index.php?rest_route=\/wp\/v2\/users\/2"}],"replies":[{"embeddable":true,"href":"https:\/\/sudoesteacontece.com.br\/index.php?rest_route=%2Fwp%2Fv2%2Fcomments&post=6798"}],"version-history":[{"count":0,"href":"https:\/\/sudoesteacontece.com.br\/index.php?rest_route=\/wp\/v2\/posts\/6798\/revisions"}],"wp:featuredmedia":[{"embeddable":true,"href":"https:\/\/sudoesteacontece.com.br\/index.php?rest_route=\/wp\/v2\/media\/6820"}],"wp:attachment":[{"href":"https:\/\/sudoesteacontece.com.br\/index.php?rest_route=%2Fwp%2Fv2%2Fmedia&parent=6798"}],"wp:term":[{"taxonomy":"category","embeddable":true,"href":"https:\/\/sudoesteacontece.com.br\/index.php?rest_route=%2Fwp%2Fv2%2Fcategories&post=6798"},{"taxonomy":"post_tag","embeddable":true,"href":"https:\/\/sudoesteacontece.com.br\/index.php?rest_route=%2Fwp%2Fv2%2Ftags&post=6798"}],"curies":[{"name":"wp","href":"https:\/\/api.w.org\/{rel}","templated":true}]}}