{"id":68,"date":"2025-10-27T16:22:03","date_gmt":"2025-10-27T19:22:03","guid":{"rendered":"https:\/\/sudoesteacontece.com.br\/?p=68"},"modified":"2025-10-27T16:22:04","modified_gmt":"2025-10-27T19:22:04","slug":"prefeitura-de-botupora-adota-corte-de-gastos-e-muda-horario-de-expediente-para-equilibrar-contas-publicas","status":"publish","type":"post","link":"https:\/\/sudoesteacontece.com.br\/?p=68","title":{"rendered":"Prefeitura de Botupor\u00e3 adota corte de gastos e muda hor\u00e1rio de expediente para equilibrar contas p\u00fablicas"},"content":{"rendered":"\n<figure class=\"wp-block-image size-full\"><img fetchpriority=\"high\" decoding=\"async\" width=\"800\" height=\"449\" src=\"http:\/\/sudoesteacontece.com.br\/wp-content\/uploads\/2025\/10\/Prefeitura-de-Botupora-adota-corte-de-gastos-e-muda-horario-de-expediente-para-equilibrar-contas-publicas-sudoeste-acontece.jpeg\" alt=\"\" class=\"wp-image-980\" srcset=\"https:\/\/sudoesteacontece.com.br\/wp-content\/uploads\/2025\/10\/Prefeitura-de-Botupora-adota-corte-de-gastos-e-muda-horario-de-expediente-para-equilibrar-contas-publicas-sudoeste-acontece.jpeg 800w, https:\/\/sudoesteacontece.com.br\/wp-content\/uploads\/2025\/10\/Prefeitura-de-Botupora-adota-corte-de-gastos-e-muda-horario-de-expediente-para-equilibrar-contas-publicas-sudoeste-acontece-300x168.jpeg 300w, https:\/\/sudoesteacontece.com.br\/wp-content\/uploads\/2025\/10\/Prefeitura-de-Botupora-adota-corte-de-gastos-e-muda-horario-de-expediente-para-equilibrar-contas-publicas-sudoeste-acontece-768x431.jpeg 768w\" sizes=\"(max-width: 800px) 100vw, 800px\" \/><\/figure>\n\n\n\n<p>A Prefeitura de Botupor\u00e3, no sudoeste da Bahia, anunciou medidas emergenciais para reduzir despesas e equilibrar as contas do munic\u00edpio. As a\u00e7\u00f5es foram oficializadas por meio de dois decretos publicados na administra\u00e7\u00e3o municipal e t\u00eam efeito retroativo a 1\u00ba de outubro de 2025.<\/p>\n\n\n\n<p>Os decretos determinam cortes de gastos, redu\u00e7\u00e3o de sal\u00e1rios e mudan\u00e7a no hor\u00e1rio de atendimento ao p\u00fablico. As medidas foram adotadas ap\u00f3s queda na arrecada\u00e7\u00e3o e aumento do \u00edndice de despesas com pessoal, que ultrapassou o limite permitido pela Lei de Responsabilidade Fiscal.<\/p>\n\n\n\n<p>O Decreto n\u00ba 749\/2025 estabelece o plano de conten\u00e7\u00e3o de despesas. O documento suspende horas extras, novas contrata\u00e7\u00f5es, nomea\u00e7\u00f5es e fun\u00e7\u00f5es gratificadas, exceto em casos considerados essenciais. A medida tamb\u00e9m reduz gastos operacionais e corta benef\u00edcios financeiros de servidores.<\/p>\n\n\n\n<p>Entre os cortes previstos, est\u00e3o redu\u00e7\u00e3o de 50% nos sal\u00e1rios de contratados tempor\u00e1rios e de 20% nos vencimentos de cargos comissionados, fun\u00e7\u00f5es de confian\u00e7a e agentes pol\u00edticos. O decreto ainda determina corte de 30% nos gastos com \u00e1gua, energia, combust\u00edveis e telefonia.<\/p>\n\n\n\n<p>Outra medida prev\u00ea redu\u00e7\u00e3o de 20% em contratos de assessoria, consultoria e servi\u00e7os terceirizados. O documento tamb\u00e9m suspende novos investimentos e licita\u00e7\u00f5es, salvo situa\u00e7\u00f5es de extrema necessidade nas \u00e1reas de sa\u00fade, educa\u00e7\u00e3o e assist\u00eancia social.<\/p>\n\n\n\n<p>Todas as secretarias municipais devem apresentar, em at\u00e9 oito dias, planos internos de economia. Cada pasta ser\u00e1 respons\u00e1vel por indicar ajustes financeiros e administrativos para contribuir com o reequil\u00edbrio fiscal do munic\u00edpio.<\/p>\n\n\n\n<p>Decreto n\u00ba 750\/2025 altera o hor\u00e1rio de funcionamento da prefeitura e institui turno \u00fanico nas reparti\u00e7\u00f5es p\u00fablicas. A partir deste m\u00eas, o atendimento ao p\u00fablico passa a funcionar de segunda a sexta-feira, das 7h \u00e0s 13h, totalizando 30 horas semanais.<\/p>\n\n\n\n<p>As secretarias de Educa\u00e7\u00e3o, Sa\u00fade, Assist\u00eancia Social, Agricultura e Meio Ambiente e o Conselho Tutelar n\u00e3o ser\u00e3o afetados pela mudan\u00e7a. Esses setores continuam com expediente normal para garantir os servi\u00e7os essenciais.<\/p>\n\n\n\n<p>Segundo a prefeitura, o novo hor\u00e1rio reduz gastos com energia el\u00e9trica, telefonia e manuten\u00e7\u00e3o de estruturas p\u00fablicas. A administra\u00e7\u00e3o afirma que os servi\u00e7os \u00e0 popula\u00e7\u00e3o n\u00e3o ser\u00e3o prejudicados.<\/p>\n\n\n\n<p>Prefeito declarou que as medidas s\u00e3o necess\u00e1rias para garantir o funcionamento dos servi\u00e7os b\u00e1sicos. Ele afirmou que o momento exige ajustes e responsabilidade na gest\u00e3o do dinheiro p\u00fablico.<\/p>\n\n\n\n<p>As medidas valem imediatamente e permanecem em vigor at\u00e9 que Botupor\u00e3 retorne aos limites legais de gasto com pessoal. A prefeitura informou que os decretos seguem as normas da Lei de Responsabilidade Fiscal e evitam penalidades ao munic\u00edpio.<\/p>\n","protected":false},"excerpt":{"rendered":"<p>A Prefeitura de Botupor\u00e3, no sudoeste da Bahia, anunciou medidas emergenciais para reduzir despesas e equilibrar as contas do munic\u00edpio. As a\u00e7\u00f5es foram oficializadas por meio de dois decretos publicados na administra\u00e7\u00e3o municipal e t\u00eam efeito retroativo a 1\u00ba de outubro de 2025. Os decretos determinam cortes de gastos, redu\u00e7\u00e3o de sal\u00e1rios e mudan\u00e7a no hor\u00e1rio de atendimento ao p\u00fablico. As medidas foram adotadas ap\u00f3s queda na arrecada\u00e7\u00e3o e aumento do \u00edndice de despesas com pessoal, que ultrapassou o limite permitido pela Lei de Responsabilidade Fiscal. O Decreto n\u00ba 749\/2025 estabelece o plano de conten\u00e7\u00e3o de despesas. O documento suspende horas extras, novas contrata\u00e7\u00f5es, nomea\u00e7\u00f5es e fun\u00e7\u00f5es gratificadas, exceto em casos considerados essenciais. A medida tamb\u00e9m reduz gastos operacionais e corta benef\u00edcios financeiros de servidores. Entre os cortes previstos, est\u00e3o redu\u00e7\u00e3o de 50% nos sal\u00e1rios de contratados tempor\u00e1rios e de 20% nos vencimentos de cargos comissionados, fun\u00e7\u00f5es de confian\u00e7a e agentes pol\u00edticos. O decreto ainda determina corte de 30% nos gastos com \u00e1gua, energia, combust\u00edveis e telefonia. Outra medida prev\u00ea redu\u00e7\u00e3o de 20% em contratos de assessoria, consultoria e servi\u00e7os terceirizados. O documento tamb\u00e9m suspende novos investimentos e licita\u00e7\u00f5es, salvo situa\u00e7\u00f5es de extrema necessidade nas \u00e1reas de sa\u00fade, educa\u00e7\u00e3o e assist\u00eancia social. Todas as secretarias municipais devem apresentar, em at\u00e9 oito dias, planos internos de economia. Cada pasta ser\u00e1 respons\u00e1vel por indicar ajustes financeiros e administrativos para contribuir com o reequil\u00edbrio fiscal do munic\u00edpio. Decreto n\u00ba 750\/2025 altera o hor\u00e1rio de funcionamento da prefeitura e institui turno \u00fanico nas reparti\u00e7\u00f5es p\u00fablicas. A partir deste m\u00eas, o atendimento ao p\u00fablico passa a funcionar de segunda a sexta-feira, das 7h \u00e0s 13h, totalizando 30 horas semanais. As secretarias de Educa\u00e7\u00e3o, Sa\u00fade, Assist\u00eancia Social, Agricultura e Meio Ambiente e o Conselho Tutelar n\u00e3o ser\u00e3o afetados pela mudan\u00e7a. Esses setores continuam com expediente normal para garantir os servi\u00e7os essenciais. Segundo a prefeitura, o novo hor\u00e1rio reduz gastos com energia el\u00e9trica, telefonia e manuten\u00e7\u00e3o de estruturas p\u00fablicas. A administra\u00e7\u00e3o afirma que os servi\u00e7os \u00e0 popula\u00e7\u00e3o n\u00e3o ser\u00e3o prejudicados. Prefeito declarou que as medidas s\u00e3o necess\u00e1rias para garantir o funcionamento dos servi\u00e7os b\u00e1sicos. Ele afirmou que o momento exige ajustes e responsabilidade na gest\u00e3o do dinheiro p\u00fablico. As medidas valem imediatamente e permanecem em vigor at\u00e9 que Botupor\u00e3 retorne aos limites legais de gasto com pessoal. A prefeitura informou que os decretos seguem as normas da Lei de Responsabilidade Fiscal e evitam penalidades ao munic\u00edpio.<\/p>\n","protected":false},"author":2,"featured_media":980,"comment_status":"open","ping_status":"open","sticky":false,"template":"","format":"standard","meta":{"footnotes":""},"categories":[7,42,6],"tags":[],"class_list":["post-68","post","type-post","status-publish","format-standard","has-post-thumbnail","hentry","category-bahia","category-botupora","category-politica"],"yoast_head":"<!-- This site is optimized with the Yoast SEO plugin v26.5 - https:\/\/yoast.com\/wordpress\/plugins\/seo\/ -->\n<title>Prefeitura de Botupor\u00e3 adota corte de gastos e muda hor\u00e1rio de expediente para equilibrar contas p\u00fablicas - Sudoesteacontece<\/title>\n<meta name=\"robots\" content=\"index, follow, max-snippet:-1, max-image-preview:large, max-video-preview:-1\" \/>\n<link rel=\"canonical\" href=\"https:\/\/sudoesteacontece.com.br\/?p=68\" \/>\n<meta property=\"og:locale\" content=\"pt_BR\" \/>\n<meta property=\"og:type\" content=\"article\" \/>\n<meta property=\"og:title\" content=\"Prefeitura de Botupor\u00e3 adota corte de gastos e muda hor\u00e1rio de expediente para equilibrar contas p\u00fablicas - Sudoesteacontece\" \/>\n<meta property=\"og:description\" content=\"A Prefeitura de Botupor\u00e3, no sudoeste da Bahia, anunciou medidas emergenciais para reduzir despesas e equilibrar as contas do munic\u00edpio. As a\u00e7\u00f5es foram oficializadas por meio de dois decretos publicados na administra\u00e7\u00e3o municipal e t\u00eam efeito retroativo a 1\u00ba de outubro de 2025. Os decretos determinam cortes de gastos, redu\u00e7\u00e3o de sal\u00e1rios e mudan\u00e7a no hor\u00e1rio de atendimento ao p\u00fablico. As medidas foram adotadas ap\u00f3s queda na arrecada\u00e7\u00e3o e aumento do \u00edndice de despesas com pessoal, que ultrapassou o limite permitido pela Lei de Responsabilidade Fiscal. O Decreto n\u00ba 749\/2025 estabelece o plano de conten\u00e7\u00e3o de despesas. O documento suspende horas extras, novas contrata\u00e7\u00f5es, nomea\u00e7\u00f5es e fun\u00e7\u00f5es gratificadas, exceto em casos considerados essenciais. A medida tamb\u00e9m reduz gastos operacionais e corta benef\u00edcios financeiros de servidores. Entre os cortes previstos, est\u00e3o redu\u00e7\u00e3o de 50% nos sal\u00e1rios de contratados tempor\u00e1rios e de 20% nos vencimentos de cargos comissionados, fun\u00e7\u00f5es de confian\u00e7a e agentes pol\u00edticos. O decreto ainda determina corte de 30% nos gastos com \u00e1gua, energia, combust\u00edveis e telefonia. Outra medida prev\u00ea redu\u00e7\u00e3o de 20% em contratos de assessoria, consultoria e servi\u00e7os terceirizados. O documento tamb\u00e9m suspende novos investimentos e licita\u00e7\u00f5es, salvo situa\u00e7\u00f5es de extrema necessidade nas \u00e1reas de sa\u00fade, educa\u00e7\u00e3o e assist\u00eancia social. Todas as secretarias municipais devem apresentar, em at\u00e9 oito dias, planos internos de economia. Cada pasta ser\u00e1 respons\u00e1vel por indicar ajustes financeiros e administrativos para contribuir com o reequil\u00edbrio fiscal do munic\u00edpio. Decreto n\u00ba 750\/2025 altera o hor\u00e1rio de funcionamento da prefeitura e institui turno \u00fanico nas reparti\u00e7\u00f5es p\u00fablicas. A partir deste m\u00eas, o atendimento ao p\u00fablico passa a funcionar de segunda a sexta-feira, das 7h \u00e0s 13h, totalizando 30 horas semanais. As secretarias de Educa\u00e7\u00e3o, Sa\u00fade, Assist\u00eancia Social, Agricultura e Meio Ambiente e o Conselho Tutelar n\u00e3o ser\u00e3o afetados pela mudan\u00e7a. Esses setores continuam com expediente normal para garantir os servi\u00e7os essenciais. Segundo a prefeitura, o novo hor\u00e1rio reduz gastos com energia el\u00e9trica, telefonia e manuten\u00e7\u00e3o de estruturas p\u00fablicas. A administra\u00e7\u00e3o afirma que os servi\u00e7os \u00e0 popula\u00e7\u00e3o n\u00e3o ser\u00e3o prejudicados. Prefeito declarou que as medidas s\u00e3o necess\u00e1rias para garantir o funcionamento dos servi\u00e7os b\u00e1sicos. Ele afirmou que o momento exige ajustes e responsabilidade na gest\u00e3o do dinheiro p\u00fablico. As medidas valem imediatamente e permanecem em vigor at\u00e9 que Botupor\u00e3 retorne aos limites legais de gasto com pessoal. A prefeitura informou que os decretos seguem as normas da Lei de Responsabilidade Fiscal e evitam penalidades ao munic\u00edpio.\" \/>\n<meta property=\"og:url\" content=\"https:\/\/sudoesteacontece.com.br\/?p=68\" \/>\n<meta property=\"og:site_name\" content=\"Sudoesteacontece\" \/>\n<meta property=\"article:publisher\" content=\"https:\/\/www.facebook.com\/sudoesteacontece\/?locale=pt_BR\" \/>\n<meta property=\"article:published_time\" content=\"2025-10-27T19:22:03+00:00\" \/>\n<meta property=\"article:modified_time\" content=\"2025-10-27T19:22:04+00:00\" \/>\n<meta property=\"og:image\" content=\"https:\/\/sudoesteacontece.com.br\/wp-content\/uploads\/2025\/10\/Prefeitura-de-Botupora-adota-corte-de-gastos-e-muda-horario-de-expediente-para-equilibrar-contas-publicas-sudoeste-acontece.jpeg\" \/>\n\t<meta property=\"og:image:width\" content=\"800\" \/>\n\t<meta property=\"og:image:height\" content=\"449\" \/>\n\t<meta property=\"og:image:type\" content=\"image\/jpeg\" \/>\n<meta name=\"author\" content=\"Washington Tiago\" \/>\n<meta name=\"twitter:card\" content=\"summary_large_image\" \/>\n<meta name=\"twitter:label1\" content=\"Escrito por\" \/>\n\t<meta name=\"twitter:data1\" content=\"Washington Tiago\" \/>\n\t<meta name=\"twitter:label2\" content=\"Est. tempo de leitura\" \/>\n\t<meta name=\"twitter:data2\" content=\"2 minutos\" \/>\n<script type=\"application\/ld+json\" class=\"yoast-schema-graph\">{\"@context\":\"https:\/\/schema.org\",\"@graph\":[{\"@type\":\"Article\",\"@id\":\"https:\/\/sudoesteacontece.com.br\/?p=68#article\",\"isPartOf\":{\"@id\":\"https:\/\/sudoesteacontece.com.br\/?p=68\"},\"author\":{\"name\":\"Washington Tiago\",\"@id\":\"https:\/\/sudoesteacontece.com.br\/#\/schema\/person\/3cf2cf009926a9683ebc29d5379fa79c\"},\"headline\":\"Prefeitura de Botupor\u00e3 adota corte de gastos e muda hor\u00e1rio de expediente para equilibrar contas p\u00fablicas\",\"datePublished\":\"2025-10-27T19:22:03+00:00\",\"dateModified\":\"2025-10-27T19:22:04+00:00\",\"mainEntityOfPage\":{\"@id\":\"https:\/\/sudoesteacontece.com.br\/?p=68\"},\"wordCount\":471,\"commentCount\":0,\"publisher\":{\"@id\":\"https:\/\/sudoesteacontece.com.br\/#organization\"},\"image\":{\"@id\":\"https:\/\/sudoesteacontece.com.br\/?p=68#primaryimage\"},\"thumbnailUrl\":\"https:\/\/sudoesteacontece.com.br\/wp-content\/uploads\/2025\/10\/Prefeitura-de-Botupora-adota-corte-de-gastos-e-muda-horario-de-expediente-para-equilibrar-contas-publicas-sudoeste-acontece.jpeg\",\"articleSection\":[\"Bahia\",\"Botupor\u00e3\",\"Pol\u00edtica\"],\"inLanguage\":\"pt-BR\",\"potentialAction\":[{\"@type\":\"CommentAction\",\"name\":\"Comment\",\"target\":[\"https:\/\/sudoesteacontece.com.br\/?p=68#respond\"]}]},{\"@type\":\"WebPage\",\"@id\":\"https:\/\/sudoesteacontece.com.br\/?p=68\",\"url\":\"https:\/\/sudoesteacontece.com.br\/?p=68\",\"name\":\"Prefeitura de Botupor\u00e3 adota corte de gastos e muda hor\u00e1rio de expediente para equilibrar contas p\u00fablicas - Sudoesteacontece\",\"isPartOf\":{\"@id\":\"https:\/\/sudoesteacontece.com.br\/#website\"},\"primaryImageOfPage\":{\"@id\":\"https:\/\/sudoesteacontece.com.br\/?p=68#primaryimage\"},\"image\":{\"@id\":\"https:\/\/sudoesteacontece.com.br\/?p=68#primaryimage\"},\"thumbnailUrl\":\"https:\/\/sudoesteacontece.com.br\/wp-content\/uploads\/2025\/10\/Prefeitura-de-Botupora-adota-corte-de-gastos-e-muda-horario-de-expediente-para-equilibrar-contas-publicas-sudoeste-acontece.jpeg\",\"datePublished\":\"2025-10-27T19:22:03+00:00\",\"dateModified\":\"2025-10-27T19:22:04+00:00\",\"breadcrumb\":{\"@id\":\"https:\/\/sudoesteacontece.com.br\/?p=68#breadcrumb\"},\"inLanguage\":\"pt-BR\",\"potentialAction\":[{\"@type\":\"ReadAction\",\"target\":[\"https:\/\/sudoesteacontece.com.br\/?p=68\"]}]},{\"@type\":\"ImageObject\",\"inLanguage\":\"pt-BR\",\"@id\":\"https:\/\/sudoesteacontece.com.br\/?p=68#primaryimage\",\"url\":\"https:\/\/sudoesteacontece.com.br\/wp-content\/uploads\/2025\/10\/Prefeitura-de-Botupora-adota-corte-de-gastos-e-muda-horario-de-expediente-para-equilibrar-contas-publicas-sudoeste-acontece.jpeg\",\"contentUrl\":\"https:\/\/sudoesteacontece.com.br\/wp-content\/uploads\/2025\/10\/Prefeitura-de-Botupora-adota-corte-de-gastos-e-muda-horario-de-expediente-para-equilibrar-contas-publicas-sudoeste-acontece.jpeg\",\"width\":800,\"height\":449},{\"@type\":\"BreadcrumbList\",\"@id\":\"https:\/\/sudoesteacontece.com.br\/?p=68#breadcrumb\",\"itemListElement\":[{\"@type\":\"ListItem\",\"position\":1,\"name\":\"In\u00edcio\",\"item\":\"https:\/\/sudoesteacontece.com.br\/\"},{\"@type\":\"ListItem\",\"position\":2,\"name\":\"Prefeitura de Botupor\u00e3 adota corte de gastos e muda hor\u00e1rio de expediente para equilibrar contas p\u00fablicas\"}]},{\"@type\":\"WebSite\",\"@id\":\"https:\/\/sudoesteacontece.com.br\/#website\",\"url\":\"https:\/\/sudoesteacontece.com.br\/\",\"name\":\"Sudoesteacontece\",\"description\":\"\",\"publisher\":{\"@id\":\"https:\/\/sudoesteacontece.com.br\/#organization\"},\"potentialAction\":[{\"@type\":\"SearchAction\",\"target\":{\"@type\":\"EntryPoint\",\"urlTemplate\":\"https:\/\/sudoesteacontece.com.br\/?s={search_term_string}\"},\"query-input\":{\"@type\":\"PropertyValueSpecification\",\"valueRequired\":true,\"valueName\":\"search_term_string\"}}],\"inLanguage\":\"pt-BR\"},{\"@type\":\"Organization\",\"@id\":\"https:\/\/sudoesteacontece.com.br\/#organization\",\"name\":\"Sudoesteacontece\",\"url\":\"https:\/\/sudoesteacontece.com.br\/\",\"logo\":{\"@type\":\"ImageObject\",\"inLanguage\":\"pt-BR\",\"@id\":\"https:\/\/sudoesteacontece.com.br\/#\/schema\/logo\/image\/\",\"url\":\"https:\/\/sudoesteacontece.com.br\/wp-content\/uploads\/2025\/12\/cropped-logo-2-180x180-1.png\",\"contentUrl\":\"https:\/\/sudoesteacontece.com.br\/wp-content\/uploads\/2025\/12\/cropped-logo-2-180x180-1.png\",\"width\":180,\"height\":180,\"caption\":\"Sudoesteacontece\"},\"image\":{\"@id\":\"https:\/\/sudoesteacontece.com.br\/#\/schema\/logo\/image\/\"},\"sameAs\":[\"https:\/\/www.facebook.com\/sudoesteacontece\/?locale=pt_BR\"]},{\"@type\":\"Person\",\"@id\":\"https:\/\/sudoesteacontece.com.br\/#\/schema\/person\/3cf2cf009926a9683ebc29d5379fa79c\",\"name\":\"Washington Tiago\",\"image\":{\"@type\":\"ImageObject\",\"inLanguage\":\"pt-BR\",\"@id\":\"https:\/\/sudoesteacontece.com.br\/#\/schema\/person\/image\/\",\"url\":\"https:\/\/secure.gravatar.com\/avatar\/33c43b8668157e040f9d1fe93c354bf087cbd8ba36270c1163198bd3ddcf2a56?s=96&d=mm&r=g\",\"contentUrl\":\"https:\/\/secure.gravatar.com\/avatar\/33c43b8668157e040f9d1fe93c354bf087cbd8ba36270c1163198bd3ddcf2a56?s=96&d=mm&r=g\",\"caption\":\"Washington Tiago\"},\"url\":\"https:\/\/sudoesteacontece.com.br\/?author=2\"}]}<\/script>\n<!-- \/ Yoast SEO plugin. -->","yoast_head_json":{"title":"Prefeitura de Botupor\u00e3 adota corte de gastos e muda hor\u00e1rio de expediente para equilibrar contas p\u00fablicas - Sudoesteacontece","robots":{"index":"index","follow":"follow","max-snippet":"max-snippet:-1","max-image-preview":"max-image-preview:large","max-video-preview":"max-video-preview:-1"},"canonical":"https:\/\/sudoesteacontece.com.br\/?p=68","og_locale":"pt_BR","og_type":"article","og_title":"Prefeitura de Botupor\u00e3 adota corte de gastos e muda hor\u00e1rio de expediente para equilibrar contas p\u00fablicas - Sudoesteacontece","og_description":"A Prefeitura de Botupor\u00e3, no sudoeste da Bahia, anunciou medidas emergenciais para reduzir despesas e equilibrar as contas do munic\u00edpio. As a\u00e7\u00f5es foram oficializadas por meio de dois decretos publicados na administra\u00e7\u00e3o municipal e t\u00eam efeito retroativo a 1\u00ba de outubro de 2025. Os decretos determinam cortes de gastos, redu\u00e7\u00e3o de sal\u00e1rios e mudan\u00e7a no hor\u00e1rio de atendimento ao p\u00fablico. As medidas foram adotadas ap\u00f3s queda na arrecada\u00e7\u00e3o e aumento do \u00edndice de despesas com pessoal, que ultrapassou o limite permitido pela Lei de Responsabilidade Fiscal. O Decreto n\u00ba 749\/2025 estabelece o plano de conten\u00e7\u00e3o de despesas. O documento suspende horas extras, novas contrata\u00e7\u00f5es, nomea\u00e7\u00f5es e fun\u00e7\u00f5es gratificadas, exceto em casos considerados essenciais. A medida tamb\u00e9m reduz gastos operacionais e corta benef\u00edcios financeiros de servidores. Entre os cortes previstos, est\u00e3o redu\u00e7\u00e3o de 50% nos sal\u00e1rios de contratados tempor\u00e1rios e de 20% nos vencimentos de cargos comissionados, fun\u00e7\u00f5es de confian\u00e7a e agentes pol\u00edticos. O decreto ainda determina corte de 30% nos gastos com \u00e1gua, energia, combust\u00edveis e telefonia. Outra medida prev\u00ea redu\u00e7\u00e3o de 20% em contratos de assessoria, consultoria e servi\u00e7os terceirizados. O documento tamb\u00e9m suspende novos investimentos e licita\u00e7\u00f5es, salvo situa\u00e7\u00f5es de extrema necessidade nas \u00e1reas de sa\u00fade, educa\u00e7\u00e3o e assist\u00eancia social. Todas as secretarias municipais devem apresentar, em at\u00e9 oito dias, planos internos de economia. Cada pasta ser\u00e1 respons\u00e1vel por indicar ajustes financeiros e administrativos para contribuir com o reequil\u00edbrio fiscal do munic\u00edpio. Decreto n\u00ba 750\/2025 altera o hor\u00e1rio de funcionamento da prefeitura e institui turno \u00fanico nas reparti\u00e7\u00f5es p\u00fablicas. A partir deste m\u00eas, o atendimento ao p\u00fablico passa a funcionar de segunda a sexta-feira, das 7h \u00e0s 13h, totalizando 30 horas semanais. As secretarias de Educa\u00e7\u00e3o, Sa\u00fade, Assist\u00eancia Social, Agricultura e Meio Ambiente e o Conselho Tutelar n\u00e3o ser\u00e3o afetados pela mudan\u00e7a. Esses setores continuam com expediente normal para garantir os servi\u00e7os essenciais. Segundo a prefeitura, o novo hor\u00e1rio reduz gastos com energia el\u00e9trica, telefonia e manuten\u00e7\u00e3o de estruturas p\u00fablicas. A administra\u00e7\u00e3o afirma que os servi\u00e7os \u00e0 popula\u00e7\u00e3o n\u00e3o ser\u00e3o prejudicados. Prefeito declarou que as medidas s\u00e3o necess\u00e1rias para garantir o funcionamento dos servi\u00e7os b\u00e1sicos. Ele afirmou que o momento exige ajustes e responsabilidade na gest\u00e3o do dinheiro p\u00fablico. As medidas valem imediatamente e permanecem em vigor at\u00e9 que Botupor\u00e3 retorne aos limites legais de gasto com pessoal. A prefeitura informou que os decretos seguem as normas da Lei de Responsabilidade Fiscal e evitam penalidades ao munic\u00edpio.","og_url":"https:\/\/sudoesteacontece.com.br\/?p=68","og_site_name":"Sudoesteacontece","article_publisher":"https:\/\/www.facebook.com\/sudoesteacontece\/?locale=pt_BR","article_published_time":"2025-10-27T19:22:03+00:00","article_modified_time":"2025-10-27T19:22:04+00:00","og_image":[{"width":800,"height":449,"url":"https:\/\/sudoesteacontece.com.br\/wp-content\/uploads\/2025\/10\/Prefeitura-de-Botupora-adota-corte-de-gastos-e-muda-horario-de-expediente-para-equilibrar-contas-publicas-sudoeste-acontece.jpeg","type":"image\/jpeg"}],"author":"Washington Tiago","twitter_card":"summary_large_image","twitter_misc":{"Escrito por":"Washington Tiago","Est. tempo de leitura":"2 minutos"},"schema":{"@context":"https:\/\/schema.org","@graph":[{"@type":"Article","@id":"https:\/\/sudoesteacontece.com.br\/?p=68#article","isPartOf":{"@id":"https:\/\/sudoesteacontece.com.br\/?p=68"},"author":{"name":"Washington Tiago","@id":"https:\/\/sudoesteacontece.com.br\/#\/schema\/person\/3cf2cf009926a9683ebc29d5379fa79c"},"headline":"Prefeitura de Botupor\u00e3 adota corte de gastos e muda hor\u00e1rio de expediente para equilibrar contas p\u00fablicas","datePublished":"2025-10-27T19:22:03+00:00","dateModified":"2025-10-27T19:22:04+00:00","mainEntityOfPage":{"@id":"https:\/\/sudoesteacontece.com.br\/?p=68"},"wordCount":471,"commentCount":0,"publisher":{"@id":"https:\/\/sudoesteacontece.com.br\/#organization"},"image":{"@id":"https:\/\/sudoesteacontece.com.br\/?p=68#primaryimage"},"thumbnailUrl":"https:\/\/sudoesteacontece.com.br\/wp-content\/uploads\/2025\/10\/Prefeitura-de-Botupora-adota-corte-de-gastos-e-muda-horario-de-expediente-para-equilibrar-contas-publicas-sudoeste-acontece.jpeg","articleSection":["Bahia","Botupor\u00e3","Pol\u00edtica"],"inLanguage":"pt-BR","potentialAction":[{"@type":"CommentAction","name":"Comment","target":["https:\/\/sudoesteacontece.com.br\/?p=68#respond"]}]},{"@type":"WebPage","@id":"https:\/\/sudoesteacontece.com.br\/?p=68","url":"https:\/\/sudoesteacontece.com.br\/?p=68","name":"Prefeitura de Botupor\u00e3 adota corte de gastos e muda hor\u00e1rio de expediente para equilibrar contas p\u00fablicas - Sudoesteacontece","isPartOf":{"@id":"https:\/\/sudoesteacontece.com.br\/#website"},"primaryImageOfPage":{"@id":"https:\/\/sudoesteacontece.com.br\/?p=68#primaryimage"},"image":{"@id":"https:\/\/sudoesteacontece.com.br\/?p=68#primaryimage"},"thumbnailUrl":"https:\/\/sudoesteacontece.com.br\/wp-content\/uploads\/2025\/10\/Prefeitura-de-Botupora-adota-corte-de-gastos-e-muda-horario-de-expediente-para-equilibrar-contas-publicas-sudoeste-acontece.jpeg","datePublished":"2025-10-27T19:22:03+00:00","dateModified":"2025-10-27T19:22:04+00:00","breadcrumb":{"@id":"https:\/\/sudoesteacontece.com.br\/?p=68#breadcrumb"},"inLanguage":"pt-BR","potentialAction":[{"@type":"ReadAction","target":["https:\/\/sudoesteacontece.com.br\/?p=68"]}]},{"@type":"ImageObject","inLanguage":"pt-BR","@id":"https:\/\/sudoesteacontece.com.br\/?p=68#primaryimage","url":"https:\/\/sudoesteacontece.com.br\/wp-content\/uploads\/2025\/10\/Prefeitura-de-Botupora-adota-corte-de-gastos-e-muda-horario-de-expediente-para-equilibrar-contas-publicas-sudoeste-acontece.jpeg","contentUrl":"https:\/\/sudoesteacontece.com.br\/wp-content\/uploads\/2025\/10\/Prefeitura-de-Botupora-adota-corte-de-gastos-e-muda-horario-de-expediente-para-equilibrar-contas-publicas-sudoeste-acontece.jpeg","width":800,"height":449},{"@type":"BreadcrumbList","@id":"https:\/\/sudoesteacontece.com.br\/?p=68#breadcrumb","itemListElement":[{"@type":"ListItem","position":1,"name":"In\u00edcio","item":"https:\/\/sudoesteacontece.com.br\/"},{"@type":"ListItem","position":2,"name":"Prefeitura de Botupor\u00e3 adota corte de gastos e muda hor\u00e1rio de expediente para equilibrar contas p\u00fablicas"}]},{"@type":"WebSite","@id":"https:\/\/sudoesteacontece.com.br\/#website","url":"https:\/\/sudoesteacontece.com.br\/","name":"Sudoesteacontece","description":"","publisher":{"@id":"https:\/\/sudoesteacontece.com.br\/#organization"},"potentialAction":[{"@type":"SearchAction","target":{"@type":"EntryPoint","urlTemplate":"https:\/\/sudoesteacontece.com.br\/?s={search_term_string}"},"query-input":{"@type":"PropertyValueSpecification","valueRequired":true,"valueName":"search_term_string"}}],"inLanguage":"pt-BR"},{"@type":"Organization","@id":"https:\/\/sudoesteacontece.com.br\/#organization","name":"Sudoesteacontece","url":"https:\/\/sudoesteacontece.com.br\/","logo":{"@type":"ImageObject","inLanguage":"pt-BR","@id":"https:\/\/sudoesteacontece.com.br\/#\/schema\/logo\/image\/","url":"https:\/\/sudoesteacontece.com.br\/wp-content\/uploads\/2025\/12\/cropped-logo-2-180x180-1.png","contentUrl":"https:\/\/sudoesteacontece.com.br\/wp-content\/uploads\/2025\/12\/cropped-logo-2-180x180-1.png","width":180,"height":180,"caption":"Sudoesteacontece"},"image":{"@id":"https:\/\/sudoesteacontece.com.br\/#\/schema\/logo\/image\/"},"sameAs":["https:\/\/www.facebook.com\/sudoesteacontece\/?locale=pt_BR"]},{"@type":"Person","@id":"https:\/\/sudoesteacontece.com.br\/#\/schema\/person\/3cf2cf009926a9683ebc29d5379fa79c","name":"Washington Tiago","image":{"@type":"ImageObject","inLanguage":"pt-BR","@id":"https:\/\/sudoesteacontece.com.br\/#\/schema\/person\/image\/","url":"https:\/\/secure.gravatar.com\/avatar\/33c43b8668157e040f9d1fe93c354bf087cbd8ba36270c1163198bd3ddcf2a56?s=96&d=mm&r=g","contentUrl":"https:\/\/secure.gravatar.com\/avatar\/33c43b8668157e040f9d1fe93c354bf087cbd8ba36270c1163198bd3ddcf2a56?s=96&d=mm&r=g","caption":"Washington Tiago"},"url":"https:\/\/sudoesteacontece.com.br\/?author=2"}]}},"_links":{"self":[{"href":"https:\/\/sudoesteacontece.com.br\/index.php?rest_route=\/wp\/v2\/posts\/68","targetHints":{"allow":["GET"]}}],"collection":[{"href":"https:\/\/sudoesteacontece.com.br\/index.php?rest_route=\/wp\/v2\/posts"}],"about":[{"href":"https:\/\/sudoesteacontece.com.br\/index.php?rest_route=\/wp\/v2\/types\/post"}],"author":[{"embeddable":true,"href":"https:\/\/sudoesteacontece.com.br\/index.php?rest_route=\/wp\/v2\/users\/2"}],"replies":[{"embeddable":true,"href":"https:\/\/sudoesteacontece.com.br\/index.php?rest_route=%2Fwp%2Fv2%2Fcomments&post=68"}],"version-history":[{"count":0,"href":"https:\/\/sudoesteacontece.com.br\/index.php?rest_route=\/wp\/v2\/posts\/68\/revisions"}],"wp:featuredmedia":[{"embeddable":true,"href":"https:\/\/sudoesteacontece.com.br\/index.php?rest_route=\/wp\/v2\/media\/980"}],"wp:attachment":[{"href":"https:\/\/sudoesteacontece.com.br\/index.php?rest_route=%2Fwp%2Fv2%2Fmedia&parent=68"}],"wp:term":[{"taxonomy":"category","embeddable":true,"href":"https:\/\/sudoesteacontece.com.br\/index.php?rest_route=%2Fwp%2Fv2%2Fcategories&post=68"},{"taxonomy":"post_tag","embeddable":true,"href":"https:\/\/sudoesteacontece.com.br\/index.php?rest_route=%2Fwp%2Fv2%2Ftags&post=68"}],"curies":[{"name":"wp","href":"https:\/\/api.w.org\/{rel}","templated":true}]}}