{"id":6802,"date":"2026-01-26T10:35:08","date_gmt":"2026-01-26T13:35:08","guid":{"rendered":"https:\/\/sudoesteacontece.com.br\/?p=6802"},"modified":"2026-01-26T10:35:14","modified_gmt":"2026-01-26T13:35:14","slug":"morre-aurelino-dos-santos-icone-da-arte-plastica-baiana-aos-83-anos","status":"publish","type":"post","link":"https:\/\/sudoesteacontece.com.br\/?p=6802","title":{"rendered":"Morre Aurelino dos Santos, \u00edcone da arte pl\u00e1stica baiana, aos 83 anos"},"content":{"rendered":"<div class=\"wp-block-image\">\n<figure class=\"aligncenter size-full\"><img fetchpriority=\"high\" decoding=\"async\" width=\"900\" height=\"600\" src=\"http:\/\/sudoesteacontece.com.br\/wp-content\/uploads\/2026\/01\/Morre-Aurelino-dos-Santos-icone-da-arte-plastica-baiana-aos-83-anos-SUDOESTE-ACONTECE.jpg\" alt=\"\" class=\"wp-image-6827\" srcset=\"https:\/\/sudoesteacontece.com.br\/wp-content\/uploads\/2026\/01\/Morre-Aurelino-dos-Santos-icone-da-arte-plastica-baiana-aos-83-anos-SUDOESTE-ACONTECE.jpg 900w, https:\/\/sudoesteacontece.com.br\/wp-content\/uploads\/2026\/01\/Morre-Aurelino-dos-Santos-icone-da-arte-plastica-baiana-aos-83-anos-SUDOESTE-ACONTECE-300x200.jpg 300w, https:\/\/sudoesteacontece.com.br\/wp-content\/uploads\/2026\/01\/Morre-Aurelino-dos-Santos-icone-da-arte-plastica-baiana-aos-83-anos-SUDOESTE-ACONTECE-768x512.jpg 768w\" sizes=\"(max-width: 900px) 100vw, 900px\" \/><\/figure>\n<\/div>\n\n\n<p>Salvador perdeu na noite de sexta-feira um de seus nomes mais singulares nas artes visuais. O artista pl\u00e1stico Aurelino dos Santos morreu aos 83 anos, v\u00edtima de insufici\u00eancia respirat\u00f3ria. A informa\u00e7\u00e3o foi confirmada pela Ernesto Bitencourt Galeria, respons\u00e1vel por representar sua obra ao longo dos anos.<\/p>\n\n\n\n<p>Vel\u00f3rio e sepultamento ocorreram neste s\u00e1bado, no Cemit\u00e9rio Jardim da Saudade, no bairro de Brotas. A morte do artista gerou como\u00e7\u00e3o no meio cultural baiano, que reconhece Aurelino como uma refer\u00eancia da arte contempor\u00e2nea produzida no estado.<\/p>\n\n\n\n<p>Nascido em Salvador, em 16 de junho de 1942, Aurelino dos Santos era autodidata e n\u00e3o alfabetizado, sabendo apenas escrever o pr\u00f3prio nome. Antes de se dedicar integralmente \u00e0 arte, trabalhou como cobrador de \u00f4nibus e encontrou na cria\u00e7\u00e3o art\u00edstica uma forma de express\u00e3o e sobreviv\u00eancia.<\/p>\n\n\n\n<p>Diagnosticado com esquizofrenia, o artista canalizou sua sensibilidade principalmente para a pintura. Suas obras s\u00e3o marcadas por cores intensas, formas geom\u00e9tricas e composi\u00e7\u00f5es abertas a m\u00faltiplas interpreta\u00e7\u00f5es, frequentemente associadas ao abstracionismo.<\/p>\n\n\n\n<p>Influ\u00eancias importantes ajudaram a moldar sua trajet\u00f3ria, entre elas o escultor Agnaldo Manoel dos Santos e a arquiteta Lina Bo Bardi. Al\u00e9m das pinturas, Aurelino produziu tape\u00e7arias e construiu uma obra reconhecida pela originalidade e for\u00e7a visual.<\/p>\n\n\n\n<p>Reconhecimento ultrapassou fronteiras nacionais. O artista teve trabalhos expostos no Brasil e no exterior, com participa\u00e7\u00f5es em mostras em cidades como S\u00e3o Paulo, Paris, Madri e Val\u00eancia, consolidando seu nome como um dos mais importantes da arte baiana.<\/p>\n\n\n\n<p>Legado deixado por Aurelino dos Santos permanece vivo nas galerias e na hist\u00f3ria da cultura do estado. Sua trajet\u00f3ria reafirma a pot\u00eancia criativa da arte popular e a capacidade de transformar viv\u00eancias em express\u00e3o art\u00edstica universal.<\/p>\n","protected":false},"excerpt":{"rendered":"<p>Salvador perdeu na noite de sexta-feira um de seus nomes mais singulares nas artes visuais. O artista pl\u00e1stico Aurelino dos Santos morreu aos 83 anos, v\u00edtima de insufici\u00eancia respirat\u00f3ria. A informa\u00e7\u00e3o foi confirmada pela Ernesto Bitencourt Galeria, respons\u00e1vel por representar sua obra ao longo dos anos. Vel\u00f3rio e sepultamento ocorreram neste s\u00e1bado, no Cemit\u00e9rio Jardim da Saudade, no bairro de Brotas. A morte do artista gerou como\u00e7\u00e3o no meio cultural baiano, que reconhece Aurelino como uma refer\u00eancia da arte contempor\u00e2nea produzida no estado. Nascido em Salvador, em 16 de junho de 1942, Aurelino dos Santos era autodidata e n\u00e3o alfabetizado, sabendo apenas escrever o pr\u00f3prio nome. Antes de se dedicar integralmente \u00e0 arte, trabalhou como cobrador de \u00f4nibus e encontrou na cria\u00e7\u00e3o art\u00edstica uma forma de express\u00e3o e sobreviv\u00eancia. Diagnosticado com esquizofrenia, o artista canalizou sua sensibilidade principalmente para a pintura. Suas obras s\u00e3o marcadas por cores intensas, formas geom\u00e9tricas e composi\u00e7\u00f5es abertas a m\u00faltiplas interpreta\u00e7\u00f5es, frequentemente associadas ao abstracionismo. Influ\u00eancias importantes ajudaram a moldar sua trajet\u00f3ria, entre elas o escultor Agnaldo Manoel dos Santos e a arquiteta Lina Bo Bardi. Al\u00e9m das pinturas, Aurelino produziu tape\u00e7arias e construiu uma obra reconhecida pela originalidade e for\u00e7a visual. Reconhecimento ultrapassou fronteiras nacionais. O artista teve trabalhos expostos no Brasil e no exterior, com participa\u00e7\u00f5es em mostras em cidades como S\u00e3o Paulo, Paris, Madri e Val\u00eancia, consolidando seu nome como um dos mais importantes da arte baiana. Legado deixado por Aurelino dos Santos permanece vivo nas galerias e na hist\u00f3ria da cultura do estado. Sua trajet\u00f3ria reafirma a pot\u00eancia criativa da arte popular e a capacidade de transformar viv\u00eancias em express\u00e3o art\u00edstica universal.<\/p>\n","protected":false},"author":2,"featured_media":6827,"comment_status":"open","ping_status":"open","sticky":false,"template":"","format":"standard","meta":{"footnotes":""},"categories":[7,16],"tags":[],"class_list":["post-6802","post","type-post","status-publish","format-standard","has-post-thumbnail","hentry","category-bahia","category-tv-radio-e-cinema"],"yoast_head":"<!-- This site is optimized with the Yoast SEO plugin v26.5 - https:\/\/yoast.com\/wordpress\/plugins\/seo\/ -->\n<title>Morre Aurelino dos Santos, \u00edcone da arte pl\u00e1stica baiana, aos 83 anos - Sudoesteacontece<\/title>\n<meta name=\"robots\" content=\"index, follow, max-snippet:-1, max-image-preview:large, max-video-preview:-1\" \/>\n<link rel=\"canonical\" href=\"https:\/\/sudoesteacontece.com.br\/?p=6802\" \/>\n<meta property=\"og:locale\" content=\"pt_BR\" \/>\n<meta property=\"og:type\" content=\"article\" \/>\n<meta property=\"og:title\" content=\"Morre Aurelino dos Santos, \u00edcone da arte pl\u00e1stica baiana, aos 83 anos - Sudoesteacontece\" \/>\n<meta property=\"og:description\" content=\"Salvador perdeu na noite de sexta-feira um de seus nomes mais singulares nas artes visuais. O artista pl\u00e1stico Aurelino dos Santos morreu aos 83 anos, v\u00edtima de insufici\u00eancia respirat\u00f3ria. A informa\u00e7\u00e3o foi confirmada pela Ernesto Bitencourt Galeria, respons\u00e1vel por representar sua obra ao longo dos anos. Vel\u00f3rio e sepultamento ocorreram neste s\u00e1bado, no Cemit\u00e9rio Jardim da Saudade, no bairro de Brotas. A morte do artista gerou como\u00e7\u00e3o no meio cultural baiano, que reconhece Aurelino como uma refer\u00eancia da arte contempor\u00e2nea produzida no estado. Nascido em Salvador, em 16 de junho de 1942, Aurelino dos Santos era autodidata e n\u00e3o alfabetizado, sabendo apenas escrever o pr\u00f3prio nome. Antes de se dedicar integralmente \u00e0 arte, trabalhou como cobrador de \u00f4nibus e encontrou na cria\u00e7\u00e3o art\u00edstica uma forma de express\u00e3o e sobreviv\u00eancia. Diagnosticado com esquizofrenia, o artista canalizou sua sensibilidade principalmente para a pintura. Suas obras s\u00e3o marcadas por cores intensas, formas geom\u00e9tricas e composi\u00e7\u00f5es abertas a m\u00faltiplas interpreta\u00e7\u00f5es, frequentemente associadas ao abstracionismo. Influ\u00eancias importantes ajudaram a moldar sua trajet\u00f3ria, entre elas o escultor Agnaldo Manoel dos Santos e a arquiteta Lina Bo Bardi. Al\u00e9m das pinturas, Aurelino produziu tape\u00e7arias e construiu uma obra reconhecida pela originalidade e for\u00e7a visual. Reconhecimento ultrapassou fronteiras nacionais. O artista teve trabalhos expostos no Brasil e no exterior, com participa\u00e7\u00f5es em mostras em cidades como S\u00e3o Paulo, Paris, Madri e Val\u00eancia, consolidando seu nome como um dos mais importantes da arte baiana. Legado deixado por Aurelino dos Santos permanece vivo nas galerias e na hist\u00f3ria da cultura do estado. Sua trajet\u00f3ria reafirma a pot\u00eancia criativa da arte popular e a capacidade de transformar viv\u00eancias em express\u00e3o art\u00edstica universal.\" \/>\n<meta property=\"og:url\" content=\"https:\/\/sudoesteacontece.com.br\/?p=6802\" \/>\n<meta property=\"og:site_name\" content=\"Sudoesteacontece\" \/>\n<meta property=\"article:publisher\" content=\"https:\/\/www.facebook.com\/sudoesteacontece\/?locale=pt_BR\" \/>\n<meta property=\"article:published_time\" content=\"2026-01-26T13:35:08+00:00\" \/>\n<meta property=\"article:modified_time\" content=\"2026-01-26T13:35:14+00:00\" \/>\n<meta property=\"og:image\" content=\"https:\/\/sudoesteacontece.com.br\/wp-content\/uploads\/2026\/01\/Morre-Aurelino-dos-Santos-icone-da-arte-plastica-baiana-aos-83-anos-SUDOESTE-ACONTECE.jpg\" \/>\n\t<meta property=\"og:image:width\" content=\"900\" \/>\n\t<meta property=\"og:image:height\" content=\"600\" \/>\n\t<meta property=\"og:image:type\" content=\"image\/jpeg\" \/>\n<meta name=\"author\" content=\"Washington Tiago\" \/>\n<meta name=\"twitter:card\" content=\"summary_large_image\" \/>\n<meta name=\"twitter:label1\" content=\"Escrito por\" \/>\n\t<meta name=\"twitter:data1\" content=\"Washington Tiago\" \/>\n\t<meta name=\"twitter:label2\" content=\"Est. tempo de leitura\" \/>\n\t<meta name=\"twitter:data2\" content=\"2 minutos\" \/>\n<script type=\"application\/ld+json\" class=\"yoast-schema-graph\">{\"@context\":\"https:\/\/schema.org\",\"@graph\":[{\"@type\":\"Article\",\"@id\":\"https:\/\/sudoesteacontece.com.br\/?p=6802#article\",\"isPartOf\":{\"@id\":\"https:\/\/sudoesteacontece.com.br\/?p=6802\"},\"author\":{\"name\":\"Washington Tiago\",\"@id\":\"https:\/\/sudoesteacontece.com.br\/#\/schema\/person\/3cf2cf009926a9683ebc29d5379fa79c\"},\"headline\":\"Morre Aurelino dos Santos, \u00edcone da arte pl\u00e1stica baiana, aos 83 anos\",\"datePublished\":\"2026-01-26T13:35:08+00:00\",\"dateModified\":\"2026-01-26T13:35:14+00:00\",\"mainEntityOfPage\":{\"@id\":\"https:\/\/sudoesteacontece.com.br\/?p=6802\"},\"wordCount\":316,\"commentCount\":0,\"publisher\":{\"@id\":\"https:\/\/sudoesteacontece.com.br\/#organization\"},\"image\":{\"@id\":\"https:\/\/sudoesteacontece.com.br\/?p=6802#primaryimage\"},\"thumbnailUrl\":\"https:\/\/sudoesteacontece.com.br\/wp-content\/uploads\/2026\/01\/Morre-Aurelino-dos-Santos-icone-da-arte-plastica-baiana-aos-83-anos-SUDOESTE-ACONTECE.jpg\",\"articleSection\":[\"Bahia\",\"TV, R\u00e1dio e Cinema\"],\"inLanguage\":\"pt-BR\",\"potentialAction\":[{\"@type\":\"CommentAction\",\"name\":\"Comment\",\"target\":[\"https:\/\/sudoesteacontece.com.br\/?p=6802#respond\"]}]},{\"@type\":\"WebPage\",\"@id\":\"https:\/\/sudoesteacontece.com.br\/?p=6802\",\"url\":\"https:\/\/sudoesteacontece.com.br\/?p=6802\",\"name\":\"Morre Aurelino dos Santos, \u00edcone da arte pl\u00e1stica baiana, aos 83 anos - Sudoesteacontece\",\"isPartOf\":{\"@id\":\"https:\/\/sudoesteacontece.com.br\/#website\"},\"primaryImageOfPage\":{\"@id\":\"https:\/\/sudoesteacontece.com.br\/?p=6802#primaryimage\"},\"image\":{\"@id\":\"https:\/\/sudoesteacontece.com.br\/?p=6802#primaryimage\"},\"thumbnailUrl\":\"https:\/\/sudoesteacontece.com.br\/wp-content\/uploads\/2026\/01\/Morre-Aurelino-dos-Santos-icone-da-arte-plastica-baiana-aos-83-anos-SUDOESTE-ACONTECE.jpg\",\"datePublished\":\"2026-01-26T13:35:08+00:00\",\"dateModified\":\"2026-01-26T13:35:14+00:00\",\"breadcrumb\":{\"@id\":\"https:\/\/sudoesteacontece.com.br\/?p=6802#breadcrumb\"},\"inLanguage\":\"pt-BR\",\"potentialAction\":[{\"@type\":\"ReadAction\",\"target\":[\"https:\/\/sudoesteacontece.com.br\/?p=6802\"]}]},{\"@type\":\"ImageObject\",\"inLanguage\":\"pt-BR\",\"@id\":\"https:\/\/sudoesteacontece.com.br\/?p=6802#primaryimage\",\"url\":\"https:\/\/sudoesteacontece.com.br\/wp-content\/uploads\/2026\/01\/Morre-Aurelino-dos-Santos-icone-da-arte-plastica-baiana-aos-83-anos-SUDOESTE-ACONTECE.jpg\",\"contentUrl\":\"https:\/\/sudoesteacontece.com.br\/wp-content\/uploads\/2026\/01\/Morre-Aurelino-dos-Santos-icone-da-arte-plastica-baiana-aos-83-anos-SUDOESTE-ACONTECE.jpg\",\"width\":900,\"height\":600},{\"@type\":\"BreadcrumbList\",\"@id\":\"https:\/\/sudoesteacontece.com.br\/?p=6802#breadcrumb\",\"itemListElement\":[{\"@type\":\"ListItem\",\"position\":1,\"name\":\"In\u00edcio\",\"item\":\"https:\/\/sudoesteacontece.com.br\/\"},{\"@type\":\"ListItem\",\"position\":2,\"name\":\"Morre Aurelino dos Santos, \u00edcone da arte pl\u00e1stica baiana, aos 83 anos\"}]},{\"@type\":\"WebSite\",\"@id\":\"https:\/\/sudoesteacontece.com.br\/#website\",\"url\":\"https:\/\/sudoesteacontece.com.br\/\",\"name\":\"Sudoesteacontece\",\"description\":\"\",\"publisher\":{\"@id\":\"https:\/\/sudoesteacontece.com.br\/#organization\"},\"potentialAction\":[{\"@type\":\"SearchAction\",\"target\":{\"@type\":\"EntryPoint\",\"urlTemplate\":\"https:\/\/sudoesteacontece.com.br\/?s={search_term_string}\"},\"query-input\":{\"@type\":\"PropertyValueSpecification\",\"valueRequired\":true,\"valueName\":\"search_term_string\"}}],\"inLanguage\":\"pt-BR\"},{\"@type\":\"Organization\",\"@id\":\"https:\/\/sudoesteacontece.com.br\/#organization\",\"name\":\"Sudoesteacontece\",\"url\":\"https:\/\/sudoesteacontece.com.br\/\",\"logo\":{\"@type\":\"ImageObject\",\"inLanguage\":\"pt-BR\",\"@id\":\"https:\/\/sudoesteacontece.com.br\/#\/schema\/logo\/image\/\",\"url\":\"https:\/\/sudoesteacontece.com.br\/wp-content\/uploads\/2025\/12\/cropped-logo-2-180x180-1.png\",\"contentUrl\":\"https:\/\/sudoesteacontece.com.br\/wp-content\/uploads\/2025\/12\/cropped-logo-2-180x180-1.png\",\"width\":180,\"height\":180,\"caption\":\"Sudoesteacontece\"},\"image\":{\"@id\":\"https:\/\/sudoesteacontece.com.br\/#\/schema\/logo\/image\/\"},\"sameAs\":[\"https:\/\/www.facebook.com\/sudoesteacontece\/?locale=pt_BR\"]},{\"@type\":\"Person\",\"@id\":\"https:\/\/sudoesteacontece.com.br\/#\/schema\/person\/3cf2cf009926a9683ebc29d5379fa79c\",\"name\":\"Washington Tiago\",\"image\":{\"@type\":\"ImageObject\",\"inLanguage\":\"pt-BR\",\"@id\":\"https:\/\/sudoesteacontece.com.br\/#\/schema\/person\/image\/\",\"url\":\"https:\/\/secure.gravatar.com\/avatar\/33c43b8668157e040f9d1fe93c354bf087cbd8ba36270c1163198bd3ddcf2a56?s=96&d=mm&r=g\",\"contentUrl\":\"https:\/\/secure.gravatar.com\/avatar\/33c43b8668157e040f9d1fe93c354bf087cbd8ba36270c1163198bd3ddcf2a56?s=96&d=mm&r=g\",\"caption\":\"Washington Tiago\"},\"url\":\"https:\/\/sudoesteacontece.com.br\/?author=2\"}]}<\/script>\n<!-- \/ Yoast SEO plugin. -->","yoast_head_json":{"title":"Morre Aurelino dos Santos, \u00edcone da arte pl\u00e1stica baiana, aos 83 anos - Sudoesteacontece","robots":{"index":"index","follow":"follow","max-snippet":"max-snippet:-1","max-image-preview":"max-image-preview:large","max-video-preview":"max-video-preview:-1"},"canonical":"https:\/\/sudoesteacontece.com.br\/?p=6802","og_locale":"pt_BR","og_type":"article","og_title":"Morre Aurelino dos Santos, \u00edcone da arte pl\u00e1stica baiana, aos 83 anos - Sudoesteacontece","og_description":"Salvador perdeu na noite de sexta-feira um de seus nomes mais singulares nas artes visuais. O artista pl\u00e1stico Aurelino dos Santos morreu aos 83 anos, v\u00edtima de insufici\u00eancia respirat\u00f3ria. A informa\u00e7\u00e3o foi confirmada pela Ernesto Bitencourt Galeria, respons\u00e1vel por representar sua obra ao longo dos anos. Vel\u00f3rio e sepultamento ocorreram neste s\u00e1bado, no Cemit\u00e9rio Jardim da Saudade, no bairro de Brotas. A morte do artista gerou como\u00e7\u00e3o no meio cultural baiano, que reconhece Aurelino como uma refer\u00eancia da arte contempor\u00e2nea produzida no estado. Nascido em Salvador, em 16 de junho de 1942, Aurelino dos Santos era autodidata e n\u00e3o alfabetizado, sabendo apenas escrever o pr\u00f3prio nome. Antes de se dedicar integralmente \u00e0 arte, trabalhou como cobrador de \u00f4nibus e encontrou na cria\u00e7\u00e3o art\u00edstica uma forma de express\u00e3o e sobreviv\u00eancia. Diagnosticado com esquizofrenia, o artista canalizou sua sensibilidade principalmente para a pintura. Suas obras s\u00e3o marcadas por cores intensas, formas geom\u00e9tricas e composi\u00e7\u00f5es abertas a m\u00faltiplas interpreta\u00e7\u00f5es, frequentemente associadas ao abstracionismo. Influ\u00eancias importantes ajudaram a moldar sua trajet\u00f3ria, entre elas o escultor Agnaldo Manoel dos Santos e a arquiteta Lina Bo Bardi. Al\u00e9m das pinturas, Aurelino produziu tape\u00e7arias e construiu uma obra reconhecida pela originalidade e for\u00e7a visual. Reconhecimento ultrapassou fronteiras nacionais. O artista teve trabalhos expostos no Brasil e no exterior, com participa\u00e7\u00f5es em mostras em cidades como S\u00e3o Paulo, Paris, Madri e Val\u00eancia, consolidando seu nome como um dos mais importantes da arte baiana. Legado deixado por Aurelino dos Santos permanece vivo nas galerias e na hist\u00f3ria da cultura do estado. Sua trajet\u00f3ria reafirma a pot\u00eancia criativa da arte popular e a capacidade de transformar viv\u00eancias em express\u00e3o art\u00edstica universal.","og_url":"https:\/\/sudoesteacontece.com.br\/?p=6802","og_site_name":"Sudoesteacontece","article_publisher":"https:\/\/www.facebook.com\/sudoesteacontece\/?locale=pt_BR","article_published_time":"2026-01-26T13:35:08+00:00","article_modified_time":"2026-01-26T13:35:14+00:00","og_image":[{"width":900,"height":600,"url":"https:\/\/sudoesteacontece.com.br\/wp-content\/uploads\/2026\/01\/Morre-Aurelino-dos-Santos-icone-da-arte-plastica-baiana-aos-83-anos-SUDOESTE-ACONTECE.jpg","type":"image\/jpeg"}],"author":"Washington Tiago","twitter_card":"summary_large_image","twitter_misc":{"Escrito por":"Washington Tiago","Est. tempo de leitura":"2 minutos"},"schema":{"@context":"https:\/\/schema.org","@graph":[{"@type":"Article","@id":"https:\/\/sudoesteacontece.com.br\/?p=6802#article","isPartOf":{"@id":"https:\/\/sudoesteacontece.com.br\/?p=6802"},"author":{"name":"Washington Tiago","@id":"https:\/\/sudoesteacontece.com.br\/#\/schema\/person\/3cf2cf009926a9683ebc29d5379fa79c"},"headline":"Morre Aurelino dos Santos, \u00edcone da arte pl\u00e1stica baiana, aos 83 anos","datePublished":"2026-01-26T13:35:08+00:00","dateModified":"2026-01-26T13:35:14+00:00","mainEntityOfPage":{"@id":"https:\/\/sudoesteacontece.com.br\/?p=6802"},"wordCount":316,"commentCount":0,"publisher":{"@id":"https:\/\/sudoesteacontece.com.br\/#organization"},"image":{"@id":"https:\/\/sudoesteacontece.com.br\/?p=6802#primaryimage"},"thumbnailUrl":"https:\/\/sudoesteacontece.com.br\/wp-content\/uploads\/2026\/01\/Morre-Aurelino-dos-Santos-icone-da-arte-plastica-baiana-aos-83-anos-SUDOESTE-ACONTECE.jpg","articleSection":["Bahia","TV, R\u00e1dio e Cinema"],"inLanguage":"pt-BR","potentialAction":[{"@type":"CommentAction","name":"Comment","target":["https:\/\/sudoesteacontece.com.br\/?p=6802#respond"]}]},{"@type":"WebPage","@id":"https:\/\/sudoesteacontece.com.br\/?p=6802","url":"https:\/\/sudoesteacontece.com.br\/?p=6802","name":"Morre Aurelino dos Santos, \u00edcone da arte pl\u00e1stica baiana, aos 83 anos - Sudoesteacontece","isPartOf":{"@id":"https:\/\/sudoesteacontece.com.br\/#website"},"primaryImageOfPage":{"@id":"https:\/\/sudoesteacontece.com.br\/?p=6802#primaryimage"},"image":{"@id":"https:\/\/sudoesteacontece.com.br\/?p=6802#primaryimage"},"thumbnailUrl":"https:\/\/sudoesteacontece.com.br\/wp-content\/uploads\/2026\/01\/Morre-Aurelino-dos-Santos-icone-da-arte-plastica-baiana-aos-83-anos-SUDOESTE-ACONTECE.jpg","datePublished":"2026-01-26T13:35:08+00:00","dateModified":"2026-01-26T13:35:14+00:00","breadcrumb":{"@id":"https:\/\/sudoesteacontece.com.br\/?p=6802#breadcrumb"},"inLanguage":"pt-BR","potentialAction":[{"@type":"ReadAction","target":["https:\/\/sudoesteacontece.com.br\/?p=6802"]}]},{"@type":"ImageObject","inLanguage":"pt-BR","@id":"https:\/\/sudoesteacontece.com.br\/?p=6802#primaryimage","url":"https:\/\/sudoesteacontece.com.br\/wp-content\/uploads\/2026\/01\/Morre-Aurelino-dos-Santos-icone-da-arte-plastica-baiana-aos-83-anos-SUDOESTE-ACONTECE.jpg","contentUrl":"https:\/\/sudoesteacontece.com.br\/wp-content\/uploads\/2026\/01\/Morre-Aurelino-dos-Santos-icone-da-arte-plastica-baiana-aos-83-anos-SUDOESTE-ACONTECE.jpg","width":900,"height":600},{"@type":"BreadcrumbList","@id":"https:\/\/sudoesteacontece.com.br\/?p=6802#breadcrumb","itemListElement":[{"@type":"ListItem","position":1,"name":"In\u00edcio","item":"https:\/\/sudoesteacontece.com.br\/"},{"@type":"ListItem","position":2,"name":"Morre Aurelino dos Santos, \u00edcone da arte pl\u00e1stica baiana, aos 83 anos"}]},{"@type":"WebSite","@id":"https:\/\/sudoesteacontece.com.br\/#website","url":"https:\/\/sudoesteacontece.com.br\/","name":"Sudoesteacontece","description":"","publisher":{"@id":"https:\/\/sudoesteacontece.com.br\/#organization"},"potentialAction":[{"@type":"SearchAction","target":{"@type":"EntryPoint","urlTemplate":"https:\/\/sudoesteacontece.com.br\/?s={search_term_string}"},"query-input":{"@type":"PropertyValueSpecification","valueRequired":true,"valueName":"search_term_string"}}],"inLanguage":"pt-BR"},{"@type":"Organization","@id":"https:\/\/sudoesteacontece.com.br\/#organization","name":"Sudoesteacontece","url":"https:\/\/sudoesteacontece.com.br\/","logo":{"@type":"ImageObject","inLanguage":"pt-BR","@id":"https:\/\/sudoesteacontece.com.br\/#\/schema\/logo\/image\/","url":"https:\/\/sudoesteacontece.com.br\/wp-content\/uploads\/2025\/12\/cropped-logo-2-180x180-1.png","contentUrl":"https:\/\/sudoesteacontece.com.br\/wp-content\/uploads\/2025\/12\/cropped-logo-2-180x180-1.png","width":180,"height":180,"caption":"Sudoesteacontece"},"image":{"@id":"https:\/\/sudoesteacontece.com.br\/#\/schema\/logo\/image\/"},"sameAs":["https:\/\/www.facebook.com\/sudoesteacontece\/?locale=pt_BR"]},{"@type":"Person","@id":"https:\/\/sudoesteacontece.com.br\/#\/schema\/person\/3cf2cf009926a9683ebc29d5379fa79c","name":"Washington Tiago","image":{"@type":"ImageObject","inLanguage":"pt-BR","@id":"https:\/\/sudoesteacontece.com.br\/#\/schema\/person\/image\/","url":"https:\/\/secure.gravatar.com\/avatar\/33c43b8668157e040f9d1fe93c354bf087cbd8ba36270c1163198bd3ddcf2a56?s=96&d=mm&r=g","contentUrl":"https:\/\/secure.gravatar.com\/avatar\/33c43b8668157e040f9d1fe93c354bf087cbd8ba36270c1163198bd3ddcf2a56?s=96&d=mm&r=g","caption":"Washington Tiago"},"url":"https:\/\/sudoesteacontece.com.br\/?author=2"}]}},"_links":{"self":[{"href":"https:\/\/sudoesteacontece.com.br\/index.php?rest_route=\/wp\/v2\/posts\/6802","targetHints":{"allow":["GET"]}}],"collection":[{"href":"https:\/\/sudoesteacontece.com.br\/index.php?rest_route=\/wp\/v2\/posts"}],"about":[{"href":"https:\/\/sudoesteacontece.com.br\/index.php?rest_route=\/wp\/v2\/types\/post"}],"author":[{"embeddable":true,"href":"https:\/\/sudoesteacontece.com.br\/index.php?rest_route=\/wp\/v2\/users\/2"}],"replies":[{"embeddable":true,"href":"https:\/\/sudoesteacontece.com.br\/index.php?rest_route=%2Fwp%2Fv2%2Fcomments&post=6802"}],"version-history":[{"count":0,"href":"https:\/\/sudoesteacontece.com.br\/index.php?rest_route=\/wp\/v2\/posts\/6802\/revisions"}],"wp:featuredmedia":[{"embeddable":true,"href":"https:\/\/sudoesteacontece.com.br\/index.php?rest_route=\/wp\/v2\/media\/6827"}],"wp:attachment":[{"href":"https:\/\/sudoesteacontece.com.br\/index.php?rest_route=%2Fwp%2Fv2%2Fmedia&parent=6802"}],"wp:term":[{"taxonomy":"category","embeddable":true,"href":"https:\/\/sudoesteacontece.com.br\/index.php?rest_route=%2Fwp%2Fv2%2Fcategories&post=6802"},{"taxonomy":"post_tag","embeddable":true,"href":"https:\/\/sudoesteacontece.com.br\/index.php?rest_route=%2Fwp%2Fv2%2Ftags&post=6802"}],"curies":[{"name":"wp","href":"https:\/\/api.w.org\/{rel}","templated":true}]}}