{"id":6805,"date":"2026-01-26T10:45:57","date_gmt":"2026-01-26T13:45:57","guid":{"rendered":"https:\/\/sudoesteacontece.com.br\/?p=6805"},"modified":"2026-01-26T10:46:03","modified_gmt":"2026-01-26T13:46:03","slug":"acm-neto-critica-governo-do-pt-e-diz-que-bahia-virou-as-costas-para-os-mais-pobres","status":"publish","type":"post","link":"https:\/\/sudoesteacontece.com.br\/?p=6805","title":{"rendered":"ACM Neto critica governo do PT e diz que Bahia \u201cvirou as costas para os mais pobres\u201d"},"content":{"rendered":"<div class=\"wp-block-image\">\n<figure class=\"aligncenter size-full\"><img fetchpriority=\"high\" decoding=\"async\" width=\"900\" height=\"600\" src=\"http:\/\/sudoesteacontece.com.br\/wp-content\/uploads\/2026\/01\/ACM-Neto-critica-governo-do-PT-e-diz-que-Bahia-virou-as-costas-para-os-mais-pobres-sudoeste-acontece.jpg\" alt=\"\" class=\"wp-image-6832\" srcset=\"https:\/\/sudoesteacontece.com.br\/wp-content\/uploads\/2026\/01\/ACM-Neto-critica-governo-do-PT-e-diz-que-Bahia-virou-as-costas-para-os-mais-pobres-sudoeste-acontece.jpg 900w, https:\/\/sudoesteacontece.com.br\/wp-content\/uploads\/2026\/01\/ACM-Neto-critica-governo-do-PT-e-diz-que-Bahia-virou-as-costas-para-os-mais-pobres-sudoeste-acontece-300x200.jpg 300w, https:\/\/sudoesteacontece.com.br\/wp-content\/uploads\/2026\/01\/ACM-Neto-critica-governo-do-PT-e-diz-que-Bahia-virou-as-costas-para-os-mais-pobres-sudoeste-acontece-768x512.jpg 768w\" sizes=\"(max-width: 900px) 100vw, 900px\" \/><\/figure>\n<\/div>\n\n\n<p>ACM Neto participou neste domingo da Lavagem da Purifica\u00e7\u00e3o, em Santo Amaro, e aproveitou o evento para fazer cr\u00edticas ao governo do PT na Bahia. Vice-presidente nacional do Uni\u00e3o Brasil, ele afirmou que, ap\u00f3s duas d\u00e9cadas, o partido deixou de cuidar da popula\u00e7\u00e3o mais pobre.<\/p>\n\n\n\n<p>Durante a festa, que homenageia Nossa Senhora da Purifica\u00e7\u00e3o e re\u00fane f\u00e9, cultura e m\u00fasica, ACM Neto destacou a import\u00e2ncia de preservar as tradi\u00e7\u00f5es locais. Ele elogiou o papel hist\u00f3rico de Santo Amaro na cultura baiana e disse que eventos como a lavagem ajudam a manter viva a identidade do povo.<\/p>\n\n\n\n<p>Antes do cortejo, o ex-prefeito de Salvador visitou a Sociedade Filarm\u00f4nica Lira dos Artistas, fundada em 1808. No local, conversou com m\u00fasicos e ressaltou o valor do trabalho desenvolvido h\u00e1 mais de dois s\u00e9culos, respons\u00e1vel por projetar Santo Amaro como refer\u00eancia cultural.<\/p>\n\n\n\n<p>Em entrevista a uma r\u00e1dio local, ACM Neto endureceu o tom pol\u00edtico. Segundo ele, o PT da Bahia \u201cvirou as costas para os mais pobres\u201d, citando a viol\u00eancia, o avan\u00e7o do crime organizado e problemas na sa\u00fade p\u00fablica como reflexos da falta de cuidado com a popula\u00e7\u00e3o.<\/p>\n\n\n\n<p>O ex-prefeito afirmou que assassinatos, assaltos frequentes e pacientes \u00e0 espera de regula\u00e7\u00e3o em hospitais revelam um cen\u00e1rio de caos. Para ele, sa\u00fade e seguran\u00e7a p\u00fablica s\u00e3o hoje os maiores desafios enfrentados pelos baianos.<\/p>\n\n\n\n<p>Ao lado de prefeitos, parlamentares e lideran\u00e7as pol\u00edticas, ACM Neto acompanhou o cortejo at\u00e9 a igreja matriz. A caminhada foi puxada por baianas com jarros de flores e \u00e1gua de cheiro, com parada em frente \u00e0 Casa Can\u00f4 Veloso, tradicional apoiadora da festa.<\/p>\n","protected":false},"excerpt":{"rendered":"<p>ACM Neto participou neste domingo da Lavagem da Purifica\u00e7\u00e3o, em Santo Amaro, e aproveitou o evento para fazer cr\u00edticas ao governo do PT na Bahia. Vice-presidente nacional do Uni\u00e3o Brasil, ele afirmou que, ap\u00f3s duas d\u00e9cadas, o partido deixou de cuidar da popula\u00e7\u00e3o mais pobre. Durante a festa, que homenageia Nossa Senhora da Purifica\u00e7\u00e3o e re\u00fane f\u00e9, cultura e m\u00fasica, ACM Neto destacou a import\u00e2ncia de preservar as tradi\u00e7\u00f5es locais. Ele elogiou o papel hist\u00f3rico de Santo Amaro na cultura baiana e disse que eventos como a lavagem ajudam a manter viva a identidade do povo. Antes do cortejo, o ex-prefeito de Salvador visitou a Sociedade Filarm\u00f4nica Lira dos Artistas, fundada em 1808. No local, conversou com m\u00fasicos e ressaltou o valor do trabalho desenvolvido h\u00e1 mais de dois s\u00e9culos, respons\u00e1vel por projetar Santo Amaro como refer\u00eancia cultural. Em entrevista a uma r\u00e1dio local, ACM Neto endureceu o tom pol\u00edtico. Segundo ele, o PT da Bahia \u201cvirou as costas para os mais pobres\u201d, citando a viol\u00eancia, o avan\u00e7o do crime organizado e problemas na sa\u00fade p\u00fablica como reflexos da falta de cuidado com a popula\u00e7\u00e3o. O ex-prefeito afirmou que assassinatos, assaltos frequentes e pacientes \u00e0 espera de regula\u00e7\u00e3o em hospitais revelam um cen\u00e1rio de caos. Para ele, sa\u00fade e seguran\u00e7a p\u00fablica s\u00e3o hoje os maiores desafios enfrentados pelos baianos. Ao lado de prefeitos, parlamentares e lideran\u00e7as pol\u00edticas, ACM Neto acompanhou o cortejo at\u00e9 a igreja matriz. A caminhada foi puxada por baianas com jarros de flores e \u00e1gua de cheiro, com parada em frente \u00e0 Casa Can\u00f4 Veloso, tradicional apoiadora da festa.<\/p>\n","protected":false},"author":2,"featured_media":6832,"comment_status":"open","ping_status":"open","sticky":false,"template":"","format":"standard","meta":{"footnotes":""},"categories":[7,4,58,6],"tags":[],"class_list":["post-6805","post","type-post","status-publish","format-standard","has-post-thumbnail","hentry","category-bahia","category-cidades","category-eleicoes-2026","category-politica"],"yoast_head":"<!-- This site is optimized with the Yoast SEO plugin v26.5 - https:\/\/yoast.com\/wordpress\/plugins\/seo\/ -->\n<title>ACM Neto critica governo do PT e diz que Bahia \u201cvirou as costas para os mais pobres\u201d - Sudoesteacontece<\/title>\n<meta name=\"robots\" content=\"index, follow, max-snippet:-1, max-image-preview:large, max-video-preview:-1\" \/>\n<link rel=\"canonical\" href=\"https:\/\/sudoesteacontece.com.br\/?p=6805\" \/>\n<meta property=\"og:locale\" content=\"pt_BR\" \/>\n<meta property=\"og:type\" content=\"article\" \/>\n<meta property=\"og:title\" content=\"ACM Neto critica governo do PT e diz que Bahia \u201cvirou as costas para os mais pobres\u201d - Sudoesteacontece\" \/>\n<meta property=\"og:description\" content=\"ACM Neto participou neste domingo da Lavagem da Purifica\u00e7\u00e3o, em Santo Amaro, e aproveitou o evento para fazer cr\u00edticas ao governo do PT na Bahia. Vice-presidente nacional do Uni\u00e3o Brasil, ele afirmou que, ap\u00f3s duas d\u00e9cadas, o partido deixou de cuidar da popula\u00e7\u00e3o mais pobre. Durante a festa, que homenageia Nossa Senhora da Purifica\u00e7\u00e3o e re\u00fane f\u00e9, cultura e m\u00fasica, ACM Neto destacou a import\u00e2ncia de preservar as tradi\u00e7\u00f5es locais. Ele elogiou o papel hist\u00f3rico de Santo Amaro na cultura baiana e disse que eventos como a lavagem ajudam a manter viva a identidade do povo. Antes do cortejo, o ex-prefeito de Salvador visitou a Sociedade Filarm\u00f4nica Lira dos Artistas, fundada em 1808. No local, conversou com m\u00fasicos e ressaltou o valor do trabalho desenvolvido h\u00e1 mais de dois s\u00e9culos, respons\u00e1vel por projetar Santo Amaro como refer\u00eancia cultural. Em entrevista a uma r\u00e1dio local, ACM Neto endureceu o tom pol\u00edtico. Segundo ele, o PT da Bahia \u201cvirou as costas para os mais pobres\u201d, citando a viol\u00eancia, o avan\u00e7o do crime organizado e problemas na sa\u00fade p\u00fablica como reflexos da falta de cuidado com a popula\u00e7\u00e3o. O ex-prefeito afirmou que assassinatos, assaltos frequentes e pacientes \u00e0 espera de regula\u00e7\u00e3o em hospitais revelam um cen\u00e1rio de caos. Para ele, sa\u00fade e seguran\u00e7a p\u00fablica s\u00e3o hoje os maiores desafios enfrentados pelos baianos. Ao lado de prefeitos, parlamentares e lideran\u00e7as pol\u00edticas, ACM Neto acompanhou o cortejo at\u00e9 a igreja matriz. A caminhada foi puxada por baianas com jarros de flores e \u00e1gua de cheiro, com parada em frente \u00e0 Casa Can\u00f4 Veloso, tradicional apoiadora da festa.\" \/>\n<meta property=\"og:url\" content=\"https:\/\/sudoesteacontece.com.br\/?p=6805\" \/>\n<meta property=\"og:site_name\" content=\"Sudoesteacontece\" \/>\n<meta property=\"article:publisher\" content=\"https:\/\/www.facebook.com\/sudoesteacontece\/?locale=pt_BR\" \/>\n<meta property=\"article:published_time\" content=\"2026-01-26T13:45:57+00:00\" \/>\n<meta property=\"article:modified_time\" content=\"2026-01-26T13:46:03+00:00\" \/>\n<meta property=\"og:image\" content=\"https:\/\/sudoesteacontece.com.br\/wp-content\/uploads\/2026\/01\/ACM-Neto-critica-governo-do-PT-e-diz-que-Bahia-virou-as-costas-para-os-mais-pobres-sudoeste-acontece.jpg\" \/>\n\t<meta property=\"og:image:width\" content=\"900\" \/>\n\t<meta property=\"og:image:height\" content=\"600\" \/>\n\t<meta property=\"og:image:type\" content=\"image\/jpeg\" \/>\n<meta name=\"author\" content=\"Washington Tiago\" \/>\n<meta name=\"twitter:card\" content=\"summary_large_image\" \/>\n<meta name=\"twitter:label1\" content=\"Escrito por\" \/>\n\t<meta name=\"twitter:data1\" content=\"Washington Tiago\" \/>\n\t<meta name=\"twitter:label2\" content=\"Est. tempo de leitura\" \/>\n\t<meta name=\"twitter:data2\" content=\"2 minutos\" \/>\n<script type=\"application\/ld+json\" class=\"yoast-schema-graph\">{\"@context\":\"https:\/\/schema.org\",\"@graph\":[{\"@type\":\"Article\",\"@id\":\"https:\/\/sudoesteacontece.com.br\/?p=6805#article\",\"isPartOf\":{\"@id\":\"https:\/\/sudoesteacontece.com.br\/?p=6805\"},\"author\":{\"name\":\"Washington Tiago\",\"@id\":\"https:\/\/sudoesteacontece.com.br\/#\/schema\/person\/3cf2cf009926a9683ebc29d5379fa79c\"},\"headline\":\"ACM Neto critica governo do PT e diz que Bahia \u201cvirou as costas para os mais pobres\u201d\",\"datePublished\":\"2026-01-26T13:45:57+00:00\",\"dateModified\":\"2026-01-26T13:46:03+00:00\",\"mainEntityOfPage\":{\"@id\":\"https:\/\/sudoesteacontece.com.br\/?p=6805\"},\"wordCount\":308,\"commentCount\":0,\"publisher\":{\"@id\":\"https:\/\/sudoesteacontece.com.br\/#organization\"},\"image\":{\"@id\":\"https:\/\/sudoesteacontece.com.br\/?p=6805#primaryimage\"},\"thumbnailUrl\":\"https:\/\/sudoesteacontece.com.br\/wp-content\/uploads\/2026\/01\/ACM-Neto-critica-governo-do-PT-e-diz-que-Bahia-virou-as-costas-para-os-mais-pobres-sudoeste-acontece.jpg\",\"articleSection\":[\"Bahia\",\"Cidades\",\"Elei\u00e7\u00f5es 2026\",\"Pol\u00edtica\"],\"inLanguage\":\"pt-BR\",\"potentialAction\":[{\"@type\":\"CommentAction\",\"name\":\"Comment\",\"target\":[\"https:\/\/sudoesteacontece.com.br\/?p=6805#respond\"]}]},{\"@type\":\"WebPage\",\"@id\":\"https:\/\/sudoesteacontece.com.br\/?p=6805\",\"url\":\"https:\/\/sudoesteacontece.com.br\/?p=6805\",\"name\":\"ACM Neto critica governo do PT e diz que Bahia \u201cvirou as costas para os mais pobres\u201d - Sudoesteacontece\",\"isPartOf\":{\"@id\":\"https:\/\/sudoesteacontece.com.br\/#website\"},\"primaryImageOfPage\":{\"@id\":\"https:\/\/sudoesteacontece.com.br\/?p=6805#primaryimage\"},\"image\":{\"@id\":\"https:\/\/sudoesteacontece.com.br\/?p=6805#primaryimage\"},\"thumbnailUrl\":\"https:\/\/sudoesteacontece.com.br\/wp-content\/uploads\/2026\/01\/ACM-Neto-critica-governo-do-PT-e-diz-que-Bahia-virou-as-costas-para-os-mais-pobres-sudoeste-acontece.jpg\",\"datePublished\":\"2026-01-26T13:45:57+00:00\",\"dateModified\":\"2026-01-26T13:46:03+00:00\",\"breadcrumb\":{\"@id\":\"https:\/\/sudoesteacontece.com.br\/?p=6805#breadcrumb\"},\"inLanguage\":\"pt-BR\",\"potentialAction\":[{\"@type\":\"ReadAction\",\"target\":[\"https:\/\/sudoesteacontece.com.br\/?p=6805\"]}]},{\"@type\":\"ImageObject\",\"inLanguage\":\"pt-BR\",\"@id\":\"https:\/\/sudoesteacontece.com.br\/?p=6805#primaryimage\",\"url\":\"https:\/\/sudoesteacontece.com.br\/wp-content\/uploads\/2026\/01\/ACM-Neto-critica-governo-do-PT-e-diz-que-Bahia-virou-as-costas-para-os-mais-pobres-sudoeste-acontece.jpg\",\"contentUrl\":\"https:\/\/sudoesteacontece.com.br\/wp-content\/uploads\/2026\/01\/ACM-Neto-critica-governo-do-PT-e-diz-que-Bahia-virou-as-costas-para-os-mais-pobres-sudoeste-acontece.jpg\",\"width\":900,\"height\":600},{\"@type\":\"BreadcrumbList\",\"@id\":\"https:\/\/sudoesteacontece.com.br\/?p=6805#breadcrumb\",\"itemListElement\":[{\"@type\":\"ListItem\",\"position\":1,\"name\":\"In\u00edcio\",\"item\":\"https:\/\/sudoesteacontece.com.br\/\"},{\"@type\":\"ListItem\",\"position\":2,\"name\":\"ACM Neto critica governo do PT e diz que Bahia \u201cvirou as costas para os mais pobres\u201d\"}]},{\"@type\":\"WebSite\",\"@id\":\"https:\/\/sudoesteacontece.com.br\/#website\",\"url\":\"https:\/\/sudoesteacontece.com.br\/\",\"name\":\"Sudoesteacontece\",\"description\":\"\",\"publisher\":{\"@id\":\"https:\/\/sudoesteacontece.com.br\/#organization\"},\"potentialAction\":[{\"@type\":\"SearchAction\",\"target\":{\"@type\":\"EntryPoint\",\"urlTemplate\":\"https:\/\/sudoesteacontece.com.br\/?s={search_term_string}\"},\"query-input\":{\"@type\":\"PropertyValueSpecification\",\"valueRequired\":true,\"valueName\":\"search_term_string\"}}],\"inLanguage\":\"pt-BR\"},{\"@type\":\"Organization\",\"@id\":\"https:\/\/sudoesteacontece.com.br\/#organization\",\"name\":\"Sudoesteacontece\",\"url\":\"https:\/\/sudoesteacontece.com.br\/\",\"logo\":{\"@type\":\"ImageObject\",\"inLanguage\":\"pt-BR\",\"@id\":\"https:\/\/sudoesteacontece.com.br\/#\/schema\/logo\/image\/\",\"url\":\"https:\/\/sudoesteacontece.com.br\/wp-content\/uploads\/2025\/12\/cropped-logo-2-180x180-1.png\",\"contentUrl\":\"https:\/\/sudoesteacontece.com.br\/wp-content\/uploads\/2025\/12\/cropped-logo-2-180x180-1.png\",\"width\":180,\"height\":180,\"caption\":\"Sudoesteacontece\"},\"image\":{\"@id\":\"https:\/\/sudoesteacontece.com.br\/#\/schema\/logo\/image\/\"},\"sameAs\":[\"https:\/\/www.facebook.com\/sudoesteacontece\/?locale=pt_BR\"]},{\"@type\":\"Person\",\"@id\":\"https:\/\/sudoesteacontece.com.br\/#\/schema\/person\/3cf2cf009926a9683ebc29d5379fa79c\",\"name\":\"Washington Tiago\",\"image\":{\"@type\":\"ImageObject\",\"inLanguage\":\"pt-BR\",\"@id\":\"https:\/\/sudoesteacontece.com.br\/#\/schema\/person\/image\/\",\"url\":\"https:\/\/secure.gravatar.com\/avatar\/33c43b8668157e040f9d1fe93c354bf087cbd8ba36270c1163198bd3ddcf2a56?s=96&d=mm&r=g\",\"contentUrl\":\"https:\/\/secure.gravatar.com\/avatar\/33c43b8668157e040f9d1fe93c354bf087cbd8ba36270c1163198bd3ddcf2a56?s=96&d=mm&r=g\",\"caption\":\"Washington Tiago\"},\"url\":\"https:\/\/sudoesteacontece.com.br\/?author=2\"}]}<\/script>\n<!-- \/ Yoast SEO plugin. -->","yoast_head_json":{"title":"ACM Neto critica governo do PT e diz que Bahia \u201cvirou as costas para os mais pobres\u201d - Sudoesteacontece","robots":{"index":"index","follow":"follow","max-snippet":"max-snippet:-1","max-image-preview":"max-image-preview:large","max-video-preview":"max-video-preview:-1"},"canonical":"https:\/\/sudoesteacontece.com.br\/?p=6805","og_locale":"pt_BR","og_type":"article","og_title":"ACM Neto critica governo do PT e diz que Bahia \u201cvirou as costas para os mais pobres\u201d - Sudoesteacontece","og_description":"ACM Neto participou neste domingo da Lavagem da Purifica\u00e7\u00e3o, em Santo Amaro, e aproveitou o evento para fazer cr\u00edticas ao governo do PT na Bahia. Vice-presidente nacional do Uni\u00e3o Brasil, ele afirmou que, ap\u00f3s duas d\u00e9cadas, o partido deixou de cuidar da popula\u00e7\u00e3o mais pobre. Durante a festa, que homenageia Nossa Senhora da Purifica\u00e7\u00e3o e re\u00fane f\u00e9, cultura e m\u00fasica, ACM Neto destacou a import\u00e2ncia de preservar as tradi\u00e7\u00f5es locais. Ele elogiou o papel hist\u00f3rico de Santo Amaro na cultura baiana e disse que eventos como a lavagem ajudam a manter viva a identidade do povo. Antes do cortejo, o ex-prefeito de Salvador visitou a Sociedade Filarm\u00f4nica Lira dos Artistas, fundada em 1808. No local, conversou com m\u00fasicos e ressaltou o valor do trabalho desenvolvido h\u00e1 mais de dois s\u00e9culos, respons\u00e1vel por projetar Santo Amaro como refer\u00eancia cultural. Em entrevista a uma r\u00e1dio local, ACM Neto endureceu o tom pol\u00edtico. Segundo ele, o PT da Bahia \u201cvirou as costas para os mais pobres\u201d, citando a viol\u00eancia, o avan\u00e7o do crime organizado e problemas na sa\u00fade p\u00fablica como reflexos da falta de cuidado com a popula\u00e7\u00e3o. O ex-prefeito afirmou que assassinatos, assaltos frequentes e pacientes \u00e0 espera de regula\u00e7\u00e3o em hospitais revelam um cen\u00e1rio de caos. Para ele, sa\u00fade e seguran\u00e7a p\u00fablica s\u00e3o hoje os maiores desafios enfrentados pelos baianos. Ao lado de prefeitos, parlamentares e lideran\u00e7as pol\u00edticas, ACM Neto acompanhou o cortejo at\u00e9 a igreja matriz. A caminhada foi puxada por baianas com jarros de flores e \u00e1gua de cheiro, com parada em frente \u00e0 Casa Can\u00f4 Veloso, tradicional apoiadora da festa.","og_url":"https:\/\/sudoesteacontece.com.br\/?p=6805","og_site_name":"Sudoesteacontece","article_publisher":"https:\/\/www.facebook.com\/sudoesteacontece\/?locale=pt_BR","article_published_time":"2026-01-26T13:45:57+00:00","article_modified_time":"2026-01-26T13:46:03+00:00","og_image":[{"width":900,"height":600,"url":"https:\/\/sudoesteacontece.com.br\/wp-content\/uploads\/2026\/01\/ACM-Neto-critica-governo-do-PT-e-diz-que-Bahia-virou-as-costas-para-os-mais-pobres-sudoeste-acontece.jpg","type":"image\/jpeg"}],"author":"Washington Tiago","twitter_card":"summary_large_image","twitter_misc":{"Escrito por":"Washington Tiago","Est. tempo de leitura":"2 minutos"},"schema":{"@context":"https:\/\/schema.org","@graph":[{"@type":"Article","@id":"https:\/\/sudoesteacontece.com.br\/?p=6805#article","isPartOf":{"@id":"https:\/\/sudoesteacontece.com.br\/?p=6805"},"author":{"name":"Washington Tiago","@id":"https:\/\/sudoesteacontece.com.br\/#\/schema\/person\/3cf2cf009926a9683ebc29d5379fa79c"},"headline":"ACM Neto critica governo do PT e diz que Bahia \u201cvirou as costas para os mais pobres\u201d","datePublished":"2026-01-26T13:45:57+00:00","dateModified":"2026-01-26T13:46:03+00:00","mainEntityOfPage":{"@id":"https:\/\/sudoesteacontece.com.br\/?p=6805"},"wordCount":308,"commentCount":0,"publisher":{"@id":"https:\/\/sudoesteacontece.com.br\/#organization"},"image":{"@id":"https:\/\/sudoesteacontece.com.br\/?p=6805#primaryimage"},"thumbnailUrl":"https:\/\/sudoesteacontece.com.br\/wp-content\/uploads\/2026\/01\/ACM-Neto-critica-governo-do-PT-e-diz-que-Bahia-virou-as-costas-para-os-mais-pobres-sudoeste-acontece.jpg","articleSection":["Bahia","Cidades","Elei\u00e7\u00f5es 2026","Pol\u00edtica"],"inLanguage":"pt-BR","potentialAction":[{"@type":"CommentAction","name":"Comment","target":["https:\/\/sudoesteacontece.com.br\/?p=6805#respond"]}]},{"@type":"WebPage","@id":"https:\/\/sudoesteacontece.com.br\/?p=6805","url":"https:\/\/sudoesteacontece.com.br\/?p=6805","name":"ACM Neto critica governo do PT e diz que Bahia \u201cvirou as costas para os mais pobres\u201d - Sudoesteacontece","isPartOf":{"@id":"https:\/\/sudoesteacontece.com.br\/#website"},"primaryImageOfPage":{"@id":"https:\/\/sudoesteacontece.com.br\/?p=6805#primaryimage"},"image":{"@id":"https:\/\/sudoesteacontece.com.br\/?p=6805#primaryimage"},"thumbnailUrl":"https:\/\/sudoesteacontece.com.br\/wp-content\/uploads\/2026\/01\/ACM-Neto-critica-governo-do-PT-e-diz-que-Bahia-virou-as-costas-para-os-mais-pobres-sudoeste-acontece.jpg","datePublished":"2026-01-26T13:45:57+00:00","dateModified":"2026-01-26T13:46:03+00:00","breadcrumb":{"@id":"https:\/\/sudoesteacontece.com.br\/?p=6805#breadcrumb"},"inLanguage":"pt-BR","potentialAction":[{"@type":"ReadAction","target":["https:\/\/sudoesteacontece.com.br\/?p=6805"]}]},{"@type":"ImageObject","inLanguage":"pt-BR","@id":"https:\/\/sudoesteacontece.com.br\/?p=6805#primaryimage","url":"https:\/\/sudoesteacontece.com.br\/wp-content\/uploads\/2026\/01\/ACM-Neto-critica-governo-do-PT-e-diz-que-Bahia-virou-as-costas-para-os-mais-pobres-sudoeste-acontece.jpg","contentUrl":"https:\/\/sudoesteacontece.com.br\/wp-content\/uploads\/2026\/01\/ACM-Neto-critica-governo-do-PT-e-diz-que-Bahia-virou-as-costas-para-os-mais-pobres-sudoeste-acontece.jpg","width":900,"height":600},{"@type":"BreadcrumbList","@id":"https:\/\/sudoesteacontece.com.br\/?p=6805#breadcrumb","itemListElement":[{"@type":"ListItem","position":1,"name":"In\u00edcio","item":"https:\/\/sudoesteacontece.com.br\/"},{"@type":"ListItem","position":2,"name":"ACM Neto critica governo do PT e diz que Bahia \u201cvirou as costas para os mais pobres\u201d"}]},{"@type":"WebSite","@id":"https:\/\/sudoesteacontece.com.br\/#website","url":"https:\/\/sudoesteacontece.com.br\/","name":"Sudoesteacontece","description":"","publisher":{"@id":"https:\/\/sudoesteacontece.com.br\/#organization"},"potentialAction":[{"@type":"SearchAction","target":{"@type":"EntryPoint","urlTemplate":"https:\/\/sudoesteacontece.com.br\/?s={search_term_string}"},"query-input":{"@type":"PropertyValueSpecification","valueRequired":true,"valueName":"search_term_string"}}],"inLanguage":"pt-BR"},{"@type":"Organization","@id":"https:\/\/sudoesteacontece.com.br\/#organization","name":"Sudoesteacontece","url":"https:\/\/sudoesteacontece.com.br\/","logo":{"@type":"ImageObject","inLanguage":"pt-BR","@id":"https:\/\/sudoesteacontece.com.br\/#\/schema\/logo\/image\/","url":"https:\/\/sudoesteacontece.com.br\/wp-content\/uploads\/2025\/12\/cropped-logo-2-180x180-1.png","contentUrl":"https:\/\/sudoesteacontece.com.br\/wp-content\/uploads\/2025\/12\/cropped-logo-2-180x180-1.png","width":180,"height":180,"caption":"Sudoesteacontece"},"image":{"@id":"https:\/\/sudoesteacontece.com.br\/#\/schema\/logo\/image\/"},"sameAs":["https:\/\/www.facebook.com\/sudoesteacontece\/?locale=pt_BR"]},{"@type":"Person","@id":"https:\/\/sudoesteacontece.com.br\/#\/schema\/person\/3cf2cf009926a9683ebc29d5379fa79c","name":"Washington Tiago","image":{"@type":"ImageObject","inLanguage":"pt-BR","@id":"https:\/\/sudoesteacontece.com.br\/#\/schema\/person\/image\/","url":"https:\/\/secure.gravatar.com\/avatar\/33c43b8668157e040f9d1fe93c354bf087cbd8ba36270c1163198bd3ddcf2a56?s=96&d=mm&r=g","contentUrl":"https:\/\/secure.gravatar.com\/avatar\/33c43b8668157e040f9d1fe93c354bf087cbd8ba36270c1163198bd3ddcf2a56?s=96&d=mm&r=g","caption":"Washington Tiago"},"url":"https:\/\/sudoesteacontece.com.br\/?author=2"}]}},"_links":{"self":[{"href":"https:\/\/sudoesteacontece.com.br\/index.php?rest_route=\/wp\/v2\/posts\/6805","targetHints":{"allow":["GET"]}}],"collection":[{"href":"https:\/\/sudoesteacontece.com.br\/index.php?rest_route=\/wp\/v2\/posts"}],"about":[{"href":"https:\/\/sudoesteacontece.com.br\/index.php?rest_route=\/wp\/v2\/types\/post"}],"author":[{"embeddable":true,"href":"https:\/\/sudoesteacontece.com.br\/index.php?rest_route=\/wp\/v2\/users\/2"}],"replies":[{"embeddable":true,"href":"https:\/\/sudoesteacontece.com.br\/index.php?rest_route=%2Fwp%2Fv2%2Fcomments&post=6805"}],"version-history":[{"count":0,"href":"https:\/\/sudoesteacontece.com.br\/index.php?rest_route=\/wp\/v2\/posts\/6805\/revisions"}],"wp:featuredmedia":[{"embeddable":true,"href":"https:\/\/sudoesteacontece.com.br\/index.php?rest_route=\/wp\/v2\/media\/6832"}],"wp:attachment":[{"href":"https:\/\/sudoesteacontece.com.br\/index.php?rest_route=%2Fwp%2Fv2%2Fmedia&parent=6805"}],"wp:term":[{"taxonomy":"category","embeddable":true,"href":"https:\/\/sudoesteacontece.com.br\/index.php?rest_route=%2Fwp%2Fv2%2Fcategories&post=6805"},{"taxonomy":"post_tag","embeddable":true,"href":"https:\/\/sudoesteacontece.com.br\/index.php?rest_route=%2Fwp%2Fv2%2Ftags&post=6805"}],"curies":[{"name":"wp","href":"https:\/\/api.w.org\/{rel}","templated":true}]}}