{"id":6840,"date":"2026-01-26T17:06:38","date_gmt":"2026-01-26T20:06:38","guid":{"rendered":"https:\/\/sudoesteacontece.com.br\/?p=6840"},"modified":"2026-01-26T17:06:44","modified_gmt":"2026-01-26T20:06:44","slug":"rui-costa-antecipa-2026-fecha-chapa-do-pt-e-exclui-angelo-coronel","status":"publish","type":"post","link":"https:\/\/sudoesteacontece.com.br\/?p=6840","title":{"rendered":"Rui Costa antecipa 2026, fecha chapa do PT e exclui Angelo Coronel"},"content":{"rendered":"<div class=\"wp-block-image\">\n<figure class=\"aligncenter size-full\"><img fetchpriority=\"high\" decoding=\"async\" width=\"900\" height=\"600\" src=\"http:\/\/sudoesteacontece.com.br\/wp-content\/uploads\/2026\/01\/Rui-Costa-antecipa-2026-fecha-chapa-do-PT-e-exclui-Angelo-Coronel-sudoeste-acontecde.jpg\" alt=\"\" class=\"wp-image-6852\" srcset=\"https:\/\/sudoesteacontece.com.br\/wp-content\/uploads\/2026\/01\/Rui-Costa-antecipa-2026-fecha-chapa-do-PT-e-exclui-Angelo-Coronel-sudoeste-acontecde.jpg 900w, https:\/\/sudoesteacontece.com.br\/wp-content\/uploads\/2026\/01\/Rui-Costa-antecipa-2026-fecha-chapa-do-PT-e-exclui-Angelo-Coronel-sudoeste-acontecde-300x200.jpg 300w, https:\/\/sudoesteacontece.com.br\/wp-content\/uploads\/2026\/01\/Rui-Costa-antecipa-2026-fecha-chapa-do-PT-e-exclui-Angelo-Coronel-sudoeste-acontecde-768x512.jpg 768w\" sizes=\"(max-width: 900px) 100vw, 900px\" \/><\/figure>\n<\/div>\n\n\n<p>Rui Costa afirmou que a chapa governista para as elei\u00e7\u00f5es de 2026 na Bahia j\u00e1 est\u00e1 definida e n\u00e3o inclui o senador Angelo Coronel (PSD). A declara\u00e7\u00e3o foi feita em Marac\u00e1s, no Vale do Jiquiri\u00e7\u00e1, durante agenda ao lado do governador Jer\u00f4nimo Rodrigues e do senador Jaques Wagner, refor\u00e7ando a unidade interna do PT.<\/p>\n\n\n\n<p>Durante entrevista, o ministro da Casa Civil foi direto ao tratar do futuro pol\u00edtico. Rui disse que deixar\u00e1 o minist\u00e9rio no fim de mar\u00e7o para disputar uma vaga no Senado, compondo a chapa com Jer\u00f4nimo na reelei\u00e7\u00e3o ao governo e Wagner tamb\u00e9m candidato ao Senado, afastando qualquer chance de concorrer ao Executivo estadual.<\/p>\n\n\n\n<p>Agenda pol\u00edtica em Marac\u00e1s incluiu a inaugura\u00e7\u00e3o de uma escola em tempo integral e serviu como gesto simb\u00f3lico da alian\u00e7a entre os tr\u00eas petistas. A aus\u00eancia de Angelo Coronel e do senador Otto Alencar chamou aten\u00e7\u00e3o e ampliou a leitura de que o PSD pode ficar fora do n\u00facleo principal da disputa majorit\u00e1ria.<\/p>\n\n\n\n<p>Enquanto Rui adota tom definitivo, Jer\u00f4nimo Rodrigues mant\u00e9m discurso mais cauteloso e afirma que as conversas seguem abertas. Jaques Wagner defende uma chapa majorit\u00e1ria formada apenas por petistas, mas reconhece que o processo ainda envolve negocia\u00e7\u00f5es, inclusive com participa\u00e7\u00e3o direta do presidente Lula.<\/p>\n\n\n\n<p>J\u00e1 no campo do PSD, Angelo Coronel sustenta que ser\u00e1 candidato \u00e0 reelei\u00e7\u00e3o ao Senado. Otto Alencar garantiu que o partido assegura legenda ao aliado, mesmo fora da chapa governista, indicando que a disputa de 2026 deve aprofundar tens\u00f5es e redesenhar alian\u00e7as na pol\u00edtica baiana.<\/p>\n","protected":false},"excerpt":{"rendered":"<p>Rui Costa afirmou que a chapa governista para as elei\u00e7\u00f5es de 2026 na Bahia j\u00e1 est\u00e1 definida e n\u00e3o inclui o senador Angelo Coronel (PSD). A declara\u00e7\u00e3o foi feita em Marac\u00e1s, no Vale do Jiquiri\u00e7\u00e1, durante agenda ao lado do governador Jer\u00f4nimo Rodrigues e do senador Jaques Wagner, refor\u00e7ando a unidade interna do PT. Durante entrevista, o ministro da Casa Civil foi direto ao tratar do futuro pol\u00edtico. Rui disse que deixar\u00e1 o minist\u00e9rio no fim de mar\u00e7o para disputar uma vaga no Senado, compondo a chapa com Jer\u00f4nimo na reelei\u00e7\u00e3o ao governo e Wagner tamb\u00e9m candidato ao Senado, afastando qualquer chance de concorrer ao Executivo estadual. Agenda pol\u00edtica em Marac\u00e1s incluiu a inaugura\u00e7\u00e3o de uma escola em tempo integral e serviu como gesto simb\u00f3lico da alian\u00e7a entre os tr\u00eas petistas. A aus\u00eancia de Angelo Coronel e do senador Otto Alencar chamou aten\u00e7\u00e3o e ampliou a leitura de que o PSD pode ficar fora do n\u00facleo principal da disputa majorit\u00e1ria. Enquanto Rui adota tom definitivo, Jer\u00f4nimo Rodrigues mant\u00e9m discurso mais cauteloso e afirma que as conversas seguem abertas. Jaques Wagner defende uma chapa majorit\u00e1ria formada apenas por petistas, mas reconhece que o processo ainda envolve negocia\u00e7\u00f5es, inclusive com participa\u00e7\u00e3o direta do presidente Lula. J\u00e1 no campo do PSD, Angelo Coronel sustenta que ser\u00e1 candidato \u00e0 reelei\u00e7\u00e3o ao Senado. Otto Alencar garantiu que o partido assegura legenda ao aliado, mesmo fora da chapa governista, indicando que a disputa de 2026 deve aprofundar tens\u00f5es e redesenhar alian\u00e7as na pol\u00edtica baiana.<\/p>\n","protected":false},"author":2,"featured_media":6852,"comment_status":"open","ping_status":"open","sticky":false,"template":"","format":"standard","meta":{"footnotes":""},"categories":[7,58,6],"tags":[],"class_list":["post-6840","post","type-post","status-publish","format-standard","has-post-thumbnail","hentry","category-bahia","category-eleicoes-2026","category-politica"],"yoast_head":"<!-- This site is optimized with the Yoast SEO plugin v26.5 - https:\/\/yoast.com\/wordpress\/plugins\/seo\/ -->\n<title>Rui Costa antecipa 2026, fecha chapa do PT e exclui Angelo Coronel - Sudoesteacontece<\/title>\n<meta name=\"robots\" content=\"index, follow, max-snippet:-1, max-image-preview:large, max-video-preview:-1\" \/>\n<link rel=\"canonical\" href=\"https:\/\/sudoesteacontece.com.br\/?p=6840\" \/>\n<meta property=\"og:locale\" content=\"pt_BR\" \/>\n<meta property=\"og:type\" content=\"article\" \/>\n<meta property=\"og:title\" content=\"Rui Costa antecipa 2026, fecha chapa do PT e exclui Angelo Coronel - Sudoesteacontece\" \/>\n<meta property=\"og:description\" content=\"Rui Costa afirmou que a chapa governista para as elei\u00e7\u00f5es de 2026 na Bahia j\u00e1 est\u00e1 definida e n\u00e3o inclui o senador Angelo Coronel (PSD). A declara\u00e7\u00e3o foi feita em Marac\u00e1s, no Vale do Jiquiri\u00e7\u00e1, durante agenda ao lado do governador Jer\u00f4nimo Rodrigues e do senador Jaques Wagner, refor\u00e7ando a unidade interna do PT. Durante entrevista, o ministro da Casa Civil foi direto ao tratar do futuro pol\u00edtico. Rui disse que deixar\u00e1 o minist\u00e9rio no fim de mar\u00e7o para disputar uma vaga no Senado, compondo a chapa com Jer\u00f4nimo na reelei\u00e7\u00e3o ao governo e Wagner tamb\u00e9m candidato ao Senado, afastando qualquer chance de concorrer ao Executivo estadual. Agenda pol\u00edtica em Marac\u00e1s incluiu a inaugura\u00e7\u00e3o de uma escola em tempo integral e serviu como gesto simb\u00f3lico da alian\u00e7a entre os tr\u00eas petistas. A aus\u00eancia de Angelo Coronel e do senador Otto Alencar chamou aten\u00e7\u00e3o e ampliou a leitura de que o PSD pode ficar fora do n\u00facleo principal da disputa majorit\u00e1ria. Enquanto Rui adota tom definitivo, Jer\u00f4nimo Rodrigues mant\u00e9m discurso mais cauteloso e afirma que as conversas seguem abertas. Jaques Wagner defende uma chapa majorit\u00e1ria formada apenas por petistas, mas reconhece que o processo ainda envolve negocia\u00e7\u00f5es, inclusive com participa\u00e7\u00e3o direta do presidente Lula. J\u00e1 no campo do PSD, Angelo Coronel sustenta que ser\u00e1 candidato \u00e0 reelei\u00e7\u00e3o ao Senado. Otto Alencar garantiu que o partido assegura legenda ao aliado, mesmo fora da chapa governista, indicando que a disputa de 2026 deve aprofundar tens\u00f5es e redesenhar alian\u00e7as na pol\u00edtica baiana.\" \/>\n<meta property=\"og:url\" content=\"https:\/\/sudoesteacontece.com.br\/?p=6840\" \/>\n<meta property=\"og:site_name\" content=\"Sudoesteacontece\" \/>\n<meta property=\"article:publisher\" content=\"https:\/\/www.facebook.com\/sudoesteacontece\/?locale=pt_BR\" \/>\n<meta property=\"article:published_time\" content=\"2026-01-26T20:06:38+00:00\" \/>\n<meta property=\"article:modified_time\" content=\"2026-01-26T20:06:44+00:00\" \/>\n<meta property=\"og:image\" content=\"https:\/\/sudoesteacontece.com.br\/wp-content\/uploads\/2026\/01\/Rui-Costa-antecipa-2026-fecha-chapa-do-PT-e-exclui-Angelo-Coronel-sudoeste-acontecde.jpg\" \/>\n\t<meta property=\"og:image:width\" content=\"900\" \/>\n\t<meta property=\"og:image:height\" content=\"600\" \/>\n\t<meta property=\"og:image:type\" content=\"image\/jpeg\" \/>\n<meta name=\"author\" content=\"Washington Tiago\" \/>\n<meta name=\"twitter:card\" content=\"summary_large_image\" \/>\n<meta name=\"twitter:label1\" content=\"Escrito por\" \/>\n\t<meta name=\"twitter:data1\" content=\"Washington Tiago\" \/>\n\t<meta name=\"twitter:label2\" content=\"Est. tempo de leitura\" \/>\n\t<meta name=\"twitter:data2\" content=\"2 minutos\" \/>\n<script type=\"application\/ld+json\" class=\"yoast-schema-graph\">{\"@context\":\"https:\/\/schema.org\",\"@graph\":[{\"@type\":\"Article\",\"@id\":\"https:\/\/sudoesteacontece.com.br\/?p=6840#article\",\"isPartOf\":{\"@id\":\"https:\/\/sudoesteacontece.com.br\/?p=6840\"},\"author\":{\"name\":\"Washington Tiago\",\"@id\":\"https:\/\/sudoesteacontece.com.br\/#\/schema\/person\/3cf2cf009926a9683ebc29d5379fa79c\"},\"headline\":\"Rui Costa antecipa 2026, fecha chapa do PT e exclui Angelo Coronel\",\"datePublished\":\"2026-01-26T20:06:38+00:00\",\"dateModified\":\"2026-01-26T20:06:44+00:00\",\"mainEntityOfPage\":{\"@id\":\"https:\/\/sudoesteacontece.com.br\/?p=6840\"},\"wordCount\":287,\"commentCount\":0,\"publisher\":{\"@id\":\"https:\/\/sudoesteacontece.com.br\/#organization\"},\"image\":{\"@id\":\"https:\/\/sudoesteacontece.com.br\/?p=6840#primaryimage\"},\"thumbnailUrl\":\"https:\/\/sudoesteacontece.com.br\/wp-content\/uploads\/2026\/01\/Rui-Costa-antecipa-2026-fecha-chapa-do-PT-e-exclui-Angelo-Coronel-sudoeste-acontecde.jpg\",\"articleSection\":[\"Bahia\",\"Elei\u00e7\u00f5es 2026\",\"Pol\u00edtica\"],\"inLanguage\":\"pt-BR\",\"potentialAction\":[{\"@type\":\"CommentAction\",\"name\":\"Comment\",\"target\":[\"https:\/\/sudoesteacontece.com.br\/?p=6840#respond\"]}]},{\"@type\":\"WebPage\",\"@id\":\"https:\/\/sudoesteacontece.com.br\/?p=6840\",\"url\":\"https:\/\/sudoesteacontece.com.br\/?p=6840\",\"name\":\"Rui Costa antecipa 2026, fecha chapa do PT e exclui Angelo Coronel - Sudoesteacontece\",\"isPartOf\":{\"@id\":\"https:\/\/sudoesteacontece.com.br\/#website\"},\"primaryImageOfPage\":{\"@id\":\"https:\/\/sudoesteacontece.com.br\/?p=6840#primaryimage\"},\"image\":{\"@id\":\"https:\/\/sudoesteacontece.com.br\/?p=6840#primaryimage\"},\"thumbnailUrl\":\"https:\/\/sudoesteacontece.com.br\/wp-content\/uploads\/2026\/01\/Rui-Costa-antecipa-2026-fecha-chapa-do-PT-e-exclui-Angelo-Coronel-sudoeste-acontecde.jpg\",\"datePublished\":\"2026-01-26T20:06:38+00:00\",\"dateModified\":\"2026-01-26T20:06:44+00:00\",\"breadcrumb\":{\"@id\":\"https:\/\/sudoesteacontece.com.br\/?p=6840#breadcrumb\"},\"inLanguage\":\"pt-BR\",\"potentialAction\":[{\"@type\":\"ReadAction\",\"target\":[\"https:\/\/sudoesteacontece.com.br\/?p=6840\"]}]},{\"@type\":\"ImageObject\",\"inLanguage\":\"pt-BR\",\"@id\":\"https:\/\/sudoesteacontece.com.br\/?p=6840#primaryimage\",\"url\":\"https:\/\/sudoesteacontece.com.br\/wp-content\/uploads\/2026\/01\/Rui-Costa-antecipa-2026-fecha-chapa-do-PT-e-exclui-Angelo-Coronel-sudoeste-acontecde.jpg\",\"contentUrl\":\"https:\/\/sudoesteacontece.com.br\/wp-content\/uploads\/2026\/01\/Rui-Costa-antecipa-2026-fecha-chapa-do-PT-e-exclui-Angelo-Coronel-sudoeste-acontecde.jpg\",\"width\":900,\"height\":600},{\"@type\":\"BreadcrumbList\",\"@id\":\"https:\/\/sudoesteacontece.com.br\/?p=6840#breadcrumb\",\"itemListElement\":[{\"@type\":\"ListItem\",\"position\":1,\"name\":\"In\u00edcio\",\"item\":\"https:\/\/sudoesteacontece.com.br\/\"},{\"@type\":\"ListItem\",\"position\":2,\"name\":\"Rui Costa antecipa 2026, fecha chapa do PT e exclui Angelo Coronel\"}]},{\"@type\":\"WebSite\",\"@id\":\"https:\/\/sudoesteacontece.com.br\/#website\",\"url\":\"https:\/\/sudoesteacontece.com.br\/\",\"name\":\"Sudoesteacontece\",\"description\":\"\",\"publisher\":{\"@id\":\"https:\/\/sudoesteacontece.com.br\/#organization\"},\"potentialAction\":[{\"@type\":\"SearchAction\",\"target\":{\"@type\":\"EntryPoint\",\"urlTemplate\":\"https:\/\/sudoesteacontece.com.br\/?s={search_term_string}\"},\"query-input\":{\"@type\":\"PropertyValueSpecification\",\"valueRequired\":true,\"valueName\":\"search_term_string\"}}],\"inLanguage\":\"pt-BR\"},{\"@type\":\"Organization\",\"@id\":\"https:\/\/sudoesteacontece.com.br\/#organization\",\"name\":\"Sudoesteacontece\",\"url\":\"https:\/\/sudoesteacontece.com.br\/\",\"logo\":{\"@type\":\"ImageObject\",\"inLanguage\":\"pt-BR\",\"@id\":\"https:\/\/sudoesteacontece.com.br\/#\/schema\/logo\/image\/\",\"url\":\"https:\/\/sudoesteacontece.com.br\/wp-content\/uploads\/2025\/12\/cropped-logo-2-180x180-1.png\",\"contentUrl\":\"https:\/\/sudoesteacontece.com.br\/wp-content\/uploads\/2025\/12\/cropped-logo-2-180x180-1.png\",\"width\":180,\"height\":180,\"caption\":\"Sudoesteacontece\"},\"image\":{\"@id\":\"https:\/\/sudoesteacontece.com.br\/#\/schema\/logo\/image\/\"},\"sameAs\":[\"https:\/\/www.facebook.com\/sudoesteacontece\/?locale=pt_BR\"]},{\"@type\":\"Person\",\"@id\":\"https:\/\/sudoesteacontece.com.br\/#\/schema\/person\/3cf2cf009926a9683ebc29d5379fa79c\",\"name\":\"Washington Tiago\",\"image\":{\"@type\":\"ImageObject\",\"inLanguage\":\"pt-BR\",\"@id\":\"https:\/\/sudoesteacontece.com.br\/#\/schema\/person\/image\/\",\"url\":\"https:\/\/secure.gravatar.com\/avatar\/33c43b8668157e040f9d1fe93c354bf087cbd8ba36270c1163198bd3ddcf2a56?s=96&d=mm&r=g\",\"contentUrl\":\"https:\/\/secure.gravatar.com\/avatar\/33c43b8668157e040f9d1fe93c354bf087cbd8ba36270c1163198bd3ddcf2a56?s=96&d=mm&r=g\",\"caption\":\"Washington Tiago\"},\"url\":\"https:\/\/sudoesteacontece.com.br\/?author=2\"}]}<\/script>\n<!-- \/ Yoast SEO plugin. -->","yoast_head_json":{"title":"Rui Costa antecipa 2026, fecha chapa do PT e exclui Angelo Coronel - Sudoesteacontece","robots":{"index":"index","follow":"follow","max-snippet":"max-snippet:-1","max-image-preview":"max-image-preview:large","max-video-preview":"max-video-preview:-1"},"canonical":"https:\/\/sudoesteacontece.com.br\/?p=6840","og_locale":"pt_BR","og_type":"article","og_title":"Rui Costa antecipa 2026, fecha chapa do PT e exclui Angelo Coronel - Sudoesteacontece","og_description":"Rui Costa afirmou que a chapa governista para as elei\u00e7\u00f5es de 2026 na Bahia j\u00e1 est\u00e1 definida e n\u00e3o inclui o senador Angelo Coronel (PSD). A declara\u00e7\u00e3o foi feita em Marac\u00e1s, no Vale do Jiquiri\u00e7\u00e1, durante agenda ao lado do governador Jer\u00f4nimo Rodrigues e do senador Jaques Wagner, refor\u00e7ando a unidade interna do PT. Durante entrevista, o ministro da Casa Civil foi direto ao tratar do futuro pol\u00edtico. Rui disse que deixar\u00e1 o minist\u00e9rio no fim de mar\u00e7o para disputar uma vaga no Senado, compondo a chapa com Jer\u00f4nimo na reelei\u00e7\u00e3o ao governo e Wagner tamb\u00e9m candidato ao Senado, afastando qualquer chance de concorrer ao Executivo estadual. Agenda pol\u00edtica em Marac\u00e1s incluiu a inaugura\u00e7\u00e3o de uma escola em tempo integral e serviu como gesto simb\u00f3lico da alian\u00e7a entre os tr\u00eas petistas. A aus\u00eancia de Angelo Coronel e do senador Otto Alencar chamou aten\u00e7\u00e3o e ampliou a leitura de que o PSD pode ficar fora do n\u00facleo principal da disputa majorit\u00e1ria. Enquanto Rui adota tom definitivo, Jer\u00f4nimo Rodrigues mant\u00e9m discurso mais cauteloso e afirma que as conversas seguem abertas. Jaques Wagner defende uma chapa majorit\u00e1ria formada apenas por petistas, mas reconhece que o processo ainda envolve negocia\u00e7\u00f5es, inclusive com participa\u00e7\u00e3o direta do presidente Lula. J\u00e1 no campo do PSD, Angelo Coronel sustenta que ser\u00e1 candidato \u00e0 reelei\u00e7\u00e3o ao Senado. Otto Alencar garantiu que o partido assegura legenda ao aliado, mesmo fora da chapa governista, indicando que a disputa de 2026 deve aprofundar tens\u00f5es e redesenhar alian\u00e7as na pol\u00edtica baiana.","og_url":"https:\/\/sudoesteacontece.com.br\/?p=6840","og_site_name":"Sudoesteacontece","article_publisher":"https:\/\/www.facebook.com\/sudoesteacontece\/?locale=pt_BR","article_published_time":"2026-01-26T20:06:38+00:00","article_modified_time":"2026-01-26T20:06:44+00:00","og_image":[{"width":900,"height":600,"url":"https:\/\/sudoesteacontece.com.br\/wp-content\/uploads\/2026\/01\/Rui-Costa-antecipa-2026-fecha-chapa-do-PT-e-exclui-Angelo-Coronel-sudoeste-acontecde.jpg","type":"image\/jpeg"}],"author":"Washington Tiago","twitter_card":"summary_large_image","twitter_misc":{"Escrito por":"Washington Tiago","Est. tempo de leitura":"2 minutos"},"schema":{"@context":"https:\/\/schema.org","@graph":[{"@type":"Article","@id":"https:\/\/sudoesteacontece.com.br\/?p=6840#article","isPartOf":{"@id":"https:\/\/sudoesteacontece.com.br\/?p=6840"},"author":{"name":"Washington Tiago","@id":"https:\/\/sudoesteacontece.com.br\/#\/schema\/person\/3cf2cf009926a9683ebc29d5379fa79c"},"headline":"Rui Costa antecipa 2026, fecha chapa do PT e exclui Angelo Coronel","datePublished":"2026-01-26T20:06:38+00:00","dateModified":"2026-01-26T20:06:44+00:00","mainEntityOfPage":{"@id":"https:\/\/sudoesteacontece.com.br\/?p=6840"},"wordCount":287,"commentCount":0,"publisher":{"@id":"https:\/\/sudoesteacontece.com.br\/#organization"},"image":{"@id":"https:\/\/sudoesteacontece.com.br\/?p=6840#primaryimage"},"thumbnailUrl":"https:\/\/sudoesteacontece.com.br\/wp-content\/uploads\/2026\/01\/Rui-Costa-antecipa-2026-fecha-chapa-do-PT-e-exclui-Angelo-Coronel-sudoeste-acontecde.jpg","articleSection":["Bahia","Elei\u00e7\u00f5es 2026","Pol\u00edtica"],"inLanguage":"pt-BR","potentialAction":[{"@type":"CommentAction","name":"Comment","target":["https:\/\/sudoesteacontece.com.br\/?p=6840#respond"]}]},{"@type":"WebPage","@id":"https:\/\/sudoesteacontece.com.br\/?p=6840","url":"https:\/\/sudoesteacontece.com.br\/?p=6840","name":"Rui Costa antecipa 2026, fecha chapa do PT e exclui Angelo Coronel - Sudoesteacontece","isPartOf":{"@id":"https:\/\/sudoesteacontece.com.br\/#website"},"primaryImageOfPage":{"@id":"https:\/\/sudoesteacontece.com.br\/?p=6840#primaryimage"},"image":{"@id":"https:\/\/sudoesteacontece.com.br\/?p=6840#primaryimage"},"thumbnailUrl":"https:\/\/sudoesteacontece.com.br\/wp-content\/uploads\/2026\/01\/Rui-Costa-antecipa-2026-fecha-chapa-do-PT-e-exclui-Angelo-Coronel-sudoeste-acontecde.jpg","datePublished":"2026-01-26T20:06:38+00:00","dateModified":"2026-01-26T20:06:44+00:00","breadcrumb":{"@id":"https:\/\/sudoesteacontece.com.br\/?p=6840#breadcrumb"},"inLanguage":"pt-BR","potentialAction":[{"@type":"ReadAction","target":["https:\/\/sudoesteacontece.com.br\/?p=6840"]}]},{"@type":"ImageObject","inLanguage":"pt-BR","@id":"https:\/\/sudoesteacontece.com.br\/?p=6840#primaryimage","url":"https:\/\/sudoesteacontece.com.br\/wp-content\/uploads\/2026\/01\/Rui-Costa-antecipa-2026-fecha-chapa-do-PT-e-exclui-Angelo-Coronel-sudoeste-acontecde.jpg","contentUrl":"https:\/\/sudoesteacontece.com.br\/wp-content\/uploads\/2026\/01\/Rui-Costa-antecipa-2026-fecha-chapa-do-PT-e-exclui-Angelo-Coronel-sudoeste-acontecde.jpg","width":900,"height":600},{"@type":"BreadcrumbList","@id":"https:\/\/sudoesteacontece.com.br\/?p=6840#breadcrumb","itemListElement":[{"@type":"ListItem","position":1,"name":"In\u00edcio","item":"https:\/\/sudoesteacontece.com.br\/"},{"@type":"ListItem","position":2,"name":"Rui Costa antecipa 2026, fecha chapa do PT e exclui Angelo Coronel"}]},{"@type":"WebSite","@id":"https:\/\/sudoesteacontece.com.br\/#website","url":"https:\/\/sudoesteacontece.com.br\/","name":"Sudoesteacontece","description":"","publisher":{"@id":"https:\/\/sudoesteacontece.com.br\/#organization"},"potentialAction":[{"@type":"SearchAction","target":{"@type":"EntryPoint","urlTemplate":"https:\/\/sudoesteacontece.com.br\/?s={search_term_string}"},"query-input":{"@type":"PropertyValueSpecification","valueRequired":true,"valueName":"search_term_string"}}],"inLanguage":"pt-BR"},{"@type":"Organization","@id":"https:\/\/sudoesteacontece.com.br\/#organization","name":"Sudoesteacontece","url":"https:\/\/sudoesteacontece.com.br\/","logo":{"@type":"ImageObject","inLanguage":"pt-BR","@id":"https:\/\/sudoesteacontece.com.br\/#\/schema\/logo\/image\/","url":"https:\/\/sudoesteacontece.com.br\/wp-content\/uploads\/2025\/12\/cropped-logo-2-180x180-1.png","contentUrl":"https:\/\/sudoesteacontece.com.br\/wp-content\/uploads\/2025\/12\/cropped-logo-2-180x180-1.png","width":180,"height":180,"caption":"Sudoesteacontece"},"image":{"@id":"https:\/\/sudoesteacontece.com.br\/#\/schema\/logo\/image\/"},"sameAs":["https:\/\/www.facebook.com\/sudoesteacontece\/?locale=pt_BR"]},{"@type":"Person","@id":"https:\/\/sudoesteacontece.com.br\/#\/schema\/person\/3cf2cf009926a9683ebc29d5379fa79c","name":"Washington Tiago","image":{"@type":"ImageObject","inLanguage":"pt-BR","@id":"https:\/\/sudoesteacontece.com.br\/#\/schema\/person\/image\/","url":"https:\/\/secure.gravatar.com\/avatar\/33c43b8668157e040f9d1fe93c354bf087cbd8ba36270c1163198bd3ddcf2a56?s=96&d=mm&r=g","contentUrl":"https:\/\/secure.gravatar.com\/avatar\/33c43b8668157e040f9d1fe93c354bf087cbd8ba36270c1163198bd3ddcf2a56?s=96&d=mm&r=g","caption":"Washington Tiago"},"url":"https:\/\/sudoesteacontece.com.br\/?author=2"}]}},"_links":{"self":[{"href":"https:\/\/sudoesteacontece.com.br\/index.php?rest_route=\/wp\/v2\/posts\/6840","targetHints":{"allow":["GET"]}}],"collection":[{"href":"https:\/\/sudoesteacontece.com.br\/index.php?rest_route=\/wp\/v2\/posts"}],"about":[{"href":"https:\/\/sudoesteacontece.com.br\/index.php?rest_route=\/wp\/v2\/types\/post"}],"author":[{"embeddable":true,"href":"https:\/\/sudoesteacontece.com.br\/index.php?rest_route=\/wp\/v2\/users\/2"}],"replies":[{"embeddable":true,"href":"https:\/\/sudoesteacontece.com.br\/index.php?rest_route=%2Fwp%2Fv2%2Fcomments&post=6840"}],"version-history":[{"count":0,"href":"https:\/\/sudoesteacontece.com.br\/index.php?rest_route=\/wp\/v2\/posts\/6840\/revisions"}],"wp:featuredmedia":[{"embeddable":true,"href":"https:\/\/sudoesteacontece.com.br\/index.php?rest_route=\/wp\/v2\/media\/6852"}],"wp:attachment":[{"href":"https:\/\/sudoesteacontece.com.br\/index.php?rest_route=%2Fwp%2Fv2%2Fmedia&parent=6840"}],"wp:term":[{"taxonomy":"category","embeddable":true,"href":"https:\/\/sudoesteacontece.com.br\/index.php?rest_route=%2Fwp%2Fv2%2Fcategories&post=6840"},{"taxonomy":"post_tag","embeddable":true,"href":"https:\/\/sudoesteacontece.com.br\/index.php?rest_route=%2Fwp%2Fv2%2Ftags&post=6840"}],"curies":[{"name":"wp","href":"https:\/\/api.w.org\/{rel}","templated":true}]}}