{"id":6861,"date":"2026-01-26T17:29:40","date_gmt":"2026-01-26T20:29:40","guid":{"rendered":"https:\/\/sudoesteacontece.com.br\/?p=6861"},"modified":"2026-01-26T17:29:46","modified_gmt":"2026-01-26T20:29:46","slug":"nikolas-ferreira-recebe-elogios-de-castro-e-nunes-apos-caminhada-pela-liberdade","status":"publish","type":"post","link":"https:\/\/sudoesteacontece.com.br\/?p=6861","title":{"rendered":"Nikolas Ferreira recebe elogios de Castro e Nunes ap\u00f3s \u2018Caminhada pela Liberdade\u2019"},"content":{"rendered":"<div class=\"wp-block-image\">\n<figure class=\"aligncenter size-full\"><img fetchpriority=\"high\" decoding=\"async\" width=\"900\" height=\"600\" src=\"http:\/\/sudoesteacontece.com.br\/wp-content\/uploads\/2026\/01\/Nikolas-Ferreira-recebe-elogios-de-Castro-e-Nunes-apos-\u2018Caminhada-pela-Liberdade-sudoeste-acontece.jpg\" alt=\"\" class=\"wp-image-6862\" srcset=\"https:\/\/sudoesteacontece.com.br\/wp-content\/uploads\/2026\/01\/Nikolas-Ferreira-recebe-elogios-de-Castro-e-Nunes-apos-\u2018Caminhada-pela-Liberdade-sudoeste-acontece.jpg 900w, https:\/\/sudoesteacontece.com.br\/wp-content\/uploads\/2026\/01\/Nikolas-Ferreira-recebe-elogios-de-Castro-e-Nunes-apos-\u2018Caminhada-pela-Liberdade-sudoeste-acontece-300x200.jpg 300w, https:\/\/sudoesteacontece.com.br\/wp-content\/uploads\/2026\/01\/Nikolas-Ferreira-recebe-elogios-de-Castro-e-Nunes-apos-\u2018Caminhada-pela-Liberdade-sudoeste-acontece-768x512.jpg 768w\" sizes=\"(max-width: 900px) 100vw, 900px\" \/><\/figure>\n<\/div>\n\n\n<p>Nikolas Ferreira (PL) foi parabenizado pelo governador do Rio de Janeiro, Cl\u00e1udio Castro (PL), e pelo prefeito de S\u00e3o Paulo, Ricardo Nunes (MDB), ap\u00f3s organizar a \u201cCaminhada pela Liberdade\u201d, ato que reuniu apoiadores de diversos estados e marcou-se pelo tom pac\u00edfico.<\/p>\n\n\n\n<p>Castro ligou pessoalmente para o deputado, destacando que o evento demonstrou como \u00e9 poss\u00edvel manifestar-se com respeito \u00e0 democracia e \u00e0s liberdades civis. Nunes enviou mensagem de WhatsApp refor\u00e7ando os elogios e elogiando a organiza\u00e7\u00e3o do parlamentar.<\/p>\n\n\n\n<p>A\u00e7\u00e3o contou tamb\u00e9m com ades\u00e3o de l\u00edderes de outros estados, como os governadores Tarc\u00edsio de Freitas (Republicanos) e Romeu Zema (Novo), que comentaram positivamente sobre a caminhada em suas redes sociais, ampliando a repercuss\u00e3o nacional do evento.<\/p>\n\n\n\n<p>Pol\u00edtica demonstra alinhamento estrat\u00e9gico: Castro e Nunes j\u00e1 manifestaram apoio a uma eventual anistia a Jair Bolsonaro e pretendem abrir espa\u00e7o pol\u00edtico para o senador Fl\u00e1vio Bolsonaro (PL) nas elei\u00e7\u00f5es presidenciais deste ano, sinalizando influ\u00eancia do ato no cen\u00e1rio eleitoral.<\/p>\n\n\n\n<p>Participa\u00e7\u00e3o refor\u00e7ou imagem de Nikolas Ferreira como articulador de mobiliza\u00e7\u00f5es pol\u00edticas de car\u00e1ter nacional, capaz de unir apoiadores de diferentes regi\u00f5es e partidos em torno de pautas ligadas \u00e0 liberdade e \u00e0 defesa de direitos democr\u00e1ticos, consolidando sua presen\u00e7a no debate p\u00fablico.<\/p>\n","protected":false},"excerpt":{"rendered":"<p>Nikolas Ferreira (PL) foi parabenizado pelo governador do Rio de Janeiro, Cl\u00e1udio Castro (PL), e pelo prefeito de S\u00e3o Paulo, Ricardo Nunes (MDB), ap\u00f3s organizar a \u201cCaminhada pela Liberdade\u201d, ato que reuniu apoiadores de diversos estados e marcou-se pelo tom pac\u00edfico. Castro ligou pessoalmente para o deputado, destacando que o evento demonstrou como \u00e9 poss\u00edvel manifestar-se com respeito \u00e0 democracia e \u00e0s liberdades civis. Nunes enviou mensagem de WhatsApp refor\u00e7ando os elogios e elogiando a organiza\u00e7\u00e3o do parlamentar. A\u00e7\u00e3o contou tamb\u00e9m com ades\u00e3o de l\u00edderes de outros estados, como os governadores Tarc\u00edsio de Freitas (Republicanos) e Romeu Zema (Novo), que comentaram positivamente sobre a caminhada em suas redes sociais, ampliando a repercuss\u00e3o nacional do evento. Pol\u00edtica demonstra alinhamento estrat\u00e9gico: Castro e Nunes j\u00e1 manifestaram apoio a uma eventual anistia a Jair Bolsonaro e pretendem abrir espa\u00e7o pol\u00edtico para o senador Fl\u00e1vio Bolsonaro (PL) nas elei\u00e7\u00f5es presidenciais deste ano, sinalizando influ\u00eancia do ato no cen\u00e1rio eleitoral. Participa\u00e7\u00e3o refor\u00e7ou imagem de Nikolas Ferreira como articulador de mobiliza\u00e7\u00f5es pol\u00edticas de car\u00e1ter nacional, capaz de unir apoiadores de diferentes regi\u00f5es e partidos em torno de pautas ligadas \u00e0 liberdade e \u00e0 defesa de direitos democr\u00e1ticos, consolidando sua presen\u00e7a no debate p\u00fablico.<\/p>\n","protected":false},"author":2,"featured_media":6862,"comment_status":"open","ping_status":"open","sticky":false,"template":"","format":"standard","meta":{"footnotes":""},"categories":[53,58,13,6],"tags":[],"class_list":["post-6861","post","type-post","status-publish","format-standard","has-post-thumbnail","hentry","category-brasil","category-eleicoes-2026","category-justica","category-politica"],"yoast_head":"<!-- This site is optimized with the Yoast SEO plugin v26.5 - https:\/\/yoast.com\/wordpress\/plugins\/seo\/ -->\n<title>Nikolas Ferreira recebe elogios de Castro e Nunes ap\u00f3s \u2018Caminhada pela Liberdade\u2019 - Sudoesteacontece<\/title>\n<meta name=\"robots\" content=\"index, follow, max-snippet:-1, max-image-preview:large, max-video-preview:-1\" \/>\n<link rel=\"canonical\" href=\"https:\/\/sudoesteacontece.com.br\/?p=6861\" \/>\n<meta property=\"og:locale\" content=\"pt_BR\" \/>\n<meta property=\"og:type\" content=\"article\" \/>\n<meta property=\"og:title\" content=\"Nikolas Ferreira recebe elogios de Castro e Nunes ap\u00f3s \u2018Caminhada pela Liberdade\u2019 - Sudoesteacontece\" \/>\n<meta property=\"og:description\" content=\"Nikolas Ferreira (PL) foi parabenizado pelo governador do Rio de Janeiro, Cl\u00e1udio Castro (PL), e pelo prefeito de S\u00e3o Paulo, Ricardo Nunes (MDB), ap\u00f3s organizar a \u201cCaminhada pela Liberdade\u201d, ato que reuniu apoiadores de diversos estados e marcou-se pelo tom pac\u00edfico. Castro ligou pessoalmente para o deputado, destacando que o evento demonstrou como \u00e9 poss\u00edvel manifestar-se com respeito \u00e0 democracia e \u00e0s liberdades civis. Nunes enviou mensagem de WhatsApp refor\u00e7ando os elogios e elogiando a organiza\u00e7\u00e3o do parlamentar. A\u00e7\u00e3o contou tamb\u00e9m com ades\u00e3o de l\u00edderes de outros estados, como os governadores Tarc\u00edsio de Freitas (Republicanos) e Romeu Zema (Novo), que comentaram positivamente sobre a caminhada em suas redes sociais, ampliando a repercuss\u00e3o nacional do evento. Pol\u00edtica demonstra alinhamento estrat\u00e9gico: Castro e Nunes j\u00e1 manifestaram apoio a uma eventual anistia a Jair Bolsonaro e pretendem abrir espa\u00e7o pol\u00edtico para o senador Fl\u00e1vio Bolsonaro (PL) nas elei\u00e7\u00f5es presidenciais deste ano, sinalizando influ\u00eancia do ato no cen\u00e1rio eleitoral. Participa\u00e7\u00e3o refor\u00e7ou imagem de Nikolas Ferreira como articulador de mobiliza\u00e7\u00f5es pol\u00edticas de car\u00e1ter nacional, capaz de unir apoiadores de diferentes regi\u00f5es e partidos em torno de pautas ligadas \u00e0 liberdade e \u00e0 defesa de direitos democr\u00e1ticos, consolidando sua presen\u00e7a no debate p\u00fablico.\" \/>\n<meta property=\"og:url\" content=\"https:\/\/sudoesteacontece.com.br\/?p=6861\" \/>\n<meta property=\"og:site_name\" content=\"Sudoesteacontece\" \/>\n<meta property=\"article:publisher\" content=\"https:\/\/www.facebook.com\/sudoesteacontece\/?locale=pt_BR\" \/>\n<meta property=\"article:published_time\" content=\"2026-01-26T20:29:40+00:00\" \/>\n<meta property=\"article:modified_time\" content=\"2026-01-26T20:29:46+00:00\" \/>\n<meta property=\"og:image\" content=\"https:\/\/sudoesteacontece.com.br\/wp-content\/uploads\/2026\/01\/Nikolas-Ferreira-recebe-elogios-de-Castro-e-Nunes-apos-\u2018Caminhada-pela-Liberdade-sudoeste-acontece.jpg\" \/>\n\t<meta property=\"og:image:width\" content=\"900\" \/>\n\t<meta property=\"og:image:height\" content=\"600\" \/>\n\t<meta property=\"og:image:type\" content=\"image\/jpeg\" \/>\n<meta name=\"author\" content=\"Washington Tiago\" \/>\n<meta name=\"twitter:card\" content=\"summary_large_image\" \/>\n<meta name=\"twitter:label1\" content=\"Escrito por\" \/>\n\t<meta name=\"twitter:data1\" content=\"Washington Tiago\" \/>\n\t<meta name=\"twitter:label2\" content=\"Est. tempo de leitura\" \/>\n\t<meta name=\"twitter:data2\" content=\"2 minutos\" \/>\n<script type=\"application\/ld+json\" class=\"yoast-schema-graph\">{\"@context\":\"https:\/\/schema.org\",\"@graph\":[{\"@type\":\"Article\",\"@id\":\"https:\/\/sudoesteacontece.com.br\/?p=6861#article\",\"isPartOf\":{\"@id\":\"https:\/\/sudoesteacontece.com.br\/?p=6861\"},\"author\":{\"name\":\"Washington Tiago\",\"@id\":\"https:\/\/sudoesteacontece.com.br\/#\/schema\/person\/3cf2cf009926a9683ebc29d5379fa79c\"},\"headline\":\"Nikolas Ferreira recebe elogios de Castro e Nunes ap\u00f3s \u2018Caminhada pela Liberdade\u2019\",\"datePublished\":\"2026-01-26T20:29:40+00:00\",\"dateModified\":\"2026-01-26T20:29:46+00:00\",\"mainEntityOfPage\":{\"@id\":\"https:\/\/sudoesteacontece.com.br\/?p=6861\"},\"wordCount\":236,\"commentCount\":0,\"publisher\":{\"@id\":\"https:\/\/sudoesteacontece.com.br\/#organization\"},\"image\":{\"@id\":\"https:\/\/sudoesteacontece.com.br\/?p=6861#primaryimage\"},\"thumbnailUrl\":\"https:\/\/sudoesteacontece.com.br\/wp-content\/uploads\/2026\/01\/Nikolas-Ferreira-recebe-elogios-de-Castro-e-Nunes-apos-\u2018Caminhada-pela-Liberdade-sudoeste-acontece.jpg\",\"articleSection\":[\"Brasil\",\"Elei\u00e7\u00f5es 2026\",\"Justi\u00e7a\",\"Pol\u00edtica\"],\"inLanguage\":\"pt-BR\",\"potentialAction\":[{\"@type\":\"CommentAction\",\"name\":\"Comment\",\"target\":[\"https:\/\/sudoesteacontece.com.br\/?p=6861#respond\"]}]},{\"@type\":\"WebPage\",\"@id\":\"https:\/\/sudoesteacontece.com.br\/?p=6861\",\"url\":\"https:\/\/sudoesteacontece.com.br\/?p=6861\",\"name\":\"Nikolas Ferreira recebe elogios de Castro e Nunes ap\u00f3s \u2018Caminhada pela Liberdade\u2019 - Sudoesteacontece\",\"isPartOf\":{\"@id\":\"https:\/\/sudoesteacontece.com.br\/#website\"},\"primaryImageOfPage\":{\"@id\":\"https:\/\/sudoesteacontece.com.br\/?p=6861#primaryimage\"},\"image\":{\"@id\":\"https:\/\/sudoesteacontece.com.br\/?p=6861#primaryimage\"},\"thumbnailUrl\":\"https:\/\/sudoesteacontece.com.br\/wp-content\/uploads\/2026\/01\/Nikolas-Ferreira-recebe-elogios-de-Castro-e-Nunes-apos-\u2018Caminhada-pela-Liberdade-sudoeste-acontece.jpg\",\"datePublished\":\"2026-01-26T20:29:40+00:00\",\"dateModified\":\"2026-01-26T20:29:46+00:00\",\"breadcrumb\":{\"@id\":\"https:\/\/sudoesteacontece.com.br\/?p=6861#breadcrumb\"},\"inLanguage\":\"pt-BR\",\"potentialAction\":[{\"@type\":\"ReadAction\",\"target\":[\"https:\/\/sudoesteacontece.com.br\/?p=6861\"]}]},{\"@type\":\"ImageObject\",\"inLanguage\":\"pt-BR\",\"@id\":\"https:\/\/sudoesteacontece.com.br\/?p=6861#primaryimage\",\"url\":\"https:\/\/sudoesteacontece.com.br\/wp-content\/uploads\/2026\/01\/Nikolas-Ferreira-recebe-elogios-de-Castro-e-Nunes-apos-\u2018Caminhada-pela-Liberdade-sudoeste-acontece.jpg\",\"contentUrl\":\"https:\/\/sudoesteacontece.com.br\/wp-content\/uploads\/2026\/01\/Nikolas-Ferreira-recebe-elogios-de-Castro-e-Nunes-apos-\u2018Caminhada-pela-Liberdade-sudoeste-acontece.jpg\",\"width\":900,\"height\":600},{\"@type\":\"BreadcrumbList\",\"@id\":\"https:\/\/sudoesteacontece.com.br\/?p=6861#breadcrumb\",\"itemListElement\":[{\"@type\":\"ListItem\",\"position\":1,\"name\":\"In\u00edcio\",\"item\":\"https:\/\/sudoesteacontece.com.br\/\"},{\"@type\":\"ListItem\",\"position\":2,\"name\":\"Nikolas Ferreira recebe elogios de Castro e Nunes ap\u00f3s \u2018Caminhada pela Liberdade\u2019\"}]},{\"@type\":\"WebSite\",\"@id\":\"https:\/\/sudoesteacontece.com.br\/#website\",\"url\":\"https:\/\/sudoesteacontece.com.br\/\",\"name\":\"Sudoesteacontece\",\"description\":\"\",\"publisher\":{\"@id\":\"https:\/\/sudoesteacontece.com.br\/#organization\"},\"potentialAction\":[{\"@type\":\"SearchAction\",\"target\":{\"@type\":\"EntryPoint\",\"urlTemplate\":\"https:\/\/sudoesteacontece.com.br\/?s={search_term_string}\"},\"query-input\":{\"@type\":\"PropertyValueSpecification\",\"valueRequired\":true,\"valueName\":\"search_term_string\"}}],\"inLanguage\":\"pt-BR\"},{\"@type\":\"Organization\",\"@id\":\"https:\/\/sudoesteacontece.com.br\/#organization\",\"name\":\"Sudoesteacontece\",\"url\":\"https:\/\/sudoesteacontece.com.br\/\",\"logo\":{\"@type\":\"ImageObject\",\"inLanguage\":\"pt-BR\",\"@id\":\"https:\/\/sudoesteacontece.com.br\/#\/schema\/logo\/image\/\",\"url\":\"https:\/\/sudoesteacontece.com.br\/wp-content\/uploads\/2025\/12\/cropped-logo-2-180x180-1.png\",\"contentUrl\":\"https:\/\/sudoesteacontece.com.br\/wp-content\/uploads\/2025\/12\/cropped-logo-2-180x180-1.png\",\"width\":180,\"height\":180,\"caption\":\"Sudoesteacontece\"},\"image\":{\"@id\":\"https:\/\/sudoesteacontece.com.br\/#\/schema\/logo\/image\/\"},\"sameAs\":[\"https:\/\/www.facebook.com\/sudoesteacontece\/?locale=pt_BR\"]},{\"@type\":\"Person\",\"@id\":\"https:\/\/sudoesteacontece.com.br\/#\/schema\/person\/3cf2cf009926a9683ebc29d5379fa79c\",\"name\":\"Washington Tiago\",\"image\":{\"@type\":\"ImageObject\",\"inLanguage\":\"pt-BR\",\"@id\":\"https:\/\/sudoesteacontece.com.br\/#\/schema\/person\/image\/\",\"url\":\"https:\/\/secure.gravatar.com\/avatar\/33c43b8668157e040f9d1fe93c354bf087cbd8ba36270c1163198bd3ddcf2a56?s=96&d=mm&r=g\",\"contentUrl\":\"https:\/\/secure.gravatar.com\/avatar\/33c43b8668157e040f9d1fe93c354bf087cbd8ba36270c1163198bd3ddcf2a56?s=96&d=mm&r=g\",\"caption\":\"Washington Tiago\"},\"url\":\"https:\/\/sudoesteacontece.com.br\/?author=2\"}]}<\/script>\n<!-- \/ Yoast SEO plugin. -->","yoast_head_json":{"title":"Nikolas Ferreira recebe elogios de Castro e Nunes ap\u00f3s \u2018Caminhada pela Liberdade\u2019 - Sudoesteacontece","robots":{"index":"index","follow":"follow","max-snippet":"max-snippet:-1","max-image-preview":"max-image-preview:large","max-video-preview":"max-video-preview:-1"},"canonical":"https:\/\/sudoesteacontece.com.br\/?p=6861","og_locale":"pt_BR","og_type":"article","og_title":"Nikolas Ferreira recebe elogios de Castro e Nunes ap\u00f3s \u2018Caminhada pela Liberdade\u2019 - Sudoesteacontece","og_description":"Nikolas Ferreira (PL) foi parabenizado pelo governador do Rio de Janeiro, Cl\u00e1udio Castro (PL), e pelo prefeito de S\u00e3o Paulo, Ricardo Nunes (MDB), ap\u00f3s organizar a \u201cCaminhada pela Liberdade\u201d, ato que reuniu apoiadores de diversos estados e marcou-se pelo tom pac\u00edfico. Castro ligou pessoalmente para o deputado, destacando que o evento demonstrou como \u00e9 poss\u00edvel manifestar-se com respeito \u00e0 democracia e \u00e0s liberdades civis. Nunes enviou mensagem de WhatsApp refor\u00e7ando os elogios e elogiando a organiza\u00e7\u00e3o do parlamentar. A\u00e7\u00e3o contou tamb\u00e9m com ades\u00e3o de l\u00edderes de outros estados, como os governadores Tarc\u00edsio de Freitas (Republicanos) e Romeu Zema (Novo), que comentaram positivamente sobre a caminhada em suas redes sociais, ampliando a repercuss\u00e3o nacional do evento. Pol\u00edtica demonstra alinhamento estrat\u00e9gico: Castro e Nunes j\u00e1 manifestaram apoio a uma eventual anistia a Jair Bolsonaro e pretendem abrir espa\u00e7o pol\u00edtico para o senador Fl\u00e1vio Bolsonaro (PL) nas elei\u00e7\u00f5es presidenciais deste ano, sinalizando influ\u00eancia do ato no cen\u00e1rio eleitoral. Participa\u00e7\u00e3o refor\u00e7ou imagem de Nikolas Ferreira como articulador de mobiliza\u00e7\u00f5es pol\u00edticas de car\u00e1ter nacional, capaz de unir apoiadores de diferentes regi\u00f5es e partidos em torno de pautas ligadas \u00e0 liberdade e \u00e0 defesa de direitos democr\u00e1ticos, consolidando sua presen\u00e7a no debate p\u00fablico.","og_url":"https:\/\/sudoesteacontece.com.br\/?p=6861","og_site_name":"Sudoesteacontece","article_publisher":"https:\/\/www.facebook.com\/sudoesteacontece\/?locale=pt_BR","article_published_time":"2026-01-26T20:29:40+00:00","article_modified_time":"2026-01-26T20:29:46+00:00","og_image":[{"width":900,"height":600,"url":"https:\/\/sudoesteacontece.com.br\/wp-content\/uploads\/2026\/01\/Nikolas-Ferreira-recebe-elogios-de-Castro-e-Nunes-apos-\u2018Caminhada-pela-Liberdade-sudoeste-acontece.jpg","type":"image\/jpeg"}],"author":"Washington Tiago","twitter_card":"summary_large_image","twitter_misc":{"Escrito por":"Washington Tiago","Est. tempo de leitura":"2 minutos"},"schema":{"@context":"https:\/\/schema.org","@graph":[{"@type":"Article","@id":"https:\/\/sudoesteacontece.com.br\/?p=6861#article","isPartOf":{"@id":"https:\/\/sudoesteacontece.com.br\/?p=6861"},"author":{"name":"Washington Tiago","@id":"https:\/\/sudoesteacontece.com.br\/#\/schema\/person\/3cf2cf009926a9683ebc29d5379fa79c"},"headline":"Nikolas Ferreira recebe elogios de Castro e Nunes ap\u00f3s \u2018Caminhada pela Liberdade\u2019","datePublished":"2026-01-26T20:29:40+00:00","dateModified":"2026-01-26T20:29:46+00:00","mainEntityOfPage":{"@id":"https:\/\/sudoesteacontece.com.br\/?p=6861"},"wordCount":236,"commentCount":0,"publisher":{"@id":"https:\/\/sudoesteacontece.com.br\/#organization"},"image":{"@id":"https:\/\/sudoesteacontece.com.br\/?p=6861#primaryimage"},"thumbnailUrl":"https:\/\/sudoesteacontece.com.br\/wp-content\/uploads\/2026\/01\/Nikolas-Ferreira-recebe-elogios-de-Castro-e-Nunes-apos-\u2018Caminhada-pela-Liberdade-sudoeste-acontece.jpg","articleSection":["Brasil","Elei\u00e7\u00f5es 2026","Justi\u00e7a","Pol\u00edtica"],"inLanguage":"pt-BR","potentialAction":[{"@type":"CommentAction","name":"Comment","target":["https:\/\/sudoesteacontece.com.br\/?p=6861#respond"]}]},{"@type":"WebPage","@id":"https:\/\/sudoesteacontece.com.br\/?p=6861","url":"https:\/\/sudoesteacontece.com.br\/?p=6861","name":"Nikolas Ferreira recebe elogios de Castro e Nunes ap\u00f3s \u2018Caminhada pela Liberdade\u2019 - Sudoesteacontece","isPartOf":{"@id":"https:\/\/sudoesteacontece.com.br\/#website"},"primaryImageOfPage":{"@id":"https:\/\/sudoesteacontece.com.br\/?p=6861#primaryimage"},"image":{"@id":"https:\/\/sudoesteacontece.com.br\/?p=6861#primaryimage"},"thumbnailUrl":"https:\/\/sudoesteacontece.com.br\/wp-content\/uploads\/2026\/01\/Nikolas-Ferreira-recebe-elogios-de-Castro-e-Nunes-apos-\u2018Caminhada-pela-Liberdade-sudoeste-acontece.jpg","datePublished":"2026-01-26T20:29:40+00:00","dateModified":"2026-01-26T20:29:46+00:00","breadcrumb":{"@id":"https:\/\/sudoesteacontece.com.br\/?p=6861#breadcrumb"},"inLanguage":"pt-BR","potentialAction":[{"@type":"ReadAction","target":["https:\/\/sudoesteacontece.com.br\/?p=6861"]}]},{"@type":"ImageObject","inLanguage":"pt-BR","@id":"https:\/\/sudoesteacontece.com.br\/?p=6861#primaryimage","url":"https:\/\/sudoesteacontece.com.br\/wp-content\/uploads\/2026\/01\/Nikolas-Ferreira-recebe-elogios-de-Castro-e-Nunes-apos-\u2018Caminhada-pela-Liberdade-sudoeste-acontece.jpg","contentUrl":"https:\/\/sudoesteacontece.com.br\/wp-content\/uploads\/2026\/01\/Nikolas-Ferreira-recebe-elogios-de-Castro-e-Nunes-apos-\u2018Caminhada-pela-Liberdade-sudoeste-acontece.jpg","width":900,"height":600},{"@type":"BreadcrumbList","@id":"https:\/\/sudoesteacontece.com.br\/?p=6861#breadcrumb","itemListElement":[{"@type":"ListItem","position":1,"name":"In\u00edcio","item":"https:\/\/sudoesteacontece.com.br\/"},{"@type":"ListItem","position":2,"name":"Nikolas Ferreira recebe elogios de Castro e Nunes ap\u00f3s \u2018Caminhada pela Liberdade\u2019"}]},{"@type":"WebSite","@id":"https:\/\/sudoesteacontece.com.br\/#website","url":"https:\/\/sudoesteacontece.com.br\/","name":"Sudoesteacontece","description":"","publisher":{"@id":"https:\/\/sudoesteacontece.com.br\/#organization"},"potentialAction":[{"@type":"SearchAction","target":{"@type":"EntryPoint","urlTemplate":"https:\/\/sudoesteacontece.com.br\/?s={search_term_string}"},"query-input":{"@type":"PropertyValueSpecification","valueRequired":true,"valueName":"search_term_string"}}],"inLanguage":"pt-BR"},{"@type":"Organization","@id":"https:\/\/sudoesteacontece.com.br\/#organization","name":"Sudoesteacontece","url":"https:\/\/sudoesteacontece.com.br\/","logo":{"@type":"ImageObject","inLanguage":"pt-BR","@id":"https:\/\/sudoesteacontece.com.br\/#\/schema\/logo\/image\/","url":"https:\/\/sudoesteacontece.com.br\/wp-content\/uploads\/2025\/12\/cropped-logo-2-180x180-1.png","contentUrl":"https:\/\/sudoesteacontece.com.br\/wp-content\/uploads\/2025\/12\/cropped-logo-2-180x180-1.png","width":180,"height":180,"caption":"Sudoesteacontece"},"image":{"@id":"https:\/\/sudoesteacontece.com.br\/#\/schema\/logo\/image\/"},"sameAs":["https:\/\/www.facebook.com\/sudoesteacontece\/?locale=pt_BR"]},{"@type":"Person","@id":"https:\/\/sudoesteacontece.com.br\/#\/schema\/person\/3cf2cf009926a9683ebc29d5379fa79c","name":"Washington Tiago","image":{"@type":"ImageObject","inLanguage":"pt-BR","@id":"https:\/\/sudoesteacontece.com.br\/#\/schema\/person\/image\/","url":"https:\/\/secure.gravatar.com\/avatar\/33c43b8668157e040f9d1fe93c354bf087cbd8ba36270c1163198bd3ddcf2a56?s=96&d=mm&r=g","contentUrl":"https:\/\/secure.gravatar.com\/avatar\/33c43b8668157e040f9d1fe93c354bf087cbd8ba36270c1163198bd3ddcf2a56?s=96&d=mm&r=g","caption":"Washington Tiago"},"url":"https:\/\/sudoesteacontece.com.br\/?author=2"}]}},"_links":{"self":[{"href":"https:\/\/sudoesteacontece.com.br\/index.php?rest_route=\/wp\/v2\/posts\/6861","targetHints":{"allow":["GET"]}}],"collection":[{"href":"https:\/\/sudoesteacontece.com.br\/index.php?rest_route=\/wp\/v2\/posts"}],"about":[{"href":"https:\/\/sudoesteacontece.com.br\/index.php?rest_route=\/wp\/v2\/types\/post"}],"author":[{"embeddable":true,"href":"https:\/\/sudoesteacontece.com.br\/index.php?rest_route=\/wp\/v2\/users\/2"}],"replies":[{"embeddable":true,"href":"https:\/\/sudoesteacontece.com.br\/index.php?rest_route=%2Fwp%2Fv2%2Fcomments&post=6861"}],"version-history":[{"count":0,"href":"https:\/\/sudoesteacontece.com.br\/index.php?rest_route=\/wp\/v2\/posts\/6861\/revisions"}],"wp:featuredmedia":[{"embeddable":true,"href":"https:\/\/sudoesteacontece.com.br\/index.php?rest_route=\/wp\/v2\/media\/6862"}],"wp:attachment":[{"href":"https:\/\/sudoesteacontece.com.br\/index.php?rest_route=%2Fwp%2Fv2%2Fmedia&parent=6861"}],"wp:term":[{"taxonomy":"category","embeddable":true,"href":"https:\/\/sudoesteacontece.com.br\/index.php?rest_route=%2Fwp%2Fv2%2Fcategories&post=6861"},{"taxonomy":"post_tag","embeddable":true,"href":"https:\/\/sudoesteacontece.com.br\/index.php?rest_route=%2Fwp%2Fv2%2Ftags&post=6861"}],"curies":[{"name":"wp","href":"https:\/\/api.w.org\/{rel}","templated":true}]}}