{"id":6867,"date":"2026-01-27T10:24:12","date_gmt":"2026-01-27T13:24:12","guid":{"rendered":"https:\/\/sudoesteacontece.com.br\/?p=6867"},"modified":"2026-01-27T10:24:18","modified_gmt":"2026-01-27T13:24:18","slug":"vacinacao-contra-a-dengue-mobiliza-brumado-e-protege-mais-de-230-jovens-no-primeiro-dia","status":"publish","type":"post","link":"https:\/\/sudoesteacontece.com.br\/?p=6867","title":{"rendered":"Vacina\u00e7\u00e3o contra a dengue mobiliza Brumado e protege mais de 230 jovens no primeiro dia"},"content":{"rendered":"<div class=\"wp-block-image\">\n<figure class=\"aligncenter size-full\"><img fetchpriority=\"high\" decoding=\"async\" width=\"900\" height=\"600\" src=\"http:\/\/sudoesteacontece.com.br\/wp-content\/uploads\/2026\/01\/Vacinacao-contra-a-dengue-mobiliza-Brumado-e-protege-mais-de-230-jovens-no-primeiro-dia-sudoeste-acontece.jpg\" alt=\"\" class=\"wp-image-6900\" srcset=\"https:\/\/sudoesteacontece.com.br\/wp-content\/uploads\/2026\/01\/Vacinacao-contra-a-dengue-mobiliza-Brumado-e-protege-mais-de-230-jovens-no-primeiro-dia-sudoeste-acontece.jpg 900w, https:\/\/sudoesteacontece.com.br\/wp-content\/uploads\/2026\/01\/Vacinacao-contra-a-dengue-mobiliza-Brumado-e-protege-mais-de-230-jovens-no-primeiro-dia-sudoeste-acontece-300x200.jpg 300w, https:\/\/sudoesteacontece.com.br\/wp-content\/uploads\/2026\/01\/Vacinacao-contra-a-dengue-mobiliza-Brumado-e-protege-mais-de-230-jovens-no-primeiro-dia-sudoeste-acontece-768x512.jpg 768w\" sizes=\"(max-width: 900px) 100vw, 900px\" \/><\/figure>\n<\/div>\n\n\n<p>Brumado iniciou nesta segunda-feira (26) a vacina\u00e7\u00e3o contra a dengue e j\u00e1 no primeiro dia garantiu prote\u00e7\u00e3o a mais de 230 crian\u00e7as e adolescentes. A a\u00e7\u00e3o da Prefeitura, coordenada pela Secretaria Municipal de Sa\u00fade, abriu oficialmente a imuniza\u00e7\u00e3o do p\u00fablico priorit\u00e1rio entre 10 e 14 anos, seguindo crit\u00e9rios definidos pelo Minist\u00e9rio da Sa\u00fade e refor\u00e7ando o combate \u00e0 doen\u00e7a.<\/p>\n\n\n\n<p>Mobiliza\u00e7\u00e3o marcou o funcionamento das salas de vacina nas Unidades B\u00e1sicas de Sa\u00fade, que receberam grande procura ao longo do dia. Pais e respons\u00e1veis compareceram motivados pela preven\u00e7\u00e3o, conscientes dos riscos da dengue. O movimento intenso refletiu confian\u00e7a no servi\u00e7o p\u00fablico e preocupa\u00e7\u00e3o coletiva com a sa\u00fade das crian\u00e7as e adolescentes do munic\u00edpio.<\/p>\n\n\n\n<p>Fam\u00edlias devem procurar a UBS mais pr\u00f3xima para garantir a vacina, levando documento oficial de identifica\u00e7\u00e3o, carteira de vacina\u00e7\u00e3o e cart\u00e3o do SUS. Documenta\u00e7\u00e3o completa agiliza o atendimento e assegura o registro correto da dose aplicada. A Secretaria de Sa\u00fade destaca que a organiza\u00e7\u00e3o facilita o fluxo e amplia o acesso de todos ao imunizante.<\/p>\n\n\n\n<p>Imuniza\u00e7\u00e3o representa um avan\u00e7o importante na preven\u00e7\u00e3o da dengue, somando-se a outras a\u00e7\u00f5es de enfrentamento da doen\u00e7a j\u00e1 realizadas na cidade. Al\u00e9m de proteger vidas, a vacina reduz interna\u00e7\u00f5es e complica\u00e7\u00f5es graves, trazendo al\u00edvio \u00e0s fam\u00edlias e ao sistema de sa\u00fade local.<\/p>\n\n\n\n<p>Gest\u00e3o municipal reafirma o compromisso com pol\u00edticas p\u00fablicas voltadas \u00e0 preven\u00e7\u00e3o e ao cuidado cont\u00ednuo da popula\u00e7\u00e3o. O fortalecimento da vacina\u00e7\u00e3o demonstra prioridade com a vida, amplia a cobertura de sa\u00fade e refor\u00e7a a confian\u00e7a da comunidade em um trabalho que salva, protege e prepara Brumado para desafios futuros.<\/p>\n","protected":false},"excerpt":{"rendered":"<p>Brumado iniciou nesta segunda-feira (26) a vacina\u00e7\u00e3o contra a dengue e j\u00e1 no primeiro dia garantiu prote\u00e7\u00e3o a mais de 230 crian\u00e7as e adolescentes. A a\u00e7\u00e3o da Prefeitura, coordenada pela Secretaria Municipal de Sa\u00fade, abriu oficialmente a imuniza\u00e7\u00e3o do p\u00fablico priorit\u00e1rio entre 10 e 14 anos, seguindo crit\u00e9rios definidos pelo Minist\u00e9rio da Sa\u00fade e refor\u00e7ando o combate \u00e0 doen\u00e7a. Mobiliza\u00e7\u00e3o marcou o funcionamento das salas de vacina nas Unidades B\u00e1sicas de Sa\u00fade, que receberam grande procura ao longo do dia. Pais e respons\u00e1veis compareceram motivados pela preven\u00e7\u00e3o, conscientes dos riscos da dengue. O movimento intenso refletiu confian\u00e7a no servi\u00e7o p\u00fablico e preocupa\u00e7\u00e3o coletiva com a sa\u00fade das crian\u00e7as e adolescentes do munic\u00edpio. Fam\u00edlias devem procurar a UBS mais pr\u00f3xima para garantir a vacina, levando documento oficial de identifica\u00e7\u00e3o, carteira de vacina\u00e7\u00e3o e cart\u00e3o do SUS. Documenta\u00e7\u00e3o completa agiliza o atendimento e assegura o registro correto da dose aplicada. A Secretaria de Sa\u00fade destaca que a organiza\u00e7\u00e3o facilita o fluxo e amplia o acesso de todos ao imunizante. Imuniza\u00e7\u00e3o representa um avan\u00e7o importante na preven\u00e7\u00e3o da dengue, somando-se a outras a\u00e7\u00f5es de enfrentamento da doen\u00e7a j\u00e1 realizadas na cidade. Al\u00e9m de proteger vidas, a vacina reduz interna\u00e7\u00f5es e complica\u00e7\u00f5es graves, trazendo al\u00edvio \u00e0s fam\u00edlias e ao sistema de sa\u00fade local. Gest\u00e3o municipal reafirma o compromisso com pol\u00edticas p\u00fablicas voltadas \u00e0 preven\u00e7\u00e3o e ao cuidado cont\u00ednuo da popula\u00e7\u00e3o. O fortalecimento da vacina\u00e7\u00e3o demonstra prioridade com a vida, amplia a cobertura de sa\u00fade e refor\u00e7a a confian\u00e7a da comunidade em um trabalho que salva, protege e prepara Brumado para desafios futuros.<\/p>\n","protected":false},"author":2,"featured_media":6900,"comment_status":"open","ping_status":"open","sticky":false,"template":"","format":"standard","meta":{"footnotes":""},"categories":[10,6,45],"tags":[],"class_list":["post-6867","post","type-post","status-publish","format-standard","has-post-thumbnail","hentry","category-brumado","category-politica","category-saude"],"yoast_head":"<!-- This site is optimized with the Yoast SEO plugin v26.5 - https:\/\/yoast.com\/wordpress\/plugins\/seo\/ -->\n<title>Vacina\u00e7\u00e3o contra a dengue mobiliza Brumado e protege mais de 230 jovens no primeiro dia - Sudoesteacontece<\/title>\n<meta name=\"robots\" content=\"index, follow, max-snippet:-1, max-image-preview:large, max-video-preview:-1\" \/>\n<link rel=\"canonical\" href=\"https:\/\/sudoesteacontece.com.br\/?p=6867\" \/>\n<meta property=\"og:locale\" content=\"pt_BR\" \/>\n<meta property=\"og:type\" content=\"article\" \/>\n<meta property=\"og:title\" content=\"Vacina\u00e7\u00e3o contra a dengue mobiliza Brumado e protege mais de 230 jovens no primeiro dia - Sudoesteacontece\" \/>\n<meta property=\"og:description\" content=\"Brumado iniciou nesta segunda-feira (26) a vacina\u00e7\u00e3o contra a dengue e j\u00e1 no primeiro dia garantiu prote\u00e7\u00e3o a mais de 230 crian\u00e7as e adolescentes. A a\u00e7\u00e3o da Prefeitura, coordenada pela Secretaria Municipal de Sa\u00fade, abriu oficialmente a imuniza\u00e7\u00e3o do p\u00fablico priorit\u00e1rio entre 10 e 14 anos, seguindo crit\u00e9rios definidos pelo Minist\u00e9rio da Sa\u00fade e refor\u00e7ando o combate \u00e0 doen\u00e7a. Mobiliza\u00e7\u00e3o marcou o funcionamento das salas de vacina nas Unidades B\u00e1sicas de Sa\u00fade, que receberam grande procura ao longo do dia. Pais e respons\u00e1veis compareceram motivados pela preven\u00e7\u00e3o, conscientes dos riscos da dengue. O movimento intenso refletiu confian\u00e7a no servi\u00e7o p\u00fablico e preocupa\u00e7\u00e3o coletiva com a sa\u00fade das crian\u00e7as e adolescentes do munic\u00edpio. Fam\u00edlias devem procurar a UBS mais pr\u00f3xima para garantir a vacina, levando documento oficial de identifica\u00e7\u00e3o, carteira de vacina\u00e7\u00e3o e cart\u00e3o do SUS. Documenta\u00e7\u00e3o completa agiliza o atendimento e assegura o registro correto da dose aplicada. A Secretaria de Sa\u00fade destaca que a organiza\u00e7\u00e3o facilita o fluxo e amplia o acesso de todos ao imunizante. Imuniza\u00e7\u00e3o representa um avan\u00e7o importante na preven\u00e7\u00e3o da dengue, somando-se a outras a\u00e7\u00f5es de enfrentamento da doen\u00e7a j\u00e1 realizadas na cidade. Al\u00e9m de proteger vidas, a vacina reduz interna\u00e7\u00f5es e complica\u00e7\u00f5es graves, trazendo al\u00edvio \u00e0s fam\u00edlias e ao sistema de sa\u00fade local. Gest\u00e3o municipal reafirma o compromisso com pol\u00edticas p\u00fablicas voltadas \u00e0 preven\u00e7\u00e3o e ao cuidado cont\u00ednuo da popula\u00e7\u00e3o. O fortalecimento da vacina\u00e7\u00e3o demonstra prioridade com a vida, amplia a cobertura de sa\u00fade e refor\u00e7a a confian\u00e7a da comunidade em um trabalho que salva, protege e prepara Brumado para desafios futuros.\" \/>\n<meta property=\"og:url\" content=\"https:\/\/sudoesteacontece.com.br\/?p=6867\" \/>\n<meta property=\"og:site_name\" content=\"Sudoesteacontece\" \/>\n<meta property=\"article:publisher\" content=\"https:\/\/www.facebook.com\/sudoesteacontece\/?locale=pt_BR\" \/>\n<meta property=\"article:published_time\" content=\"2026-01-27T13:24:12+00:00\" \/>\n<meta property=\"article:modified_time\" content=\"2026-01-27T13:24:18+00:00\" \/>\n<meta property=\"og:image\" content=\"https:\/\/sudoesteacontece.com.br\/wp-content\/uploads\/2026\/01\/Vacinacao-contra-a-dengue-mobiliza-Brumado-e-protege-mais-de-230-jovens-no-primeiro-dia-sudoeste-acontece.jpg\" \/>\n\t<meta property=\"og:image:width\" content=\"900\" \/>\n\t<meta property=\"og:image:height\" content=\"600\" \/>\n\t<meta property=\"og:image:type\" content=\"image\/jpeg\" \/>\n<meta name=\"author\" content=\"Washington Tiago\" \/>\n<meta name=\"twitter:card\" content=\"summary_large_image\" \/>\n<meta name=\"twitter:label1\" content=\"Escrito por\" \/>\n\t<meta name=\"twitter:data1\" content=\"Washington Tiago\" \/>\n\t<meta name=\"twitter:label2\" content=\"Est. tempo de leitura\" \/>\n\t<meta name=\"twitter:data2\" content=\"2 minutos\" \/>\n<script type=\"application\/ld+json\" class=\"yoast-schema-graph\">{\"@context\":\"https:\/\/schema.org\",\"@graph\":[{\"@type\":\"Article\",\"@id\":\"https:\/\/sudoesteacontece.com.br\/?p=6867#article\",\"isPartOf\":{\"@id\":\"https:\/\/sudoesteacontece.com.br\/?p=6867\"},\"author\":{\"name\":\"Washington Tiago\",\"@id\":\"https:\/\/sudoesteacontece.com.br\/#\/schema\/person\/3cf2cf009926a9683ebc29d5379fa79c\"},\"headline\":\"Vacina\u00e7\u00e3o contra a dengue mobiliza Brumado e protege mais de 230 jovens no primeiro dia\",\"datePublished\":\"2026-01-27T13:24:12+00:00\",\"dateModified\":\"2026-01-27T13:24:18+00:00\",\"mainEntityOfPage\":{\"@id\":\"https:\/\/sudoesteacontece.com.br\/?p=6867\"},\"wordCount\":321,\"commentCount\":0,\"publisher\":{\"@id\":\"https:\/\/sudoesteacontece.com.br\/#organization\"},\"image\":{\"@id\":\"https:\/\/sudoesteacontece.com.br\/?p=6867#primaryimage\"},\"thumbnailUrl\":\"https:\/\/sudoesteacontece.com.br\/wp-content\/uploads\/2026\/01\/Vacinacao-contra-a-dengue-mobiliza-Brumado-e-protege-mais-de-230-jovens-no-primeiro-dia-sudoeste-acontece.jpg\",\"articleSection\":[\"Brumado\",\"Pol\u00edtica\",\"Sa\u00fade\"],\"inLanguage\":\"pt-BR\",\"potentialAction\":[{\"@type\":\"CommentAction\",\"name\":\"Comment\",\"target\":[\"https:\/\/sudoesteacontece.com.br\/?p=6867#respond\"]}]},{\"@type\":\"WebPage\",\"@id\":\"https:\/\/sudoesteacontece.com.br\/?p=6867\",\"url\":\"https:\/\/sudoesteacontece.com.br\/?p=6867\",\"name\":\"Vacina\u00e7\u00e3o contra a dengue mobiliza Brumado e protege mais de 230 jovens no primeiro dia - Sudoesteacontece\",\"isPartOf\":{\"@id\":\"https:\/\/sudoesteacontece.com.br\/#website\"},\"primaryImageOfPage\":{\"@id\":\"https:\/\/sudoesteacontece.com.br\/?p=6867#primaryimage\"},\"image\":{\"@id\":\"https:\/\/sudoesteacontece.com.br\/?p=6867#primaryimage\"},\"thumbnailUrl\":\"https:\/\/sudoesteacontece.com.br\/wp-content\/uploads\/2026\/01\/Vacinacao-contra-a-dengue-mobiliza-Brumado-e-protege-mais-de-230-jovens-no-primeiro-dia-sudoeste-acontece.jpg\",\"datePublished\":\"2026-01-27T13:24:12+00:00\",\"dateModified\":\"2026-01-27T13:24:18+00:00\",\"breadcrumb\":{\"@id\":\"https:\/\/sudoesteacontece.com.br\/?p=6867#breadcrumb\"},\"inLanguage\":\"pt-BR\",\"potentialAction\":[{\"@type\":\"ReadAction\",\"target\":[\"https:\/\/sudoesteacontece.com.br\/?p=6867\"]}]},{\"@type\":\"ImageObject\",\"inLanguage\":\"pt-BR\",\"@id\":\"https:\/\/sudoesteacontece.com.br\/?p=6867#primaryimage\",\"url\":\"https:\/\/sudoesteacontece.com.br\/wp-content\/uploads\/2026\/01\/Vacinacao-contra-a-dengue-mobiliza-Brumado-e-protege-mais-de-230-jovens-no-primeiro-dia-sudoeste-acontece.jpg\",\"contentUrl\":\"https:\/\/sudoesteacontece.com.br\/wp-content\/uploads\/2026\/01\/Vacinacao-contra-a-dengue-mobiliza-Brumado-e-protege-mais-de-230-jovens-no-primeiro-dia-sudoeste-acontece.jpg\",\"width\":900,\"height\":600},{\"@type\":\"BreadcrumbList\",\"@id\":\"https:\/\/sudoesteacontece.com.br\/?p=6867#breadcrumb\",\"itemListElement\":[{\"@type\":\"ListItem\",\"position\":1,\"name\":\"In\u00edcio\",\"item\":\"https:\/\/sudoesteacontece.com.br\/\"},{\"@type\":\"ListItem\",\"position\":2,\"name\":\"Vacina\u00e7\u00e3o contra a dengue mobiliza Brumado e protege mais de 230 jovens no primeiro dia\"}]},{\"@type\":\"WebSite\",\"@id\":\"https:\/\/sudoesteacontece.com.br\/#website\",\"url\":\"https:\/\/sudoesteacontece.com.br\/\",\"name\":\"Sudoesteacontece\",\"description\":\"\",\"publisher\":{\"@id\":\"https:\/\/sudoesteacontece.com.br\/#organization\"},\"potentialAction\":[{\"@type\":\"SearchAction\",\"target\":{\"@type\":\"EntryPoint\",\"urlTemplate\":\"https:\/\/sudoesteacontece.com.br\/?s={search_term_string}\"},\"query-input\":{\"@type\":\"PropertyValueSpecification\",\"valueRequired\":true,\"valueName\":\"search_term_string\"}}],\"inLanguage\":\"pt-BR\"},{\"@type\":\"Organization\",\"@id\":\"https:\/\/sudoesteacontece.com.br\/#organization\",\"name\":\"Sudoesteacontece\",\"url\":\"https:\/\/sudoesteacontece.com.br\/\",\"logo\":{\"@type\":\"ImageObject\",\"inLanguage\":\"pt-BR\",\"@id\":\"https:\/\/sudoesteacontece.com.br\/#\/schema\/logo\/image\/\",\"url\":\"https:\/\/sudoesteacontece.com.br\/wp-content\/uploads\/2025\/12\/cropped-logo-2-180x180-1.png\",\"contentUrl\":\"https:\/\/sudoesteacontece.com.br\/wp-content\/uploads\/2025\/12\/cropped-logo-2-180x180-1.png\",\"width\":180,\"height\":180,\"caption\":\"Sudoesteacontece\"},\"image\":{\"@id\":\"https:\/\/sudoesteacontece.com.br\/#\/schema\/logo\/image\/\"},\"sameAs\":[\"https:\/\/www.facebook.com\/sudoesteacontece\/?locale=pt_BR\"]},{\"@type\":\"Person\",\"@id\":\"https:\/\/sudoesteacontece.com.br\/#\/schema\/person\/3cf2cf009926a9683ebc29d5379fa79c\",\"name\":\"Washington Tiago\",\"image\":{\"@type\":\"ImageObject\",\"inLanguage\":\"pt-BR\",\"@id\":\"https:\/\/sudoesteacontece.com.br\/#\/schema\/person\/image\/\",\"url\":\"https:\/\/secure.gravatar.com\/avatar\/33c43b8668157e040f9d1fe93c354bf087cbd8ba36270c1163198bd3ddcf2a56?s=96&d=mm&r=g\",\"contentUrl\":\"https:\/\/secure.gravatar.com\/avatar\/33c43b8668157e040f9d1fe93c354bf087cbd8ba36270c1163198bd3ddcf2a56?s=96&d=mm&r=g\",\"caption\":\"Washington Tiago\"},\"url\":\"https:\/\/sudoesteacontece.com.br\/?author=2\"}]}<\/script>\n<!-- \/ Yoast SEO plugin. -->","yoast_head_json":{"title":"Vacina\u00e7\u00e3o contra a dengue mobiliza Brumado e protege mais de 230 jovens no primeiro dia - Sudoesteacontece","robots":{"index":"index","follow":"follow","max-snippet":"max-snippet:-1","max-image-preview":"max-image-preview:large","max-video-preview":"max-video-preview:-1"},"canonical":"https:\/\/sudoesteacontece.com.br\/?p=6867","og_locale":"pt_BR","og_type":"article","og_title":"Vacina\u00e7\u00e3o contra a dengue mobiliza Brumado e protege mais de 230 jovens no primeiro dia - Sudoesteacontece","og_description":"Brumado iniciou nesta segunda-feira (26) a vacina\u00e7\u00e3o contra a dengue e j\u00e1 no primeiro dia garantiu prote\u00e7\u00e3o a mais de 230 crian\u00e7as e adolescentes. A a\u00e7\u00e3o da Prefeitura, coordenada pela Secretaria Municipal de Sa\u00fade, abriu oficialmente a imuniza\u00e7\u00e3o do p\u00fablico priorit\u00e1rio entre 10 e 14 anos, seguindo crit\u00e9rios definidos pelo Minist\u00e9rio da Sa\u00fade e refor\u00e7ando o combate \u00e0 doen\u00e7a. Mobiliza\u00e7\u00e3o marcou o funcionamento das salas de vacina nas Unidades B\u00e1sicas de Sa\u00fade, que receberam grande procura ao longo do dia. Pais e respons\u00e1veis compareceram motivados pela preven\u00e7\u00e3o, conscientes dos riscos da dengue. O movimento intenso refletiu confian\u00e7a no servi\u00e7o p\u00fablico e preocupa\u00e7\u00e3o coletiva com a sa\u00fade das crian\u00e7as e adolescentes do munic\u00edpio. Fam\u00edlias devem procurar a UBS mais pr\u00f3xima para garantir a vacina, levando documento oficial de identifica\u00e7\u00e3o, carteira de vacina\u00e7\u00e3o e cart\u00e3o do SUS. Documenta\u00e7\u00e3o completa agiliza o atendimento e assegura o registro correto da dose aplicada. A Secretaria de Sa\u00fade destaca que a organiza\u00e7\u00e3o facilita o fluxo e amplia o acesso de todos ao imunizante. Imuniza\u00e7\u00e3o representa um avan\u00e7o importante na preven\u00e7\u00e3o da dengue, somando-se a outras a\u00e7\u00f5es de enfrentamento da doen\u00e7a j\u00e1 realizadas na cidade. Al\u00e9m de proteger vidas, a vacina reduz interna\u00e7\u00f5es e complica\u00e7\u00f5es graves, trazendo al\u00edvio \u00e0s fam\u00edlias e ao sistema de sa\u00fade local. Gest\u00e3o municipal reafirma o compromisso com pol\u00edticas p\u00fablicas voltadas \u00e0 preven\u00e7\u00e3o e ao cuidado cont\u00ednuo da popula\u00e7\u00e3o. O fortalecimento da vacina\u00e7\u00e3o demonstra prioridade com a vida, amplia a cobertura de sa\u00fade e refor\u00e7a a confian\u00e7a da comunidade em um trabalho que salva, protege e prepara Brumado para desafios futuros.","og_url":"https:\/\/sudoesteacontece.com.br\/?p=6867","og_site_name":"Sudoesteacontece","article_publisher":"https:\/\/www.facebook.com\/sudoesteacontece\/?locale=pt_BR","article_published_time":"2026-01-27T13:24:12+00:00","article_modified_time":"2026-01-27T13:24:18+00:00","og_image":[{"width":900,"height":600,"url":"https:\/\/sudoesteacontece.com.br\/wp-content\/uploads\/2026\/01\/Vacinacao-contra-a-dengue-mobiliza-Brumado-e-protege-mais-de-230-jovens-no-primeiro-dia-sudoeste-acontece.jpg","type":"image\/jpeg"}],"author":"Washington Tiago","twitter_card":"summary_large_image","twitter_misc":{"Escrito por":"Washington Tiago","Est. tempo de leitura":"2 minutos"},"schema":{"@context":"https:\/\/schema.org","@graph":[{"@type":"Article","@id":"https:\/\/sudoesteacontece.com.br\/?p=6867#article","isPartOf":{"@id":"https:\/\/sudoesteacontece.com.br\/?p=6867"},"author":{"name":"Washington Tiago","@id":"https:\/\/sudoesteacontece.com.br\/#\/schema\/person\/3cf2cf009926a9683ebc29d5379fa79c"},"headline":"Vacina\u00e7\u00e3o contra a dengue mobiliza Brumado e protege mais de 230 jovens no primeiro dia","datePublished":"2026-01-27T13:24:12+00:00","dateModified":"2026-01-27T13:24:18+00:00","mainEntityOfPage":{"@id":"https:\/\/sudoesteacontece.com.br\/?p=6867"},"wordCount":321,"commentCount":0,"publisher":{"@id":"https:\/\/sudoesteacontece.com.br\/#organization"},"image":{"@id":"https:\/\/sudoesteacontece.com.br\/?p=6867#primaryimage"},"thumbnailUrl":"https:\/\/sudoesteacontece.com.br\/wp-content\/uploads\/2026\/01\/Vacinacao-contra-a-dengue-mobiliza-Brumado-e-protege-mais-de-230-jovens-no-primeiro-dia-sudoeste-acontece.jpg","articleSection":["Brumado","Pol\u00edtica","Sa\u00fade"],"inLanguage":"pt-BR","potentialAction":[{"@type":"CommentAction","name":"Comment","target":["https:\/\/sudoesteacontece.com.br\/?p=6867#respond"]}]},{"@type":"WebPage","@id":"https:\/\/sudoesteacontece.com.br\/?p=6867","url":"https:\/\/sudoesteacontece.com.br\/?p=6867","name":"Vacina\u00e7\u00e3o contra a dengue mobiliza Brumado e protege mais de 230 jovens no primeiro dia - Sudoesteacontece","isPartOf":{"@id":"https:\/\/sudoesteacontece.com.br\/#website"},"primaryImageOfPage":{"@id":"https:\/\/sudoesteacontece.com.br\/?p=6867#primaryimage"},"image":{"@id":"https:\/\/sudoesteacontece.com.br\/?p=6867#primaryimage"},"thumbnailUrl":"https:\/\/sudoesteacontece.com.br\/wp-content\/uploads\/2026\/01\/Vacinacao-contra-a-dengue-mobiliza-Brumado-e-protege-mais-de-230-jovens-no-primeiro-dia-sudoeste-acontece.jpg","datePublished":"2026-01-27T13:24:12+00:00","dateModified":"2026-01-27T13:24:18+00:00","breadcrumb":{"@id":"https:\/\/sudoesteacontece.com.br\/?p=6867#breadcrumb"},"inLanguage":"pt-BR","potentialAction":[{"@type":"ReadAction","target":["https:\/\/sudoesteacontece.com.br\/?p=6867"]}]},{"@type":"ImageObject","inLanguage":"pt-BR","@id":"https:\/\/sudoesteacontece.com.br\/?p=6867#primaryimage","url":"https:\/\/sudoesteacontece.com.br\/wp-content\/uploads\/2026\/01\/Vacinacao-contra-a-dengue-mobiliza-Brumado-e-protege-mais-de-230-jovens-no-primeiro-dia-sudoeste-acontece.jpg","contentUrl":"https:\/\/sudoesteacontece.com.br\/wp-content\/uploads\/2026\/01\/Vacinacao-contra-a-dengue-mobiliza-Brumado-e-protege-mais-de-230-jovens-no-primeiro-dia-sudoeste-acontece.jpg","width":900,"height":600},{"@type":"BreadcrumbList","@id":"https:\/\/sudoesteacontece.com.br\/?p=6867#breadcrumb","itemListElement":[{"@type":"ListItem","position":1,"name":"In\u00edcio","item":"https:\/\/sudoesteacontece.com.br\/"},{"@type":"ListItem","position":2,"name":"Vacina\u00e7\u00e3o contra a dengue mobiliza Brumado e protege mais de 230 jovens no primeiro dia"}]},{"@type":"WebSite","@id":"https:\/\/sudoesteacontece.com.br\/#website","url":"https:\/\/sudoesteacontece.com.br\/","name":"Sudoesteacontece","description":"","publisher":{"@id":"https:\/\/sudoesteacontece.com.br\/#organization"},"potentialAction":[{"@type":"SearchAction","target":{"@type":"EntryPoint","urlTemplate":"https:\/\/sudoesteacontece.com.br\/?s={search_term_string}"},"query-input":{"@type":"PropertyValueSpecification","valueRequired":true,"valueName":"search_term_string"}}],"inLanguage":"pt-BR"},{"@type":"Organization","@id":"https:\/\/sudoesteacontece.com.br\/#organization","name":"Sudoesteacontece","url":"https:\/\/sudoesteacontece.com.br\/","logo":{"@type":"ImageObject","inLanguage":"pt-BR","@id":"https:\/\/sudoesteacontece.com.br\/#\/schema\/logo\/image\/","url":"https:\/\/sudoesteacontece.com.br\/wp-content\/uploads\/2025\/12\/cropped-logo-2-180x180-1.png","contentUrl":"https:\/\/sudoesteacontece.com.br\/wp-content\/uploads\/2025\/12\/cropped-logo-2-180x180-1.png","width":180,"height":180,"caption":"Sudoesteacontece"},"image":{"@id":"https:\/\/sudoesteacontece.com.br\/#\/schema\/logo\/image\/"},"sameAs":["https:\/\/www.facebook.com\/sudoesteacontece\/?locale=pt_BR"]},{"@type":"Person","@id":"https:\/\/sudoesteacontece.com.br\/#\/schema\/person\/3cf2cf009926a9683ebc29d5379fa79c","name":"Washington Tiago","image":{"@type":"ImageObject","inLanguage":"pt-BR","@id":"https:\/\/sudoesteacontece.com.br\/#\/schema\/person\/image\/","url":"https:\/\/secure.gravatar.com\/avatar\/33c43b8668157e040f9d1fe93c354bf087cbd8ba36270c1163198bd3ddcf2a56?s=96&d=mm&r=g","contentUrl":"https:\/\/secure.gravatar.com\/avatar\/33c43b8668157e040f9d1fe93c354bf087cbd8ba36270c1163198bd3ddcf2a56?s=96&d=mm&r=g","caption":"Washington Tiago"},"url":"https:\/\/sudoesteacontece.com.br\/?author=2"}]}},"_links":{"self":[{"href":"https:\/\/sudoesteacontece.com.br\/index.php?rest_route=\/wp\/v2\/posts\/6867","targetHints":{"allow":["GET"]}}],"collection":[{"href":"https:\/\/sudoesteacontece.com.br\/index.php?rest_route=\/wp\/v2\/posts"}],"about":[{"href":"https:\/\/sudoesteacontece.com.br\/index.php?rest_route=\/wp\/v2\/types\/post"}],"author":[{"embeddable":true,"href":"https:\/\/sudoesteacontece.com.br\/index.php?rest_route=\/wp\/v2\/users\/2"}],"replies":[{"embeddable":true,"href":"https:\/\/sudoesteacontece.com.br\/index.php?rest_route=%2Fwp%2Fv2%2Fcomments&post=6867"}],"version-history":[{"count":0,"href":"https:\/\/sudoesteacontece.com.br\/index.php?rest_route=\/wp\/v2\/posts\/6867\/revisions"}],"wp:featuredmedia":[{"embeddable":true,"href":"https:\/\/sudoesteacontece.com.br\/index.php?rest_route=\/wp\/v2\/media\/6900"}],"wp:attachment":[{"href":"https:\/\/sudoesteacontece.com.br\/index.php?rest_route=%2Fwp%2Fv2%2Fmedia&parent=6867"}],"wp:term":[{"taxonomy":"category","embeddable":true,"href":"https:\/\/sudoesteacontece.com.br\/index.php?rest_route=%2Fwp%2Fv2%2Fcategories&post=6867"},{"taxonomy":"post_tag","embeddable":true,"href":"https:\/\/sudoesteacontece.com.br\/index.php?rest_route=%2Fwp%2Fv2%2Ftags&post=6867"}],"curies":[{"name":"wp","href":"https:\/\/api.w.org\/{rel}","templated":true}]}}