{"id":6870,"date":"2026-01-27T10:30:55","date_gmt":"2026-01-27T13:30:55","guid":{"rendered":"https:\/\/sudoesteacontece.com.br\/?p=6870"},"modified":"2026-01-27T10:31:01","modified_gmt":"2026-01-27T13:31:01","slug":"apos-protesto-no-janeirao-cantor-de-caturama-se-retrata-e-caso-e-esclarecido","status":"publish","type":"post","link":"https:\/\/sudoesteacontece.com.br\/?p=6870","title":{"rendered":"Ap\u00f3s protesto no Janeir\u00e3o, cantor de Caturama se retrata e caso \u00e9 esclarecido"},"content":{"rendered":"<div class=\"wp-block-image\">\n<figure class=\"aligncenter size-full\"><img fetchpriority=\"high\" decoding=\"async\" width=\"900\" height=\"600\" src=\"http:\/\/sudoesteacontece.com.br\/wp-content\/uploads\/2026\/01\/Apos-protesto-no-Janeirao-cantor-de-Caturama-se-retrata-e-caso-e-esclarecido-sudoeste-acontece.jpg\" alt=\"\" class=\"wp-image-6904\" srcset=\"https:\/\/sudoesteacontece.com.br\/wp-content\/uploads\/2026\/01\/Apos-protesto-no-Janeirao-cantor-de-Caturama-se-retrata-e-caso-e-esclarecido-sudoeste-acontece.jpg 900w, https:\/\/sudoesteacontece.com.br\/wp-content\/uploads\/2026\/01\/Apos-protesto-no-Janeirao-cantor-de-Caturama-se-retrata-e-caso-e-esclarecido-sudoeste-acontece-300x200.jpg 300w, https:\/\/sudoesteacontece.com.br\/wp-content\/uploads\/2026\/01\/Apos-protesto-no-Janeirao-cantor-de-Caturama-se-retrata-e-caso-e-esclarecido-sudoeste-acontece-768x512.jpg 768w\" sizes=\"(max-width: 900px) 100vw, 900px\" \/><\/figure>\n<\/div>\n\n\n<p>Caturama viveu um momento de tens\u00e3o durante o encerramento da festa do Janeir\u00e3o, na madrugada desta segunda-feira (26), quando o cantor Diego Silva teve o show impedido e protestou publicamente no palco. O epis\u00f3dio ganhou repercuss\u00e3o nas redes sociais, mas foi esclarecido ainda no mesmo dia, ap\u00f3s di\u00e1logo entre o artista, a gest\u00e3o municipal e a organiza\u00e7\u00e3o do evento.<\/p>\n\n\n\n<p>Confus\u00e3o surgiu no momento em que Diego Silva deveria subir ao palco como \u00faltima atra\u00e7\u00e3o da programa\u00e7\u00e3o. Um desencontro de informa\u00e7\u00f5es entre o produtor respons\u00e1vel pelo som e a equipe da Pol\u00edcia Militar acabou atrasando e, posteriormente, inviabilizando a apresenta\u00e7\u00e3o. O cantor, natural de Caturama, aguardava h\u00e1 anos a chance de cantar em um grande evento p\u00fablico na cidade.<\/p>\n\n\n\n<p>Exalta\u00e7\u00e3o marcou o desabafo do artista diante do p\u00fablico. Visivelmente emocionado, Diego reclamou da espera desde a madrugada e demonstrou frustra\u00e7\u00e3o por n\u00e3o conseguir se apresentar. Em meio \u00e0 revolta, ele chegou a atribuir o problema \u00e0 gest\u00e3o municipal e afirmou que buscaria provid\u00eancias legais, o que intensificou a repercuss\u00e3o do caso.<\/p>\n\n\n\n<p>Esclarecimento veio ap\u00f3s conversa direta com o prefeito Ant\u00f4nio Le\u00e3o Bomfim, o T\u00f5e Le\u00e3o, e o secret\u00e1rio municipal de Cultura. Segundo o gestor, ele n\u00e3o estava presente no momento do ocorrido. Ap\u00f3s apura\u00e7\u00e3o, ficou confirmado que n\u00e3o houve interfer\u00eancia da prefeitura e que tudo se resumiu a uma falha de comunica\u00e7\u00e3o entre produ\u00e7\u00e3o e seguran\u00e7a.<\/p>\n\n\n\n<p>Retrata\u00e7\u00e3o foi feita pelo cantor ainda no local e, depois, nas redes sociais. Diego Silva reconheceu que falou movido pela raiva e pediu desculpas publicamente. Ele afirmou que o erro foi compreendido ap\u00f3s o di\u00e1logo e que a situa\u00e7\u00e3o estava resolvida, encerrando qualquer mal-entendido com a gest\u00e3o e a organiza\u00e7\u00e3o do evento.<\/p>\n\n\n\n<p>Aprendizado ficou como saldo do epis\u00f3dio, segundo a organiza\u00e7\u00e3o do Janeir\u00e3o, que destacou a import\u00e2ncia de melhorar a comunica\u00e7\u00e3o entre artistas, produ\u00e7\u00e3o e for\u00e7as de seguran\u00e7a. Apesar do ocorrido, a festa reuniu grande p\u00fablico, valorizou a cultura local e terminou com clima de di\u00e1logo restabelecido e o caso totalmente esclarecido.<\/p>\n","protected":false},"excerpt":{"rendered":"<p>Caturama viveu um momento de tens\u00e3o durante o encerramento da festa do Janeir\u00e3o, na madrugada desta segunda-feira (26), quando o cantor Diego Silva teve o show impedido e protestou publicamente no palco. O epis\u00f3dio ganhou repercuss\u00e3o nas redes sociais, mas foi esclarecido ainda no mesmo dia, ap\u00f3s di\u00e1logo entre o artista, a gest\u00e3o municipal e a organiza\u00e7\u00e3o do evento. Confus\u00e3o surgiu no momento em que Diego Silva deveria subir ao palco como \u00faltima atra\u00e7\u00e3o da programa\u00e7\u00e3o. Um desencontro de informa\u00e7\u00f5es entre o produtor respons\u00e1vel pelo som e a equipe da Pol\u00edcia Militar acabou atrasando e, posteriormente, inviabilizando a apresenta\u00e7\u00e3o. O cantor, natural de Caturama, aguardava h\u00e1 anos a chance de cantar em um grande evento p\u00fablico na cidade. Exalta\u00e7\u00e3o marcou o desabafo do artista diante do p\u00fablico. Visivelmente emocionado, Diego reclamou da espera desde a madrugada e demonstrou frustra\u00e7\u00e3o por n\u00e3o conseguir se apresentar. Em meio \u00e0 revolta, ele chegou a atribuir o problema \u00e0 gest\u00e3o municipal e afirmou que buscaria provid\u00eancias legais, o que intensificou a repercuss\u00e3o do caso. Esclarecimento veio ap\u00f3s conversa direta com o prefeito Ant\u00f4nio Le\u00e3o Bomfim, o T\u00f5e Le\u00e3o, e o secret\u00e1rio municipal de Cultura. Segundo o gestor, ele n\u00e3o estava presente no momento do ocorrido. Ap\u00f3s apura\u00e7\u00e3o, ficou confirmado que n\u00e3o houve interfer\u00eancia da prefeitura e que tudo se resumiu a uma falha de comunica\u00e7\u00e3o entre produ\u00e7\u00e3o e seguran\u00e7a. Retrata\u00e7\u00e3o foi feita pelo cantor ainda no local e, depois, nas redes sociais. Diego Silva reconheceu que falou movido pela raiva e pediu desculpas publicamente. Ele afirmou que o erro foi compreendido ap\u00f3s o di\u00e1logo e que a situa\u00e7\u00e3o estava resolvida, encerrando qualquer mal-entendido com a gest\u00e3o e a organiza\u00e7\u00e3o do evento. Aprendizado ficou como saldo do epis\u00f3dio, segundo a organiza\u00e7\u00e3o do Janeir\u00e3o, que destacou a import\u00e2ncia de melhorar a comunica\u00e7\u00e3o entre artistas, produ\u00e7\u00e3o e for\u00e7as de seguran\u00e7a. Apesar do ocorrido, a festa reuniu grande p\u00fablico, valorizou a cultura local e terminou com clima de di\u00e1logo restabelecido e o caso totalmente esclarecido.<\/p>\n","protected":false},"author":2,"featured_media":6904,"comment_status":"open","ping_status":"open","sticky":false,"template":"","format":"standard","meta":{"footnotes":""},"categories":[104,4,6,16],"tags":[],"class_list":["post-6870","post","type-post","status-publish","format-standard","has-post-thumbnail","hentry","category-caturama","category-cidades","category-politica","category-tv-radio-e-cinema"],"yoast_head":"<!-- This site is optimized with the Yoast SEO plugin v26.5 - https:\/\/yoast.com\/wordpress\/plugins\/seo\/ -->\n<title>Ap\u00f3s protesto no Janeir\u00e3o, cantor de Caturama se retrata e caso \u00e9 esclarecido - Sudoesteacontece<\/title>\n<meta name=\"robots\" content=\"index, follow, max-snippet:-1, max-image-preview:large, max-video-preview:-1\" \/>\n<link rel=\"canonical\" href=\"https:\/\/sudoesteacontece.com.br\/?p=6870\" \/>\n<meta property=\"og:locale\" content=\"pt_BR\" \/>\n<meta property=\"og:type\" content=\"article\" \/>\n<meta property=\"og:title\" content=\"Ap\u00f3s protesto no Janeir\u00e3o, cantor de Caturama se retrata e caso \u00e9 esclarecido - Sudoesteacontece\" \/>\n<meta property=\"og:description\" content=\"Caturama viveu um momento de tens\u00e3o durante o encerramento da festa do Janeir\u00e3o, na madrugada desta segunda-feira (26), quando o cantor Diego Silva teve o show impedido e protestou publicamente no palco. O epis\u00f3dio ganhou repercuss\u00e3o nas redes sociais, mas foi esclarecido ainda no mesmo dia, ap\u00f3s di\u00e1logo entre o artista, a gest\u00e3o municipal e a organiza\u00e7\u00e3o do evento. Confus\u00e3o surgiu no momento em que Diego Silva deveria subir ao palco como \u00faltima atra\u00e7\u00e3o da programa\u00e7\u00e3o. Um desencontro de informa\u00e7\u00f5es entre o produtor respons\u00e1vel pelo som e a equipe da Pol\u00edcia Militar acabou atrasando e, posteriormente, inviabilizando a apresenta\u00e7\u00e3o. O cantor, natural de Caturama, aguardava h\u00e1 anos a chance de cantar em um grande evento p\u00fablico na cidade. Exalta\u00e7\u00e3o marcou o desabafo do artista diante do p\u00fablico. Visivelmente emocionado, Diego reclamou da espera desde a madrugada e demonstrou frustra\u00e7\u00e3o por n\u00e3o conseguir se apresentar. Em meio \u00e0 revolta, ele chegou a atribuir o problema \u00e0 gest\u00e3o municipal e afirmou que buscaria provid\u00eancias legais, o que intensificou a repercuss\u00e3o do caso. Esclarecimento veio ap\u00f3s conversa direta com o prefeito Ant\u00f4nio Le\u00e3o Bomfim, o T\u00f5e Le\u00e3o, e o secret\u00e1rio municipal de Cultura. Segundo o gestor, ele n\u00e3o estava presente no momento do ocorrido. Ap\u00f3s apura\u00e7\u00e3o, ficou confirmado que n\u00e3o houve interfer\u00eancia da prefeitura e que tudo se resumiu a uma falha de comunica\u00e7\u00e3o entre produ\u00e7\u00e3o e seguran\u00e7a. Retrata\u00e7\u00e3o foi feita pelo cantor ainda no local e, depois, nas redes sociais. Diego Silva reconheceu que falou movido pela raiva e pediu desculpas publicamente. Ele afirmou que o erro foi compreendido ap\u00f3s o di\u00e1logo e que a situa\u00e7\u00e3o estava resolvida, encerrando qualquer mal-entendido com a gest\u00e3o e a organiza\u00e7\u00e3o do evento. Aprendizado ficou como saldo do epis\u00f3dio, segundo a organiza\u00e7\u00e3o do Janeir\u00e3o, que destacou a import\u00e2ncia de melhorar a comunica\u00e7\u00e3o entre artistas, produ\u00e7\u00e3o e for\u00e7as de seguran\u00e7a. Apesar do ocorrido, a festa reuniu grande p\u00fablico, valorizou a cultura local e terminou com clima de di\u00e1logo restabelecido e o caso totalmente esclarecido.\" \/>\n<meta property=\"og:url\" content=\"https:\/\/sudoesteacontece.com.br\/?p=6870\" \/>\n<meta property=\"og:site_name\" content=\"Sudoesteacontece\" \/>\n<meta property=\"article:publisher\" content=\"https:\/\/www.facebook.com\/sudoesteacontece\/?locale=pt_BR\" \/>\n<meta property=\"article:published_time\" content=\"2026-01-27T13:30:55+00:00\" \/>\n<meta property=\"article:modified_time\" content=\"2026-01-27T13:31:01+00:00\" \/>\n<meta property=\"og:image\" content=\"https:\/\/sudoesteacontece.com.br\/wp-content\/uploads\/2026\/01\/Apos-protesto-no-Janeirao-cantor-de-Caturama-se-retrata-e-caso-e-esclarecido-sudoeste-acontece.jpg\" \/>\n\t<meta property=\"og:image:width\" content=\"900\" \/>\n\t<meta property=\"og:image:height\" content=\"600\" \/>\n\t<meta property=\"og:image:type\" content=\"image\/jpeg\" \/>\n<meta name=\"author\" content=\"Washington Tiago\" \/>\n<meta name=\"twitter:card\" content=\"summary_large_image\" \/>\n<meta name=\"twitter:label1\" content=\"Escrito por\" \/>\n\t<meta name=\"twitter:data1\" content=\"Washington Tiago\" \/>\n\t<meta name=\"twitter:label2\" content=\"Est. tempo de leitura\" \/>\n\t<meta name=\"twitter:data2\" content=\"3 minutos\" \/>\n<script type=\"application\/ld+json\" class=\"yoast-schema-graph\">{\"@context\":\"https:\/\/schema.org\",\"@graph\":[{\"@type\":\"Article\",\"@id\":\"https:\/\/sudoesteacontece.com.br\/?p=6870#article\",\"isPartOf\":{\"@id\":\"https:\/\/sudoesteacontece.com.br\/?p=6870\"},\"author\":{\"name\":\"Washington Tiago\",\"@id\":\"https:\/\/sudoesteacontece.com.br\/#\/schema\/person\/3cf2cf009926a9683ebc29d5379fa79c\"},\"headline\":\"Ap\u00f3s protesto no Janeir\u00e3o, cantor de Caturama se retrata e caso \u00e9 esclarecido\",\"datePublished\":\"2026-01-27T13:30:55+00:00\",\"dateModified\":\"2026-01-27T13:31:01+00:00\",\"mainEntityOfPage\":{\"@id\":\"https:\/\/sudoesteacontece.com.br\/?p=6870\"},\"wordCount\":391,\"commentCount\":0,\"publisher\":{\"@id\":\"https:\/\/sudoesteacontece.com.br\/#organization\"},\"image\":{\"@id\":\"https:\/\/sudoesteacontece.com.br\/?p=6870#primaryimage\"},\"thumbnailUrl\":\"https:\/\/sudoesteacontece.com.br\/wp-content\/uploads\/2026\/01\/Apos-protesto-no-Janeirao-cantor-de-Caturama-se-retrata-e-caso-e-esclarecido-sudoeste-acontece.jpg\",\"articleSection\":[\"Caturama\",\"Cidades\",\"Pol\u00edtica\",\"TV, R\u00e1dio e Cinema\"],\"inLanguage\":\"pt-BR\",\"potentialAction\":[{\"@type\":\"CommentAction\",\"name\":\"Comment\",\"target\":[\"https:\/\/sudoesteacontece.com.br\/?p=6870#respond\"]}]},{\"@type\":\"WebPage\",\"@id\":\"https:\/\/sudoesteacontece.com.br\/?p=6870\",\"url\":\"https:\/\/sudoesteacontece.com.br\/?p=6870\",\"name\":\"Ap\u00f3s protesto no Janeir\u00e3o, cantor de Caturama se retrata e caso \u00e9 esclarecido - Sudoesteacontece\",\"isPartOf\":{\"@id\":\"https:\/\/sudoesteacontece.com.br\/#website\"},\"primaryImageOfPage\":{\"@id\":\"https:\/\/sudoesteacontece.com.br\/?p=6870#primaryimage\"},\"image\":{\"@id\":\"https:\/\/sudoesteacontece.com.br\/?p=6870#primaryimage\"},\"thumbnailUrl\":\"https:\/\/sudoesteacontece.com.br\/wp-content\/uploads\/2026\/01\/Apos-protesto-no-Janeirao-cantor-de-Caturama-se-retrata-e-caso-e-esclarecido-sudoeste-acontece.jpg\",\"datePublished\":\"2026-01-27T13:30:55+00:00\",\"dateModified\":\"2026-01-27T13:31:01+00:00\",\"breadcrumb\":{\"@id\":\"https:\/\/sudoesteacontece.com.br\/?p=6870#breadcrumb\"},\"inLanguage\":\"pt-BR\",\"potentialAction\":[{\"@type\":\"ReadAction\",\"target\":[\"https:\/\/sudoesteacontece.com.br\/?p=6870\"]}]},{\"@type\":\"ImageObject\",\"inLanguage\":\"pt-BR\",\"@id\":\"https:\/\/sudoesteacontece.com.br\/?p=6870#primaryimage\",\"url\":\"https:\/\/sudoesteacontece.com.br\/wp-content\/uploads\/2026\/01\/Apos-protesto-no-Janeirao-cantor-de-Caturama-se-retrata-e-caso-e-esclarecido-sudoeste-acontece.jpg\",\"contentUrl\":\"https:\/\/sudoesteacontece.com.br\/wp-content\/uploads\/2026\/01\/Apos-protesto-no-Janeirao-cantor-de-Caturama-se-retrata-e-caso-e-esclarecido-sudoeste-acontece.jpg\",\"width\":900,\"height\":600},{\"@type\":\"BreadcrumbList\",\"@id\":\"https:\/\/sudoesteacontece.com.br\/?p=6870#breadcrumb\",\"itemListElement\":[{\"@type\":\"ListItem\",\"position\":1,\"name\":\"In\u00edcio\",\"item\":\"https:\/\/sudoesteacontece.com.br\/\"},{\"@type\":\"ListItem\",\"position\":2,\"name\":\"Ap\u00f3s protesto no Janeir\u00e3o, cantor de Caturama se retrata e caso \u00e9 esclarecido\"}]},{\"@type\":\"WebSite\",\"@id\":\"https:\/\/sudoesteacontece.com.br\/#website\",\"url\":\"https:\/\/sudoesteacontece.com.br\/\",\"name\":\"Sudoesteacontece\",\"description\":\"\",\"publisher\":{\"@id\":\"https:\/\/sudoesteacontece.com.br\/#organization\"},\"potentialAction\":[{\"@type\":\"SearchAction\",\"target\":{\"@type\":\"EntryPoint\",\"urlTemplate\":\"https:\/\/sudoesteacontece.com.br\/?s={search_term_string}\"},\"query-input\":{\"@type\":\"PropertyValueSpecification\",\"valueRequired\":true,\"valueName\":\"search_term_string\"}}],\"inLanguage\":\"pt-BR\"},{\"@type\":\"Organization\",\"@id\":\"https:\/\/sudoesteacontece.com.br\/#organization\",\"name\":\"Sudoesteacontece\",\"url\":\"https:\/\/sudoesteacontece.com.br\/\",\"logo\":{\"@type\":\"ImageObject\",\"inLanguage\":\"pt-BR\",\"@id\":\"https:\/\/sudoesteacontece.com.br\/#\/schema\/logo\/image\/\",\"url\":\"https:\/\/sudoesteacontece.com.br\/wp-content\/uploads\/2025\/12\/cropped-logo-2-180x180-1.png\",\"contentUrl\":\"https:\/\/sudoesteacontece.com.br\/wp-content\/uploads\/2025\/12\/cropped-logo-2-180x180-1.png\",\"width\":180,\"height\":180,\"caption\":\"Sudoesteacontece\"},\"image\":{\"@id\":\"https:\/\/sudoesteacontece.com.br\/#\/schema\/logo\/image\/\"},\"sameAs\":[\"https:\/\/www.facebook.com\/sudoesteacontece\/?locale=pt_BR\"]},{\"@type\":\"Person\",\"@id\":\"https:\/\/sudoesteacontece.com.br\/#\/schema\/person\/3cf2cf009926a9683ebc29d5379fa79c\",\"name\":\"Washington Tiago\",\"image\":{\"@type\":\"ImageObject\",\"inLanguage\":\"pt-BR\",\"@id\":\"https:\/\/sudoesteacontece.com.br\/#\/schema\/person\/image\/\",\"url\":\"https:\/\/secure.gravatar.com\/avatar\/33c43b8668157e040f9d1fe93c354bf087cbd8ba36270c1163198bd3ddcf2a56?s=96&d=mm&r=g\",\"contentUrl\":\"https:\/\/secure.gravatar.com\/avatar\/33c43b8668157e040f9d1fe93c354bf087cbd8ba36270c1163198bd3ddcf2a56?s=96&d=mm&r=g\",\"caption\":\"Washington Tiago\"},\"url\":\"https:\/\/sudoesteacontece.com.br\/?author=2\"}]}<\/script>\n<!-- \/ Yoast SEO plugin. -->","yoast_head_json":{"title":"Ap\u00f3s protesto no Janeir\u00e3o, cantor de Caturama se retrata e caso \u00e9 esclarecido - Sudoesteacontece","robots":{"index":"index","follow":"follow","max-snippet":"max-snippet:-1","max-image-preview":"max-image-preview:large","max-video-preview":"max-video-preview:-1"},"canonical":"https:\/\/sudoesteacontece.com.br\/?p=6870","og_locale":"pt_BR","og_type":"article","og_title":"Ap\u00f3s protesto no Janeir\u00e3o, cantor de Caturama se retrata e caso \u00e9 esclarecido - Sudoesteacontece","og_description":"Caturama viveu um momento de tens\u00e3o durante o encerramento da festa do Janeir\u00e3o, na madrugada desta segunda-feira (26), quando o cantor Diego Silva teve o show impedido e protestou publicamente no palco. O epis\u00f3dio ganhou repercuss\u00e3o nas redes sociais, mas foi esclarecido ainda no mesmo dia, ap\u00f3s di\u00e1logo entre o artista, a gest\u00e3o municipal e a organiza\u00e7\u00e3o do evento. Confus\u00e3o surgiu no momento em que Diego Silva deveria subir ao palco como \u00faltima atra\u00e7\u00e3o da programa\u00e7\u00e3o. Um desencontro de informa\u00e7\u00f5es entre o produtor respons\u00e1vel pelo som e a equipe da Pol\u00edcia Militar acabou atrasando e, posteriormente, inviabilizando a apresenta\u00e7\u00e3o. O cantor, natural de Caturama, aguardava h\u00e1 anos a chance de cantar em um grande evento p\u00fablico na cidade. Exalta\u00e7\u00e3o marcou o desabafo do artista diante do p\u00fablico. Visivelmente emocionado, Diego reclamou da espera desde a madrugada e demonstrou frustra\u00e7\u00e3o por n\u00e3o conseguir se apresentar. Em meio \u00e0 revolta, ele chegou a atribuir o problema \u00e0 gest\u00e3o municipal e afirmou que buscaria provid\u00eancias legais, o que intensificou a repercuss\u00e3o do caso. Esclarecimento veio ap\u00f3s conversa direta com o prefeito Ant\u00f4nio Le\u00e3o Bomfim, o T\u00f5e Le\u00e3o, e o secret\u00e1rio municipal de Cultura. Segundo o gestor, ele n\u00e3o estava presente no momento do ocorrido. Ap\u00f3s apura\u00e7\u00e3o, ficou confirmado que n\u00e3o houve interfer\u00eancia da prefeitura e que tudo se resumiu a uma falha de comunica\u00e7\u00e3o entre produ\u00e7\u00e3o e seguran\u00e7a. Retrata\u00e7\u00e3o foi feita pelo cantor ainda no local e, depois, nas redes sociais. Diego Silva reconheceu que falou movido pela raiva e pediu desculpas publicamente. Ele afirmou que o erro foi compreendido ap\u00f3s o di\u00e1logo e que a situa\u00e7\u00e3o estava resolvida, encerrando qualquer mal-entendido com a gest\u00e3o e a organiza\u00e7\u00e3o do evento. Aprendizado ficou como saldo do epis\u00f3dio, segundo a organiza\u00e7\u00e3o do Janeir\u00e3o, que destacou a import\u00e2ncia de melhorar a comunica\u00e7\u00e3o entre artistas, produ\u00e7\u00e3o e for\u00e7as de seguran\u00e7a. Apesar do ocorrido, a festa reuniu grande p\u00fablico, valorizou a cultura local e terminou com clima de di\u00e1logo restabelecido e o caso totalmente esclarecido.","og_url":"https:\/\/sudoesteacontece.com.br\/?p=6870","og_site_name":"Sudoesteacontece","article_publisher":"https:\/\/www.facebook.com\/sudoesteacontece\/?locale=pt_BR","article_published_time":"2026-01-27T13:30:55+00:00","article_modified_time":"2026-01-27T13:31:01+00:00","og_image":[{"width":900,"height":600,"url":"https:\/\/sudoesteacontece.com.br\/wp-content\/uploads\/2026\/01\/Apos-protesto-no-Janeirao-cantor-de-Caturama-se-retrata-e-caso-e-esclarecido-sudoeste-acontece.jpg","type":"image\/jpeg"}],"author":"Washington Tiago","twitter_card":"summary_large_image","twitter_misc":{"Escrito por":"Washington Tiago","Est. tempo de leitura":"3 minutos"},"schema":{"@context":"https:\/\/schema.org","@graph":[{"@type":"Article","@id":"https:\/\/sudoesteacontece.com.br\/?p=6870#article","isPartOf":{"@id":"https:\/\/sudoesteacontece.com.br\/?p=6870"},"author":{"name":"Washington Tiago","@id":"https:\/\/sudoesteacontece.com.br\/#\/schema\/person\/3cf2cf009926a9683ebc29d5379fa79c"},"headline":"Ap\u00f3s protesto no Janeir\u00e3o, cantor de Caturama se retrata e caso \u00e9 esclarecido","datePublished":"2026-01-27T13:30:55+00:00","dateModified":"2026-01-27T13:31:01+00:00","mainEntityOfPage":{"@id":"https:\/\/sudoesteacontece.com.br\/?p=6870"},"wordCount":391,"commentCount":0,"publisher":{"@id":"https:\/\/sudoesteacontece.com.br\/#organization"},"image":{"@id":"https:\/\/sudoesteacontece.com.br\/?p=6870#primaryimage"},"thumbnailUrl":"https:\/\/sudoesteacontece.com.br\/wp-content\/uploads\/2026\/01\/Apos-protesto-no-Janeirao-cantor-de-Caturama-se-retrata-e-caso-e-esclarecido-sudoeste-acontece.jpg","articleSection":["Caturama","Cidades","Pol\u00edtica","TV, R\u00e1dio e Cinema"],"inLanguage":"pt-BR","potentialAction":[{"@type":"CommentAction","name":"Comment","target":["https:\/\/sudoesteacontece.com.br\/?p=6870#respond"]}]},{"@type":"WebPage","@id":"https:\/\/sudoesteacontece.com.br\/?p=6870","url":"https:\/\/sudoesteacontece.com.br\/?p=6870","name":"Ap\u00f3s protesto no Janeir\u00e3o, cantor de Caturama se retrata e caso \u00e9 esclarecido - Sudoesteacontece","isPartOf":{"@id":"https:\/\/sudoesteacontece.com.br\/#website"},"primaryImageOfPage":{"@id":"https:\/\/sudoesteacontece.com.br\/?p=6870#primaryimage"},"image":{"@id":"https:\/\/sudoesteacontece.com.br\/?p=6870#primaryimage"},"thumbnailUrl":"https:\/\/sudoesteacontece.com.br\/wp-content\/uploads\/2026\/01\/Apos-protesto-no-Janeirao-cantor-de-Caturama-se-retrata-e-caso-e-esclarecido-sudoeste-acontece.jpg","datePublished":"2026-01-27T13:30:55+00:00","dateModified":"2026-01-27T13:31:01+00:00","breadcrumb":{"@id":"https:\/\/sudoesteacontece.com.br\/?p=6870#breadcrumb"},"inLanguage":"pt-BR","potentialAction":[{"@type":"ReadAction","target":["https:\/\/sudoesteacontece.com.br\/?p=6870"]}]},{"@type":"ImageObject","inLanguage":"pt-BR","@id":"https:\/\/sudoesteacontece.com.br\/?p=6870#primaryimage","url":"https:\/\/sudoesteacontece.com.br\/wp-content\/uploads\/2026\/01\/Apos-protesto-no-Janeirao-cantor-de-Caturama-se-retrata-e-caso-e-esclarecido-sudoeste-acontece.jpg","contentUrl":"https:\/\/sudoesteacontece.com.br\/wp-content\/uploads\/2026\/01\/Apos-protesto-no-Janeirao-cantor-de-Caturama-se-retrata-e-caso-e-esclarecido-sudoeste-acontece.jpg","width":900,"height":600},{"@type":"BreadcrumbList","@id":"https:\/\/sudoesteacontece.com.br\/?p=6870#breadcrumb","itemListElement":[{"@type":"ListItem","position":1,"name":"In\u00edcio","item":"https:\/\/sudoesteacontece.com.br\/"},{"@type":"ListItem","position":2,"name":"Ap\u00f3s protesto no Janeir\u00e3o, cantor de Caturama se retrata e caso \u00e9 esclarecido"}]},{"@type":"WebSite","@id":"https:\/\/sudoesteacontece.com.br\/#website","url":"https:\/\/sudoesteacontece.com.br\/","name":"Sudoesteacontece","description":"","publisher":{"@id":"https:\/\/sudoesteacontece.com.br\/#organization"},"potentialAction":[{"@type":"SearchAction","target":{"@type":"EntryPoint","urlTemplate":"https:\/\/sudoesteacontece.com.br\/?s={search_term_string}"},"query-input":{"@type":"PropertyValueSpecification","valueRequired":true,"valueName":"search_term_string"}}],"inLanguage":"pt-BR"},{"@type":"Organization","@id":"https:\/\/sudoesteacontece.com.br\/#organization","name":"Sudoesteacontece","url":"https:\/\/sudoesteacontece.com.br\/","logo":{"@type":"ImageObject","inLanguage":"pt-BR","@id":"https:\/\/sudoesteacontece.com.br\/#\/schema\/logo\/image\/","url":"https:\/\/sudoesteacontece.com.br\/wp-content\/uploads\/2025\/12\/cropped-logo-2-180x180-1.png","contentUrl":"https:\/\/sudoesteacontece.com.br\/wp-content\/uploads\/2025\/12\/cropped-logo-2-180x180-1.png","width":180,"height":180,"caption":"Sudoesteacontece"},"image":{"@id":"https:\/\/sudoesteacontece.com.br\/#\/schema\/logo\/image\/"},"sameAs":["https:\/\/www.facebook.com\/sudoesteacontece\/?locale=pt_BR"]},{"@type":"Person","@id":"https:\/\/sudoesteacontece.com.br\/#\/schema\/person\/3cf2cf009926a9683ebc29d5379fa79c","name":"Washington Tiago","image":{"@type":"ImageObject","inLanguage":"pt-BR","@id":"https:\/\/sudoesteacontece.com.br\/#\/schema\/person\/image\/","url":"https:\/\/secure.gravatar.com\/avatar\/33c43b8668157e040f9d1fe93c354bf087cbd8ba36270c1163198bd3ddcf2a56?s=96&d=mm&r=g","contentUrl":"https:\/\/secure.gravatar.com\/avatar\/33c43b8668157e040f9d1fe93c354bf087cbd8ba36270c1163198bd3ddcf2a56?s=96&d=mm&r=g","caption":"Washington Tiago"},"url":"https:\/\/sudoesteacontece.com.br\/?author=2"}]}},"_links":{"self":[{"href":"https:\/\/sudoesteacontece.com.br\/index.php?rest_route=\/wp\/v2\/posts\/6870","targetHints":{"allow":["GET"]}}],"collection":[{"href":"https:\/\/sudoesteacontece.com.br\/index.php?rest_route=\/wp\/v2\/posts"}],"about":[{"href":"https:\/\/sudoesteacontece.com.br\/index.php?rest_route=\/wp\/v2\/types\/post"}],"author":[{"embeddable":true,"href":"https:\/\/sudoesteacontece.com.br\/index.php?rest_route=\/wp\/v2\/users\/2"}],"replies":[{"embeddable":true,"href":"https:\/\/sudoesteacontece.com.br\/index.php?rest_route=%2Fwp%2Fv2%2Fcomments&post=6870"}],"version-history":[{"count":0,"href":"https:\/\/sudoesteacontece.com.br\/index.php?rest_route=\/wp\/v2\/posts\/6870\/revisions"}],"wp:featuredmedia":[{"embeddable":true,"href":"https:\/\/sudoesteacontece.com.br\/index.php?rest_route=\/wp\/v2\/media\/6904"}],"wp:attachment":[{"href":"https:\/\/sudoesteacontece.com.br\/index.php?rest_route=%2Fwp%2Fv2%2Fmedia&parent=6870"}],"wp:term":[{"taxonomy":"category","embeddable":true,"href":"https:\/\/sudoesteacontece.com.br\/index.php?rest_route=%2Fwp%2Fv2%2Fcategories&post=6870"},{"taxonomy":"post_tag","embeddable":true,"href":"https:\/\/sudoesteacontece.com.br\/index.php?rest_route=%2Fwp%2Fv2%2Ftags&post=6870"}],"curies":[{"name":"wp","href":"https:\/\/api.w.org\/{rel}","templated":true}]}}