{"id":6894,"date":"2026-01-27T11:17:01","date_gmt":"2026-01-27T14:17:01","guid":{"rendered":"https:\/\/sudoesteacontece.com.br\/?p=6894"},"modified":"2026-01-27T11:17:08","modified_gmt":"2026-01-27T14:17:08","slug":"ex-vereador-e-preso-por-estrangular-companheira-em-aurelino-leal-prisao-e-mantida-pela-justica","status":"publish","type":"post","link":"https:\/\/sudoesteacontece.com.br\/?p=6894","title":{"rendered":"Ex-vereador \u00e9 preso por estrangular companheira em Aurelino Leal; pris\u00e3o \u00e9 mantida pela Justi\u00e7a"},"content":{"rendered":"<div class=\"wp-block-image\">\n<figure class=\"aligncenter size-full\"><img fetchpriority=\"high\" decoding=\"async\" width=\"900\" height=\"600\" src=\"http:\/\/sudoesteacontece.com.br\/wp-content\/uploads\/2026\/01\/Ex-vereador-e-preso-por-estrangular-companheira-em-Aurelino-Leal-prisao-e-mantida-pela-Justica-sudoeste-acontece.jpg\" alt=\"\" class=\"wp-image-6922\" srcset=\"https:\/\/sudoesteacontece.com.br\/wp-content\/uploads\/2026\/01\/Ex-vereador-e-preso-por-estrangular-companheira-em-Aurelino-Leal-prisao-e-mantida-pela-Justica-sudoeste-acontece.jpg 900w, https:\/\/sudoesteacontece.com.br\/wp-content\/uploads\/2026\/01\/Ex-vereador-e-preso-por-estrangular-companheira-em-Aurelino-Leal-prisao-e-mantida-pela-Justica-sudoeste-acontece-300x200.jpg 300w, https:\/\/sudoesteacontece.com.br\/wp-content\/uploads\/2026\/01\/Ex-vereador-e-preso-por-estrangular-companheira-em-Aurelino-Leal-prisao-e-mantida-pela-Justica-sudoeste-acontece-768x512.jpg 768w\" sizes=\"(max-width: 900px) 100vw, 900px\" \/><\/figure>\n<\/div>\n\n\n<p>Aurelino Leal, cidade a 80 km de Ilh\u00e9us, registrou um crime chocante no dia 31 de dezembro de 2025, quando Cleonice Pereira dos Santos, de 47 anos, foi morta por estrangulamento pelo ex-vereador Jo\u00e3o Pereira Sena, conhecido como Jo\u00e3o da Gota, de 68 anos. O suspeito j\u00e1 possu\u00eda hist\u00f3rico de viol\u00eancia dom\u00e9stica contra a v\u00edtima.<\/p>\n\n\n\n<p>Pris\u00f5es foram realizadas na \u00faltima sexta-feira (23) na regi\u00e3o de Catul\u00e9, zona rural do munic\u00edpio. Na segunda-feira (26), o suspeito passou por audi\u00eancia de cust\u00f3dia e a Justi\u00e7a decidiu manter a pris\u00e3o preventiva, considerando o risco e a gravidade do crime, bem como o hist\u00f3rico de agress\u00f5es.<\/p>\n\n\n\n<p>Segundo a Pol\u00edcia Civil da Bahia, Cleonice deu entrada no Hospital de Aurelino Leal com sinais de viol\u00eancia e estrangulamento. A morte foi confirmada no local, motivando o in\u00edcio das investiga\u00e7\u00f5es pela Delegacia Territorial do munic\u00edpio. As apura\u00e7\u00f5es apontaram que o suspeito j\u00e1 havia praticado viol\u00eancia dom\u00e9stica contra a v\u00edtima.<\/p>\n\n\n\n<p>Durante as dilig\u00eancias, realizadas pelo Grupo de Apoio T\u00e9cnico e T\u00e1tico \u00e0 Investiga\u00e7\u00e3o (Gatti\/Costa do Cacau), a pol\u00edcia apreendeu objetos ligados ao crime, incluindo um aparelho celular e uma motocicleta com restri\u00e7\u00e3o de roubo, refor\u00e7ando elementos de investiga\u00e7\u00e3o para elucida\u00e7\u00e3o do caso.<\/p>\n\n\n\n<p>At\u00e9 o momento, a defesa de Jo\u00e3o da Gota n\u00e3o se pronunciou sobre o crime. O caso segue sob investiga\u00e7\u00e3o, e a manuten\u00e7\u00e3o da pris\u00e3o refor\u00e7a a seriedade com que autoridades tratam casos de feminic\u00eddio e viol\u00eancia dom\u00e9stica na regi\u00e3o, visando justi\u00e7a \u00e0 v\u00edtima e prote\u00e7\u00e3o da comunidade.<\/p>\n","protected":false},"excerpt":{"rendered":"<p>Aurelino Leal, cidade a 80 km de Ilh\u00e9us, registrou um crime chocante no dia 31 de dezembro de 2025, quando Cleonice Pereira dos Santos, de 47 anos, foi morta por estrangulamento pelo ex-vereador Jo\u00e3o Pereira Sena, conhecido como Jo\u00e3o da Gota, de 68 anos. O suspeito j\u00e1 possu\u00eda hist\u00f3rico de viol\u00eancia dom\u00e9stica contra a v\u00edtima. Pris\u00f5es foram realizadas na \u00faltima sexta-feira (23) na regi\u00e3o de Catul\u00e9, zona rural do munic\u00edpio. Na segunda-feira (26), o suspeito passou por audi\u00eancia de cust\u00f3dia e a Justi\u00e7a decidiu manter a pris\u00e3o preventiva, considerando o risco e a gravidade do crime, bem como o hist\u00f3rico de agress\u00f5es. Segundo a Pol\u00edcia Civil da Bahia, Cleonice deu entrada no Hospital de Aurelino Leal com sinais de viol\u00eancia e estrangulamento. A morte foi confirmada no local, motivando o in\u00edcio das investiga\u00e7\u00f5es pela Delegacia Territorial do munic\u00edpio. As apura\u00e7\u00f5es apontaram que o suspeito j\u00e1 havia praticado viol\u00eancia dom\u00e9stica contra a v\u00edtima. Durante as dilig\u00eancias, realizadas pelo Grupo de Apoio T\u00e9cnico e T\u00e1tico \u00e0 Investiga\u00e7\u00e3o (Gatti\/Costa do Cacau), a pol\u00edcia apreendeu objetos ligados ao crime, incluindo um aparelho celular e uma motocicleta com restri\u00e7\u00e3o de roubo, refor\u00e7ando elementos de investiga\u00e7\u00e3o para elucida\u00e7\u00e3o do caso. At\u00e9 o momento, a defesa de Jo\u00e3o da Gota n\u00e3o se pronunciou sobre o crime. O caso segue sob investiga\u00e7\u00e3o, e a manuten\u00e7\u00e3o da pris\u00e3o refor\u00e7a a seriedade com que autoridades tratam casos de feminic\u00eddio e viol\u00eancia dom\u00e9stica na regi\u00e3o, visando justi\u00e7a \u00e0 v\u00edtima e prote\u00e7\u00e3o da comunidade.<\/p>\n","protected":false},"author":2,"featured_media":6922,"comment_status":"open","ping_status":"open","sticky":false,"template":"","format":"standard","meta":{"footnotes":""},"categories":[3,6],"tags":[],"class_list":["post-6894","post","type-post","status-publish","format-standard","has-post-thumbnail","hentry","category-policia","category-politica"],"yoast_head":"<!-- This site is optimized with the Yoast SEO plugin v26.5 - https:\/\/yoast.com\/wordpress\/plugins\/seo\/ -->\n<title>Ex-vereador \u00e9 preso por estrangular companheira em Aurelino Leal; pris\u00e3o \u00e9 mantida pela Justi\u00e7a - Sudoesteacontece<\/title>\n<meta name=\"robots\" content=\"index, follow, max-snippet:-1, max-image-preview:large, max-video-preview:-1\" \/>\n<link rel=\"canonical\" href=\"https:\/\/sudoesteacontece.com.br\/?p=6894\" \/>\n<meta property=\"og:locale\" content=\"pt_BR\" \/>\n<meta property=\"og:type\" content=\"article\" \/>\n<meta property=\"og:title\" content=\"Ex-vereador \u00e9 preso por estrangular companheira em Aurelino Leal; pris\u00e3o \u00e9 mantida pela Justi\u00e7a - Sudoesteacontece\" \/>\n<meta property=\"og:description\" content=\"Aurelino Leal, cidade a 80 km de Ilh\u00e9us, registrou um crime chocante no dia 31 de dezembro de 2025, quando Cleonice Pereira dos Santos, de 47 anos, foi morta por estrangulamento pelo ex-vereador Jo\u00e3o Pereira Sena, conhecido como Jo\u00e3o da Gota, de 68 anos. O suspeito j\u00e1 possu\u00eda hist\u00f3rico de viol\u00eancia dom\u00e9stica contra a v\u00edtima. Pris\u00f5es foram realizadas na \u00faltima sexta-feira (23) na regi\u00e3o de Catul\u00e9, zona rural do munic\u00edpio. Na segunda-feira (26), o suspeito passou por audi\u00eancia de cust\u00f3dia e a Justi\u00e7a decidiu manter a pris\u00e3o preventiva, considerando o risco e a gravidade do crime, bem como o hist\u00f3rico de agress\u00f5es. Segundo a Pol\u00edcia Civil da Bahia, Cleonice deu entrada no Hospital de Aurelino Leal com sinais de viol\u00eancia e estrangulamento. A morte foi confirmada no local, motivando o in\u00edcio das investiga\u00e7\u00f5es pela Delegacia Territorial do munic\u00edpio. As apura\u00e7\u00f5es apontaram que o suspeito j\u00e1 havia praticado viol\u00eancia dom\u00e9stica contra a v\u00edtima. Durante as dilig\u00eancias, realizadas pelo Grupo de Apoio T\u00e9cnico e T\u00e1tico \u00e0 Investiga\u00e7\u00e3o (Gatti\/Costa do Cacau), a pol\u00edcia apreendeu objetos ligados ao crime, incluindo um aparelho celular e uma motocicleta com restri\u00e7\u00e3o de roubo, refor\u00e7ando elementos de investiga\u00e7\u00e3o para elucida\u00e7\u00e3o do caso. At\u00e9 o momento, a defesa de Jo\u00e3o da Gota n\u00e3o se pronunciou sobre o crime. O caso segue sob investiga\u00e7\u00e3o, e a manuten\u00e7\u00e3o da pris\u00e3o refor\u00e7a a seriedade com que autoridades tratam casos de feminic\u00eddio e viol\u00eancia dom\u00e9stica na regi\u00e3o, visando justi\u00e7a \u00e0 v\u00edtima e prote\u00e7\u00e3o da comunidade.\" \/>\n<meta property=\"og:url\" content=\"https:\/\/sudoesteacontece.com.br\/?p=6894\" \/>\n<meta property=\"og:site_name\" content=\"Sudoesteacontece\" \/>\n<meta property=\"article:publisher\" content=\"https:\/\/www.facebook.com\/sudoesteacontece\/?locale=pt_BR\" \/>\n<meta property=\"article:published_time\" content=\"2026-01-27T14:17:01+00:00\" \/>\n<meta property=\"article:modified_time\" content=\"2026-01-27T14:17:08+00:00\" \/>\n<meta property=\"og:image\" content=\"https:\/\/sudoesteacontece.com.br\/wp-content\/uploads\/2026\/01\/Ex-vereador-e-preso-por-estrangular-companheira-em-Aurelino-Leal-prisao-e-mantida-pela-Justica-sudoeste-acontece.jpg\" \/>\n\t<meta property=\"og:image:width\" content=\"900\" \/>\n\t<meta property=\"og:image:height\" content=\"600\" \/>\n\t<meta property=\"og:image:type\" content=\"image\/jpeg\" \/>\n<meta name=\"author\" content=\"Washington Tiago\" \/>\n<meta name=\"twitter:card\" content=\"summary_large_image\" \/>\n<meta name=\"twitter:label1\" content=\"Escrito por\" \/>\n\t<meta name=\"twitter:data1\" content=\"Washington Tiago\" \/>\n\t<meta name=\"twitter:label2\" content=\"Est. tempo de leitura\" \/>\n\t<meta name=\"twitter:data2\" content=\"2 minutos\" \/>\n<script type=\"application\/ld+json\" class=\"yoast-schema-graph\">{\"@context\":\"https:\/\/schema.org\",\"@graph\":[{\"@type\":\"Article\",\"@id\":\"https:\/\/sudoesteacontece.com.br\/?p=6894#article\",\"isPartOf\":{\"@id\":\"https:\/\/sudoesteacontece.com.br\/?p=6894\"},\"author\":{\"name\":\"Washington Tiago\",\"@id\":\"https:\/\/sudoesteacontece.com.br\/#\/schema\/person\/3cf2cf009926a9683ebc29d5379fa79c\"},\"headline\":\"Ex-vereador \u00e9 preso por estrangular companheira em Aurelino Leal; pris\u00e3o \u00e9 mantida pela Justi\u00e7a\",\"datePublished\":\"2026-01-27T14:17:01+00:00\",\"dateModified\":\"2026-01-27T14:17:08+00:00\",\"mainEntityOfPage\":{\"@id\":\"https:\/\/sudoesteacontece.com.br\/?p=6894\"},\"wordCount\":296,\"commentCount\":0,\"publisher\":{\"@id\":\"https:\/\/sudoesteacontece.com.br\/#organization\"},\"image\":{\"@id\":\"https:\/\/sudoesteacontece.com.br\/?p=6894#primaryimage\"},\"thumbnailUrl\":\"https:\/\/sudoesteacontece.com.br\/wp-content\/uploads\/2026\/01\/Ex-vereador-e-preso-por-estrangular-companheira-em-Aurelino-Leal-prisao-e-mantida-pela-Justica-sudoeste-acontece.jpg\",\"articleSection\":[\"Pol\u00edcia\",\"Pol\u00edtica\"],\"inLanguage\":\"pt-BR\",\"potentialAction\":[{\"@type\":\"CommentAction\",\"name\":\"Comment\",\"target\":[\"https:\/\/sudoesteacontece.com.br\/?p=6894#respond\"]}]},{\"@type\":\"WebPage\",\"@id\":\"https:\/\/sudoesteacontece.com.br\/?p=6894\",\"url\":\"https:\/\/sudoesteacontece.com.br\/?p=6894\",\"name\":\"Ex-vereador \u00e9 preso por estrangular companheira em Aurelino Leal; pris\u00e3o \u00e9 mantida pela Justi\u00e7a - Sudoesteacontece\",\"isPartOf\":{\"@id\":\"https:\/\/sudoesteacontece.com.br\/#website\"},\"primaryImageOfPage\":{\"@id\":\"https:\/\/sudoesteacontece.com.br\/?p=6894#primaryimage\"},\"image\":{\"@id\":\"https:\/\/sudoesteacontece.com.br\/?p=6894#primaryimage\"},\"thumbnailUrl\":\"https:\/\/sudoesteacontece.com.br\/wp-content\/uploads\/2026\/01\/Ex-vereador-e-preso-por-estrangular-companheira-em-Aurelino-Leal-prisao-e-mantida-pela-Justica-sudoeste-acontece.jpg\",\"datePublished\":\"2026-01-27T14:17:01+00:00\",\"dateModified\":\"2026-01-27T14:17:08+00:00\",\"breadcrumb\":{\"@id\":\"https:\/\/sudoesteacontece.com.br\/?p=6894#breadcrumb\"},\"inLanguage\":\"pt-BR\",\"potentialAction\":[{\"@type\":\"ReadAction\",\"target\":[\"https:\/\/sudoesteacontece.com.br\/?p=6894\"]}]},{\"@type\":\"ImageObject\",\"inLanguage\":\"pt-BR\",\"@id\":\"https:\/\/sudoesteacontece.com.br\/?p=6894#primaryimage\",\"url\":\"https:\/\/sudoesteacontece.com.br\/wp-content\/uploads\/2026\/01\/Ex-vereador-e-preso-por-estrangular-companheira-em-Aurelino-Leal-prisao-e-mantida-pela-Justica-sudoeste-acontece.jpg\",\"contentUrl\":\"https:\/\/sudoesteacontece.com.br\/wp-content\/uploads\/2026\/01\/Ex-vereador-e-preso-por-estrangular-companheira-em-Aurelino-Leal-prisao-e-mantida-pela-Justica-sudoeste-acontece.jpg\",\"width\":900,\"height\":600},{\"@type\":\"BreadcrumbList\",\"@id\":\"https:\/\/sudoesteacontece.com.br\/?p=6894#breadcrumb\",\"itemListElement\":[{\"@type\":\"ListItem\",\"position\":1,\"name\":\"In\u00edcio\",\"item\":\"https:\/\/sudoesteacontece.com.br\/\"},{\"@type\":\"ListItem\",\"position\":2,\"name\":\"Ex-vereador \u00e9 preso por estrangular companheira em Aurelino Leal; pris\u00e3o \u00e9 mantida pela Justi\u00e7a\"}]},{\"@type\":\"WebSite\",\"@id\":\"https:\/\/sudoesteacontece.com.br\/#website\",\"url\":\"https:\/\/sudoesteacontece.com.br\/\",\"name\":\"Sudoesteacontece\",\"description\":\"\",\"publisher\":{\"@id\":\"https:\/\/sudoesteacontece.com.br\/#organization\"},\"potentialAction\":[{\"@type\":\"SearchAction\",\"target\":{\"@type\":\"EntryPoint\",\"urlTemplate\":\"https:\/\/sudoesteacontece.com.br\/?s={search_term_string}\"},\"query-input\":{\"@type\":\"PropertyValueSpecification\",\"valueRequired\":true,\"valueName\":\"search_term_string\"}}],\"inLanguage\":\"pt-BR\"},{\"@type\":\"Organization\",\"@id\":\"https:\/\/sudoesteacontece.com.br\/#organization\",\"name\":\"Sudoesteacontece\",\"url\":\"https:\/\/sudoesteacontece.com.br\/\",\"logo\":{\"@type\":\"ImageObject\",\"inLanguage\":\"pt-BR\",\"@id\":\"https:\/\/sudoesteacontece.com.br\/#\/schema\/logo\/image\/\",\"url\":\"https:\/\/sudoesteacontece.com.br\/wp-content\/uploads\/2025\/12\/cropped-logo-2-180x180-1.png\",\"contentUrl\":\"https:\/\/sudoesteacontece.com.br\/wp-content\/uploads\/2025\/12\/cropped-logo-2-180x180-1.png\",\"width\":180,\"height\":180,\"caption\":\"Sudoesteacontece\"},\"image\":{\"@id\":\"https:\/\/sudoesteacontece.com.br\/#\/schema\/logo\/image\/\"},\"sameAs\":[\"https:\/\/www.facebook.com\/sudoesteacontece\/?locale=pt_BR\"]},{\"@type\":\"Person\",\"@id\":\"https:\/\/sudoesteacontece.com.br\/#\/schema\/person\/3cf2cf009926a9683ebc29d5379fa79c\",\"name\":\"Washington Tiago\",\"image\":{\"@type\":\"ImageObject\",\"inLanguage\":\"pt-BR\",\"@id\":\"https:\/\/sudoesteacontece.com.br\/#\/schema\/person\/image\/\",\"url\":\"https:\/\/secure.gravatar.com\/avatar\/33c43b8668157e040f9d1fe93c354bf087cbd8ba36270c1163198bd3ddcf2a56?s=96&d=mm&r=g\",\"contentUrl\":\"https:\/\/secure.gravatar.com\/avatar\/33c43b8668157e040f9d1fe93c354bf087cbd8ba36270c1163198bd3ddcf2a56?s=96&d=mm&r=g\",\"caption\":\"Washington Tiago\"},\"url\":\"https:\/\/sudoesteacontece.com.br\/?author=2\"}]}<\/script>\n<!-- \/ Yoast SEO plugin. -->","yoast_head_json":{"title":"Ex-vereador \u00e9 preso por estrangular companheira em Aurelino Leal; pris\u00e3o \u00e9 mantida pela Justi\u00e7a - Sudoesteacontece","robots":{"index":"index","follow":"follow","max-snippet":"max-snippet:-1","max-image-preview":"max-image-preview:large","max-video-preview":"max-video-preview:-1"},"canonical":"https:\/\/sudoesteacontece.com.br\/?p=6894","og_locale":"pt_BR","og_type":"article","og_title":"Ex-vereador \u00e9 preso por estrangular companheira em Aurelino Leal; pris\u00e3o \u00e9 mantida pela Justi\u00e7a - Sudoesteacontece","og_description":"Aurelino Leal, cidade a 80 km de Ilh\u00e9us, registrou um crime chocante no dia 31 de dezembro de 2025, quando Cleonice Pereira dos Santos, de 47 anos, foi morta por estrangulamento pelo ex-vereador Jo\u00e3o Pereira Sena, conhecido como Jo\u00e3o da Gota, de 68 anos. O suspeito j\u00e1 possu\u00eda hist\u00f3rico de viol\u00eancia dom\u00e9stica contra a v\u00edtima. Pris\u00f5es foram realizadas na \u00faltima sexta-feira (23) na regi\u00e3o de Catul\u00e9, zona rural do munic\u00edpio. Na segunda-feira (26), o suspeito passou por audi\u00eancia de cust\u00f3dia e a Justi\u00e7a decidiu manter a pris\u00e3o preventiva, considerando o risco e a gravidade do crime, bem como o hist\u00f3rico de agress\u00f5es. Segundo a Pol\u00edcia Civil da Bahia, Cleonice deu entrada no Hospital de Aurelino Leal com sinais de viol\u00eancia e estrangulamento. A morte foi confirmada no local, motivando o in\u00edcio das investiga\u00e7\u00f5es pela Delegacia Territorial do munic\u00edpio. As apura\u00e7\u00f5es apontaram que o suspeito j\u00e1 havia praticado viol\u00eancia dom\u00e9stica contra a v\u00edtima. Durante as dilig\u00eancias, realizadas pelo Grupo de Apoio T\u00e9cnico e T\u00e1tico \u00e0 Investiga\u00e7\u00e3o (Gatti\/Costa do Cacau), a pol\u00edcia apreendeu objetos ligados ao crime, incluindo um aparelho celular e uma motocicleta com restri\u00e7\u00e3o de roubo, refor\u00e7ando elementos de investiga\u00e7\u00e3o para elucida\u00e7\u00e3o do caso. At\u00e9 o momento, a defesa de Jo\u00e3o da Gota n\u00e3o se pronunciou sobre o crime. O caso segue sob investiga\u00e7\u00e3o, e a manuten\u00e7\u00e3o da pris\u00e3o refor\u00e7a a seriedade com que autoridades tratam casos de feminic\u00eddio e viol\u00eancia dom\u00e9stica na regi\u00e3o, visando justi\u00e7a \u00e0 v\u00edtima e prote\u00e7\u00e3o da comunidade.","og_url":"https:\/\/sudoesteacontece.com.br\/?p=6894","og_site_name":"Sudoesteacontece","article_publisher":"https:\/\/www.facebook.com\/sudoesteacontece\/?locale=pt_BR","article_published_time":"2026-01-27T14:17:01+00:00","article_modified_time":"2026-01-27T14:17:08+00:00","og_image":[{"width":900,"height":600,"url":"https:\/\/sudoesteacontece.com.br\/wp-content\/uploads\/2026\/01\/Ex-vereador-e-preso-por-estrangular-companheira-em-Aurelino-Leal-prisao-e-mantida-pela-Justica-sudoeste-acontece.jpg","type":"image\/jpeg"}],"author":"Washington Tiago","twitter_card":"summary_large_image","twitter_misc":{"Escrito por":"Washington Tiago","Est. tempo de leitura":"2 minutos"},"schema":{"@context":"https:\/\/schema.org","@graph":[{"@type":"Article","@id":"https:\/\/sudoesteacontece.com.br\/?p=6894#article","isPartOf":{"@id":"https:\/\/sudoesteacontece.com.br\/?p=6894"},"author":{"name":"Washington Tiago","@id":"https:\/\/sudoesteacontece.com.br\/#\/schema\/person\/3cf2cf009926a9683ebc29d5379fa79c"},"headline":"Ex-vereador \u00e9 preso por estrangular companheira em Aurelino Leal; pris\u00e3o \u00e9 mantida pela Justi\u00e7a","datePublished":"2026-01-27T14:17:01+00:00","dateModified":"2026-01-27T14:17:08+00:00","mainEntityOfPage":{"@id":"https:\/\/sudoesteacontece.com.br\/?p=6894"},"wordCount":296,"commentCount":0,"publisher":{"@id":"https:\/\/sudoesteacontece.com.br\/#organization"},"image":{"@id":"https:\/\/sudoesteacontece.com.br\/?p=6894#primaryimage"},"thumbnailUrl":"https:\/\/sudoesteacontece.com.br\/wp-content\/uploads\/2026\/01\/Ex-vereador-e-preso-por-estrangular-companheira-em-Aurelino-Leal-prisao-e-mantida-pela-Justica-sudoeste-acontece.jpg","articleSection":["Pol\u00edcia","Pol\u00edtica"],"inLanguage":"pt-BR","potentialAction":[{"@type":"CommentAction","name":"Comment","target":["https:\/\/sudoesteacontece.com.br\/?p=6894#respond"]}]},{"@type":"WebPage","@id":"https:\/\/sudoesteacontece.com.br\/?p=6894","url":"https:\/\/sudoesteacontece.com.br\/?p=6894","name":"Ex-vereador \u00e9 preso por estrangular companheira em Aurelino Leal; pris\u00e3o \u00e9 mantida pela Justi\u00e7a - Sudoesteacontece","isPartOf":{"@id":"https:\/\/sudoesteacontece.com.br\/#website"},"primaryImageOfPage":{"@id":"https:\/\/sudoesteacontece.com.br\/?p=6894#primaryimage"},"image":{"@id":"https:\/\/sudoesteacontece.com.br\/?p=6894#primaryimage"},"thumbnailUrl":"https:\/\/sudoesteacontece.com.br\/wp-content\/uploads\/2026\/01\/Ex-vereador-e-preso-por-estrangular-companheira-em-Aurelino-Leal-prisao-e-mantida-pela-Justica-sudoeste-acontece.jpg","datePublished":"2026-01-27T14:17:01+00:00","dateModified":"2026-01-27T14:17:08+00:00","breadcrumb":{"@id":"https:\/\/sudoesteacontece.com.br\/?p=6894#breadcrumb"},"inLanguage":"pt-BR","potentialAction":[{"@type":"ReadAction","target":["https:\/\/sudoesteacontece.com.br\/?p=6894"]}]},{"@type":"ImageObject","inLanguage":"pt-BR","@id":"https:\/\/sudoesteacontece.com.br\/?p=6894#primaryimage","url":"https:\/\/sudoesteacontece.com.br\/wp-content\/uploads\/2026\/01\/Ex-vereador-e-preso-por-estrangular-companheira-em-Aurelino-Leal-prisao-e-mantida-pela-Justica-sudoeste-acontece.jpg","contentUrl":"https:\/\/sudoesteacontece.com.br\/wp-content\/uploads\/2026\/01\/Ex-vereador-e-preso-por-estrangular-companheira-em-Aurelino-Leal-prisao-e-mantida-pela-Justica-sudoeste-acontece.jpg","width":900,"height":600},{"@type":"BreadcrumbList","@id":"https:\/\/sudoesteacontece.com.br\/?p=6894#breadcrumb","itemListElement":[{"@type":"ListItem","position":1,"name":"In\u00edcio","item":"https:\/\/sudoesteacontece.com.br\/"},{"@type":"ListItem","position":2,"name":"Ex-vereador \u00e9 preso por estrangular companheira em Aurelino Leal; pris\u00e3o \u00e9 mantida pela Justi\u00e7a"}]},{"@type":"WebSite","@id":"https:\/\/sudoesteacontece.com.br\/#website","url":"https:\/\/sudoesteacontece.com.br\/","name":"Sudoesteacontece","description":"","publisher":{"@id":"https:\/\/sudoesteacontece.com.br\/#organization"},"potentialAction":[{"@type":"SearchAction","target":{"@type":"EntryPoint","urlTemplate":"https:\/\/sudoesteacontece.com.br\/?s={search_term_string}"},"query-input":{"@type":"PropertyValueSpecification","valueRequired":true,"valueName":"search_term_string"}}],"inLanguage":"pt-BR"},{"@type":"Organization","@id":"https:\/\/sudoesteacontece.com.br\/#organization","name":"Sudoesteacontece","url":"https:\/\/sudoesteacontece.com.br\/","logo":{"@type":"ImageObject","inLanguage":"pt-BR","@id":"https:\/\/sudoesteacontece.com.br\/#\/schema\/logo\/image\/","url":"https:\/\/sudoesteacontece.com.br\/wp-content\/uploads\/2025\/12\/cropped-logo-2-180x180-1.png","contentUrl":"https:\/\/sudoesteacontece.com.br\/wp-content\/uploads\/2025\/12\/cropped-logo-2-180x180-1.png","width":180,"height":180,"caption":"Sudoesteacontece"},"image":{"@id":"https:\/\/sudoesteacontece.com.br\/#\/schema\/logo\/image\/"},"sameAs":["https:\/\/www.facebook.com\/sudoesteacontece\/?locale=pt_BR"]},{"@type":"Person","@id":"https:\/\/sudoesteacontece.com.br\/#\/schema\/person\/3cf2cf009926a9683ebc29d5379fa79c","name":"Washington Tiago","image":{"@type":"ImageObject","inLanguage":"pt-BR","@id":"https:\/\/sudoesteacontece.com.br\/#\/schema\/person\/image\/","url":"https:\/\/secure.gravatar.com\/avatar\/33c43b8668157e040f9d1fe93c354bf087cbd8ba36270c1163198bd3ddcf2a56?s=96&d=mm&r=g","contentUrl":"https:\/\/secure.gravatar.com\/avatar\/33c43b8668157e040f9d1fe93c354bf087cbd8ba36270c1163198bd3ddcf2a56?s=96&d=mm&r=g","caption":"Washington Tiago"},"url":"https:\/\/sudoesteacontece.com.br\/?author=2"}]}},"_links":{"self":[{"href":"https:\/\/sudoesteacontece.com.br\/index.php?rest_route=\/wp\/v2\/posts\/6894","targetHints":{"allow":["GET"]}}],"collection":[{"href":"https:\/\/sudoesteacontece.com.br\/index.php?rest_route=\/wp\/v2\/posts"}],"about":[{"href":"https:\/\/sudoesteacontece.com.br\/index.php?rest_route=\/wp\/v2\/types\/post"}],"author":[{"embeddable":true,"href":"https:\/\/sudoesteacontece.com.br\/index.php?rest_route=\/wp\/v2\/users\/2"}],"replies":[{"embeddable":true,"href":"https:\/\/sudoesteacontece.com.br\/index.php?rest_route=%2Fwp%2Fv2%2Fcomments&post=6894"}],"version-history":[{"count":0,"href":"https:\/\/sudoesteacontece.com.br\/index.php?rest_route=\/wp\/v2\/posts\/6894\/revisions"}],"wp:featuredmedia":[{"embeddable":true,"href":"https:\/\/sudoesteacontece.com.br\/index.php?rest_route=\/wp\/v2\/media\/6922"}],"wp:attachment":[{"href":"https:\/\/sudoesteacontece.com.br\/index.php?rest_route=%2Fwp%2Fv2%2Fmedia&parent=6894"}],"wp:term":[{"taxonomy":"category","embeddable":true,"href":"https:\/\/sudoesteacontece.com.br\/index.php?rest_route=%2Fwp%2Fv2%2Fcategories&post=6894"},{"taxonomy":"post_tag","embeddable":true,"href":"https:\/\/sudoesteacontece.com.br\/index.php?rest_route=%2Fwp%2Fv2%2Ftags&post=6894"}],"curies":[{"name":"wp","href":"https:\/\/api.w.org\/{rel}","templated":true}]}}