{"id":6896,"date":"2026-01-27T11:27:10","date_gmt":"2026-01-27T14:27:10","guid":{"rendered":"https:\/\/sudoesteacontece.com.br\/?p=6896"},"modified":"2026-01-27T11:27:16","modified_gmt":"2026-01-27T14:27:16","slug":"morte-de-maicon-deixa-amigos-e-familia-em-choque-em-vitoria-da-conquista","status":"publish","type":"post","link":"https:\/\/sudoesteacontece.com.br\/?p=6896","title":{"rendered":"Morte de Maicon deixa amigos e fam\u00edlia em choque em Vit\u00f3ria da Conquista"},"content":{"rendered":"<div class=\"wp-block-image\">\n<figure class=\"aligncenter size-full\"><img fetchpriority=\"high\" decoding=\"async\" width=\"900\" height=\"600\" src=\"http:\/\/sudoesteacontece.com.br\/wp-content\/uploads\/2026\/01\/Morte-de-Maicon-deixa-amigos-e-familia-em-choque-em-Vitoria-da-Conquista-sudoeste-acontece.jpg\" alt=\"\" class=\"wp-image-6927\" srcset=\"https:\/\/sudoesteacontece.com.br\/wp-content\/uploads\/2026\/01\/Morte-de-Maicon-deixa-amigos-e-familia-em-choque-em-Vitoria-da-Conquista-sudoeste-acontece.jpg 900w, https:\/\/sudoesteacontece.com.br\/wp-content\/uploads\/2026\/01\/Morte-de-Maicon-deixa-amigos-e-familia-em-choque-em-Vitoria-da-Conquista-sudoeste-acontece-300x200.jpg 300w, https:\/\/sudoesteacontece.com.br\/wp-content\/uploads\/2026\/01\/Morte-de-Maicon-deixa-amigos-e-familia-em-choque-em-Vitoria-da-Conquista-sudoeste-acontece-768x512.jpg 768w\" sizes=\"(max-width: 900px) 100vw, 900px\" \/><\/figure>\n<\/div>\n\n\n<p>Vit\u00f3ria da Conquista viveu um fim de semana marcado por trag\u00e9dias. Entre os casos, a morte de Maicon, natural de Itamb\u00e9, chocou familiares e amigos. O corpo da v\u00edtima foi encontrado no bairro Vila Elisa, apresentando sinais de espancamento, segundo informa\u00e7\u00f5es da pol\u00edcia.<\/p>\n\n\n\n<p>Ainda n\u00e3o est\u00e1 esclarecido se Maicon foi assassinado no pr\u00f3prio bairro ou se os agressores deixaram o corpo na localidade. A Pol\u00edcia Civil assumiu as investiga\u00e7\u00f5es para apurar as circunst\u00e2ncias do crime e identificar os respons\u00e1veis pelo ataque.<\/p>\n\n\n\n<p>Fam\u00edlia e amigos expressam consterna\u00e7\u00e3o diante da perda, enquanto a comunidade aguarda respostas das autoridades. O caso refor\u00e7a a import\u00e2ncia do trabalho de investiga\u00e7\u00e3o para combater a viol\u00eancia e trazer justi\u00e7a \u00e0 v\u00edtima e \u00e0 sua fam\u00edlia.<\/p>\n","protected":false},"excerpt":{"rendered":"<p>Vit\u00f3ria da Conquista viveu um fim de semana marcado por trag\u00e9dias. Entre os casos, a morte de Maicon, natural de Itamb\u00e9, chocou familiares e amigos. O corpo da v\u00edtima foi encontrado no bairro Vila Elisa, apresentando sinais de espancamento, segundo informa\u00e7\u00f5es da pol\u00edcia. Ainda n\u00e3o est\u00e1 esclarecido se Maicon foi assassinado no pr\u00f3prio bairro ou se os agressores deixaram o corpo na localidade. A Pol\u00edcia Civil assumiu as investiga\u00e7\u00f5es para apurar as circunst\u00e2ncias do crime e identificar os respons\u00e1veis pelo ataque. Fam\u00edlia e amigos expressam consterna\u00e7\u00e3o diante da perda, enquanto a comunidade aguarda respostas das autoridades. O caso refor\u00e7a a import\u00e2ncia do trabalho de investiga\u00e7\u00e3o para combater a viol\u00eancia e trazer justi\u00e7a \u00e0 v\u00edtima e \u00e0 sua fam\u00edlia.<\/p>\n","protected":false},"author":2,"featured_media":6927,"comment_status":"open","ping_status":"open","sticky":false,"template":"","format":"standard","meta":{"footnotes":""},"categories":[3,8],"tags":[],"class_list":["post-6896","post","type-post","status-publish","format-standard","has-post-thumbnail","hentry","category-policia","category-vitoria-da-conquista"],"yoast_head":"<!-- This site is optimized with the Yoast SEO plugin v26.5 - https:\/\/yoast.com\/wordpress\/plugins\/seo\/ -->\n<title>Morte de Maicon deixa amigos e fam\u00edlia em choque em Vit\u00f3ria da Conquista - Sudoesteacontece<\/title>\n<meta name=\"robots\" content=\"index, follow, max-snippet:-1, max-image-preview:large, max-video-preview:-1\" \/>\n<link rel=\"canonical\" href=\"https:\/\/sudoesteacontece.com.br\/?p=6896\" \/>\n<meta property=\"og:locale\" content=\"pt_BR\" \/>\n<meta property=\"og:type\" content=\"article\" \/>\n<meta property=\"og:title\" content=\"Morte de Maicon deixa amigos e fam\u00edlia em choque em Vit\u00f3ria da Conquista - Sudoesteacontece\" \/>\n<meta property=\"og:description\" content=\"Vit\u00f3ria da Conquista viveu um fim de semana marcado por trag\u00e9dias. Entre os casos, a morte de Maicon, natural de Itamb\u00e9, chocou familiares e amigos. O corpo da v\u00edtima foi encontrado no bairro Vila Elisa, apresentando sinais de espancamento, segundo informa\u00e7\u00f5es da pol\u00edcia. Ainda n\u00e3o est\u00e1 esclarecido se Maicon foi assassinado no pr\u00f3prio bairro ou se os agressores deixaram o corpo na localidade. A Pol\u00edcia Civil assumiu as investiga\u00e7\u00f5es para apurar as circunst\u00e2ncias do crime e identificar os respons\u00e1veis pelo ataque. Fam\u00edlia e amigos expressam consterna\u00e7\u00e3o diante da perda, enquanto a comunidade aguarda respostas das autoridades. O caso refor\u00e7a a import\u00e2ncia do trabalho de investiga\u00e7\u00e3o para combater a viol\u00eancia e trazer justi\u00e7a \u00e0 v\u00edtima e \u00e0 sua fam\u00edlia.\" \/>\n<meta property=\"og:url\" content=\"https:\/\/sudoesteacontece.com.br\/?p=6896\" \/>\n<meta property=\"og:site_name\" content=\"Sudoesteacontece\" \/>\n<meta property=\"article:publisher\" content=\"https:\/\/www.facebook.com\/sudoesteacontece\/?locale=pt_BR\" \/>\n<meta property=\"article:published_time\" content=\"2026-01-27T14:27:10+00:00\" \/>\n<meta property=\"article:modified_time\" content=\"2026-01-27T14:27:16+00:00\" \/>\n<meta property=\"og:image\" content=\"https:\/\/sudoesteacontece.com.br\/wp-content\/uploads\/2026\/01\/Morte-de-Maicon-deixa-amigos-e-familia-em-choque-em-Vitoria-da-Conquista-sudoeste-acontece.jpg\" \/>\n\t<meta property=\"og:image:width\" content=\"900\" \/>\n\t<meta property=\"og:image:height\" content=\"600\" \/>\n\t<meta property=\"og:image:type\" content=\"image\/jpeg\" \/>\n<meta name=\"author\" content=\"Washington Tiago\" \/>\n<meta name=\"twitter:card\" content=\"summary_large_image\" \/>\n<meta name=\"twitter:label1\" content=\"Escrito por\" \/>\n\t<meta name=\"twitter:data1\" content=\"Washington Tiago\" \/>\n\t<meta name=\"twitter:label2\" content=\"Est. tempo de leitura\" \/>\n\t<meta name=\"twitter:data2\" content=\"2 minutos\" \/>\n<script type=\"application\/ld+json\" class=\"yoast-schema-graph\">{\"@context\":\"https:\/\/schema.org\",\"@graph\":[{\"@type\":\"Article\",\"@id\":\"https:\/\/sudoesteacontece.com.br\/?p=6896#article\",\"isPartOf\":{\"@id\":\"https:\/\/sudoesteacontece.com.br\/?p=6896\"},\"author\":{\"name\":\"Washington Tiago\",\"@id\":\"https:\/\/sudoesteacontece.com.br\/#\/schema\/person\/3cf2cf009926a9683ebc29d5379fa79c\"},\"headline\":\"Morte de Maicon deixa amigos e fam\u00edlia em choque em Vit\u00f3ria da Conquista\",\"datePublished\":\"2026-01-27T14:27:10+00:00\",\"dateModified\":\"2026-01-27T14:27:16+00:00\",\"mainEntityOfPage\":{\"@id\":\"https:\/\/sudoesteacontece.com.br\/?p=6896\"},\"wordCount\":151,\"commentCount\":0,\"publisher\":{\"@id\":\"https:\/\/sudoesteacontece.com.br\/#organization\"},\"image\":{\"@id\":\"https:\/\/sudoesteacontece.com.br\/?p=6896#primaryimage\"},\"thumbnailUrl\":\"https:\/\/sudoesteacontece.com.br\/wp-content\/uploads\/2026\/01\/Morte-de-Maicon-deixa-amigos-e-familia-em-choque-em-Vitoria-da-Conquista-sudoeste-acontece.jpg\",\"articleSection\":[\"Pol\u00edcia\",\"Vit\u00f3ria da Conquista\"],\"inLanguage\":\"pt-BR\",\"potentialAction\":[{\"@type\":\"CommentAction\",\"name\":\"Comment\",\"target\":[\"https:\/\/sudoesteacontece.com.br\/?p=6896#respond\"]}]},{\"@type\":\"WebPage\",\"@id\":\"https:\/\/sudoesteacontece.com.br\/?p=6896\",\"url\":\"https:\/\/sudoesteacontece.com.br\/?p=6896\",\"name\":\"Morte de Maicon deixa amigos e fam\u00edlia em choque em Vit\u00f3ria da Conquista - Sudoesteacontece\",\"isPartOf\":{\"@id\":\"https:\/\/sudoesteacontece.com.br\/#website\"},\"primaryImageOfPage\":{\"@id\":\"https:\/\/sudoesteacontece.com.br\/?p=6896#primaryimage\"},\"image\":{\"@id\":\"https:\/\/sudoesteacontece.com.br\/?p=6896#primaryimage\"},\"thumbnailUrl\":\"https:\/\/sudoesteacontece.com.br\/wp-content\/uploads\/2026\/01\/Morte-de-Maicon-deixa-amigos-e-familia-em-choque-em-Vitoria-da-Conquista-sudoeste-acontece.jpg\",\"datePublished\":\"2026-01-27T14:27:10+00:00\",\"dateModified\":\"2026-01-27T14:27:16+00:00\",\"breadcrumb\":{\"@id\":\"https:\/\/sudoesteacontece.com.br\/?p=6896#breadcrumb\"},\"inLanguage\":\"pt-BR\",\"potentialAction\":[{\"@type\":\"ReadAction\",\"target\":[\"https:\/\/sudoesteacontece.com.br\/?p=6896\"]}]},{\"@type\":\"ImageObject\",\"inLanguage\":\"pt-BR\",\"@id\":\"https:\/\/sudoesteacontece.com.br\/?p=6896#primaryimage\",\"url\":\"https:\/\/sudoesteacontece.com.br\/wp-content\/uploads\/2026\/01\/Morte-de-Maicon-deixa-amigos-e-familia-em-choque-em-Vitoria-da-Conquista-sudoeste-acontece.jpg\",\"contentUrl\":\"https:\/\/sudoesteacontece.com.br\/wp-content\/uploads\/2026\/01\/Morte-de-Maicon-deixa-amigos-e-familia-em-choque-em-Vitoria-da-Conquista-sudoeste-acontece.jpg\",\"width\":900,\"height\":600},{\"@type\":\"BreadcrumbList\",\"@id\":\"https:\/\/sudoesteacontece.com.br\/?p=6896#breadcrumb\",\"itemListElement\":[{\"@type\":\"ListItem\",\"position\":1,\"name\":\"In\u00edcio\",\"item\":\"https:\/\/sudoesteacontece.com.br\/\"},{\"@type\":\"ListItem\",\"position\":2,\"name\":\"Morte de Maicon deixa amigos e fam\u00edlia em choque em Vit\u00f3ria da Conquista\"}]},{\"@type\":\"WebSite\",\"@id\":\"https:\/\/sudoesteacontece.com.br\/#website\",\"url\":\"https:\/\/sudoesteacontece.com.br\/\",\"name\":\"Sudoesteacontece\",\"description\":\"\",\"publisher\":{\"@id\":\"https:\/\/sudoesteacontece.com.br\/#organization\"},\"potentialAction\":[{\"@type\":\"SearchAction\",\"target\":{\"@type\":\"EntryPoint\",\"urlTemplate\":\"https:\/\/sudoesteacontece.com.br\/?s={search_term_string}\"},\"query-input\":{\"@type\":\"PropertyValueSpecification\",\"valueRequired\":true,\"valueName\":\"search_term_string\"}}],\"inLanguage\":\"pt-BR\"},{\"@type\":\"Organization\",\"@id\":\"https:\/\/sudoesteacontece.com.br\/#organization\",\"name\":\"Sudoesteacontece\",\"url\":\"https:\/\/sudoesteacontece.com.br\/\",\"logo\":{\"@type\":\"ImageObject\",\"inLanguage\":\"pt-BR\",\"@id\":\"https:\/\/sudoesteacontece.com.br\/#\/schema\/logo\/image\/\",\"url\":\"https:\/\/sudoesteacontece.com.br\/wp-content\/uploads\/2025\/12\/cropped-logo-2-180x180-1.png\",\"contentUrl\":\"https:\/\/sudoesteacontece.com.br\/wp-content\/uploads\/2025\/12\/cropped-logo-2-180x180-1.png\",\"width\":180,\"height\":180,\"caption\":\"Sudoesteacontece\"},\"image\":{\"@id\":\"https:\/\/sudoesteacontece.com.br\/#\/schema\/logo\/image\/\"},\"sameAs\":[\"https:\/\/www.facebook.com\/sudoesteacontece\/?locale=pt_BR\"]},{\"@type\":\"Person\",\"@id\":\"https:\/\/sudoesteacontece.com.br\/#\/schema\/person\/3cf2cf009926a9683ebc29d5379fa79c\",\"name\":\"Washington Tiago\",\"image\":{\"@type\":\"ImageObject\",\"inLanguage\":\"pt-BR\",\"@id\":\"https:\/\/sudoesteacontece.com.br\/#\/schema\/person\/image\/\",\"url\":\"https:\/\/secure.gravatar.com\/avatar\/33c43b8668157e040f9d1fe93c354bf087cbd8ba36270c1163198bd3ddcf2a56?s=96&d=mm&r=g\",\"contentUrl\":\"https:\/\/secure.gravatar.com\/avatar\/33c43b8668157e040f9d1fe93c354bf087cbd8ba36270c1163198bd3ddcf2a56?s=96&d=mm&r=g\",\"caption\":\"Washington Tiago\"},\"url\":\"https:\/\/sudoesteacontece.com.br\/?author=2\"}]}<\/script>\n<!-- \/ Yoast SEO plugin. -->","yoast_head_json":{"title":"Morte de Maicon deixa amigos e fam\u00edlia em choque em Vit\u00f3ria da Conquista - Sudoesteacontece","robots":{"index":"index","follow":"follow","max-snippet":"max-snippet:-1","max-image-preview":"max-image-preview:large","max-video-preview":"max-video-preview:-1"},"canonical":"https:\/\/sudoesteacontece.com.br\/?p=6896","og_locale":"pt_BR","og_type":"article","og_title":"Morte de Maicon deixa amigos e fam\u00edlia em choque em Vit\u00f3ria da Conquista - Sudoesteacontece","og_description":"Vit\u00f3ria da Conquista viveu um fim de semana marcado por trag\u00e9dias. Entre os casos, a morte de Maicon, natural de Itamb\u00e9, chocou familiares e amigos. O corpo da v\u00edtima foi encontrado no bairro Vila Elisa, apresentando sinais de espancamento, segundo informa\u00e7\u00f5es da pol\u00edcia. Ainda n\u00e3o est\u00e1 esclarecido se Maicon foi assassinado no pr\u00f3prio bairro ou se os agressores deixaram o corpo na localidade. A Pol\u00edcia Civil assumiu as investiga\u00e7\u00f5es para apurar as circunst\u00e2ncias do crime e identificar os respons\u00e1veis pelo ataque. Fam\u00edlia e amigos expressam consterna\u00e7\u00e3o diante da perda, enquanto a comunidade aguarda respostas das autoridades. O caso refor\u00e7a a import\u00e2ncia do trabalho de investiga\u00e7\u00e3o para combater a viol\u00eancia e trazer justi\u00e7a \u00e0 v\u00edtima e \u00e0 sua fam\u00edlia.","og_url":"https:\/\/sudoesteacontece.com.br\/?p=6896","og_site_name":"Sudoesteacontece","article_publisher":"https:\/\/www.facebook.com\/sudoesteacontece\/?locale=pt_BR","article_published_time":"2026-01-27T14:27:10+00:00","article_modified_time":"2026-01-27T14:27:16+00:00","og_image":[{"width":900,"height":600,"url":"https:\/\/sudoesteacontece.com.br\/wp-content\/uploads\/2026\/01\/Morte-de-Maicon-deixa-amigos-e-familia-em-choque-em-Vitoria-da-Conquista-sudoeste-acontece.jpg","type":"image\/jpeg"}],"author":"Washington Tiago","twitter_card":"summary_large_image","twitter_misc":{"Escrito por":"Washington Tiago","Est. tempo de leitura":"2 minutos"},"schema":{"@context":"https:\/\/schema.org","@graph":[{"@type":"Article","@id":"https:\/\/sudoesteacontece.com.br\/?p=6896#article","isPartOf":{"@id":"https:\/\/sudoesteacontece.com.br\/?p=6896"},"author":{"name":"Washington Tiago","@id":"https:\/\/sudoesteacontece.com.br\/#\/schema\/person\/3cf2cf009926a9683ebc29d5379fa79c"},"headline":"Morte de Maicon deixa amigos e fam\u00edlia em choque em Vit\u00f3ria da Conquista","datePublished":"2026-01-27T14:27:10+00:00","dateModified":"2026-01-27T14:27:16+00:00","mainEntityOfPage":{"@id":"https:\/\/sudoesteacontece.com.br\/?p=6896"},"wordCount":151,"commentCount":0,"publisher":{"@id":"https:\/\/sudoesteacontece.com.br\/#organization"},"image":{"@id":"https:\/\/sudoesteacontece.com.br\/?p=6896#primaryimage"},"thumbnailUrl":"https:\/\/sudoesteacontece.com.br\/wp-content\/uploads\/2026\/01\/Morte-de-Maicon-deixa-amigos-e-familia-em-choque-em-Vitoria-da-Conquista-sudoeste-acontece.jpg","articleSection":["Pol\u00edcia","Vit\u00f3ria da Conquista"],"inLanguage":"pt-BR","potentialAction":[{"@type":"CommentAction","name":"Comment","target":["https:\/\/sudoesteacontece.com.br\/?p=6896#respond"]}]},{"@type":"WebPage","@id":"https:\/\/sudoesteacontece.com.br\/?p=6896","url":"https:\/\/sudoesteacontece.com.br\/?p=6896","name":"Morte de Maicon deixa amigos e fam\u00edlia em choque em Vit\u00f3ria da Conquista - Sudoesteacontece","isPartOf":{"@id":"https:\/\/sudoesteacontece.com.br\/#website"},"primaryImageOfPage":{"@id":"https:\/\/sudoesteacontece.com.br\/?p=6896#primaryimage"},"image":{"@id":"https:\/\/sudoesteacontece.com.br\/?p=6896#primaryimage"},"thumbnailUrl":"https:\/\/sudoesteacontece.com.br\/wp-content\/uploads\/2026\/01\/Morte-de-Maicon-deixa-amigos-e-familia-em-choque-em-Vitoria-da-Conquista-sudoeste-acontece.jpg","datePublished":"2026-01-27T14:27:10+00:00","dateModified":"2026-01-27T14:27:16+00:00","breadcrumb":{"@id":"https:\/\/sudoesteacontece.com.br\/?p=6896#breadcrumb"},"inLanguage":"pt-BR","potentialAction":[{"@type":"ReadAction","target":["https:\/\/sudoesteacontece.com.br\/?p=6896"]}]},{"@type":"ImageObject","inLanguage":"pt-BR","@id":"https:\/\/sudoesteacontece.com.br\/?p=6896#primaryimage","url":"https:\/\/sudoesteacontece.com.br\/wp-content\/uploads\/2026\/01\/Morte-de-Maicon-deixa-amigos-e-familia-em-choque-em-Vitoria-da-Conquista-sudoeste-acontece.jpg","contentUrl":"https:\/\/sudoesteacontece.com.br\/wp-content\/uploads\/2026\/01\/Morte-de-Maicon-deixa-amigos-e-familia-em-choque-em-Vitoria-da-Conquista-sudoeste-acontece.jpg","width":900,"height":600},{"@type":"BreadcrumbList","@id":"https:\/\/sudoesteacontece.com.br\/?p=6896#breadcrumb","itemListElement":[{"@type":"ListItem","position":1,"name":"In\u00edcio","item":"https:\/\/sudoesteacontece.com.br\/"},{"@type":"ListItem","position":2,"name":"Morte de Maicon deixa amigos e fam\u00edlia em choque em Vit\u00f3ria da Conquista"}]},{"@type":"WebSite","@id":"https:\/\/sudoesteacontece.com.br\/#website","url":"https:\/\/sudoesteacontece.com.br\/","name":"Sudoesteacontece","description":"","publisher":{"@id":"https:\/\/sudoesteacontece.com.br\/#organization"},"potentialAction":[{"@type":"SearchAction","target":{"@type":"EntryPoint","urlTemplate":"https:\/\/sudoesteacontece.com.br\/?s={search_term_string}"},"query-input":{"@type":"PropertyValueSpecification","valueRequired":true,"valueName":"search_term_string"}}],"inLanguage":"pt-BR"},{"@type":"Organization","@id":"https:\/\/sudoesteacontece.com.br\/#organization","name":"Sudoesteacontece","url":"https:\/\/sudoesteacontece.com.br\/","logo":{"@type":"ImageObject","inLanguage":"pt-BR","@id":"https:\/\/sudoesteacontece.com.br\/#\/schema\/logo\/image\/","url":"https:\/\/sudoesteacontece.com.br\/wp-content\/uploads\/2025\/12\/cropped-logo-2-180x180-1.png","contentUrl":"https:\/\/sudoesteacontece.com.br\/wp-content\/uploads\/2025\/12\/cropped-logo-2-180x180-1.png","width":180,"height":180,"caption":"Sudoesteacontece"},"image":{"@id":"https:\/\/sudoesteacontece.com.br\/#\/schema\/logo\/image\/"},"sameAs":["https:\/\/www.facebook.com\/sudoesteacontece\/?locale=pt_BR"]},{"@type":"Person","@id":"https:\/\/sudoesteacontece.com.br\/#\/schema\/person\/3cf2cf009926a9683ebc29d5379fa79c","name":"Washington Tiago","image":{"@type":"ImageObject","inLanguage":"pt-BR","@id":"https:\/\/sudoesteacontece.com.br\/#\/schema\/person\/image\/","url":"https:\/\/secure.gravatar.com\/avatar\/33c43b8668157e040f9d1fe93c354bf087cbd8ba36270c1163198bd3ddcf2a56?s=96&d=mm&r=g","contentUrl":"https:\/\/secure.gravatar.com\/avatar\/33c43b8668157e040f9d1fe93c354bf087cbd8ba36270c1163198bd3ddcf2a56?s=96&d=mm&r=g","caption":"Washington Tiago"},"url":"https:\/\/sudoesteacontece.com.br\/?author=2"}]}},"_links":{"self":[{"href":"https:\/\/sudoesteacontece.com.br\/index.php?rest_route=\/wp\/v2\/posts\/6896","targetHints":{"allow":["GET"]}}],"collection":[{"href":"https:\/\/sudoesteacontece.com.br\/index.php?rest_route=\/wp\/v2\/posts"}],"about":[{"href":"https:\/\/sudoesteacontece.com.br\/index.php?rest_route=\/wp\/v2\/types\/post"}],"author":[{"embeddable":true,"href":"https:\/\/sudoesteacontece.com.br\/index.php?rest_route=\/wp\/v2\/users\/2"}],"replies":[{"embeddable":true,"href":"https:\/\/sudoesteacontece.com.br\/index.php?rest_route=%2Fwp%2Fv2%2Fcomments&post=6896"}],"version-history":[{"count":0,"href":"https:\/\/sudoesteacontece.com.br\/index.php?rest_route=\/wp\/v2\/posts\/6896\/revisions"}],"wp:featuredmedia":[{"embeddable":true,"href":"https:\/\/sudoesteacontece.com.br\/index.php?rest_route=\/wp\/v2\/media\/6927"}],"wp:attachment":[{"href":"https:\/\/sudoesteacontece.com.br\/index.php?rest_route=%2Fwp%2Fv2%2Fmedia&parent=6896"}],"wp:term":[{"taxonomy":"category","embeddable":true,"href":"https:\/\/sudoesteacontece.com.br\/index.php?rest_route=%2Fwp%2Fv2%2Fcategories&post=6896"},{"taxonomy":"post_tag","embeddable":true,"href":"https:\/\/sudoesteacontece.com.br\/index.php?rest_route=%2Fwp%2Fv2%2Ftags&post=6896"}],"curies":[{"name":"wp","href":"https:\/\/api.w.org\/{rel}","templated":true}]}}