{"id":6897,"date":"2026-01-27T11:30:10","date_gmt":"2026-01-27T14:30:10","guid":{"rendered":"https:\/\/sudoesteacontece.com.br\/?p=6897"},"modified":"2026-01-27T11:30:17","modified_gmt":"2026-01-27T14:30:17","slug":"valdemar-preve-2-milhoes-de-votos-para-nikolas-ferreira-e-destaca-campanha-sem-fundo-eleitoral","status":"publish","type":"post","link":"https:\/\/sudoesteacontece.com.br\/?p=6897","title":{"rendered":"Valdemar prev\u00ea 2 milh\u00f5es de votos para Nikolas Ferreira e destaca campanha sem fundo eleitoral"},"content":{"rendered":"<div class=\"wp-block-image\">\n<figure class=\"aligncenter size-full\"><img fetchpriority=\"high\" decoding=\"async\" width=\"900\" height=\"600\" src=\"http:\/\/sudoesteacontece.com.br\/wp-content\/uploads\/2026\/01\/Valdemar-preve-2-milhoes-de-votos-para-Nikolas-Ferreira-e-destaca-campanha-sem-fundo-eleitoral-sudoeste-acontece.jpg\" alt=\"\" class=\"wp-image-6929\" srcset=\"https:\/\/sudoesteacontece.com.br\/wp-content\/uploads\/2026\/01\/Valdemar-preve-2-milhoes-de-votos-para-Nikolas-Ferreira-e-destaca-campanha-sem-fundo-eleitoral-sudoeste-acontece.jpg 900w, https:\/\/sudoesteacontece.com.br\/wp-content\/uploads\/2026\/01\/Valdemar-preve-2-milhoes-de-votos-para-Nikolas-Ferreira-e-destaca-campanha-sem-fundo-eleitoral-sudoeste-acontece-300x200.jpg 300w, https:\/\/sudoesteacontece.com.br\/wp-content\/uploads\/2026\/01\/Valdemar-preve-2-milhoes-de-votos-para-Nikolas-Ferreira-e-destaca-campanha-sem-fundo-eleitoral-sudoeste-acontece-768x512.jpg 768w\" sizes=\"(max-width: 900px) 100vw, 900px\" \/><\/figure>\n<\/div>\n\n\n<p>Presidente do PL, Valdemar Costa Neto, afirmou que o deputado Nikolas Ferreira (MG) deve ultrapassar 2 milh\u00f5es de votos nas pr\u00f3ximas elei\u00e7\u00f5es, ap\u00f3s o crescimento de sua popularidade na marcha a Bras\u00edlia, mesmo com o incidente envolvendo um raio ao final do evento.<\/p>\n\n\n\n<p>Parlamentar foi o candidato mais votado do pa\u00eds em 2022, com 1,47 milh\u00e3o de votos, e continua atraindo aten\u00e7\u00e3o nacional. Valdemar ressaltou que Nikolas \u00e9 um fen\u00f4meno pol\u00edtico e que sua campanha ser\u00e1 conduzida exclusivamente pela internet, sem uso do fundo eleitoral, refor\u00e7ando a estrat\u00e9gia digital do partido.<\/p>\n\n\n\n<p>Segundo o dirigente, a decis\u00e3o de n\u00e3o utilizar recursos do fundo eleitoral deve refor\u00e7ar a imagem de independ\u00eancia e engajamento direto com o p\u00fablico, potencializando o alcance de sua candidatura e mantendo o estilo inovador que marcou sua trajet\u00f3ria nas elei\u00e7\u00f5es anteriores.<\/p>\n\n\n\n<p>Al\u00e9m disso, a estrat\u00e9gia digital permitir\u00e1 intera\u00e7\u00e3o direta com eleitores, mobiliza\u00e7\u00e3o em redes sociais e presen\u00e7a em plataformas online, ampliando a visibilidade sem depender de eventos tradicionais ou publicidade paga, consolidando o crescimento de Nikolas no cen\u00e1rio pol\u00edtico nacional.<\/p>\n","protected":false},"excerpt":{"rendered":"<p>Presidente do PL, Valdemar Costa Neto, afirmou que o deputado Nikolas Ferreira (MG) deve ultrapassar 2 milh\u00f5es de votos nas pr\u00f3ximas elei\u00e7\u00f5es, ap\u00f3s o crescimento de sua popularidade na marcha a Bras\u00edlia, mesmo com o incidente envolvendo um raio ao final do evento. Parlamentar foi o candidato mais votado do pa\u00eds em 2022, com 1,47 milh\u00e3o de votos, e continua atraindo aten\u00e7\u00e3o nacional. Valdemar ressaltou que Nikolas \u00e9 um fen\u00f4meno pol\u00edtico e que sua campanha ser\u00e1 conduzida exclusivamente pela internet, sem uso do fundo eleitoral, refor\u00e7ando a estrat\u00e9gia digital do partido. Segundo o dirigente, a decis\u00e3o de n\u00e3o utilizar recursos do fundo eleitoral deve refor\u00e7ar a imagem de independ\u00eancia e engajamento direto com o p\u00fablico, potencializando o alcance de sua candidatura e mantendo o estilo inovador que marcou sua trajet\u00f3ria nas elei\u00e7\u00f5es anteriores. Al\u00e9m disso, a estrat\u00e9gia digital permitir\u00e1 intera\u00e7\u00e3o direta com eleitores, mobiliza\u00e7\u00e3o em redes sociais e presen\u00e7a em plataformas online, ampliando a visibilidade sem depender de eventos tradicionais ou publicidade paga, consolidando o crescimento de Nikolas no cen\u00e1rio pol\u00edtico nacional.<\/p>\n","protected":false},"author":2,"featured_media":6929,"comment_status":"open","ping_status":"open","sticky":false,"template":"","format":"standard","meta":{"footnotes":""},"categories":[53,58,6],"tags":[],"class_list":["post-6897","post","type-post","status-publish","format-standard","has-post-thumbnail","hentry","category-brasil","category-eleicoes-2026","category-politica"],"yoast_head":"<!-- This site is optimized with the Yoast SEO plugin v26.5 - https:\/\/yoast.com\/wordpress\/plugins\/seo\/ -->\n<title>Valdemar prev\u00ea 2 milh\u00f5es de votos para Nikolas Ferreira e destaca campanha sem fundo eleitoral - Sudoesteacontece<\/title>\n<meta name=\"robots\" content=\"index, follow, max-snippet:-1, max-image-preview:large, max-video-preview:-1\" \/>\n<link rel=\"canonical\" href=\"https:\/\/sudoesteacontece.com.br\/?p=6897\" \/>\n<meta property=\"og:locale\" content=\"pt_BR\" \/>\n<meta property=\"og:type\" content=\"article\" \/>\n<meta property=\"og:title\" content=\"Valdemar prev\u00ea 2 milh\u00f5es de votos para Nikolas Ferreira e destaca campanha sem fundo eleitoral - Sudoesteacontece\" \/>\n<meta property=\"og:description\" content=\"Presidente do PL, Valdemar Costa Neto, afirmou que o deputado Nikolas Ferreira (MG) deve ultrapassar 2 milh\u00f5es de votos nas pr\u00f3ximas elei\u00e7\u00f5es, ap\u00f3s o crescimento de sua popularidade na marcha a Bras\u00edlia, mesmo com o incidente envolvendo um raio ao final do evento. Parlamentar foi o candidato mais votado do pa\u00eds em 2022, com 1,47 milh\u00e3o de votos, e continua atraindo aten\u00e7\u00e3o nacional. Valdemar ressaltou que Nikolas \u00e9 um fen\u00f4meno pol\u00edtico e que sua campanha ser\u00e1 conduzida exclusivamente pela internet, sem uso do fundo eleitoral, refor\u00e7ando a estrat\u00e9gia digital do partido. Segundo o dirigente, a decis\u00e3o de n\u00e3o utilizar recursos do fundo eleitoral deve refor\u00e7ar a imagem de independ\u00eancia e engajamento direto com o p\u00fablico, potencializando o alcance de sua candidatura e mantendo o estilo inovador que marcou sua trajet\u00f3ria nas elei\u00e7\u00f5es anteriores. Al\u00e9m disso, a estrat\u00e9gia digital permitir\u00e1 intera\u00e7\u00e3o direta com eleitores, mobiliza\u00e7\u00e3o em redes sociais e presen\u00e7a em plataformas online, ampliando a visibilidade sem depender de eventos tradicionais ou publicidade paga, consolidando o crescimento de Nikolas no cen\u00e1rio pol\u00edtico nacional.\" \/>\n<meta property=\"og:url\" content=\"https:\/\/sudoesteacontece.com.br\/?p=6897\" \/>\n<meta property=\"og:site_name\" content=\"Sudoesteacontece\" \/>\n<meta property=\"article:publisher\" content=\"https:\/\/www.facebook.com\/sudoesteacontece\/?locale=pt_BR\" \/>\n<meta property=\"article:published_time\" content=\"2026-01-27T14:30:10+00:00\" \/>\n<meta property=\"article:modified_time\" content=\"2026-01-27T14:30:17+00:00\" \/>\n<meta property=\"og:image\" content=\"https:\/\/sudoesteacontece.com.br\/wp-content\/uploads\/2026\/01\/Valdemar-preve-2-milhoes-de-votos-para-Nikolas-Ferreira-e-destaca-campanha-sem-fundo-eleitoral-sudoeste-acontece.jpg\" \/>\n\t<meta property=\"og:image:width\" content=\"900\" \/>\n\t<meta property=\"og:image:height\" content=\"600\" \/>\n\t<meta property=\"og:image:type\" content=\"image\/jpeg\" \/>\n<meta name=\"author\" content=\"Washington Tiago\" \/>\n<meta name=\"twitter:card\" content=\"summary_large_image\" \/>\n<meta name=\"twitter:label1\" content=\"Escrito por\" \/>\n\t<meta name=\"twitter:data1\" content=\"Washington Tiago\" \/>\n\t<meta name=\"twitter:label2\" content=\"Est. tempo de leitura\" \/>\n\t<meta name=\"twitter:data2\" content=\"2 minutos\" \/>\n<script type=\"application\/ld+json\" class=\"yoast-schema-graph\">{\"@context\":\"https:\/\/schema.org\",\"@graph\":[{\"@type\":\"Article\",\"@id\":\"https:\/\/sudoesteacontece.com.br\/?p=6897#article\",\"isPartOf\":{\"@id\":\"https:\/\/sudoesteacontece.com.br\/?p=6897\"},\"author\":{\"name\":\"Washington Tiago\",\"@id\":\"https:\/\/sudoesteacontece.com.br\/#\/schema\/person\/3cf2cf009926a9683ebc29d5379fa79c\"},\"headline\":\"Valdemar prev\u00ea 2 milh\u00f5es de votos para Nikolas Ferreira e destaca campanha sem fundo eleitoral\",\"datePublished\":\"2026-01-27T14:30:10+00:00\",\"dateModified\":\"2026-01-27T14:30:17+00:00\",\"mainEntityOfPage\":{\"@id\":\"https:\/\/sudoesteacontece.com.br\/?p=6897\"},\"wordCount\":209,\"commentCount\":0,\"publisher\":{\"@id\":\"https:\/\/sudoesteacontece.com.br\/#organization\"},\"image\":{\"@id\":\"https:\/\/sudoesteacontece.com.br\/?p=6897#primaryimage\"},\"thumbnailUrl\":\"https:\/\/sudoesteacontece.com.br\/wp-content\/uploads\/2026\/01\/Valdemar-preve-2-milhoes-de-votos-para-Nikolas-Ferreira-e-destaca-campanha-sem-fundo-eleitoral-sudoeste-acontece.jpg\",\"articleSection\":[\"Brasil\",\"Elei\u00e7\u00f5es 2026\",\"Pol\u00edtica\"],\"inLanguage\":\"pt-BR\",\"potentialAction\":[{\"@type\":\"CommentAction\",\"name\":\"Comment\",\"target\":[\"https:\/\/sudoesteacontece.com.br\/?p=6897#respond\"]}]},{\"@type\":\"WebPage\",\"@id\":\"https:\/\/sudoesteacontece.com.br\/?p=6897\",\"url\":\"https:\/\/sudoesteacontece.com.br\/?p=6897\",\"name\":\"Valdemar prev\u00ea 2 milh\u00f5es de votos para Nikolas Ferreira e destaca campanha sem fundo eleitoral - Sudoesteacontece\",\"isPartOf\":{\"@id\":\"https:\/\/sudoesteacontece.com.br\/#website\"},\"primaryImageOfPage\":{\"@id\":\"https:\/\/sudoesteacontece.com.br\/?p=6897#primaryimage\"},\"image\":{\"@id\":\"https:\/\/sudoesteacontece.com.br\/?p=6897#primaryimage\"},\"thumbnailUrl\":\"https:\/\/sudoesteacontece.com.br\/wp-content\/uploads\/2026\/01\/Valdemar-preve-2-milhoes-de-votos-para-Nikolas-Ferreira-e-destaca-campanha-sem-fundo-eleitoral-sudoeste-acontece.jpg\",\"datePublished\":\"2026-01-27T14:30:10+00:00\",\"dateModified\":\"2026-01-27T14:30:17+00:00\",\"breadcrumb\":{\"@id\":\"https:\/\/sudoesteacontece.com.br\/?p=6897#breadcrumb\"},\"inLanguage\":\"pt-BR\",\"potentialAction\":[{\"@type\":\"ReadAction\",\"target\":[\"https:\/\/sudoesteacontece.com.br\/?p=6897\"]}]},{\"@type\":\"ImageObject\",\"inLanguage\":\"pt-BR\",\"@id\":\"https:\/\/sudoesteacontece.com.br\/?p=6897#primaryimage\",\"url\":\"https:\/\/sudoesteacontece.com.br\/wp-content\/uploads\/2026\/01\/Valdemar-preve-2-milhoes-de-votos-para-Nikolas-Ferreira-e-destaca-campanha-sem-fundo-eleitoral-sudoeste-acontece.jpg\",\"contentUrl\":\"https:\/\/sudoesteacontece.com.br\/wp-content\/uploads\/2026\/01\/Valdemar-preve-2-milhoes-de-votos-para-Nikolas-Ferreira-e-destaca-campanha-sem-fundo-eleitoral-sudoeste-acontece.jpg\",\"width\":900,\"height\":600},{\"@type\":\"BreadcrumbList\",\"@id\":\"https:\/\/sudoesteacontece.com.br\/?p=6897#breadcrumb\",\"itemListElement\":[{\"@type\":\"ListItem\",\"position\":1,\"name\":\"In\u00edcio\",\"item\":\"https:\/\/sudoesteacontece.com.br\/\"},{\"@type\":\"ListItem\",\"position\":2,\"name\":\"Valdemar prev\u00ea 2 milh\u00f5es de votos para Nikolas Ferreira e destaca campanha sem fundo eleitoral\"}]},{\"@type\":\"WebSite\",\"@id\":\"https:\/\/sudoesteacontece.com.br\/#website\",\"url\":\"https:\/\/sudoesteacontece.com.br\/\",\"name\":\"Sudoesteacontece\",\"description\":\"\",\"publisher\":{\"@id\":\"https:\/\/sudoesteacontece.com.br\/#organization\"},\"potentialAction\":[{\"@type\":\"SearchAction\",\"target\":{\"@type\":\"EntryPoint\",\"urlTemplate\":\"https:\/\/sudoesteacontece.com.br\/?s={search_term_string}\"},\"query-input\":{\"@type\":\"PropertyValueSpecification\",\"valueRequired\":true,\"valueName\":\"search_term_string\"}}],\"inLanguage\":\"pt-BR\"},{\"@type\":\"Organization\",\"@id\":\"https:\/\/sudoesteacontece.com.br\/#organization\",\"name\":\"Sudoesteacontece\",\"url\":\"https:\/\/sudoesteacontece.com.br\/\",\"logo\":{\"@type\":\"ImageObject\",\"inLanguage\":\"pt-BR\",\"@id\":\"https:\/\/sudoesteacontece.com.br\/#\/schema\/logo\/image\/\",\"url\":\"https:\/\/sudoesteacontece.com.br\/wp-content\/uploads\/2025\/12\/cropped-logo-2-180x180-1.png\",\"contentUrl\":\"https:\/\/sudoesteacontece.com.br\/wp-content\/uploads\/2025\/12\/cropped-logo-2-180x180-1.png\",\"width\":180,\"height\":180,\"caption\":\"Sudoesteacontece\"},\"image\":{\"@id\":\"https:\/\/sudoesteacontece.com.br\/#\/schema\/logo\/image\/\"},\"sameAs\":[\"https:\/\/www.facebook.com\/sudoesteacontece\/?locale=pt_BR\"]},{\"@type\":\"Person\",\"@id\":\"https:\/\/sudoesteacontece.com.br\/#\/schema\/person\/3cf2cf009926a9683ebc29d5379fa79c\",\"name\":\"Washington Tiago\",\"image\":{\"@type\":\"ImageObject\",\"inLanguage\":\"pt-BR\",\"@id\":\"https:\/\/sudoesteacontece.com.br\/#\/schema\/person\/image\/\",\"url\":\"https:\/\/secure.gravatar.com\/avatar\/33c43b8668157e040f9d1fe93c354bf087cbd8ba36270c1163198bd3ddcf2a56?s=96&d=mm&r=g\",\"contentUrl\":\"https:\/\/secure.gravatar.com\/avatar\/33c43b8668157e040f9d1fe93c354bf087cbd8ba36270c1163198bd3ddcf2a56?s=96&d=mm&r=g\",\"caption\":\"Washington Tiago\"},\"url\":\"https:\/\/sudoesteacontece.com.br\/?author=2\"}]}<\/script>\n<!-- \/ Yoast SEO plugin. -->","yoast_head_json":{"title":"Valdemar prev\u00ea 2 milh\u00f5es de votos para Nikolas Ferreira e destaca campanha sem fundo eleitoral - Sudoesteacontece","robots":{"index":"index","follow":"follow","max-snippet":"max-snippet:-1","max-image-preview":"max-image-preview:large","max-video-preview":"max-video-preview:-1"},"canonical":"https:\/\/sudoesteacontece.com.br\/?p=6897","og_locale":"pt_BR","og_type":"article","og_title":"Valdemar prev\u00ea 2 milh\u00f5es de votos para Nikolas Ferreira e destaca campanha sem fundo eleitoral - Sudoesteacontece","og_description":"Presidente do PL, Valdemar Costa Neto, afirmou que o deputado Nikolas Ferreira (MG) deve ultrapassar 2 milh\u00f5es de votos nas pr\u00f3ximas elei\u00e7\u00f5es, ap\u00f3s o crescimento de sua popularidade na marcha a Bras\u00edlia, mesmo com o incidente envolvendo um raio ao final do evento. Parlamentar foi o candidato mais votado do pa\u00eds em 2022, com 1,47 milh\u00e3o de votos, e continua atraindo aten\u00e7\u00e3o nacional. Valdemar ressaltou que Nikolas \u00e9 um fen\u00f4meno pol\u00edtico e que sua campanha ser\u00e1 conduzida exclusivamente pela internet, sem uso do fundo eleitoral, refor\u00e7ando a estrat\u00e9gia digital do partido. Segundo o dirigente, a decis\u00e3o de n\u00e3o utilizar recursos do fundo eleitoral deve refor\u00e7ar a imagem de independ\u00eancia e engajamento direto com o p\u00fablico, potencializando o alcance de sua candidatura e mantendo o estilo inovador que marcou sua trajet\u00f3ria nas elei\u00e7\u00f5es anteriores. Al\u00e9m disso, a estrat\u00e9gia digital permitir\u00e1 intera\u00e7\u00e3o direta com eleitores, mobiliza\u00e7\u00e3o em redes sociais e presen\u00e7a em plataformas online, ampliando a visibilidade sem depender de eventos tradicionais ou publicidade paga, consolidando o crescimento de Nikolas no cen\u00e1rio pol\u00edtico nacional.","og_url":"https:\/\/sudoesteacontece.com.br\/?p=6897","og_site_name":"Sudoesteacontece","article_publisher":"https:\/\/www.facebook.com\/sudoesteacontece\/?locale=pt_BR","article_published_time":"2026-01-27T14:30:10+00:00","article_modified_time":"2026-01-27T14:30:17+00:00","og_image":[{"width":900,"height":600,"url":"https:\/\/sudoesteacontece.com.br\/wp-content\/uploads\/2026\/01\/Valdemar-preve-2-milhoes-de-votos-para-Nikolas-Ferreira-e-destaca-campanha-sem-fundo-eleitoral-sudoeste-acontece.jpg","type":"image\/jpeg"}],"author":"Washington Tiago","twitter_card":"summary_large_image","twitter_misc":{"Escrito por":"Washington Tiago","Est. tempo de leitura":"2 minutos"},"schema":{"@context":"https:\/\/schema.org","@graph":[{"@type":"Article","@id":"https:\/\/sudoesteacontece.com.br\/?p=6897#article","isPartOf":{"@id":"https:\/\/sudoesteacontece.com.br\/?p=6897"},"author":{"name":"Washington Tiago","@id":"https:\/\/sudoesteacontece.com.br\/#\/schema\/person\/3cf2cf009926a9683ebc29d5379fa79c"},"headline":"Valdemar prev\u00ea 2 milh\u00f5es de votos para Nikolas Ferreira e destaca campanha sem fundo eleitoral","datePublished":"2026-01-27T14:30:10+00:00","dateModified":"2026-01-27T14:30:17+00:00","mainEntityOfPage":{"@id":"https:\/\/sudoesteacontece.com.br\/?p=6897"},"wordCount":209,"commentCount":0,"publisher":{"@id":"https:\/\/sudoesteacontece.com.br\/#organization"},"image":{"@id":"https:\/\/sudoesteacontece.com.br\/?p=6897#primaryimage"},"thumbnailUrl":"https:\/\/sudoesteacontece.com.br\/wp-content\/uploads\/2026\/01\/Valdemar-preve-2-milhoes-de-votos-para-Nikolas-Ferreira-e-destaca-campanha-sem-fundo-eleitoral-sudoeste-acontece.jpg","articleSection":["Brasil","Elei\u00e7\u00f5es 2026","Pol\u00edtica"],"inLanguage":"pt-BR","potentialAction":[{"@type":"CommentAction","name":"Comment","target":["https:\/\/sudoesteacontece.com.br\/?p=6897#respond"]}]},{"@type":"WebPage","@id":"https:\/\/sudoesteacontece.com.br\/?p=6897","url":"https:\/\/sudoesteacontece.com.br\/?p=6897","name":"Valdemar prev\u00ea 2 milh\u00f5es de votos para Nikolas Ferreira e destaca campanha sem fundo eleitoral - Sudoesteacontece","isPartOf":{"@id":"https:\/\/sudoesteacontece.com.br\/#website"},"primaryImageOfPage":{"@id":"https:\/\/sudoesteacontece.com.br\/?p=6897#primaryimage"},"image":{"@id":"https:\/\/sudoesteacontece.com.br\/?p=6897#primaryimage"},"thumbnailUrl":"https:\/\/sudoesteacontece.com.br\/wp-content\/uploads\/2026\/01\/Valdemar-preve-2-milhoes-de-votos-para-Nikolas-Ferreira-e-destaca-campanha-sem-fundo-eleitoral-sudoeste-acontece.jpg","datePublished":"2026-01-27T14:30:10+00:00","dateModified":"2026-01-27T14:30:17+00:00","breadcrumb":{"@id":"https:\/\/sudoesteacontece.com.br\/?p=6897#breadcrumb"},"inLanguage":"pt-BR","potentialAction":[{"@type":"ReadAction","target":["https:\/\/sudoesteacontece.com.br\/?p=6897"]}]},{"@type":"ImageObject","inLanguage":"pt-BR","@id":"https:\/\/sudoesteacontece.com.br\/?p=6897#primaryimage","url":"https:\/\/sudoesteacontece.com.br\/wp-content\/uploads\/2026\/01\/Valdemar-preve-2-milhoes-de-votos-para-Nikolas-Ferreira-e-destaca-campanha-sem-fundo-eleitoral-sudoeste-acontece.jpg","contentUrl":"https:\/\/sudoesteacontece.com.br\/wp-content\/uploads\/2026\/01\/Valdemar-preve-2-milhoes-de-votos-para-Nikolas-Ferreira-e-destaca-campanha-sem-fundo-eleitoral-sudoeste-acontece.jpg","width":900,"height":600},{"@type":"BreadcrumbList","@id":"https:\/\/sudoesteacontece.com.br\/?p=6897#breadcrumb","itemListElement":[{"@type":"ListItem","position":1,"name":"In\u00edcio","item":"https:\/\/sudoesteacontece.com.br\/"},{"@type":"ListItem","position":2,"name":"Valdemar prev\u00ea 2 milh\u00f5es de votos para Nikolas Ferreira e destaca campanha sem fundo eleitoral"}]},{"@type":"WebSite","@id":"https:\/\/sudoesteacontece.com.br\/#website","url":"https:\/\/sudoesteacontece.com.br\/","name":"Sudoesteacontece","description":"","publisher":{"@id":"https:\/\/sudoesteacontece.com.br\/#organization"},"potentialAction":[{"@type":"SearchAction","target":{"@type":"EntryPoint","urlTemplate":"https:\/\/sudoesteacontece.com.br\/?s={search_term_string}"},"query-input":{"@type":"PropertyValueSpecification","valueRequired":true,"valueName":"search_term_string"}}],"inLanguage":"pt-BR"},{"@type":"Organization","@id":"https:\/\/sudoesteacontece.com.br\/#organization","name":"Sudoesteacontece","url":"https:\/\/sudoesteacontece.com.br\/","logo":{"@type":"ImageObject","inLanguage":"pt-BR","@id":"https:\/\/sudoesteacontece.com.br\/#\/schema\/logo\/image\/","url":"https:\/\/sudoesteacontece.com.br\/wp-content\/uploads\/2025\/12\/cropped-logo-2-180x180-1.png","contentUrl":"https:\/\/sudoesteacontece.com.br\/wp-content\/uploads\/2025\/12\/cropped-logo-2-180x180-1.png","width":180,"height":180,"caption":"Sudoesteacontece"},"image":{"@id":"https:\/\/sudoesteacontece.com.br\/#\/schema\/logo\/image\/"},"sameAs":["https:\/\/www.facebook.com\/sudoesteacontece\/?locale=pt_BR"]},{"@type":"Person","@id":"https:\/\/sudoesteacontece.com.br\/#\/schema\/person\/3cf2cf009926a9683ebc29d5379fa79c","name":"Washington Tiago","image":{"@type":"ImageObject","inLanguage":"pt-BR","@id":"https:\/\/sudoesteacontece.com.br\/#\/schema\/person\/image\/","url":"https:\/\/secure.gravatar.com\/avatar\/33c43b8668157e040f9d1fe93c354bf087cbd8ba36270c1163198bd3ddcf2a56?s=96&d=mm&r=g","contentUrl":"https:\/\/secure.gravatar.com\/avatar\/33c43b8668157e040f9d1fe93c354bf087cbd8ba36270c1163198bd3ddcf2a56?s=96&d=mm&r=g","caption":"Washington Tiago"},"url":"https:\/\/sudoesteacontece.com.br\/?author=2"}]}},"_links":{"self":[{"href":"https:\/\/sudoesteacontece.com.br\/index.php?rest_route=\/wp\/v2\/posts\/6897","targetHints":{"allow":["GET"]}}],"collection":[{"href":"https:\/\/sudoesteacontece.com.br\/index.php?rest_route=\/wp\/v2\/posts"}],"about":[{"href":"https:\/\/sudoesteacontece.com.br\/index.php?rest_route=\/wp\/v2\/types\/post"}],"author":[{"embeddable":true,"href":"https:\/\/sudoesteacontece.com.br\/index.php?rest_route=\/wp\/v2\/users\/2"}],"replies":[{"embeddable":true,"href":"https:\/\/sudoesteacontece.com.br\/index.php?rest_route=%2Fwp%2Fv2%2Fcomments&post=6897"}],"version-history":[{"count":0,"href":"https:\/\/sudoesteacontece.com.br\/index.php?rest_route=\/wp\/v2\/posts\/6897\/revisions"}],"wp:featuredmedia":[{"embeddable":true,"href":"https:\/\/sudoesteacontece.com.br\/index.php?rest_route=\/wp\/v2\/media\/6929"}],"wp:attachment":[{"href":"https:\/\/sudoesteacontece.com.br\/index.php?rest_route=%2Fwp%2Fv2%2Fmedia&parent=6897"}],"wp:term":[{"taxonomy":"category","embeddable":true,"href":"https:\/\/sudoesteacontece.com.br\/index.php?rest_route=%2Fwp%2Fv2%2Fcategories&post=6897"},{"taxonomy":"post_tag","embeddable":true,"href":"https:\/\/sudoesteacontece.com.br\/index.php?rest_route=%2Fwp%2Fv2%2Ftags&post=6897"}],"curies":[{"name":"wp","href":"https:\/\/api.w.org\/{rel}","templated":true}]}}