{"id":9710,"date":"2026-03-01T21:50:22","date_gmt":"2026-03-02T00:50:22","guid":{"rendered":"https:\/\/sudoesteacontece.com.br\/?p=9710"},"modified":"2026-03-01T21:50:27","modified_gmt":"2026-03-02T00:50:27","slug":"farol-da-barra-capitao-alden-reforca-criticas-a-lula-e-stf-em-ato-da-direita","status":"publish","type":"post","link":"https:\/\/sudoesteacontece.com.br\/?p=9710","title":{"rendered":"Farol da Barra: Capit\u00e3o Alden refor\u00e7a cr\u00edticas a Lula e STF em ato da direita"},"content":{"rendered":"<div class=\"wp-block-image\">\n<figure class=\"aligncenter size-full\"><img fetchpriority=\"high\" decoding=\"async\" width=\"900\" height=\"600\" src=\"http:\/\/sudoesteacontece.com.br\/wp-content\/uploads\/2026\/03\/Farol-da-Barra-Capitao-Alden-reforca-criticas-a-Lula-e-STF-em-ato-da-direita.jpg\" alt=\"\" class=\"wp-image-9744\" srcset=\"https:\/\/sudoesteacontece.com.br\/wp-content\/uploads\/2026\/03\/Farol-da-Barra-Capitao-Alden-reforca-criticas-a-Lula-e-STF-em-ato-da-direita.jpg 900w, https:\/\/sudoesteacontece.com.br\/wp-content\/uploads\/2026\/03\/Farol-da-Barra-Capitao-Alden-reforca-criticas-a-Lula-e-STF-em-ato-da-direita-300x200.jpg 300w, https:\/\/sudoesteacontece.com.br\/wp-content\/uploads\/2026\/03\/Farol-da-Barra-Capitao-Alden-reforca-criticas-a-Lula-e-STF-em-ato-da-direita-768x512.jpg 768w\" sizes=\"(max-width: 900px) 100vw, 900px\" \/><\/figure>\n<\/div>\n\n\n<p>Deputado federal Capit\u00e3o Alden, vice-l\u00edder da oposi\u00e7\u00e3o na C\u00e2mara, participou neste domingo (1\u00ba) do ato \u201cAcorda, Brasil\u201d no Farol da Barra. Parlamentar refor\u00e7ou cr\u00edticas ao presidente Luiz In\u00e1cio Lula da Silva e aos ministros do Supremo Tribunal Federal, afirmando que h\u00e1 persegui\u00e7\u00e3o contra lideran\u00e7as conservadoras e apoiadores do ex-presidente Jair Bolsonaro.<\/p>\n\n\n\n<p>Manifestantes entoaram palavras de ordem como \u201cFora Lula, Fora Moraes e Fora Toffoli\u201d, exibindo bandeiras do Brasil e cartazes contra o governo federal e o Judici\u00e1rio. Alden afirmou que a esquerda cria \u201ccortinas de fuma\u00e7a\u201d para desviar aten\u00e7\u00e3o de den\u00fancias envolvendo Bolsonaro e aliados, enquanto a popula\u00e7\u00e3o sofre com persegui\u00e7\u00e3o pol\u00edtica e decis\u00f5es que, segundo ele, ignoram o povo.<\/p>\n\n\n\n<p>Parlamentar destacou car\u00e1ter pac\u00edfico e democr\u00e1tico do protesto. \u201cViemos aqui para deixar claro que queremos: Fora Lula! Fora Moraes! Fora Toffoli! E liberdade para Bolsonaro e para os condenados no 8 de Janeiro\u201d, disse. A manifesta\u00e7\u00e3o reuniu apoiadores do bolsonarismo e refor\u00e7ou a mobiliza\u00e7\u00e3o da direita na capital baiana.<\/p>\n\n\n\n<p>Ap\u00f3s Salvador, Capit\u00e3o Alden seguir\u00e1 para Feira de Santana, onde participar\u00e1 de outro ato com pautas semelhantes. Parlamentar afirmou que os protestos t\u00eam car\u00e1ter cont\u00ednuo e visam pressionar por mudan\u00e7as institucionais, refor\u00e7ando cr\u00edticas ao governo federal e \u00e0s decis\u00f5es do STF.<\/p>\n","protected":false},"excerpt":{"rendered":"<p>Deputado federal Capit\u00e3o Alden, vice-l\u00edder da oposi\u00e7\u00e3o na C\u00e2mara, participou neste domingo (1\u00ba) do ato \u201cAcorda, Brasil\u201d no Farol da Barra. Parlamentar refor\u00e7ou cr\u00edticas ao presidente Luiz In\u00e1cio Lula da Silva e aos ministros do Supremo Tribunal Federal, afirmando que h\u00e1 persegui\u00e7\u00e3o contra lideran\u00e7as conservadoras e apoiadores do ex-presidente Jair Bolsonaro. Manifestantes entoaram palavras de ordem como \u201cFora Lula, Fora Moraes e Fora Toffoli\u201d, exibindo bandeiras do Brasil e cartazes contra o governo federal e o Judici\u00e1rio. Alden afirmou que a esquerda cria \u201ccortinas de fuma\u00e7a\u201d para desviar aten\u00e7\u00e3o de den\u00fancias envolvendo Bolsonaro e aliados, enquanto a popula\u00e7\u00e3o sofre com persegui\u00e7\u00e3o pol\u00edtica e decis\u00f5es que, segundo ele, ignoram o povo. Parlamentar destacou car\u00e1ter pac\u00edfico e democr\u00e1tico do protesto. \u201cViemos aqui para deixar claro que queremos: Fora Lula! Fora Moraes! Fora Toffoli! E liberdade para Bolsonaro e para os condenados no 8 de Janeiro\u201d, disse. A manifesta\u00e7\u00e3o reuniu apoiadores do bolsonarismo e refor\u00e7ou a mobiliza\u00e7\u00e3o da direita na capital baiana. Ap\u00f3s Salvador, Capit\u00e3o Alden seguir\u00e1 para Feira de Santana, onde participar\u00e1 de outro ato com pautas semelhantes. Parlamentar afirmou que os protestos t\u00eam car\u00e1ter cont\u00ednuo e visam pressionar por mudan\u00e7as institucionais, refor\u00e7ando cr\u00edticas ao governo federal e \u00e0s decis\u00f5es do STF.<\/p>\n","protected":false},"author":2,"featured_media":0,"comment_status":"open","ping_status":"open","sticky":false,"template":"","format":"standard","meta":{"footnotes":""},"categories":[7,53,58,13,6],"tags":[],"class_list":["post-9710","post","type-post","status-publish","format-standard","hentry","category-bahia","category-brasil","category-eleicoes-2026","category-justica","category-politica"],"yoast_head":"<!-- This site is optimized with the Yoast SEO plugin v26.5 - https:\/\/yoast.com\/wordpress\/plugins\/seo\/ -->\n<title>Farol da Barra: Capit\u00e3o Alden refor\u00e7a cr\u00edticas a Lula e STF em ato da direita - Sudoesteacontece<\/title>\n<meta name=\"robots\" content=\"index, follow, max-snippet:-1, max-image-preview:large, max-video-preview:-1\" \/>\n<link rel=\"canonical\" href=\"https:\/\/sudoesteacontece.com.br\/?p=9710\" \/>\n<meta property=\"og:locale\" content=\"pt_BR\" \/>\n<meta property=\"og:type\" content=\"article\" \/>\n<meta property=\"og:title\" content=\"Farol da Barra: Capit\u00e3o Alden refor\u00e7a cr\u00edticas a Lula e STF em ato da direita - Sudoesteacontece\" \/>\n<meta property=\"og:description\" content=\"Deputado federal Capit\u00e3o Alden, vice-l\u00edder da oposi\u00e7\u00e3o na C\u00e2mara, participou neste domingo (1\u00ba) do ato \u201cAcorda, Brasil\u201d no Farol da Barra. Parlamentar refor\u00e7ou cr\u00edticas ao presidente Luiz In\u00e1cio Lula da Silva e aos ministros do Supremo Tribunal Federal, afirmando que h\u00e1 persegui\u00e7\u00e3o contra lideran\u00e7as conservadoras e apoiadores do ex-presidente Jair Bolsonaro. Manifestantes entoaram palavras de ordem como \u201cFora Lula, Fora Moraes e Fora Toffoli\u201d, exibindo bandeiras do Brasil e cartazes contra o governo federal e o Judici\u00e1rio. Alden afirmou que a esquerda cria \u201ccortinas de fuma\u00e7a\u201d para desviar aten\u00e7\u00e3o de den\u00fancias envolvendo Bolsonaro e aliados, enquanto a popula\u00e7\u00e3o sofre com persegui\u00e7\u00e3o pol\u00edtica e decis\u00f5es que, segundo ele, ignoram o povo. Parlamentar destacou car\u00e1ter pac\u00edfico e democr\u00e1tico do protesto. \u201cViemos aqui para deixar claro que queremos: Fora Lula! Fora Moraes! Fora Toffoli! E liberdade para Bolsonaro e para os condenados no 8 de Janeiro\u201d, disse. A manifesta\u00e7\u00e3o reuniu apoiadores do bolsonarismo e refor\u00e7ou a mobiliza\u00e7\u00e3o da direita na capital baiana. Ap\u00f3s Salvador, Capit\u00e3o Alden seguir\u00e1 para Feira de Santana, onde participar\u00e1 de outro ato com pautas semelhantes. Parlamentar afirmou que os protestos t\u00eam car\u00e1ter cont\u00ednuo e visam pressionar por mudan\u00e7as institucionais, refor\u00e7ando cr\u00edticas ao governo federal e \u00e0s decis\u00f5es do STF.\" \/>\n<meta property=\"og:url\" content=\"https:\/\/sudoesteacontece.com.br\/?p=9710\" \/>\n<meta property=\"og:site_name\" content=\"Sudoesteacontece\" \/>\n<meta property=\"article:publisher\" content=\"https:\/\/www.facebook.com\/sudoesteacontece\/?locale=pt_BR\" \/>\n<meta property=\"article:published_time\" content=\"2026-03-02T00:50:22+00:00\" \/>\n<meta property=\"article:modified_time\" content=\"2026-03-02T00:50:27+00:00\" \/>\n<meta property=\"og:image\" content=\"http:\/\/sudoesteacontece.com.br\/wp-content\/uploads\/2026\/03\/Farol-da-Barra-Capitao-Alden-reforca-criticas-a-Lula-e-STF-em-ato-da-direita.jpg\" \/>\n<meta name=\"author\" content=\"Washington Tiago\" \/>\n<meta name=\"twitter:card\" content=\"summary_large_image\" \/>\n<meta name=\"twitter:label1\" content=\"Escrito por\" \/>\n\t<meta name=\"twitter:data1\" content=\"Washington Tiago\" \/>\n\t<meta name=\"twitter:label2\" content=\"Est. tempo de leitura\" \/>\n\t<meta name=\"twitter:data2\" content=\"2 minutos\" \/>\n<script type=\"application\/ld+json\" class=\"yoast-schema-graph\">{\"@context\":\"https:\/\/schema.org\",\"@graph\":[{\"@type\":\"Article\",\"@id\":\"https:\/\/sudoesteacontece.com.br\/?p=9710#article\",\"isPartOf\":{\"@id\":\"https:\/\/sudoesteacontece.com.br\/?p=9710\"},\"author\":{\"name\":\"Washington Tiago\",\"@id\":\"https:\/\/sudoesteacontece.com.br\/#\/schema\/person\/3cf2cf009926a9683ebc29d5379fa79c\"},\"headline\":\"Farol da Barra: Capit\u00e3o Alden refor\u00e7a cr\u00edticas a Lula e STF em ato da direita\",\"datePublished\":\"2026-03-02T00:50:22+00:00\",\"dateModified\":\"2026-03-02T00:50:27+00:00\",\"mainEntityOfPage\":{\"@id\":\"https:\/\/sudoesteacontece.com.br\/?p=9710\"},\"wordCount\":248,\"commentCount\":0,\"publisher\":{\"@id\":\"https:\/\/sudoesteacontece.com.br\/#organization\"},\"image\":{\"@id\":\"https:\/\/sudoesteacontece.com.br\/?p=9710#primaryimage\"},\"thumbnailUrl\":\"http:\/\/sudoesteacontece.com.br\/wp-content\/uploads\/2026\/03\/Farol-da-Barra-Capitao-Alden-reforca-criticas-a-Lula-e-STF-em-ato-da-direita.jpg\",\"articleSection\":[\"Bahia\",\"Brasil\",\"Elei\u00e7\u00f5es 2026\",\"Justi\u00e7a\",\"Pol\u00edtica\"],\"inLanguage\":\"pt-BR\",\"potentialAction\":[{\"@type\":\"CommentAction\",\"name\":\"Comment\",\"target\":[\"https:\/\/sudoesteacontece.com.br\/?p=9710#respond\"]}]},{\"@type\":\"WebPage\",\"@id\":\"https:\/\/sudoesteacontece.com.br\/?p=9710\",\"url\":\"https:\/\/sudoesteacontece.com.br\/?p=9710\",\"name\":\"Farol da Barra: Capit\u00e3o Alden refor\u00e7a cr\u00edticas a Lula e STF em ato da direita - Sudoesteacontece\",\"isPartOf\":{\"@id\":\"https:\/\/sudoesteacontece.com.br\/#website\"},\"primaryImageOfPage\":{\"@id\":\"https:\/\/sudoesteacontece.com.br\/?p=9710#primaryimage\"},\"image\":{\"@id\":\"https:\/\/sudoesteacontece.com.br\/?p=9710#primaryimage\"},\"thumbnailUrl\":\"http:\/\/sudoesteacontece.com.br\/wp-content\/uploads\/2026\/03\/Farol-da-Barra-Capitao-Alden-reforca-criticas-a-Lula-e-STF-em-ato-da-direita.jpg\",\"datePublished\":\"2026-03-02T00:50:22+00:00\",\"dateModified\":\"2026-03-02T00:50:27+00:00\",\"breadcrumb\":{\"@id\":\"https:\/\/sudoesteacontece.com.br\/?p=9710#breadcrumb\"},\"inLanguage\":\"pt-BR\",\"potentialAction\":[{\"@type\":\"ReadAction\",\"target\":[\"https:\/\/sudoesteacontece.com.br\/?p=9710\"]}]},{\"@type\":\"ImageObject\",\"inLanguage\":\"pt-BR\",\"@id\":\"https:\/\/sudoesteacontece.com.br\/?p=9710#primaryimage\",\"url\":\"https:\/\/sudoesteacontece.com.br\/wp-content\/uploads\/2026\/03\/Farol-da-Barra-Capitao-Alden-reforca-criticas-a-Lula-e-STF-em-ato-da-direita.jpg\",\"contentUrl\":\"https:\/\/sudoesteacontece.com.br\/wp-content\/uploads\/2026\/03\/Farol-da-Barra-Capitao-Alden-reforca-criticas-a-Lula-e-STF-em-ato-da-direita.jpg\",\"width\":900,\"height\":600},{\"@type\":\"BreadcrumbList\",\"@id\":\"https:\/\/sudoesteacontece.com.br\/?p=9710#breadcrumb\",\"itemListElement\":[{\"@type\":\"ListItem\",\"position\":1,\"name\":\"In\u00edcio\",\"item\":\"https:\/\/sudoesteacontece.com.br\/\"},{\"@type\":\"ListItem\",\"position\":2,\"name\":\"Farol da Barra: Capit\u00e3o Alden refor\u00e7a cr\u00edticas a Lula e STF em ato da direita\"}]},{\"@type\":\"WebSite\",\"@id\":\"https:\/\/sudoesteacontece.com.br\/#website\",\"url\":\"https:\/\/sudoesteacontece.com.br\/\",\"name\":\"Sudoesteacontece\",\"description\":\"\",\"publisher\":{\"@id\":\"https:\/\/sudoesteacontece.com.br\/#organization\"},\"potentialAction\":[{\"@type\":\"SearchAction\",\"target\":{\"@type\":\"EntryPoint\",\"urlTemplate\":\"https:\/\/sudoesteacontece.com.br\/?s={search_term_string}\"},\"query-input\":{\"@type\":\"PropertyValueSpecification\",\"valueRequired\":true,\"valueName\":\"search_term_string\"}}],\"inLanguage\":\"pt-BR\"},{\"@type\":\"Organization\",\"@id\":\"https:\/\/sudoesteacontece.com.br\/#organization\",\"name\":\"Sudoesteacontece\",\"url\":\"https:\/\/sudoesteacontece.com.br\/\",\"logo\":{\"@type\":\"ImageObject\",\"inLanguage\":\"pt-BR\",\"@id\":\"https:\/\/sudoesteacontece.com.br\/#\/schema\/logo\/image\/\",\"url\":\"https:\/\/sudoesteacontece.com.br\/wp-content\/uploads\/2025\/12\/cropped-logo-2-180x180-1.png\",\"contentUrl\":\"https:\/\/sudoesteacontece.com.br\/wp-content\/uploads\/2025\/12\/cropped-logo-2-180x180-1.png\",\"width\":180,\"height\":180,\"caption\":\"Sudoesteacontece\"},\"image\":{\"@id\":\"https:\/\/sudoesteacontece.com.br\/#\/schema\/logo\/image\/\"},\"sameAs\":[\"https:\/\/www.facebook.com\/sudoesteacontece\/?locale=pt_BR\"]},{\"@type\":\"Person\",\"@id\":\"https:\/\/sudoesteacontece.com.br\/#\/schema\/person\/3cf2cf009926a9683ebc29d5379fa79c\",\"name\":\"Washington Tiago\",\"image\":{\"@type\":\"ImageObject\",\"inLanguage\":\"pt-BR\",\"@id\":\"https:\/\/sudoesteacontece.com.br\/#\/schema\/person\/image\/\",\"url\":\"https:\/\/secure.gravatar.com\/avatar\/33c43b8668157e040f9d1fe93c354bf087cbd8ba36270c1163198bd3ddcf2a56?s=96&d=mm&r=g\",\"contentUrl\":\"https:\/\/secure.gravatar.com\/avatar\/33c43b8668157e040f9d1fe93c354bf087cbd8ba36270c1163198bd3ddcf2a56?s=96&d=mm&r=g\",\"caption\":\"Washington Tiago\"},\"url\":\"https:\/\/sudoesteacontece.com.br\/?author=2\"}]}<\/script>\n<!-- \/ Yoast SEO plugin. -->","yoast_head_json":{"title":"Farol da Barra: Capit\u00e3o Alden refor\u00e7a cr\u00edticas a Lula e STF em ato da direita - Sudoesteacontece","robots":{"index":"index","follow":"follow","max-snippet":"max-snippet:-1","max-image-preview":"max-image-preview:large","max-video-preview":"max-video-preview:-1"},"canonical":"https:\/\/sudoesteacontece.com.br\/?p=9710","og_locale":"pt_BR","og_type":"article","og_title":"Farol da Barra: Capit\u00e3o Alden refor\u00e7a cr\u00edticas a Lula e STF em ato da direita - Sudoesteacontece","og_description":"Deputado federal Capit\u00e3o Alden, vice-l\u00edder da oposi\u00e7\u00e3o na C\u00e2mara, participou neste domingo (1\u00ba) do ato \u201cAcorda, Brasil\u201d no Farol da Barra. Parlamentar refor\u00e7ou cr\u00edticas ao presidente Luiz In\u00e1cio Lula da Silva e aos ministros do Supremo Tribunal Federal, afirmando que h\u00e1 persegui\u00e7\u00e3o contra lideran\u00e7as conservadoras e apoiadores do ex-presidente Jair Bolsonaro. Manifestantes entoaram palavras de ordem como \u201cFora Lula, Fora Moraes e Fora Toffoli\u201d, exibindo bandeiras do Brasil e cartazes contra o governo federal e o Judici\u00e1rio. Alden afirmou que a esquerda cria \u201ccortinas de fuma\u00e7a\u201d para desviar aten\u00e7\u00e3o de den\u00fancias envolvendo Bolsonaro e aliados, enquanto a popula\u00e7\u00e3o sofre com persegui\u00e7\u00e3o pol\u00edtica e decis\u00f5es que, segundo ele, ignoram o povo. Parlamentar destacou car\u00e1ter pac\u00edfico e democr\u00e1tico do protesto. \u201cViemos aqui para deixar claro que queremos: Fora Lula! Fora Moraes! Fora Toffoli! E liberdade para Bolsonaro e para os condenados no 8 de Janeiro\u201d, disse. A manifesta\u00e7\u00e3o reuniu apoiadores do bolsonarismo e refor\u00e7ou a mobiliza\u00e7\u00e3o da direita na capital baiana. Ap\u00f3s Salvador, Capit\u00e3o Alden seguir\u00e1 para Feira de Santana, onde participar\u00e1 de outro ato com pautas semelhantes. Parlamentar afirmou que os protestos t\u00eam car\u00e1ter cont\u00ednuo e visam pressionar por mudan\u00e7as institucionais, refor\u00e7ando cr\u00edticas ao governo federal e \u00e0s decis\u00f5es do STF.","og_url":"https:\/\/sudoesteacontece.com.br\/?p=9710","og_site_name":"Sudoesteacontece","article_publisher":"https:\/\/www.facebook.com\/sudoesteacontece\/?locale=pt_BR","article_published_time":"2026-03-02T00:50:22+00:00","article_modified_time":"2026-03-02T00:50:27+00:00","og_image":[{"url":"http:\/\/sudoesteacontece.com.br\/wp-content\/uploads\/2026\/03\/Farol-da-Barra-Capitao-Alden-reforca-criticas-a-Lula-e-STF-em-ato-da-direita.jpg","type":"","width":"","height":""}],"author":"Washington Tiago","twitter_card":"summary_large_image","twitter_misc":{"Escrito por":"Washington Tiago","Est. tempo de leitura":"2 minutos"},"schema":{"@context":"https:\/\/schema.org","@graph":[{"@type":"Article","@id":"https:\/\/sudoesteacontece.com.br\/?p=9710#article","isPartOf":{"@id":"https:\/\/sudoesteacontece.com.br\/?p=9710"},"author":{"name":"Washington Tiago","@id":"https:\/\/sudoesteacontece.com.br\/#\/schema\/person\/3cf2cf009926a9683ebc29d5379fa79c"},"headline":"Farol da Barra: Capit\u00e3o Alden refor\u00e7a cr\u00edticas a Lula e STF em ato da direita","datePublished":"2026-03-02T00:50:22+00:00","dateModified":"2026-03-02T00:50:27+00:00","mainEntityOfPage":{"@id":"https:\/\/sudoesteacontece.com.br\/?p=9710"},"wordCount":248,"commentCount":0,"publisher":{"@id":"https:\/\/sudoesteacontece.com.br\/#organization"},"image":{"@id":"https:\/\/sudoesteacontece.com.br\/?p=9710#primaryimage"},"thumbnailUrl":"http:\/\/sudoesteacontece.com.br\/wp-content\/uploads\/2026\/03\/Farol-da-Barra-Capitao-Alden-reforca-criticas-a-Lula-e-STF-em-ato-da-direita.jpg","articleSection":["Bahia","Brasil","Elei\u00e7\u00f5es 2026","Justi\u00e7a","Pol\u00edtica"],"inLanguage":"pt-BR","potentialAction":[{"@type":"CommentAction","name":"Comment","target":["https:\/\/sudoesteacontece.com.br\/?p=9710#respond"]}]},{"@type":"WebPage","@id":"https:\/\/sudoesteacontece.com.br\/?p=9710","url":"https:\/\/sudoesteacontece.com.br\/?p=9710","name":"Farol da Barra: Capit\u00e3o Alden refor\u00e7a cr\u00edticas a Lula e STF em ato da direita - Sudoesteacontece","isPartOf":{"@id":"https:\/\/sudoesteacontece.com.br\/#website"},"primaryImageOfPage":{"@id":"https:\/\/sudoesteacontece.com.br\/?p=9710#primaryimage"},"image":{"@id":"https:\/\/sudoesteacontece.com.br\/?p=9710#primaryimage"},"thumbnailUrl":"http:\/\/sudoesteacontece.com.br\/wp-content\/uploads\/2026\/03\/Farol-da-Barra-Capitao-Alden-reforca-criticas-a-Lula-e-STF-em-ato-da-direita.jpg","datePublished":"2026-03-02T00:50:22+00:00","dateModified":"2026-03-02T00:50:27+00:00","breadcrumb":{"@id":"https:\/\/sudoesteacontece.com.br\/?p=9710#breadcrumb"},"inLanguage":"pt-BR","potentialAction":[{"@type":"ReadAction","target":["https:\/\/sudoesteacontece.com.br\/?p=9710"]}]},{"@type":"ImageObject","inLanguage":"pt-BR","@id":"https:\/\/sudoesteacontece.com.br\/?p=9710#primaryimage","url":"https:\/\/sudoesteacontece.com.br\/wp-content\/uploads\/2026\/03\/Farol-da-Barra-Capitao-Alden-reforca-criticas-a-Lula-e-STF-em-ato-da-direita.jpg","contentUrl":"https:\/\/sudoesteacontece.com.br\/wp-content\/uploads\/2026\/03\/Farol-da-Barra-Capitao-Alden-reforca-criticas-a-Lula-e-STF-em-ato-da-direita.jpg","width":900,"height":600},{"@type":"BreadcrumbList","@id":"https:\/\/sudoesteacontece.com.br\/?p=9710#breadcrumb","itemListElement":[{"@type":"ListItem","position":1,"name":"In\u00edcio","item":"https:\/\/sudoesteacontece.com.br\/"},{"@type":"ListItem","position":2,"name":"Farol da Barra: Capit\u00e3o Alden refor\u00e7a cr\u00edticas a Lula e STF em ato da direita"}]},{"@type":"WebSite","@id":"https:\/\/sudoesteacontece.com.br\/#website","url":"https:\/\/sudoesteacontece.com.br\/","name":"Sudoesteacontece","description":"","publisher":{"@id":"https:\/\/sudoesteacontece.com.br\/#organization"},"potentialAction":[{"@type":"SearchAction","target":{"@type":"EntryPoint","urlTemplate":"https:\/\/sudoesteacontece.com.br\/?s={search_term_string}"},"query-input":{"@type":"PropertyValueSpecification","valueRequired":true,"valueName":"search_term_string"}}],"inLanguage":"pt-BR"},{"@type":"Organization","@id":"https:\/\/sudoesteacontece.com.br\/#organization","name":"Sudoesteacontece","url":"https:\/\/sudoesteacontece.com.br\/","logo":{"@type":"ImageObject","inLanguage":"pt-BR","@id":"https:\/\/sudoesteacontece.com.br\/#\/schema\/logo\/image\/","url":"https:\/\/sudoesteacontece.com.br\/wp-content\/uploads\/2025\/12\/cropped-logo-2-180x180-1.png","contentUrl":"https:\/\/sudoesteacontece.com.br\/wp-content\/uploads\/2025\/12\/cropped-logo-2-180x180-1.png","width":180,"height":180,"caption":"Sudoesteacontece"},"image":{"@id":"https:\/\/sudoesteacontece.com.br\/#\/schema\/logo\/image\/"},"sameAs":["https:\/\/www.facebook.com\/sudoesteacontece\/?locale=pt_BR"]},{"@type":"Person","@id":"https:\/\/sudoesteacontece.com.br\/#\/schema\/person\/3cf2cf009926a9683ebc29d5379fa79c","name":"Washington Tiago","image":{"@type":"ImageObject","inLanguage":"pt-BR","@id":"https:\/\/sudoesteacontece.com.br\/#\/schema\/person\/image\/","url":"https:\/\/secure.gravatar.com\/avatar\/33c43b8668157e040f9d1fe93c354bf087cbd8ba36270c1163198bd3ddcf2a56?s=96&d=mm&r=g","contentUrl":"https:\/\/secure.gravatar.com\/avatar\/33c43b8668157e040f9d1fe93c354bf087cbd8ba36270c1163198bd3ddcf2a56?s=96&d=mm&r=g","caption":"Washington Tiago"},"url":"https:\/\/sudoesteacontece.com.br\/?author=2"}]}},"_links":{"self":[{"href":"https:\/\/sudoesteacontece.com.br\/index.php?rest_route=\/wp\/v2\/posts\/9710","targetHints":{"allow":["GET"]}}],"collection":[{"href":"https:\/\/sudoesteacontece.com.br\/index.php?rest_route=\/wp\/v2\/posts"}],"about":[{"href":"https:\/\/sudoesteacontece.com.br\/index.php?rest_route=\/wp\/v2\/types\/post"}],"author":[{"embeddable":true,"href":"https:\/\/sudoesteacontece.com.br\/index.php?rest_route=\/wp\/v2\/users\/2"}],"replies":[{"embeddable":true,"href":"https:\/\/sudoesteacontece.com.br\/index.php?rest_route=%2Fwp%2Fv2%2Fcomments&post=9710"}],"version-history":[{"count":0,"href":"https:\/\/sudoesteacontece.com.br\/index.php?rest_route=\/wp\/v2\/posts\/9710\/revisions"}],"wp:attachment":[{"href":"https:\/\/sudoesteacontece.com.br\/index.php?rest_route=%2Fwp%2Fv2%2Fmedia&parent=9710"}],"wp:term":[{"taxonomy":"category","embeddable":true,"href":"https:\/\/sudoesteacontece.com.br\/index.php?rest_route=%2Fwp%2Fv2%2Fcategories&post=9710"},{"taxonomy":"post_tag","embeddable":true,"href":"https:\/\/sudoesteacontece.com.br\/index.php?rest_route=%2Fwp%2Fv2%2Ftags&post=9710"}],"curies":[{"name":"wp","href":"https:\/\/api.w.org\/{rel}","templated":true}]}}