{"id":9712,"date":"2026-03-01T21:53:58","date_gmt":"2026-03-02T00:53:58","guid":{"rendered":"https:\/\/sudoesteacontece.com.br\/?p=9712"},"modified":"2026-03-01T21:54:06","modified_gmt":"2026-03-02T00:54:06","slug":"bahia-disputa-pelo-vice-esquenta-entre-wagner-rui-e-jeronimo","status":"publish","type":"post","link":"https:\/\/sudoesteacontece.com.br\/?p=9712","title":{"rendered":"Bahia: Disputa pelo vice esquenta entre Wagner, Rui e Jer\u00f4nimo"},"content":{"rendered":"<div class=\"wp-block-image\">\n<figure class=\"aligncenter size-full\"><img fetchpriority=\"high\" decoding=\"async\" width=\"900\" height=\"600\" src=\"http:\/\/sudoesteacontece.com.br\/wp-content\/uploads\/2026\/03\/Bahia-Disputa-pelo-vice-esquenta-entre-Wagner-Rui-e-Jeronimo.jpg\" alt=\"\" class=\"wp-image-9747\" srcset=\"https:\/\/sudoesteacontece.com.br\/wp-content\/uploads\/2026\/03\/Bahia-Disputa-pelo-vice-esquenta-entre-Wagner-Rui-e-Jeronimo.jpg 900w, https:\/\/sudoesteacontece.com.br\/wp-content\/uploads\/2026\/03\/Bahia-Disputa-pelo-vice-esquenta-entre-Wagner-Rui-e-Jeronimo-300x200.jpg 300w, https:\/\/sudoesteacontece.com.br\/wp-content\/uploads\/2026\/03\/Bahia-Disputa-pelo-vice-esquenta-entre-Wagner-Rui-e-Jeronimo-768x512.jpg 768w\" sizes=\"(max-width: 900px) 100vw, 900px\" \/><\/figure>\n<\/div>\n\n\n<p>Disputa pela vaga de vice na chapa de Jer\u00f4nimo Rodrigues esquenta na base governista da Bahia. Apesar de an\u00fancio pr\u00e9vio feito pelo senador Jaques Wagner, Jer\u00f4nimo afirma que nome ainda n\u00e3o est\u00e1 definido. Partidos Avante e PSD pressionam para indicar quadros pr\u00f3prios, enquanto PT busca equil\u00edbrio na composi\u00e7\u00e3o da chapa.<\/p>\n\n\n\n<p>MDB enfrenta dilema com o vice-geral atual, Geraldo Jr., que teria perdido capacidade de agregar eleitoralmente. PSD considera lan\u00e7ar a presidente da Assembleia, Ivana Bastos, mas aguarda aval do senador Otto Alencar, que permanece reticente em fun\u00e7\u00e3o da nomea\u00e7\u00e3o de seu filho para o TCE.<\/p>\n\n\n\n<p>Avante, sob influ\u00eancia do ministro Rui Costa, defende o ex-deputado Ronaldo Carletto para vice, enquanto Wagner tenta manter Geraldo Jr. na chapa. Jer\u00f4nimo, preocupado com a competitividade eleitoral, analisa op\u00e7\u00f5es que possam efetivamente fortalecer a campanha, incluindo Carletto, que possui estrutura de campanha e recursos importantes.<\/p>\n\n\n\n<p>Outros nomes surgem no radar, como prefeitos Jos\u00e9 Ronaldo e Z\u00e9 Coc\u00e1, ligados ao candidato ACM Neto, mas ainda discretos sobre posicionamento. MDB reage, com Geddel Vieira Lima destacando apoio a Wagner e provocando Rui nas redes sociais, refor\u00e7ando tens\u00e3o na defini\u00e7\u00e3o do vice-governador para 2026.<\/p>\n\n\n\n<p><\/p>\n","protected":false},"excerpt":{"rendered":"<p>Disputa pela vaga de vice na chapa de Jer\u00f4nimo Rodrigues esquenta na base governista da Bahia. Apesar de an\u00fancio pr\u00e9vio feito pelo senador Jaques Wagner, Jer\u00f4nimo afirma que nome ainda n\u00e3o est\u00e1 definido. Partidos Avante e PSD pressionam para indicar quadros pr\u00f3prios, enquanto PT busca equil\u00edbrio na composi\u00e7\u00e3o da chapa. MDB enfrenta dilema com o vice-geral atual, Geraldo Jr., que teria perdido capacidade de agregar eleitoralmente. PSD considera lan\u00e7ar a presidente da Assembleia, Ivana Bastos, mas aguarda aval do senador Otto Alencar, que permanece reticente em fun\u00e7\u00e3o da nomea\u00e7\u00e3o de seu filho para o TCE. Avante, sob influ\u00eancia do ministro Rui Costa, defende o ex-deputado Ronaldo Carletto para vice, enquanto Wagner tenta manter Geraldo Jr. na chapa. Jer\u00f4nimo, preocupado com a competitividade eleitoral, analisa op\u00e7\u00f5es que possam efetivamente fortalecer a campanha, incluindo Carletto, que possui estrutura de campanha e recursos importantes. Outros nomes surgem no radar, como prefeitos Jos\u00e9 Ronaldo e Z\u00e9 Coc\u00e1, ligados ao candidato ACM Neto, mas ainda discretos sobre posicionamento. MDB reage, com Geddel Vieira Lima destacando apoio a Wagner e provocando Rui nas redes sociais, refor\u00e7ando tens\u00e3o na defini\u00e7\u00e3o do vice-governador para 2026.<\/p>\n","protected":false},"author":2,"featured_media":0,"comment_status":"open","ping_status":"open","sticky":false,"template":"","format":"standard","meta":{"footnotes":""},"categories":[7,58,6],"tags":[],"class_list":["post-9712","post","type-post","status-publish","format-standard","hentry","category-bahia","category-eleicoes-2026","category-politica"],"yoast_head":"<!-- This site is optimized with the Yoast SEO plugin v26.5 - https:\/\/yoast.com\/wordpress\/plugins\/seo\/ -->\n<title>Bahia: Disputa pelo vice esquenta entre Wagner, Rui e Jer\u00f4nimo - Sudoesteacontece<\/title>\n<meta name=\"robots\" content=\"index, follow, max-snippet:-1, max-image-preview:large, max-video-preview:-1\" \/>\n<link rel=\"canonical\" href=\"https:\/\/sudoesteacontece.com.br\/?p=9712\" \/>\n<meta property=\"og:locale\" content=\"pt_BR\" \/>\n<meta property=\"og:type\" content=\"article\" \/>\n<meta property=\"og:title\" content=\"Bahia: Disputa pelo vice esquenta entre Wagner, Rui e Jer\u00f4nimo - Sudoesteacontece\" \/>\n<meta property=\"og:description\" content=\"Disputa pela vaga de vice na chapa de Jer\u00f4nimo Rodrigues esquenta na base governista da Bahia. Apesar de an\u00fancio pr\u00e9vio feito pelo senador Jaques Wagner, Jer\u00f4nimo afirma que nome ainda n\u00e3o est\u00e1 definido. Partidos Avante e PSD pressionam para indicar quadros pr\u00f3prios, enquanto PT busca equil\u00edbrio na composi\u00e7\u00e3o da chapa. MDB enfrenta dilema com o vice-geral atual, Geraldo Jr., que teria perdido capacidade de agregar eleitoralmente. PSD considera lan\u00e7ar a presidente da Assembleia, Ivana Bastos, mas aguarda aval do senador Otto Alencar, que permanece reticente em fun\u00e7\u00e3o da nomea\u00e7\u00e3o de seu filho para o TCE. Avante, sob influ\u00eancia do ministro Rui Costa, defende o ex-deputado Ronaldo Carletto para vice, enquanto Wagner tenta manter Geraldo Jr. na chapa. Jer\u00f4nimo, preocupado com a competitividade eleitoral, analisa op\u00e7\u00f5es que possam efetivamente fortalecer a campanha, incluindo Carletto, que possui estrutura de campanha e recursos importantes. Outros nomes surgem no radar, como prefeitos Jos\u00e9 Ronaldo e Z\u00e9 Coc\u00e1, ligados ao candidato ACM Neto, mas ainda discretos sobre posicionamento. MDB reage, com Geddel Vieira Lima destacando apoio a Wagner e provocando Rui nas redes sociais, refor\u00e7ando tens\u00e3o na defini\u00e7\u00e3o do vice-governador para 2026.\" \/>\n<meta property=\"og:url\" content=\"https:\/\/sudoesteacontece.com.br\/?p=9712\" \/>\n<meta property=\"og:site_name\" content=\"Sudoesteacontece\" \/>\n<meta property=\"article:publisher\" content=\"https:\/\/www.facebook.com\/sudoesteacontece\/?locale=pt_BR\" \/>\n<meta property=\"article:published_time\" content=\"2026-03-02T00:53:58+00:00\" \/>\n<meta property=\"article:modified_time\" content=\"2026-03-02T00:54:06+00:00\" \/>\n<meta property=\"og:image\" content=\"http:\/\/sudoesteacontece.com.br\/wp-content\/uploads\/2026\/03\/Bahia-Disputa-pelo-vice-esquenta-entre-Wagner-Rui-e-Jeronimo.jpg\" \/>\n<meta name=\"author\" content=\"Washington Tiago\" \/>\n<meta name=\"twitter:card\" content=\"summary_large_image\" \/>\n<meta name=\"twitter:label1\" content=\"Escrito por\" \/>\n\t<meta name=\"twitter:data1\" content=\"Washington Tiago\" \/>\n\t<meta name=\"twitter:label2\" content=\"Est. tempo de leitura\" \/>\n\t<meta name=\"twitter:data2\" content=\"2 minutos\" \/>\n<script type=\"application\/ld+json\" class=\"yoast-schema-graph\">{\"@context\":\"https:\/\/schema.org\",\"@graph\":[{\"@type\":\"Article\",\"@id\":\"https:\/\/sudoesteacontece.com.br\/?p=9712#article\",\"isPartOf\":{\"@id\":\"https:\/\/sudoesteacontece.com.br\/?p=9712\"},\"author\":{\"name\":\"Washington Tiago\",\"@id\":\"https:\/\/sudoesteacontece.com.br\/#\/schema\/person\/3cf2cf009926a9683ebc29d5379fa79c\"},\"headline\":\"Bahia: Disputa pelo vice esquenta entre Wagner, Rui e Jer\u00f4nimo\",\"datePublished\":\"2026-03-02T00:53:58+00:00\",\"dateModified\":\"2026-03-02T00:54:06+00:00\",\"mainEntityOfPage\":{\"@id\":\"https:\/\/sudoesteacontece.com.br\/?p=9712\"},\"wordCount\":214,\"commentCount\":0,\"publisher\":{\"@id\":\"https:\/\/sudoesteacontece.com.br\/#organization\"},\"image\":{\"@id\":\"https:\/\/sudoesteacontece.com.br\/?p=9712#primaryimage\"},\"thumbnailUrl\":\"http:\/\/sudoesteacontece.com.br\/wp-content\/uploads\/2026\/03\/Bahia-Disputa-pelo-vice-esquenta-entre-Wagner-Rui-e-Jeronimo.jpg\",\"articleSection\":[\"Bahia\",\"Elei\u00e7\u00f5es 2026\",\"Pol\u00edtica\"],\"inLanguage\":\"pt-BR\",\"potentialAction\":[{\"@type\":\"CommentAction\",\"name\":\"Comment\",\"target\":[\"https:\/\/sudoesteacontece.com.br\/?p=9712#respond\"]}]},{\"@type\":\"WebPage\",\"@id\":\"https:\/\/sudoesteacontece.com.br\/?p=9712\",\"url\":\"https:\/\/sudoesteacontece.com.br\/?p=9712\",\"name\":\"Bahia: Disputa pelo vice esquenta entre Wagner, Rui e Jer\u00f4nimo - Sudoesteacontece\",\"isPartOf\":{\"@id\":\"https:\/\/sudoesteacontece.com.br\/#website\"},\"primaryImageOfPage\":{\"@id\":\"https:\/\/sudoesteacontece.com.br\/?p=9712#primaryimage\"},\"image\":{\"@id\":\"https:\/\/sudoesteacontece.com.br\/?p=9712#primaryimage\"},\"thumbnailUrl\":\"http:\/\/sudoesteacontece.com.br\/wp-content\/uploads\/2026\/03\/Bahia-Disputa-pelo-vice-esquenta-entre-Wagner-Rui-e-Jeronimo.jpg\",\"datePublished\":\"2026-03-02T00:53:58+00:00\",\"dateModified\":\"2026-03-02T00:54:06+00:00\",\"breadcrumb\":{\"@id\":\"https:\/\/sudoesteacontece.com.br\/?p=9712#breadcrumb\"},\"inLanguage\":\"pt-BR\",\"potentialAction\":[{\"@type\":\"ReadAction\",\"target\":[\"https:\/\/sudoesteacontece.com.br\/?p=9712\"]}]},{\"@type\":\"ImageObject\",\"inLanguage\":\"pt-BR\",\"@id\":\"https:\/\/sudoesteacontece.com.br\/?p=9712#primaryimage\",\"url\":\"https:\/\/sudoesteacontece.com.br\/wp-content\/uploads\/2026\/03\/Bahia-Disputa-pelo-vice-esquenta-entre-Wagner-Rui-e-Jeronimo.jpg\",\"contentUrl\":\"https:\/\/sudoesteacontece.com.br\/wp-content\/uploads\/2026\/03\/Bahia-Disputa-pelo-vice-esquenta-entre-Wagner-Rui-e-Jeronimo.jpg\",\"width\":900,\"height\":600},{\"@type\":\"BreadcrumbList\",\"@id\":\"https:\/\/sudoesteacontece.com.br\/?p=9712#breadcrumb\",\"itemListElement\":[{\"@type\":\"ListItem\",\"position\":1,\"name\":\"In\u00edcio\",\"item\":\"https:\/\/sudoesteacontece.com.br\/\"},{\"@type\":\"ListItem\",\"position\":2,\"name\":\"Bahia: Disputa pelo vice esquenta entre Wagner, Rui e Jer\u00f4nimo\"}]},{\"@type\":\"WebSite\",\"@id\":\"https:\/\/sudoesteacontece.com.br\/#website\",\"url\":\"https:\/\/sudoesteacontece.com.br\/\",\"name\":\"Sudoesteacontece\",\"description\":\"\",\"publisher\":{\"@id\":\"https:\/\/sudoesteacontece.com.br\/#organization\"},\"potentialAction\":[{\"@type\":\"SearchAction\",\"target\":{\"@type\":\"EntryPoint\",\"urlTemplate\":\"https:\/\/sudoesteacontece.com.br\/?s={search_term_string}\"},\"query-input\":{\"@type\":\"PropertyValueSpecification\",\"valueRequired\":true,\"valueName\":\"search_term_string\"}}],\"inLanguage\":\"pt-BR\"},{\"@type\":\"Organization\",\"@id\":\"https:\/\/sudoesteacontece.com.br\/#organization\",\"name\":\"Sudoesteacontece\",\"url\":\"https:\/\/sudoesteacontece.com.br\/\",\"logo\":{\"@type\":\"ImageObject\",\"inLanguage\":\"pt-BR\",\"@id\":\"https:\/\/sudoesteacontece.com.br\/#\/schema\/logo\/image\/\",\"url\":\"https:\/\/sudoesteacontece.com.br\/wp-content\/uploads\/2025\/12\/cropped-logo-2-180x180-1.png\",\"contentUrl\":\"https:\/\/sudoesteacontece.com.br\/wp-content\/uploads\/2025\/12\/cropped-logo-2-180x180-1.png\",\"width\":180,\"height\":180,\"caption\":\"Sudoesteacontece\"},\"image\":{\"@id\":\"https:\/\/sudoesteacontece.com.br\/#\/schema\/logo\/image\/\"},\"sameAs\":[\"https:\/\/www.facebook.com\/sudoesteacontece\/?locale=pt_BR\"]},{\"@type\":\"Person\",\"@id\":\"https:\/\/sudoesteacontece.com.br\/#\/schema\/person\/3cf2cf009926a9683ebc29d5379fa79c\",\"name\":\"Washington Tiago\",\"image\":{\"@type\":\"ImageObject\",\"inLanguage\":\"pt-BR\",\"@id\":\"https:\/\/sudoesteacontece.com.br\/#\/schema\/person\/image\/\",\"url\":\"https:\/\/secure.gravatar.com\/avatar\/33c43b8668157e040f9d1fe93c354bf087cbd8ba36270c1163198bd3ddcf2a56?s=96&d=mm&r=g\",\"contentUrl\":\"https:\/\/secure.gravatar.com\/avatar\/33c43b8668157e040f9d1fe93c354bf087cbd8ba36270c1163198bd3ddcf2a56?s=96&d=mm&r=g\",\"caption\":\"Washington Tiago\"},\"url\":\"https:\/\/sudoesteacontece.com.br\/?author=2\"}]}<\/script>\n<!-- \/ Yoast SEO plugin. -->","yoast_head_json":{"title":"Bahia: Disputa pelo vice esquenta entre Wagner, Rui e Jer\u00f4nimo - Sudoesteacontece","robots":{"index":"index","follow":"follow","max-snippet":"max-snippet:-1","max-image-preview":"max-image-preview:large","max-video-preview":"max-video-preview:-1"},"canonical":"https:\/\/sudoesteacontece.com.br\/?p=9712","og_locale":"pt_BR","og_type":"article","og_title":"Bahia: Disputa pelo vice esquenta entre Wagner, Rui e Jer\u00f4nimo - Sudoesteacontece","og_description":"Disputa pela vaga de vice na chapa de Jer\u00f4nimo Rodrigues esquenta na base governista da Bahia. Apesar de an\u00fancio pr\u00e9vio feito pelo senador Jaques Wagner, Jer\u00f4nimo afirma que nome ainda n\u00e3o est\u00e1 definido. Partidos Avante e PSD pressionam para indicar quadros pr\u00f3prios, enquanto PT busca equil\u00edbrio na composi\u00e7\u00e3o da chapa. MDB enfrenta dilema com o vice-geral atual, Geraldo Jr., que teria perdido capacidade de agregar eleitoralmente. PSD considera lan\u00e7ar a presidente da Assembleia, Ivana Bastos, mas aguarda aval do senador Otto Alencar, que permanece reticente em fun\u00e7\u00e3o da nomea\u00e7\u00e3o de seu filho para o TCE. Avante, sob influ\u00eancia do ministro Rui Costa, defende o ex-deputado Ronaldo Carletto para vice, enquanto Wagner tenta manter Geraldo Jr. na chapa. Jer\u00f4nimo, preocupado com a competitividade eleitoral, analisa op\u00e7\u00f5es que possam efetivamente fortalecer a campanha, incluindo Carletto, que possui estrutura de campanha e recursos importantes. Outros nomes surgem no radar, como prefeitos Jos\u00e9 Ronaldo e Z\u00e9 Coc\u00e1, ligados ao candidato ACM Neto, mas ainda discretos sobre posicionamento. MDB reage, com Geddel Vieira Lima destacando apoio a Wagner e provocando Rui nas redes sociais, refor\u00e7ando tens\u00e3o na defini\u00e7\u00e3o do vice-governador para 2026.","og_url":"https:\/\/sudoesteacontece.com.br\/?p=9712","og_site_name":"Sudoesteacontece","article_publisher":"https:\/\/www.facebook.com\/sudoesteacontece\/?locale=pt_BR","article_published_time":"2026-03-02T00:53:58+00:00","article_modified_time":"2026-03-02T00:54:06+00:00","og_image":[{"url":"http:\/\/sudoesteacontece.com.br\/wp-content\/uploads\/2026\/03\/Bahia-Disputa-pelo-vice-esquenta-entre-Wagner-Rui-e-Jeronimo.jpg","type":"","width":"","height":""}],"author":"Washington Tiago","twitter_card":"summary_large_image","twitter_misc":{"Escrito por":"Washington Tiago","Est. tempo de leitura":"2 minutos"},"schema":{"@context":"https:\/\/schema.org","@graph":[{"@type":"Article","@id":"https:\/\/sudoesteacontece.com.br\/?p=9712#article","isPartOf":{"@id":"https:\/\/sudoesteacontece.com.br\/?p=9712"},"author":{"name":"Washington Tiago","@id":"https:\/\/sudoesteacontece.com.br\/#\/schema\/person\/3cf2cf009926a9683ebc29d5379fa79c"},"headline":"Bahia: Disputa pelo vice esquenta entre Wagner, Rui e Jer\u00f4nimo","datePublished":"2026-03-02T00:53:58+00:00","dateModified":"2026-03-02T00:54:06+00:00","mainEntityOfPage":{"@id":"https:\/\/sudoesteacontece.com.br\/?p=9712"},"wordCount":214,"commentCount":0,"publisher":{"@id":"https:\/\/sudoesteacontece.com.br\/#organization"},"image":{"@id":"https:\/\/sudoesteacontece.com.br\/?p=9712#primaryimage"},"thumbnailUrl":"http:\/\/sudoesteacontece.com.br\/wp-content\/uploads\/2026\/03\/Bahia-Disputa-pelo-vice-esquenta-entre-Wagner-Rui-e-Jeronimo.jpg","articleSection":["Bahia","Elei\u00e7\u00f5es 2026","Pol\u00edtica"],"inLanguage":"pt-BR","potentialAction":[{"@type":"CommentAction","name":"Comment","target":["https:\/\/sudoesteacontece.com.br\/?p=9712#respond"]}]},{"@type":"WebPage","@id":"https:\/\/sudoesteacontece.com.br\/?p=9712","url":"https:\/\/sudoesteacontece.com.br\/?p=9712","name":"Bahia: Disputa pelo vice esquenta entre Wagner, Rui e Jer\u00f4nimo - Sudoesteacontece","isPartOf":{"@id":"https:\/\/sudoesteacontece.com.br\/#website"},"primaryImageOfPage":{"@id":"https:\/\/sudoesteacontece.com.br\/?p=9712#primaryimage"},"image":{"@id":"https:\/\/sudoesteacontece.com.br\/?p=9712#primaryimage"},"thumbnailUrl":"http:\/\/sudoesteacontece.com.br\/wp-content\/uploads\/2026\/03\/Bahia-Disputa-pelo-vice-esquenta-entre-Wagner-Rui-e-Jeronimo.jpg","datePublished":"2026-03-02T00:53:58+00:00","dateModified":"2026-03-02T00:54:06+00:00","breadcrumb":{"@id":"https:\/\/sudoesteacontece.com.br\/?p=9712#breadcrumb"},"inLanguage":"pt-BR","potentialAction":[{"@type":"ReadAction","target":["https:\/\/sudoesteacontece.com.br\/?p=9712"]}]},{"@type":"ImageObject","inLanguage":"pt-BR","@id":"https:\/\/sudoesteacontece.com.br\/?p=9712#primaryimage","url":"https:\/\/sudoesteacontece.com.br\/wp-content\/uploads\/2026\/03\/Bahia-Disputa-pelo-vice-esquenta-entre-Wagner-Rui-e-Jeronimo.jpg","contentUrl":"https:\/\/sudoesteacontece.com.br\/wp-content\/uploads\/2026\/03\/Bahia-Disputa-pelo-vice-esquenta-entre-Wagner-Rui-e-Jeronimo.jpg","width":900,"height":600},{"@type":"BreadcrumbList","@id":"https:\/\/sudoesteacontece.com.br\/?p=9712#breadcrumb","itemListElement":[{"@type":"ListItem","position":1,"name":"In\u00edcio","item":"https:\/\/sudoesteacontece.com.br\/"},{"@type":"ListItem","position":2,"name":"Bahia: Disputa pelo vice esquenta entre Wagner, Rui e Jer\u00f4nimo"}]},{"@type":"WebSite","@id":"https:\/\/sudoesteacontece.com.br\/#website","url":"https:\/\/sudoesteacontece.com.br\/","name":"Sudoesteacontece","description":"","publisher":{"@id":"https:\/\/sudoesteacontece.com.br\/#organization"},"potentialAction":[{"@type":"SearchAction","target":{"@type":"EntryPoint","urlTemplate":"https:\/\/sudoesteacontece.com.br\/?s={search_term_string}"},"query-input":{"@type":"PropertyValueSpecification","valueRequired":true,"valueName":"search_term_string"}}],"inLanguage":"pt-BR"},{"@type":"Organization","@id":"https:\/\/sudoesteacontece.com.br\/#organization","name":"Sudoesteacontece","url":"https:\/\/sudoesteacontece.com.br\/","logo":{"@type":"ImageObject","inLanguage":"pt-BR","@id":"https:\/\/sudoesteacontece.com.br\/#\/schema\/logo\/image\/","url":"https:\/\/sudoesteacontece.com.br\/wp-content\/uploads\/2025\/12\/cropped-logo-2-180x180-1.png","contentUrl":"https:\/\/sudoesteacontece.com.br\/wp-content\/uploads\/2025\/12\/cropped-logo-2-180x180-1.png","width":180,"height":180,"caption":"Sudoesteacontece"},"image":{"@id":"https:\/\/sudoesteacontece.com.br\/#\/schema\/logo\/image\/"},"sameAs":["https:\/\/www.facebook.com\/sudoesteacontece\/?locale=pt_BR"]},{"@type":"Person","@id":"https:\/\/sudoesteacontece.com.br\/#\/schema\/person\/3cf2cf009926a9683ebc29d5379fa79c","name":"Washington Tiago","image":{"@type":"ImageObject","inLanguage":"pt-BR","@id":"https:\/\/sudoesteacontece.com.br\/#\/schema\/person\/image\/","url":"https:\/\/secure.gravatar.com\/avatar\/33c43b8668157e040f9d1fe93c354bf087cbd8ba36270c1163198bd3ddcf2a56?s=96&d=mm&r=g","contentUrl":"https:\/\/secure.gravatar.com\/avatar\/33c43b8668157e040f9d1fe93c354bf087cbd8ba36270c1163198bd3ddcf2a56?s=96&d=mm&r=g","caption":"Washington Tiago"},"url":"https:\/\/sudoesteacontece.com.br\/?author=2"}]}},"_links":{"self":[{"href":"https:\/\/sudoesteacontece.com.br\/index.php?rest_route=\/wp\/v2\/posts\/9712","targetHints":{"allow":["GET"]}}],"collection":[{"href":"https:\/\/sudoesteacontece.com.br\/index.php?rest_route=\/wp\/v2\/posts"}],"about":[{"href":"https:\/\/sudoesteacontece.com.br\/index.php?rest_route=\/wp\/v2\/types\/post"}],"author":[{"embeddable":true,"href":"https:\/\/sudoesteacontece.com.br\/index.php?rest_route=\/wp\/v2\/users\/2"}],"replies":[{"embeddable":true,"href":"https:\/\/sudoesteacontece.com.br\/index.php?rest_route=%2Fwp%2Fv2%2Fcomments&post=9712"}],"version-history":[{"count":0,"href":"https:\/\/sudoesteacontece.com.br\/index.php?rest_route=\/wp\/v2\/posts\/9712\/revisions"}],"wp:attachment":[{"href":"https:\/\/sudoesteacontece.com.br\/index.php?rest_route=%2Fwp%2Fv2%2Fmedia&parent=9712"}],"wp:term":[{"taxonomy":"category","embeddable":true,"href":"https:\/\/sudoesteacontece.com.br\/index.php?rest_route=%2Fwp%2Fv2%2Fcategories&post=9712"},{"taxonomy":"post_tag","embeddable":true,"href":"https:\/\/sudoesteacontece.com.br\/index.php?rest_route=%2Fwp%2Fv2%2Ftags&post=9712"}],"curies":[{"name":"wp","href":"https:\/\/api.w.org\/{rel}","templated":true}]}}