{"id":9756,"date":"2026-03-02T11:58:45","date_gmt":"2026-03-02T14:58:45","guid":{"rendered":"https:\/\/sudoesteacontece.com.br\/?p=9756"},"modified":"2026-03-02T11:58:49","modified_gmt":"2026-03-02T14:58:49","slug":"explosao-devastadora-em-pedreira-mata-trabalhador-e-choca-zona-rural-de-paramirim","status":"publish","type":"post","link":"https:\/\/sudoesteacontece.com.br\/?p=9756","title":{"rendered":"Explos\u00e3o devastadora em pedreira mata trabalhador e choca zona rural de Paramirim"},"content":{"rendered":"<div class=\"wp-block-image\">\n<figure class=\"aligncenter size-full\"><img fetchpriority=\"high\" decoding=\"async\" width=\"900\" height=\"600\" src=\"http:\/\/sudoesteacontece.com.br\/wp-content\/uploads\/2026\/03\/Explosao-devastadora-em-pedreira-mata-trabalhador-e-choca-zona-rural-de-Paramirim.jpg\" alt=\"\" class=\"wp-image-9815\" srcset=\"https:\/\/sudoesteacontece.com.br\/wp-content\/uploads\/2026\/03\/Explosao-devastadora-em-pedreira-mata-trabalhador-e-choca-zona-rural-de-Paramirim.jpg 900w, https:\/\/sudoesteacontece.com.br\/wp-content\/uploads\/2026\/03\/Explosao-devastadora-em-pedreira-mata-trabalhador-e-choca-zona-rural-de-Paramirim-300x200.jpg 300w, https:\/\/sudoesteacontece.com.br\/wp-content\/uploads\/2026\/03\/Explosao-devastadora-em-pedreira-mata-trabalhador-e-choca-zona-rural-de-Paramirim-768x512.jpg 768w\" sizes=\"(max-width: 900px) 100vw, 900px\" \/><\/figure>\n<\/div>\n\n\n<p>Trag\u00e9dia abalou moradores da zona rural de Paramirim na manh\u00e3 de quinta-feira (27). Explos\u00e3o inesperada em uma pedreira no povoado de Saco dos Bois matou o oper\u00e1rio Carlos Roberto Silva Dourado, de 47 anos. Impacto violento lan\u00e7ou a v\u00edtima a cerca de 10 metros de dist\u00e2ncia e deixou colegas em estado de choque diante da cena devastadora no local de trabalho.<\/p>\n\n\n\n<p>Relatos apontam que Carlos Roberto operava uma m\u00e1quina de perfura\u00e7\u00e3o quando atingiu uma rocha que j\u00e1 possu\u00eda um artefato explosivo instalado em etapa anterior. Trabalhador desconhecia a presen\u00e7a da carga. Detona\u00e7\u00e3o acidental ocorreu no momento da perfura\u00e7\u00e3o. For\u00e7a da explos\u00e3o foi t\u00e3o intensa que provocou ferimentos fatais imediatamente ap\u00f3s o impacto.<\/p>\n\n\n\n<p>Colegas prestaram socorro imediato e levaram a v\u00edtima at\u00e9 uma unidade de sa\u00fade no distrito de Cara\u00edbas. Equipe m\u00e9dica constatou aus\u00eancia de sinais vitais assim que o trabalhador deu entrada na unidade. Como\u00e7\u00e3o tomou conta da comunidade rural, onde Carlos Roberto era conhecido e respeitado pela dedica\u00e7\u00e3o ao trabalho e \u00e0 fam\u00edlia.<\/p>\n\n\n\n<p>Per\u00edcia do Departamento de Pol\u00edcia T\u00e9cnica realizou levantamentos na pedreira para esclarecer as circunst\u00e2ncias do acidente. Corpo foi encaminhado ao Instituto M\u00e9dico Legal para necropsia. Autoridades abriram investiga\u00e7\u00e3o para apurar responsabilidades e avaliar poss\u00edveis falhas nos protocolos de seguran\u00e7a.<\/p>\n","protected":false},"excerpt":{"rendered":"<p>Trag\u00e9dia abalou moradores da zona rural de Paramirim na manh\u00e3 de quinta-feira (27). Explos\u00e3o inesperada em uma pedreira no povoado de Saco dos Bois matou o oper\u00e1rio Carlos Roberto Silva Dourado, de 47 anos. Impacto violento lan\u00e7ou a v\u00edtima a cerca de 10 metros de dist\u00e2ncia e deixou colegas em estado de choque diante da cena devastadora no local de trabalho. Relatos apontam que Carlos Roberto operava uma m\u00e1quina de perfura\u00e7\u00e3o quando atingiu uma rocha que j\u00e1 possu\u00eda um artefato explosivo instalado em etapa anterior. Trabalhador desconhecia a presen\u00e7a da carga. Detona\u00e7\u00e3o acidental ocorreu no momento da perfura\u00e7\u00e3o. For\u00e7a da explos\u00e3o foi t\u00e3o intensa que provocou ferimentos fatais imediatamente ap\u00f3s o impacto. Colegas prestaram socorro imediato e levaram a v\u00edtima at\u00e9 uma unidade de sa\u00fade no distrito de Cara\u00edbas. Equipe m\u00e9dica constatou aus\u00eancia de sinais vitais assim que o trabalhador deu entrada na unidade. Como\u00e7\u00e3o tomou conta da comunidade rural, onde Carlos Roberto era conhecido e respeitado pela dedica\u00e7\u00e3o ao trabalho e \u00e0 fam\u00edlia. Per\u00edcia do Departamento de Pol\u00edcia T\u00e9cnica realizou levantamentos na pedreira para esclarecer as circunst\u00e2ncias do acidente. Corpo foi encaminhado ao Instituto M\u00e9dico Legal para necropsia. Autoridades abriram investiga\u00e7\u00e3o para apurar responsabilidades e avaliar poss\u00edveis falhas nos protocolos de seguran\u00e7a.<\/p>\n","protected":false},"author":2,"featured_media":9815,"comment_status":"open","ping_status":"open","sticky":false,"template":"","format":"standard","meta":{"footnotes":""},"categories":[5,4,50,3],"tags":[],"class_list":["post-9756","post","type-post","status-publish","format-standard","has-post-thumbnail","hentry","category-acidente","category-cidades","category-paramirim","category-policia"],"yoast_head":"<!-- This site is optimized with the Yoast SEO plugin v26.5 - https:\/\/yoast.com\/wordpress\/plugins\/seo\/ -->\n<title>Explos\u00e3o devastadora em pedreira mata trabalhador e choca zona rural de Paramirim - Sudoesteacontece<\/title>\n<meta name=\"robots\" content=\"index, follow, max-snippet:-1, max-image-preview:large, max-video-preview:-1\" \/>\n<link rel=\"canonical\" href=\"https:\/\/sudoesteacontece.com.br\/?p=9756\" \/>\n<meta property=\"og:locale\" content=\"pt_BR\" \/>\n<meta property=\"og:type\" content=\"article\" \/>\n<meta property=\"og:title\" content=\"Explos\u00e3o devastadora em pedreira mata trabalhador e choca zona rural de Paramirim - Sudoesteacontece\" \/>\n<meta property=\"og:description\" content=\"Trag\u00e9dia abalou moradores da zona rural de Paramirim na manh\u00e3 de quinta-feira (27). Explos\u00e3o inesperada em uma pedreira no povoado de Saco dos Bois matou o oper\u00e1rio Carlos Roberto Silva Dourado, de 47 anos. Impacto violento lan\u00e7ou a v\u00edtima a cerca de 10 metros de dist\u00e2ncia e deixou colegas em estado de choque diante da cena devastadora no local de trabalho. Relatos apontam que Carlos Roberto operava uma m\u00e1quina de perfura\u00e7\u00e3o quando atingiu uma rocha que j\u00e1 possu\u00eda um artefato explosivo instalado em etapa anterior. Trabalhador desconhecia a presen\u00e7a da carga. Detona\u00e7\u00e3o acidental ocorreu no momento da perfura\u00e7\u00e3o. For\u00e7a da explos\u00e3o foi t\u00e3o intensa que provocou ferimentos fatais imediatamente ap\u00f3s o impacto. Colegas prestaram socorro imediato e levaram a v\u00edtima at\u00e9 uma unidade de sa\u00fade no distrito de Cara\u00edbas. Equipe m\u00e9dica constatou aus\u00eancia de sinais vitais assim que o trabalhador deu entrada na unidade. Como\u00e7\u00e3o tomou conta da comunidade rural, onde Carlos Roberto era conhecido e respeitado pela dedica\u00e7\u00e3o ao trabalho e \u00e0 fam\u00edlia. Per\u00edcia do Departamento de Pol\u00edcia T\u00e9cnica realizou levantamentos na pedreira para esclarecer as circunst\u00e2ncias do acidente. Corpo foi encaminhado ao Instituto M\u00e9dico Legal para necropsia. Autoridades abriram investiga\u00e7\u00e3o para apurar responsabilidades e avaliar poss\u00edveis falhas nos protocolos de seguran\u00e7a.\" \/>\n<meta property=\"og:url\" content=\"https:\/\/sudoesteacontece.com.br\/?p=9756\" \/>\n<meta property=\"og:site_name\" content=\"Sudoesteacontece\" \/>\n<meta property=\"article:publisher\" content=\"https:\/\/www.facebook.com\/sudoesteacontece\/?locale=pt_BR\" \/>\n<meta property=\"article:published_time\" content=\"2026-03-02T14:58:45+00:00\" \/>\n<meta property=\"article:modified_time\" content=\"2026-03-02T14:58:49+00:00\" \/>\n<meta property=\"og:image\" content=\"https:\/\/sudoesteacontece.com.br\/wp-content\/uploads\/2026\/03\/Explosao-devastadora-em-pedreira-mata-trabalhador-e-choca-zona-rural-de-Paramirim.jpg\" \/>\n\t<meta property=\"og:image:width\" content=\"900\" \/>\n\t<meta property=\"og:image:height\" content=\"600\" \/>\n\t<meta property=\"og:image:type\" content=\"image\/jpeg\" \/>\n<meta name=\"author\" content=\"Washington Tiago\" \/>\n<meta name=\"twitter:card\" content=\"summary_large_image\" \/>\n<meta name=\"twitter:label1\" content=\"Escrito por\" \/>\n\t<meta name=\"twitter:data1\" content=\"Washington Tiago\" \/>\n\t<meta name=\"twitter:label2\" content=\"Est. tempo de leitura\" \/>\n\t<meta name=\"twitter:data2\" content=\"2 minutos\" \/>\n<script type=\"application\/ld+json\" class=\"yoast-schema-graph\">{\"@context\":\"https:\/\/schema.org\",\"@graph\":[{\"@type\":\"Article\",\"@id\":\"https:\/\/sudoesteacontece.com.br\/?p=9756#article\",\"isPartOf\":{\"@id\":\"https:\/\/sudoesteacontece.com.br\/?p=9756\"},\"author\":{\"name\":\"Washington Tiago\",\"@id\":\"https:\/\/sudoesteacontece.com.br\/#\/schema\/person\/3cf2cf009926a9683ebc29d5379fa79c\"},\"headline\":\"Explos\u00e3o devastadora em pedreira mata trabalhador e choca zona rural de Paramirim\",\"datePublished\":\"2026-03-02T14:58:45+00:00\",\"dateModified\":\"2026-03-02T14:58:49+00:00\",\"mainEntityOfPage\":{\"@id\":\"https:\/\/sudoesteacontece.com.br\/?p=9756\"},\"wordCount\":244,\"commentCount\":0,\"publisher\":{\"@id\":\"https:\/\/sudoesteacontece.com.br\/#organization\"},\"image\":{\"@id\":\"https:\/\/sudoesteacontece.com.br\/?p=9756#primaryimage\"},\"thumbnailUrl\":\"https:\/\/sudoesteacontece.com.br\/wp-content\/uploads\/2026\/03\/Explosao-devastadora-em-pedreira-mata-trabalhador-e-choca-zona-rural-de-Paramirim.jpg\",\"articleSection\":[\"Acidente\",\"Cidades\",\"Paramirim\",\"Pol\u00edcia\"],\"inLanguage\":\"pt-BR\",\"potentialAction\":[{\"@type\":\"CommentAction\",\"name\":\"Comment\",\"target\":[\"https:\/\/sudoesteacontece.com.br\/?p=9756#respond\"]}]},{\"@type\":\"WebPage\",\"@id\":\"https:\/\/sudoesteacontece.com.br\/?p=9756\",\"url\":\"https:\/\/sudoesteacontece.com.br\/?p=9756\",\"name\":\"Explos\u00e3o devastadora em pedreira mata trabalhador e choca zona rural de Paramirim - Sudoesteacontece\",\"isPartOf\":{\"@id\":\"https:\/\/sudoesteacontece.com.br\/#website\"},\"primaryImageOfPage\":{\"@id\":\"https:\/\/sudoesteacontece.com.br\/?p=9756#primaryimage\"},\"image\":{\"@id\":\"https:\/\/sudoesteacontece.com.br\/?p=9756#primaryimage\"},\"thumbnailUrl\":\"https:\/\/sudoesteacontece.com.br\/wp-content\/uploads\/2026\/03\/Explosao-devastadora-em-pedreira-mata-trabalhador-e-choca-zona-rural-de-Paramirim.jpg\",\"datePublished\":\"2026-03-02T14:58:45+00:00\",\"dateModified\":\"2026-03-02T14:58:49+00:00\",\"breadcrumb\":{\"@id\":\"https:\/\/sudoesteacontece.com.br\/?p=9756#breadcrumb\"},\"inLanguage\":\"pt-BR\",\"potentialAction\":[{\"@type\":\"ReadAction\",\"target\":[\"https:\/\/sudoesteacontece.com.br\/?p=9756\"]}]},{\"@type\":\"ImageObject\",\"inLanguage\":\"pt-BR\",\"@id\":\"https:\/\/sudoesteacontece.com.br\/?p=9756#primaryimage\",\"url\":\"https:\/\/sudoesteacontece.com.br\/wp-content\/uploads\/2026\/03\/Explosao-devastadora-em-pedreira-mata-trabalhador-e-choca-zona-rural-de-Paramirim.jpg\",\"contentUrl\":\"https:\/\/sudoesteacontece.com.br\/wp-content\/uploads\/2026\/03\/Explosao-devastadora-em-pedreira-mata-trabalhador-e-choca-zona-rural-de-Paramirim.jpg\",\"width\":900,\"height\":600},{\"@type\":\"BreadcrumbList\",\"@id\":\"https:\/\/sudoesteacontece.com.br\/?p=9756#breadcrumb\",\"itemListElement\":[{\"@type\":\"ListItem\",\"position\":1,\"name\":\"In\u00edcio\",\"item\":\"https:\/\/sudoesteacontece.com.br\/\"},{\"@type\":\"ListItem\",\"position\":2,\"name\":\"Explos\u00e3o devastadora em pedreira mata trabalhador e choca zona rural de Paramirim\"}]},{\"@type\":\"WebSite\",\"@id\":\"https:\/\/sudoesteacontece.com.br\/#website\",\"url\":\"https:\/\/sudoesteacontece.com.br\/\",\"name\":\"Sudoesteacontece\",\"description\":\"\",\"publisher\":{\"@id\":\"https:\/\/sudoesteacontece.com.br\/#organization\"},\"potentialAction\":[{\"@type\":\"SearchAction\",\"target\":{\"@type\":\"EntryPoint\",\"urlTemplate\":\"https:\/\/sudoesteacontece.com.br\/?s={search_term_string}\"},\"query-input\":{\"@type\":\"PropertyValueSpecification\",\"valueRequired\":true,\"valueName\":\"search_term_string\"}}],\"inLanguage\":\"pt-BR\"},{\"@type\":\"Organization\",\"@id\":\"https:\/\/sudoesteacontece.com.br\/#organization\",\"name\":\"Sudoesteacontece\",\"url\":\"https:\/\/sudoesteacontece.com.br\/\",\"logo\":{\"@type\":\"ImageObject\",\"inLanguage\":\"pt-BR\",\"@id\":\"https:\/\/sudoesteacontece.com.br\/#\/schema\/logo\/image\/\",\"url\":\"https:\/\/sudoesteacontece.com.br\/wp-content\/uploads\/2025\/12\/cropped-logo-2-180x180-1.png\",\"contentUrl\":\"https:\/\/sudoesteacontece.com.br\/wp-content\/uploads\/2025\/12\/cropped-logo-2-180x180-1.png\",\"width\":180,\"height\":180,\"caption\":\"Sudoesteacontece\"},\"image\":{\"@id\":\"https:\/\/sudoesteacontece.com.br\/#\/schema\/logo\/image\/\"},\"sameAs\":[\"https:\/\/www.facebook.com\/sudoesteacontece\/?locale=pt_BR\"]},{\"@type\":\"Person\",\"@id\":\"https:\/\/sudoesteacontece.com.br\/#\/schema\/person\/3cf2cf009926a9683ebc29d5379fa79c\",\"name\":\"Washington Tiago\",\"image\":{\"@type\":\"ImageObject\",\"inLanguage\":\"pt-BR\",\"@id\":\"https:\/\/sudoesteacontece.com.br\/#\/schema\/person\/image\/\",\"url\":\"https:\/\/secure.gravatar.com\/avatar\/33c43b8668157e040f9d1fe93c354bf087cbd8ba36270c1163198bd3ddcf2a56?s=96&d=mm&r=g\",\"contentUrl\":\"https:\/\/secure.gravatar.com\/avatar\/33c43b8668157e040f9d1fe93c354bf087cbd8ba36270c1163198bd3ddcf2a56?s=96&d=mm&r=g\",\"caption\":\"Washington Tiago\"},\"url\":\"https:\/\/sudoesteacontece.com.br\/?author=2\"}]}<\/script>\n<!-- \/ Yoast SEO plugin. -->","yoast_head_json":{"title":"Explos\u00e3o devastadora em pedreira mata trabalhador e choca zona rural de Paramirim - Sudoesteacontece","robots":{"index":"index","follow":"follow","max-snippet":"max-snippet:-1","max-image-preview":"max-image-preview:large","max-video-preview":"max-video-preview:-1"},"canonical":"https:\/\/sudoesteacontece.com.br\/?p=9756","og_locale":"pt_BR","og_type":"article","og_title":"Explos\u00e3o devastadora em pedreira mata trabalhador e choca zona rural de Paramirim - Sudoesteacontece","og_description":"Trag\u00e9dia abalou moradores da zona rural de Paramirim na manh\u00e3 de quinta-feira (27). Explos\u00e3o inesperada em uma pedreira no povoado de Saco dos Bois matou o oper\u00e1rio Carlos Roberto Silva Dourado, de 47 anos. Impacto violento lan\u00e7ou a v\u00edtima a cerca de 10 metros de dist\u00e2ncia e deixou colegas em estado de choque diante da cena devastadora no local de trabalho. Relatos apontam que Carlos Roberto operava uma m\u00e1quina de perfura\u00e7\u00e3o quando atingiu uma rocha que j\u00e1 possu\u00eda um artefato explosivo instalado em etapa anterior. Trabalhador desconhecia a presen\u00e7a da carga. Detona\u00e7\u00e3o acidental ocorreu no momento da perfura\u00e7\u00e3o. For\u00e7a da explos\u00e3o foi t\u00e3o intensa que provocou ferimentos fatais imediatamente ap\u00f3s o impacto. Colegas prestaram socorro imediato e levaram a v\u00edtima at\u00e9 uma unidade de sa\u00fade no distrito de Cara\u00edbas. Equipe m\u00e9dica constatou aus\u00eancia de sinais vitais assim que o trabalhador deu entrada na unidade. Como\u00e7\u00e3o tomou conta da comunidade rural, onde Carlos Roberto era conhecido e respeitado pela dedica\u00e7\u00e3o ao trabalho e \u00e0 fam\u00edlia. Per\u00edcia do Departamento de Pol\u00edcia T\u00e9cnica realizou levantamentos na pedreira para esclarecer as circunst\u00e2ncias do acidente. Corpo foi encaminhado ao Instituto M\u00e9dico Legal para necropsia. Autoridades abriram investiga\u00e7\u00e3o para apurar responsabilidades e avaliar poss\u00edveis falhas nos protocolos de seguran\u00e7a.","og_url":"https:\/\/sudoesteacontece.com.br\/?p=9756","og_site_name":"Sudoesteacontece","article_publisher":"https:\/\/www.facebook.com\/sudoesteacontece\/?locale=pt_BR","article_published_time":"2026-03-02T14:58:45+00:00","article_modified_time":"2026-03-02T14:58:49+00:00","og_image":[{"width":900,"height":600,"url":"https:\/\/sudoesteacontece.com.br\/wp-content\/uploads\/2026\/03\/Explosao-devastadora-em-pedreira-mata-trabalhador-e-choca-zona-rural-de-Paramirim.jpg","type":"image\/jpeg"}],"author":"Washington Tiago","twitter_card":"summary_large_image","twitter_misc":{"Escrito por":"Washington Tiago","Est. tempo de leitura":"2 minutos"},"schema":{"@context":"https:\/\/schema.org","@graph":[{"@type":"Article","@id":"https:\/\/sudoesteacontece.com.br\/?p=9756#article","isPartOf":{"@id":"https:\/\/sudoesteacontece.com.br\/?p=9756"},"author":{"name":"Washington Tiago","@id":"https:\/\/sudoesteacontece.com.br\/#\/schema\/person\/3cf2cf009926a9683ebc29d5379fa79c"},"headline":"Explos\u00e3o devastadora em pedreira mata trabalhador e choca zona rural de Paramirim","datePublished":"2026-03-02T14:58:45+00:00","dateModified":"2026-03-02T14:58:49+00:00","mainEntityOfPage":{"@id":"https:\/\/sudoesteacontece.com.br\/?p=9756"},"wordCount":244,"commentCount":0,"publisher":{"@id":"https:\/\/sudoesteacontece.com.br\/#organization"},"image":{"@id":"https:\/\/sudoesteacontece.com.br\/?p=9756#primaryimage"},"thumbnailUrl":"https:\/\/sudoesteacontece.com.br\/wp-content\/uploads\/2026\/03\/Explosao-devastadora-em-pedreira-mata-trabalhador-e-choca-zona-rural-de-Paramirim.jpg","articleSection":["Acidente","Cidades","Paramirim","Pol\u00edcia"],"inLanguage":"pt-BR","potentialAction":[{"@type":"CommentAction","name":"Comment","target":["https:\/\/sudoesteacontece.com.br\/?p=9756#respond"]}]},{"@type":"WebPage","@id":"https:\/\/sudoesteacontece.com.br\/?p=9756","url":"https:\/\/sudoesteacontece.com.br\/?p=9756","name":"Explos\u00e3o devastadora em pedreira mata trabalhador e choca zona rural de Paramirim - Sudoesteacontece","isPartOf":{"@id":"https:\/\/sudoesteacontece.com.br\/#website"},"primaryImageOfPage":{"@id":"https:\/\/sudoesteacontece.com.br\/?p=9756#primaryimage"},"image":{"@id":"https:\/\/sudoesteacontece.com.br\/?p=9756#primaryimage"},"thumbnailUrl":"https:\/\/sudoesteacontece.com.br\/wp-content\/uploads\/2026\/03\/Explosao-devastadora-em-pedreira-mata-trabalhador-e-choca-zona-rural-de-Paramirim.jpg","datePublished":"2026-03-02T14:58:45+00:00","dateModified":"2026-03-02T14:58:49+00:00","breadcrumb":{"@id":"https:\/\/sudoesteacontece.com.br\/?p=9756#breadcrumb"},"inLanguage":"pt-BR","potentialAction":[{"@type":"ReadAction","target":["https:\/\/sudoesteacontece.com.br\/?p=9756"]}]},{"@type":"ImageObject","inLanguage":"pt-BR","@id":"https:\/\/sudoesteacontece.com.br\/?p=9756#primaryimage","url":"https:\/\/sudoesteacontece.com.br\/wp-content\/uploads\/2026\/03\/Explosao-devastadora-em-pedreira-mata-trabalhador-e-choca-zona-rural-de-Paramirim.jpg","contentUrl":"https:\/\/sudoesteacontece.com.br\/wp-content\/uploads\/2026\/03\/Explosao-devastadora-em-pedreira-mata-trabalhador-e-choca-zona-rural-de-Paramirim.jpg","width":900,"height":600},{"@type":"BreadcrumbList","@id":"https:\/\/sudoesteacontece.com.br\/?p=9756#breadcrumb","itemListElement":[{"@type":"ListItem","position":1,"name":"In\u00edcio","item":"https:\/\/sudoesteacontece.com.br\/"},{"@type":"ListItem","position":2,"name":"Explos\u00e3o devastadora em pedreira mata trabalhador e choca zona rural de Paramirim"}]},{"@type":"WebSite","@id":"https:\/\/sudoesteacontece.com.br\/#website","url":"https:\/\/sudoesteacontece.com.br\/","name":"Sudoesteacontece","description":"","publisher":{"@id":"https:\/\/sudoesteacontece.com.br\/#organization"},"potentialAction":[{"@type":"SearchAction","target":{"@type":"EntryPoint","urlTemplate":"https:\/\/sudoesteacontece.com.br\/?s={search_term_string}"},"query-input":{"@type":"PropertyValueSpecification","valueRequired":true,"valueName":"search_term_string"}}],"inLanguage":"pt-BR"},{"@type":"Organization","@id":"https:\/\/sudoesteacontece.com.br\/#organization","name":"Sudoesteacontece","url":"https:\/\/sudoesteacontece.com.br\/","logo":{"@type":"ImageObject","inLanguage":"pt-BR","@id":"https:\/\/sudoesteacontece.com.br\/#\/schema\/logo\/image\/","url":"https:\/\/sudoesteacontece.com.br\/wp-content\/uploads\/2025\/12\/cropped-logo-2-180x180-1.png","contentUrl":"https:\/\/sudoesteacontece.com.br\/wp-content\/uploads\/2025\/12\/cropped-logo-2-180x180-1.png","width":180,"height":180,"caption":"Sudoesteacontece"},"image":{"@id":"https:\/\/sudoesteacontece.com.br\/#\/schema\/logo\/image\/"},"sameAs":["https:\/\/www.facebook.com\/sudoesteacontece\/?locale=pt_BR"]},{"@type":"Person","@id":"https:\/\/sudoesteacontece.com.br\/#\/schema\/person\/3cf2cf009926a9683ebc29d5379fa79c","name":"Washington Tiago","image":{"@type":"ImageObject","inLanguage":"pt-BR","@id":"https:\/\/sudoesteacontece.com.br\/#\/schema\/person\/image\/","url":"https:\/\/secure.gravatar.com\/avatar\/33c43b8668157e040f9d1fe93c354bf087cbd8ba36270c1163198bd3ddcf2a56?s=96&d=mm&r=g","contentUrl":"https:\/\/secure.gravatar.com\/avatar\/33c43b8668157e040f9d1fe93c354bf087cbd8ba36270c1163198bd3ddcf2a56?s=96&d=mm&r=g","caption":"Washington Tiago"},"url":"https:\/\/sudoesteacontece.com.br\/?author=2"}]}},"_links":{"self":[{"href":"https:\/\/sudoesteacontece.com.br\/index.php?rest_route=\/wp\/v2\/posts\/9756","targetHints":{"allow":["GET"]}}],"collection":[{"href":"https:\/\/sudoesteacontece.com.br\/index.php?rest_route=\/wp\/v2\/posts"}],"about":[{"href":"https:\/\/sudoesteacontece.com.br\/index.php?rest_route=\/wp\/v2\/types\/post"}],"author":[{"embeddable":true,"href":"https:\/\/sudoesteacontece.com.br\/index.php?rest_route=\/wp\/v2\/users\/2"}],"replies":[{"embeddable":true,"href":"https:\/\/sudoesteacontece.com.br\/index.php?rest_route=%2Fwp%2Fv2%2Fcomments&post=9756"}],"version-history":[{"count":0,"href":"https:\/\/sudoesteacontece.com.br\/index.php?rest_route=\/wp\/v2\/posts\/9756\/revisions"}],"wp:featuredmedia":[{"embeddable":true,"href":"https:\/\/sudoesteacontece.com.br\/index.php?rest_route=\/wp\/v2\/media\/9815"}],"wp:attachment":[{"href":"https:\/\/sudoesteacontece.com.br\/index.php?rest_route=%2Fwp%2Fv2%2Fmedia&parent=9756"}],"wp:term":[{"taxonomy":"category","embeddable":true,"href":"https:\/\/sudoesteacontece.com.br\/index.php?rest_route=%2Fwp%2Fv2%2Fcategories&post=9756"},{"taxonomy":"post_tag","embeddable":true,"href":"https:\/\/sudoesteacontece.com.br\/index.php?rest_route=%2Fwp%2Fv2%2Ftags&post=9756"}],"curies":[{"name":"wp","href":"https:\/\/api.w.org\/{rel}","templated":true}]}}