{"id":9763,"date":"2026-03-02T12:12:12","date_gmt":"2026-03-02T15:12:12","guid":{"rendered":"https:\/\/sudoesteacontece.com.br\/?p=9763"},"modified":"2026-03-02T12:12:17","modified_gmt":"2026-03-02T15:12:17","slug":"vitoria-da-conquista-enfrenta-caos-apos-chuva-intensa-alertas-seguem-ativos","status":"publish","type":"post","link":"https:\/\/sudoesteacontece.com.br\/?p=9763","title":{"rendered":"Vit\u00f3ria da Conquista enfrenta caos ap\u00f3s chuva intensa; alertas seguem ativos"},"content":{"rendered":"<div class=\"wp-block-image\">\n<figure class=\"aligncenter size-full\"><img fetchpriority=\"high\" decoding=\"async\" width=\"900\" height=\"600\" src=\"http:\/\/sudoesteacontece.com.br\/wp-content\/uploads\/2026\/03\/Vitoria-da-Conquista-enfrenta-caos-apos-chuva-intensa-alertas-seguem-ativos.jpg\" alt=\"\" class=\"wp-image-9821\" srcset=\"https:\/\/sudoesteacontece.com.br\/wp-content\/uploads\/2026\/03\/Vitoria-da-Conquista-enfrenta-caos-apos-chuva-intensa-alertas-seguem-ativos.jpg 900w, https:\/\/sudoesteacontece.com.br\/wp-content\/uploads\/2026\/03\/Vitoria-da-Conquista-enfrenta-caos-apos-chuva-intensa-alertas-seguem-ativos-300x200.jpg 300w, https:\/\/sudoesteacontece.com.br\/wp-content\/uploads\/2026\/03\/Vitoria-da-Conquista-enfrenta-caos-apos-chuva-intensa-alertas-seguem-ativos-768x512.jpg 768w\" sizes=\"(max-width: 900px) 100vw, 900px\" \/><\/figure>\n<\/div>\n\n\n<p>Chuva persistente atingiu Vit\u00f3ria da Conquista durante toda a madrugada desta segunda-feira (2), causando transtornos imediatos no tr\u00e1fego da cidade. Moradores enfrentam dificuldades para se deslocar, com trechos de vias interditados e filas quilom\u00e9tricas de ve\u00edculos em principais avenidas.<\/p>\n\n\n\n<p>\u00c1rvore caiu sobre um ponto da Avenida Bartolomeu de Gusm\u00e3o, obrigando a interdi\u00e7\u00e3o do trecho e aumentando o congestionamento na regi\u00e3o. Motoristas relatam lentid\u00e3o e a necessidade de cautela redobrada ao transitar pelas ruas da cidade, principalmente em \u00e1reas cr\u00edticas do centro urbano.<\/p>\n\n\n\n<p>Avenida Lu\u00eds Eduardo Magalh\u00e3es registra longas filas de carros, evidenciando os impactos da chuva na mobilidade urbana. Equipes de servi\u00e7os p\u00fablicos foram acionadas para remo\u00e7\u00e3o de \u00e1rvores e limpeza de vias, mas moradores relatam demora e transtornos prolongados.<\/p>\n\n\n\n<p>Alerta Vermelho continua ativo em Vit\u00f3ria da Conquista, refor\u00e7ando risco de novos incidentes. Autoridades locais orientam popula\u00e7\u00e3o a evitar deslocamentos desnecess\u00e1rios e manter aten\u00e7\u00e3o \u00e0s condi\u00e7\u00f5es das ruas e \u00e1reas de risco, priorizando seguran\u00e7a.<\/p>\n\n\n\n<p>Blog do Rodrigo Ferraz acompanha de perto a situa\u00e7\u00e3o na cidade, registrando os impactos da chuva e atualizando informa\u00e7\u00f5es sobre bloqueios, assist\u00eancia \u00e0 popula\u00e7\u00e3o e retomada da normalidade no tr\u00e1fego local.<\/p>\n","protected":false},"excerpt":{"rendered":"<p>Chuva persistente atingiu Vit\u00f3ria da Conquista durante toda a madrugada desta segunda-feira (2), causando transtornos imediatos no tr\u00e1fego da cidade. Moradores enfrentam dificuldades para se deslocar, com trechos de vias interditados e filas quilom\u00e9tricas de ve\u00edculos em principais avenidas. \u00c1rvore caiu sobre um ponto da Avenida Bartolomeu de Gusm\u00e3o, obrigando a interdi\u00e7\u00e3o do trecho e aumentando o congestionamento na regi\u00e3o. Motoristas relatam lentid\u00e3o e a necessidade de cautela redobrada ao transitar pelas ruas da cidade, principalmente em \u00e1reas cr\u00edticas do centro urbano. Avenida Lu\u00eds Eduardo Magalh\u00e3es registra longas filas de carros, evidenciando os impactos da chuva na mobilidade urbana. Equipes de servi\u00e7os p\u00fablicos foram acionadas para remo\u00e7\u00e3o de \u00e1rvores e limpeza de vias, mas moradores relatam demora e transtornos prolongados. Alerta Vermelho continua ativo em Vit\u00f3ria da Conquista, refor\u00e7ando risco de novos incidentes. Autoridades locais orientam popula\u00e7\u00e3o a evitar deslocamentos desnecess\u00e1rios e manter aten\u00e7\u00e3o \u00e0s condi\u00e7\u00f5es das ruas e \u00e1reas de risco, priorizando seguran\u00e7a. Blog do Rodrigo Ferraz acompanha de perto a situa\u00e7\u00e3o na cidade, registrando os impactos da chuva e atualizando informa\u00e7\u00f5es sobre bloqueios, assist\u00eancia \u00e0 popula\u00e7\u00e3o e retomada da normalidade no tr\u00e1fego local.<\/p>\n","protected":false},"author":2,"featured_media":0,"comment_status":"open","ping_status":"open","sticky":false,"template":"","format":"standard","meta":{"footnotes":""},"categories":[4,8],"tags":[],"class_list":["post-9763","post","type-post","status-publish","format-standard","hentry","category-cidades","category-vitoria-da-conquista"],"yoast_head":"<!-- This site is optimized with the Yoast SEO plugin v26.5 - https:\/\/yoast.com\/wordpress\/plugins\/seo\/ -->\n<title>Vit\u00f3ria da Conquista enfrenta caos ap\u00f3s chuva intensa; alertas seguem ativos - Sudoesteacontece<\/title>\n<meta name=\"robots\" content=\"index, follow, max-snippet:-1, max-image-preview:large, max-video-preview:-1\" \/>\n<link rel=\"canonical\" href=\"https:\/\/sudoesteacontece.com.br\/?p=9763\" \/>\n<meta property=\"og:locale\" content=\"pt_BR\" \/>\n<meta property=\"og:type\" content=\"article\" \/>\n<meta property=\"og:title\" content=\"Vit\u00f3ria da Conquista enfrenta caos ap\u00f3s chuva intensa; alertas seguem ativos - Sudoesteacontece\" \/>\n<meta property=\"og:description\" content=\"Chuva persistente atingiu Vit\u00f3ria da Conquista durante toda a madrugada desta segunda-feira (2), causando transtornos imediatos no tr\u00e1fego da cidade. Moradores enfrentam dificuldades para se deslocar, com trechos de vias interditados e filas quilom\u00e9tricas de ve\u00edculos em principais avenidas. \u00c1rvore caiu sobre um ponto da Avenida Bartolomeu de Gusm\u00e3o, obrigando a interdi\u00e7\u00e3o do trecho e aumentando o congestionamento na regi\u00e3o. Motoristas relatam lentid\u00e3o e a necessidade de cautela redobrada ao transitar pelas ruas da cidade, principalmente em \u00e1reas cr\u00edticas do centro urbano. Avenida Lu\u00eds Eduardo Magalh\u00e3es registra longas filas de carros, evidenciando os impactos da chuva na mobilidade urbana. Equipes de servi\u00e7os p\u00fablicos foram acionadas para remo\u00e7\u00e3o de \u00e1rvores e limpeza de vias, mas moradores relatam demora e transtornos prolongados. Alerta Vermelho continua ativo em Vit\u00f3ria da Conquista, refor\u00e7ando risco de novos incidentes. Autoridades locais orientam popula\u00e7\u00e3o a evitar deslocamentos desnecess\u00e1rios e manter aten\u00e7\u00e3o \u00e0s condi\u00e7\u00f5es das ruas e \u00e1reas de risco, priorizando seguran\u00e7a. Blog do Rodrigo Ferraz acompanha de perto a situa\u00e7\u00e3o na cidade, registrando os impactos da chuva e atualizando informa\u00e7\u00f5es sobre bloqueios, assist\u00eancia \u00e0 popula\u00e7\u00e3o e retomada da normalidade no tr\u00e1fego local.\" \/>\n<meta property=\"og:url\" content=\"https:\/\/sudoesteacontece.com.br\/?p=9763\" \/>\n<meta property=\"og:site_name\" content=\"Sudoesteacontece\" \/>\n<meta property=\"article:publisher\" content=\"https:\/\/www.facebook.com\/sudoesteacontece\/?locale=pt_BR\" \/>\n<meta property=\"article:published_time\" content=\"2026-03-02T15:12:12+00:00\" \/>\n<meta property=\"article:modified_time\" content=\"2026-03-02T15:12:17+00:00\" \/>\n<meta property=\"og:image\" content=\"http:\/\/sudoesteacontece.com.br\/wp-content\/uploads\/2026\/03\/Vitoria-da-Conquista-enfrenta-caos-apos-chuva-intensa-alertas-seguem-ativos.jpg\" \/>\n<meta name=\"author\" content=\"Washington Tiago\" \/>\n<meta name=\"twitter:card\" content=\"summary_large_image\" \/>\n<meta name=\"twitter:label1\" content=\"Escrito por\" \/>\n\t<meta name=\"twitter:data1\" content=\"Washington Tiago\" \/>\n\t<meta name=\"twitter:label2\" content=\"Est. tempo de leitura\" \/>\n\t<meta name=\"twitter:data2\" content=\"2 minutos\" \/>\n<script type=\"application\/ld+json\" class=\"yoast-schema-graph\">{\"@context\":\"https:\/\/schema.org\",\"@graph\":[{\"@type\":\"Article\",\"@id\":\"https:\/\/sudoesteacontece.com.br\/?p=9763#article\",\"isPartOf\":{\"@id\":\"https:\/\/sudoesteacontece.com.br\/?p=9763\"},\"author\":{\"name\":\"Washington Tiago\",\"@id\":\"https:\/\/sudoesteacontece.com.br\/#\/schema\/person\/3cf2cf009926a9683ebc29d5379fa79c\"},\"headline\":\"Vit\u00f3ria da Conquista enfrenta caos ap\u00f3s chuva intensa; alertas seguem ativos\",\"datePublished\":\"2026-03-02T15:12:12+00:00\",\"dateModified\":\"2026-03-02T15:12:17+00:00\",\"mainEntityOfPage\":{\"@id\":\"https:\/\/sudoesteacontece.com.br\/?p=9763\"},\"wordCount\":222,\"commentCount\":0,\"publisher\":{\"@id\":\"https:\/\/sudoesteacontece.com.br\/#organization\"},\"image\":{\"@id\":\"https:\/\/sudoesteacontece.com.br\/?p=9763#primaryimage\"},\"thumbnailUrl\":\"http:\/\/sudoesteacontece.com.br\/wp-content\/uploads\/2026\/03\/Vitoria-da-Conquista-enfrenta-caos-apos-chuva-intensa-alertas-seguem-ativos.jpg\",\"articleSection\":[\"Cidades\",\"Vit\u00f3ria da Conquista\"],\"inLanguage\":\"pt-BR\",\"potentialAction\":[{\"@type\":\"CommentAction\",\"name\":\"Comment\",\"target\":[\"https:\/\/sudoesteacontece.com.br\/?p=9763#respond\"]}]},{\"@type\":\"WebPage\",\"@id\":\"https:\/\/sudoesteacontece.com.br\/?p=9763\",\"url\":\"https:\/\/sudoesteacontece.com.br\/?p=9763\",\"name\":\"Vit\u00f3ria da Conquista enfrenta caos ap\u00f3s chuva intensa; alertas seguem ativos - Sudoesteacontece\",\"isPartOf\":{\"@id\":\"https:\/\/sudoesteacontece.com.br\/#website\"},\"primaryImageOfPage\":{\"@id\":\"https:\/\/sudoesteacontece.com.br\/?p=9763#primaryimage\"},\"image\":{\"@id\":\"https:\/\/sudoesteacontece.com.br\/?p=9763#primaryimage\"},\"thumbnailUrl\":\"http:\/\/sudoesteacontece.com.br\/wp-content\/uploads\/2026\/03\/Vitoria-da-Conquista-enfrenta-caos-apos-chuva-intensa-alertas-seguem-ativos.jpg\",\"datePublished\":\"2026-03-02T15:12:12+00:00\",\"dateModified\":\"2026-03-02T15:12:17+00:00\",\"breadcrumb\":{\"@id\":\"https:\/\/sudoesteacontece.com.br\/?p=9763#breadcrumb\"},\"inLanguage\":\"pt-BR\",\"potentialAction\":[{\"@type\":\"ReadAction\",\"target\":[\"https:\/\/sudoesteacontece.com.br\/?p=9763\"]}]},{\"@type\":\"ImageObject\",\"inLanguage\":\"pt-BR\",\"@id\":\"https:\/\/sudoesteacontece.com.br\/?p=9763#primaryimage\",\"url\":\"https:\/\/sudoesteacontece.com.br\/wp-content\/uploads\/2026\/03\/Vitoria-da-Conquista-enfrenta-caos-apos-chuva-intensa-alertas-seguem-ativos.jpg\",\"contentUrl\":\"https:\/\/sudoesteacontece.com.br\/wp-content\/uploads\/2026\/03\/Vitoria-da-Conquista-enfrenta-caos-apos-chuva-intensa-alertas-seguem-ativos.jpg\",\"width\":900,\"height\":600},{\"@type\":\"BreadcrumbList\",\"@id\":\"https:\/\/sudoesteacontece.com.br\/?p=9763#breadcrumb\",\"itemListElement\":[{\"@type\":\"ListItem\",\"position\":1,\"name\":\"In\u00edcio\",\"item\":\"https:\/\/sudoesteacontece.com.br\/\"},{\"@type\":\"ListItem\",\"position\":2,\"name\":\"Vit\u00f3ria da Conquista enfrenta caos ap\u00f3s chuva intensa; alertas seguem ativos\"}]},{\"@type\":\"WebSite\",\"@id\":\"https:\/\/sudoesteacontece.com.br\/#website\",\"url\":\"https:\/\/sudoesteacontece.com.br\/\",\"name\":\"Sudoesteacontece\",\"description\":\"\",\"publisher\":{\"@id\":\"https:\/\/sudoesteacontece.com.br\/#organization\"},\"potentialAction\":[{\"@type\":\"SearchAction\",\"target\":{\"@type\":\"EntryPoint\",\"urlTemplate\":\"https:\/\/sudoesteacontece.com.br\/?s={search_term_string}\"},\"query-input\":{\"@type\":\"PropertyValueSpecification\",\"valueRequired\":true,\"valueName\":\"search_term_string\"}}],\"inLanguage\":\"pt-BR\"},{\"@type\":\"Organization\",\"@id\":\"https:\/\/sudoesteacontece.com.br\/#organization\",\"name\":\"Sudoesteacontece\",\"url\":\"https:\/\/sudoesteacontece.com.br\/\",\"logo\":{\"@type\":\"ImageObject\",\"inLanguage\":\"pt-BR\",\"@id\":\"https:\/\/sudoesteacontece.com.br\/#\/schema\/logo\/image\/\",\"url\":\"https:\/\/sudoesteacontece.com.br\/wp-content\/uploads\/2025\/12\/cropped-logo-2-180x180-1.png\",\"contentUrl\":\"https:\/\/sudoesteacontece.com.br\/wp-content\/uploads\/2025\/12\/cropped-logo-2-180x180-1.png\",\"width\":180,\"height\":180,\"caption\":\"Sudoesteacontece\"},\"image\":{\"@id\":\"https:\/\/sudoesteacontece.com.br\/#\/schema\/logo\/image\/\"},\"sameAs\":[\"https:\/\/www.facebook.com\/sudoesteacontece\/?locale=pt_BR\"]},{\"@type\":\"Person\",\"@id\":\"https:\/\/sudoesteacontece.com.br\/#\/schema\/person\/3cf2cf009926a9683ebc29d5379fa79c\",\"name\":\"Washington Tiago\",\"image\":{\"@type\":\"ImageObject\",\"inLanguage\":\"pt-BR\",\"@id\":\"https:\/\/sudoesteacontece.com.br\/#\/schema\/person\/image\/\",\"url\":\"https:\/\/secure.gravatar.com\/avatar\/33c43b8668157e040f9d1fe93c354bf087cbd8ba36270c1163198bd3ddcf2a56?s=96&d=mm&r=g\",\"contentUrl\":\"https:\/\/secure.gravatar.com\/avatar\/33c43b8668157e040f9d1fe93c354bf087cbd8ba36270c1163198bd3ddcf2a56?s=96&d=mm&r=g\",\"caption\":\"Washington Tiago\"},\"url\":\"https:\/\/sudoesteacontece.com.br\/?author=2\"}]}<\/script>\n<!-- \/ Yoast SEO plugin. -->","yoast_head_json":{"title":"Vit\u00f3ria da Conquista enfrenta caos ap\u00f3s chuva intensa; alertas seguem ativos - Sudoesteacontece","robots":{"index":"index","follow":"follow","max-snippet":"max-snippet:-1","max-image-preview":"max-image-preview:large","max-video-preview":"max-video-preview:-1"},"canonical":"https:\/\/sudoesteacontece.com.br\/?p=9763","og_locale":"pt_BR","og_type":"article","og_title":"Vit\u00f3ria da Conquista enfrenta caos ap\u00f3s chuva intensa; alertas seguem ativos - Sudoesteacontece","og_description":"Chuva persistente atingiu Vit\u00f3ria da Conquista durante toda a madrugada desta segunda-feira (2), causando transtornos imediatos no tr\u00e1fego da cidade. Moradores enfrentam dificuldades para se deslocar, com trechos de vias interditados e filas quilom\u00e9tricas de ve\u00edculos em principais avenidas. \u00c1rvore caiu sobre um ponto da Avenida Bartolomeu de Gusm\u00e3o, obrigando a interdi\u00e7\u00e3o do trecho e aumentando o congestionamento na regi\u00e3o. Motoristas relatam lentid\u00e3o e a necessidade de cautela redobrada ao transitar pelas ruas da cidade, principalmente em \u00e1reas cr\u00edticas do centro urbano. Avenida Lu\u00eds Eduardo Magalh\u00e3es registra longas filas de carros, evidenciando os impactos da chuva na mobilidade urbana. Equipes de servi\u00e7os p\u00fablicos foram acionadas para remo\u00e7\u00e3o de \u00e1rvores e limpeza de vias, mas moradores relatam demora e transtornos prolongados. Alerta Vermelho continua ativo em Vit\u00f3ria da Conquista, refor\u00e7ando risco de novos incidentes. Autoridades locais orientam popula\u00e7\u00e3o a evitar deslocamentos desnecess\u00e1rios e manter aten\u00e7\u00e3o \u00e0s condi\u00e7\u00f5es das ruas e \u00e1reas de risco, priorizando seguran\u00e7a. Blog do Rodrigo Ferraz acompanha de perto a situa\u00e7\u00e3o na cidade, registrando os impactos da chuva e atualizando informa\u00e7\u00f5es sobre bloqueios, assist\u00eancia \u00e0 popula\u00e7\u00e3o e retomada da normalidade no tr\u00e1fego local.","og_url":"https:\/\/sudoesteacontece.com.br\/?p=9763","og_site_name":"Sudoesteacontece","article_publisher":"https:\/\/www.facebook.com\/sudoesteacontece\/?locale=pt_BR","article_published_time":"2026-03-02T15:12:12+00:00","article_modified_time":"2026-03-02T15:12:17+00:00","og_image":[{"url":"http:\/\/sudoesteacontece.com.br\/wp-content\/uploads\/2026\/03\/Vitoria-da-Conquista-enfrenta-caos-apos-chuva-intensa-alertas-seguem-ativos.jpg","type":"","width":"","height":""}],"author":"Washington Tiago","twitter_card":"summary_large_image","twitter_misc":{"Escrito por":"Washington Tiago","Est. tempo de leitura":"2 minutos"},"schema":{"@context":"https:\/\/schema.org","@graph":[{"@type":"Article","@id":"https:\/\/sudoesteacontece.com.br\/?p=9763#article","isPartOf":{"@id":"https:\/\/sudoesteacontece.com.br\/?p=9763"},"author":{"name":"Washington Tiago","@id":"https:\/\/sudoesteacontece.com.br\/#\/schema\/person\/3cf2cf009926a9683ebc29d5379fa79c"},"headline":"Vit\u00f3ria da Conquista enfrenta caos ap\u00f3s chuva intensa; alertas seguem ativos","datePublished":"2026-03-02T15:12:12+00:00","dateModified":"2026-03-02T15:12:17+00:00","mainEntityOfPage":{"@id":"https:\/\/sudoesteacontece.com.br\/?p=9763"},"wordCount":222,"commentCount":0,"publisher":{"@id":"https:\/\/sudoesteacontece.com.br\/#organization"},"image":{"@id":"https:\/\/sudoesteacontece.com.br\/?p=9763#primaryimage"},"thumbnailUrl":"http:\/\/sudoesteacontece.com.br\/wp-content\/uploads\/2026\/03\/Vitoria-da-Conquista-enfrenta-caos-apos-chuva-intensa-alertas-seguem-ativos.jpg","articleSection":["Cidades","Vit\u00f3ria da Conquista"],"inLanguage":"pt-BR","potentialAction":[{"@type":"CommentAction","name":"Comment","target":["https:\/\/sudoesteacontece.com.br\/?p=9763#respond"]}]},{"@type":"WebPage","@id":"https:\/\/sudoesteacontece.com.br\/?p=9763","url":"https:\/\/sudoesteacontece.com.br\/?p=9763","name":"Vit\u00f3ria da Conquista enfrenta caos ap\u00f3s chuva intensa; alertas seguem ativos - Sudoesteacontece","isPartOf":{"@id":"https:\/\/sudoesteacontece.com.br\/#website"},"primaryImageOfPage":{"@id":"https:\/\/sudoesteacontece.com.br\/?p=9763#primaryimage"},"image":{"@id":"https:\/\/sudoesteacontece.com.br\/?p=9763#primaryimage"},"thumbnailUrl":"http:\/\/sudoesteacontece.com.br\/wp-content\/uploads\/2026\/03\/Vitoria-da-Conquista-enfrenta-caos-apos-chuva-intensa-alertas-seguem-ativos.jpg","datePublished":"2026-03-02T15:12:12+00:00","dateModified":"2026-03-02T15:12:17+00:00","breadcrumb":{"@id":"https:\/\/sudoesteacontece.com.br\/?p=9763#breadcrumb"},"inLanguage":"pt-BR","potentialAction":[{"@type":"ReadAction","target":["https:\/\/sudoesteacontece.com.br\/?p=9763"]}]},{"@type":"ImageObject","inLanguage":"pt-BR","@id":"https:\/\/sudoesteacontece.com.br\/?p=9763#primaryimage","url":"https:\/\/sudoesteacontece.com.br\/wp-content\/uploads\/2026\/03\/Vitoria-da-Conquista-enfrenta-caos-apos-chuva-intensa-alertas-seguem-ativos.jpg","contentUrl":"https:\/\/sudoesteacontece.com.br\/wp-content\/uploads\/2026\/03\/Vitoria-da-Conquista-enfrenta-caos-apos-chuva-intensa-alertas-seguem-ativos.jpg","width":900,"height":600},{"@type":"BreadcrumbList","@id":"https:\/\/sudoesteacontece.com.br\/?p=9763#breadcrumb","itemListElement":[{"@type":"ListItem","position":1,"name":"In\u00edcio","item":"https:\/\/sudoesteacontece.com.br\/"},{"@type":"ListItem","position":2,"name":"Vit\u00f3ria da Conquista enfrenta caos ap\u00f3s chuva intensa; alertas seguem ativos"}]},{"@type":"WebSite","@id":"https:\/\/sudoesteacontece.com.br\/#website","url":"https:\/\/sudoesteacontece.com.br\/","name":"Sudoesteacontece","description":"","publisher":{"@id":"https:\/\/sudoesteacontece.com.br\/#organization"},"potentialAction":[{"@type":"SearchAction","target":{"@type":"EntryPoint","urlTemplate":"https:\/\/sudoesteacontece.com.br\/?s={search_term_string}"},"query-input":{"@type":"PropertyValueSpecification","valueRequired":true,"valueName":"search_term_string"}}],"inLanguage":"pt-BR"},{"@type":"Organization","@id":"https:\/\/sudoesteacontece.com.br\/#organization","name":"Sudoesteacontece","url":"https:\/\/sudoesteacontece.com.br\/","logo":{"@type":"ImageObject","inLanguage":"pt-BR","@id":"https:\/\/sudoesteacontece.com.br\/#\/schema\/logo\/image\/","url":"https:\/\/sudoesteacontece.com.br\/wp-content\/uploads\/2025\/12\/cropped-logo-2-180x180-1.png","contentUrl":"https:\/\/sudoesteacontece.com.br\/wp-content\/uploads\/2025\/12\/cropped-logo-2-180x180-1.png","width":180,"height":180,"caption":"Sudoesteacontece"},"image":{"@id":"https:\/\/sudoesteacontece.com.br\/#\/schema\/logo\/image\/"},"sameAs":["https:\/\/www.facebook.com\/sudoesteacontece\/?locale=pt_BR"]},{"@type":"Person","@id":"https:\/\/sudoesteacontece.com.br\/#\/schema\/person\/3cf2cf009926a9683ebc29d5379fa79c","name":"Washington Tiago","image":{"@type":"ImageObject","inLanguage":"pt-BR","@id":"https:\/\/sudoesteacontece.com.br\/#\/schema\/person\/image\/","url":"https:\/\/secure.gravatar.com\/avatar\/33c43b8668157e040f9d1fe93c354bf087cbd8ba36270c1163198bd3ddcf2a56?s=96&d=mm&r=g","contentUrl":"https:\/\/secure.gravatar.com\/avatar\/33c43b8668157e040f9d1fe93c354bf087cbd8ba36270c1163198bd3ddcf2a56?s=96&d=mm&r=g","caption":"Washington Tiago"},"url":"https:\/\/sudoesteacontece.com.br\/?author=2"}]}},"_links":{"self":[{"href":"https:\/\/sudoesteacontece.com.br\/index.php?rest_route=\/wp\/v2\/posts\/9763","targetHints":{"allow":["GET"]}}],"collection":[{"href":"https:\/\/sudoesteacontece.com.br\/index.php?rest_route=\/wp\/v2\/posts"}],"about":[{"href":"https:\/\/sudoesteacontece.com.br\/index.php?rest_route=\/wp\/v2\/types\/post"}],"author":[{"embeddable":true,"href":"https:\/\/sudoesteacontece.com.br\/index.php?rest_route=\/wp\/v2\/users\/2"}],"replies":[{"embeddable":true,"href":"https:\/\/sudoesteacontece.com.br\/index.php?rest_route=%2Fwp%2Fv2%2Fcomments&post=9763"}],"version-history":[{"count":0,"href":"https:\/\/sudoesteacontece.com.br\/index.php?rest_route=\/wp\/v2\/posts\/9763\/revisions"}],"wp:attachment":[{"href":"https:\/\/sudoesteacontece.com.br\/index.php?rest_route=%2Fwp%2Fv2%2Fmedia&parent=9763"}],"wp:term":[{"taxonomy":"category","embeddable":true,"href":"https:\/\/sudoesteacontece.com.br\/index.php?rest_route=%2Fwp%2Fv2%2Fcategories&post=9763"},{"taxonomy":"post_tag","embeddable":true,"href":"https:\/\/sudoesteacontece.com.br\/index.php?rest_route=%2Fwp%2Fv2%2Ftags&post=9763"}],"curies":[{"name":"wp","href":"https:\/\/api.w.org\/{rel}","templated":true}]}}