{"id":9768,"date":"2026-03-02T12:17:06","date_gmt":"2026-03-02T15:17:06","guid":{"rendered":"https:\/\/sudoesteacontece.com.br\/?p=9768"},"modified":"2026-03-02T12:17:11","modified_gmt":"2026-03-02T15:17:11","slug":"prefeitura-suspende-aulas-da-rede-municipal-em-malhada-de-pedras-por-fortes-chuvas","status":"publish","type":"post","link":"https:\/\/sudoesteacontece.com.br\/?p=9768","title":{"rendered":"Prefeitura suspende aulas da rede municipal em Malhada de Pedras por fortes chuvas"},"content":{"rendered":"<div class=\"wp-block-image\">\n<figure class=\"aligncenter size-full\"><img fetchpriority=\"high\" decoding=\"async\" width=\"900\" height=\"600\" src=\"http:\/\/sudoesteacontece.com.br\/wp-content\/uploads\/2025\/11\/Irmao-embriagado-agride-irma-e-acaba-preso-em-Malhada-de-Pedras-sudoeste-acontece.jpg\" alt=\"\" class=\"wp-image-3302\" srcset=\"https:\/\/sudoesteacontece.com.br\/wp-content\/uploads\/2025\/11\/Irmao-embriagado-agride-irma-e-acaba-preso-em-Malhada-de-Pedras-sudoeste-acontece.jpg 900w, https:\/\/sudoesteacontece.com.br\/wp-content\/uploads\/2025\/11\/Irmao-embriagado-agride-irma-e-acaba-preso-em-Malhada-de-Pedras-sudoeste-acontece-300x200.jpg 300w, https:\/\/sudoesteacontece.com.br\/wp-content\/uploads\/2025\/11\/Irmao-embriagado-agride-irma-e-acaba-preso-em-Malhada-de-Pedras-sudoeste-acontece-768x512.jpg 768w\" sizes=\"(max-width: 900px) 100vw, 900px\" \/><\/figure>\n<\/div>\n\n\n<p>Malhada de Pedras registrou fortes chuvas que levaram a prefeitura a suspender preventivamente as aulas da rede municipal a partir deste domingo (02). Estradas vicinais ficaram comprometidas, dificultando o tr\u00e1fego, especialmente na zona rural, e impedindo a circula\u00e7\u00e3o segura do transporte escolar para estudantes e profissionais da educa\u00e7\u00e3o.<\/p>\n\n\n\n<p>Prefeito Carlos Roberto Santos da Silva vistoriou as estradas e constatou problemas em diversos trechos. Ve\u00edculos escolares apresentaram risco de trafegar com seguran\u00e7a j\u00e1 nesta segunda-feira, o que motivou a decis\u00e3o preventiva. Secretaria Municipal de Educa\u00e7\u00e3o refor\u00e7ou que medida visa proteger alunos, motoristas e servidores diante das condi\u00e7\u00f5es adversas.<\/p>\n\n\n\n<p>Comunica\u00e7\u00e3o aos pais ocorre por grupos oficiais e redes sociais, segundo a Secretaria. Novos avisos ser\u00e3o divulgados para atualizar sobre a previs\u00e3o de retorno das aulas. Gestores, coordenadores e t\u00e9cnicos da rede municipal foram convocados para reuni\u00e3o nesta segunda-feira, \u00e0s 14h, no Anexo do antigo CERB, para definir a\u00e7\u00f5es diante da situa\u00e7\u00e3o.<\/p>\n\n\n\n<p>Seguran\u00e7a da comunidade escolar \u00e9 prioridade da administra\u00e7\u00e3o municipal enquanto persistirem os impactos das chuvas. Medida preventiva busca evitar acidentes e transtornos, garantindo que estudantes retornem \u00e0s atividades apenas quando as condi\u00e7\u00f5es forem totalmente seguras, reduzindo riscos nas estradas e nos deslocamentos.<\/p>\n","protected":false},"excerpt":{"rendered":"<p>Malhada de Pedras registrou fortes chuvas que levaram a prefeitura a suspender preventivamente as aulas da rede municipal a partir deste domingo (02). Estradas vicinais ficaram comprometidas, dificultando o tr\u00e1fego, especialmente na zona rural, e impedindo a circula\u00e7\u00e3o segura do transporte escolar para estudantes e profissionais da educa\u00e7\u00e3o. Prefeito Carlos Roberto Santos da Silva vistoriou as estradas e constatou problemas em diversos trechos. Ve\u00edculos escolares apresentaram risco de trafegar com seguran\u00e7a j\u00e1 nesta segunda-feira, o que motivou a decis\u00e3o preventiva. Secretaria Municipal de Educa\u00e7\u00e3o refor\u00e7ou que medida visa proteger alunos, motoristas e servidores diante das condi\u00e7\u00f5es adversas. Comunica\u00e7\u00e3o aos pais ocorre por grupos oficiais e redes sociais, segundo a Secretaria. Novos avisos ser\u00e3o divulgados para atualizar sobre a previs\u00e3o de retorno das aulas. Gestores, coordenadores e t\u00e9cnicos da rede municipal foram convocados para reuni\u00e3o nesta segunda-feira, \u00e0s 14h, no Anexo do antigo CERB, para definir a\u00e7\u00f5es diante da situa\u00e7\u00e3o. Seguran\u00e7a da comunidade escolar \u00e9 prioridade da administra\u00e7\u00e3o municipal enquanto persistirem os impactos das chuvas. Medida preventiva busca evitar acidentes e transtornos, garantindo que estudantes retornem \u00e0s atividades apenas quando as condi\u00e7\u00f5es forem totalmente seguras, reduzindo riscos nas estradas e nos deslocamentos.<\/p>\n","protected":false},"author":2,"featured_media":3302,"comment_status":"open","ping_status":"open","sticky":false,"template":"","format":"standard","meta":{"footnotes":""},"categories":[4,43,60],"tags":[],"class_list":["post-9768","post","type-post","status-publish","format-standard","has-post-thumbnail","hentry","category-cidades","category-educacao","category-malhada-de-pedras"],"yoast_head":"<!-- This site is optimized with the Yoast SEO plugin v26.5 - https:\/\/yoast.com\/wordpress\/plugins\/seo\/ -->\n<title>Prefeitura suspende aulas da rede municipal em Malhada de Pedras por fortes chuvas - Sudoesteacontece<\/title>\n<meta name=\"robots\" content=\"index, follow, max-snippet:-1, max-image-preview:large, max-video-preview:-1\" \/>\n<link rel=\"canonical\" href=\"https:\/\/sudoesteacontece.com.br\/?p=9768\" \/>\n<meta property=\"og:locale\" content=\"pt_BR\" \/>\n<meta property=\"og:type\" content=\"article\" \/>\n<meta property=\"og:title\" content=\"Prefeitura suspende aulas da rede municipal em Malhada de Pedras por fortes chuvas - Sudoesteacontece\" \/>\n<meta property=\"og:description\" content=\"Malhada de Pedras registrou fortes chuvas que levaram a prefeitura a suspender preventivamente as aulas da rede municipal a partir deste domingo (02). Estradas vicinais ficaram comprometidas, dificultando o tr\u00e1fego, especialmente na zona rural, e impedindo a circula\u00e7\u00e3o segura do transporte escolar para estudantes e profissionais da educa\u00e7\u00e3o. Prefeito Carlos Roberto Santos da Silva vistoriou as estradas e constatou problemas em diversos trechos. Ve\u00edculos escolares apresentaram risco de trafegar com seguran\u00e7a j\u00e1 nesta segunda-feira, o que motivou a decis\u00e3o preventiva. Secretaria Municipal de Educa\u00e7\u00e3o refor\u00e7ou que medida visa proteger alunos, motoristas e servidores diante das condi\u00e7\u00f5es adversas. Comunica\u00e7\u00e3o aos pais ocorre por grupos oficiais e redes sociais, segundo a Secretaria. Novos avisos ser\u00e3o divulgados para atualizar sobre a previs\u00e3o de retorno das aulas. Gestores, coordenadores e t\u00e9cnicos da rede municipal foram convocados para reuni\u00e3o nesta segunda-feira, \u00e0s 14h, no Anexo do antigo CERB, para definir a\u00e7\u00f5es diante da situa\u00e7\u00e3o. Seguran\u00e7a da comunidade escolar \u00e9 prioridade da administra\u00e7\u00e3o municipal enquanto persistirem os impactos das chuvas. Medida preventiva busca evitar acidentes e transtornos, garantindo que estudantes retornem \u00e0s atividades apenas quando as condi\u00e7\u00f5es forem totalmente seguras, reduzindo riscos nas estradas e nos deslocamentos.\" \/>\n<meta property=\"og:url\" content=\"https:\/\/sudoesteacontece.com.br\/?p=9768\" \/>\n<meta property=\"og:site_name\" content=\"Sudoesteacontece\" \/>\n<meta property=\"article:publisher\" content=\"https:\/\/www.facebook.com\/sudoesteacontece\/?locale=pt_BR\" \/>\n<meta property=\"article:published_time\" content=\"2026-03-02T15:17:06+00:00\" \/>\n<meta property=\"article:modified_time\" content=\"2026-03-02T15:17:11+00:00\" \/>\n<meta property=\"og:image\" content=\"https:\/\/sudoesteacontece.com.br\/wp-content\/uploads\/2025\/11\/Irmao-embriagado-agride-irma-e-acaba-preso-em-Malhada-de-Pedras-sudoeste-acontece.jpg\" \/>\n\t<meta property=\"og:image:width\" content=\"900\" \/>\n\t<meta property=\"og:image:height\" content=\"600\" \/>\n\t<meta property=\"og:image:type\" content=\"image\/jpeg\" \/>\n<meta name=\"author\" content=\"Washington Tiago\" \/>\n<meta name=\"twitter:card\" content=\"summary_large_image\" \/>\n<meta name=\"twitter:label1\" content=\"Escrito por\" \/>\n\t<meta name=\"twitter:data1\" content=\"Washington Tiago\" \/>\n\t<meta name=\"twitter:label2\" content=\"Est. tempo de leitura\" \/>\n\t<meta name=\"twitter:data2\" content=\"2 minutos\" \/>\n<script type=\"application\/ld+json\" class=\"yoast-schema-graph\">{\"@context\":\"https:\/\/schema.org\",\"@graph\":[{\"@type\":\"Article\",\"@id\":\"https:\/\/sudoesteacontece.com.br\/?p=9768#article\",\"isPartOf\":{\"@id\":\"https:\/\/sudoesteacontece.com.br\/?p=9768\"},\"author\":{\"name\":\"Washington Tiago\",\"@id\":\"https:\/\/sudoesteacontece.com.br\/#\/schema\/person\/3cf2cf009926a9683ebc29d5379fa79c\"},\"headline\":\"Prefeitura suspende aulas da rede municipal em Malhada de Pedras por fortes chuvas\",\"datePublished\":\"2026-03-02T15:17:06+00:00\",\"dateModified\":\"2026-03-02T15:17:11+00:00\",\"mainEntityOfPage\":{\"@id\":\"https:\/\/sudoesteacontece.com.br\/?p=9768\"},\"wordCount\":221,\"commentCount\":0,\"publisher\":{\"@id\":\"https:\/\/sudoesteacontece.com.br\/#organization\"},\"image\":{\"@id\":\"https:\/\/sudoesteacontece.com.br\/?p=9768#primaryimage\"},\"thumbnailUrl\":\"https:\/\/sudoesteacontece.com.br\/wp-content\/uploads\/2025\/11\/Irmao-embriagado-agride-irma-e-acaba-preso-em-Malhada-de-Pedras-sudoeste-acontece.jpg\",\"articleSection\":[\"Cidades\",\"Educa\u00e7\u00e3o\",\"Malhada de Pedras\"],\"inLanguage\":\"pt-BR\",\"potentialAction\":[{\"@type\":\"CommentAction\",\"name\":\"Comment\",\"target\":[\"https:\/\/sudoesteacontece.com.br\/?p=9768#respond\"]}]},{\"@type\":\"WebPage\",\"@id\":\"https:\/\/sudoesteacontece.com.br\/?p=9768\",\"url\":\"https:\/\/sudoesteacontece.com.br\/?p=9768\",\"name\":\"Prefeitura suspende aulas da rede municipal em Malhada de Pedras por fortes chuvas - Sudoesteacontece\",\"isPartOf\":{\"@id\":\"https:\/\/sudoesteacontece.com.br\/#website\"},\"primaryImageOfPage\":{\"@id\":\"https:\/\/sudoesteacontece.com.br\/?p=9768#primaryimage\"},\"image\":{\"@id\":\"https:\/\/sudoesteacontece.com.br\/?p=9768#primaryimage\"},\"thumbnailUrl\":\"https:\/\/sudoesteacontece.com.br\/wp-content\/uploads\/2025\/11\/Irmao-embriagado-agride-irma-e-acaba-preso-em-Malhada-de-Pedras-sudoeste-acontece.jpg\",\"datePublished\":\"2026-03-02T15:17:06+00:00\",\"dateModified\":\"2026-03-02T15:17:11+00:00\",\"breadcrumb\":{\"@id\":\"https:\/\/sudoesteacontece.com.br\/?p=9768#breadcrumb\"},\"inLanguage\":\"pt-BR\",\"potentialAction\":[{\"@type\":\"ReadAction\",\"target\":[\"https:\/\/sudoesteacontece.com.br\/?p=9768\"]}]},{\"@type\":\"ImageObject\",\"inLanguage\":\"pt-BR\",\"@id\":\"https:\/\/sudoesteacontece.com.br\/?p=9768#primaryimage\",\"url\":\"https:\/\/sudoesteacontece.com.br\/wp-content\/uploads\/2025\/11\/Irmao-embriagado-agride-irma-e-acaba-preso-em-Malhada-de-Pedras-sudoeste-acontece.jpg\",\"contentUrl\":\"https:\/\/sudoesteacontece.com.br\/wp-content\/uploads\/2025\/11\/Irmao-embriagado-agride-irma-e-acaba-preso-em-Malhada-de-Pedras-sudoeste-acontece.jpg\",\"width\":900,\"height\":600},{\"@type\":\"BreadcrumbList\",\"@id\":\"https:\/\/sudoesteacontece.com.br\/?p=9768#breadcrumb\",\"itemListElement\":[{\"@type\":\"ListItem\",\"position\":1,\"name\":\"In\u00edcio\",\"item\":\"https:\/\/sudoesteacontece.com.br\/\"},{\"@type\":\"ListItem\",\"position\":2,\"name\":\"Prefeitura suspende aulas da rede municipal em Malhada de Pedras por fortes chuvas\"}]},{\"@type\":\"WebSite\",\"@id\":\"https:\/\/sudoesteacontece.com.br\/#website\",\"url\":\"https:\/\/sudoesteacontece.com.br\/\",\"name\":\"Sudoesteacontece\",\"description\":\"\",\"publisher\":{\"@id\":\"https:\/\/sudoesteacontece.com.br\/#organization\"},\"potentialAction\":[{\"@type\":\"SearchAction\",\"target\":{\"@type\":\"EntryPoint\",\"urlTemplate\":\"https:\/\/sudoesteacontece.com.br\/?s={search_term_string}\"},\"query-input\":{\"@type\":\"PropertyValueSpecification\",\"valueRequired\":true,\"valueName\":\"search_term_string\"}}],\"inLanguage\":\"pt-BR\"},{\"@type\":\"Organization\",\"@id\":\"https:\/\/sudoesteacontece.com.br\/#organization\",\"name\":\"Sudoesteacontece\",\"url\":\"https:\/\/sudoesteacontece.com.br\/\",\"logo\":{\"@type\":\"ImageObject\",\"inLanguage\":\"pt-BR\",\"@id\":\"https:\/\/sudoesteacontece.com.br\/#\/schema\/logo\/image\/\",\"url\":\"https:\/\/sudoesteacontece.com.br\/wp-content\/uploads\/2025\/12\/cropped-logo-2-180x180-1.png\",\"contentUrl\":\"https:\/\/sudoesteacontece.com.br\/wp-content\/uploads\/2025\/12\/cropped-logo-2-180x180-1.png\",\"width\":180,\"height\":180,\"caption\":\"Sudoesteacontece\"},\"image\":{\"@id\":\"https:\/\/sudoesteacontece.com.br\/#\/schema\/logo\/image\/\"},\"sameAs\":[\"https:\/\/www.facebook.com\/sudoesteacontece\/?locale=pt_BR\"]},{\"@type\":\"Person\",\"@id\":\"https:\/\/sudoesteacontece.com.br\/#\/schema\/person\/3cf2cf009926a9683ebc29d5379fa79c\",\"name\":\"Washington Tiago\",\"image\":{\"@type\":\"ImageObject\",\"inLanguage\":\"pt-BR\",\"@id\":\"https:\/\/sudoesteacontece.com.br\/#\/schema\/person\/image\/\",\"url\":\"https:\/\/secure.gravatar.com\/avatar\/33c43b8668157e040f9d1fe93c354bf087cbd8ba36270c1163198bd3ddcf2a56?s=96&d=mm&r=g\",\"contentUrl\":\"https:\/\/secure.gravatar.com\/avatar\/33c43b8668157e040f9d1fe93c354bf087cbd8ba36270c1163198bd3ddcf2a56?s=96&d=mm&r=g\",\"caption\":\"Washington Tiago\"},\"url\":\"https:\/\/sudoesteacontece.com.br\/?author=2\"}]}<\/script>\n<!-- \/ Yoast SEO plugin. -->","yoast_head_json":{"title":"Prefeitura suspende aulas da rede municipal em Malhada de Pedras por fortes chuvas - Sudoesteacontece","robots":{"index":"index","follow":"follow","max-snippet":"max-snippet:-1","max-image-preview":"max-image-preview:large","max-video-preview":"max-video-preview:-1"},"canonical":"https:\/\/sudoesteacontece.com.br\/?p=9768","og_locale":"pt_BR","og_type":"article","og_title":"Prefeitura suspende aulas da rede municipal em Malhada de Pedras por fortes chuvas - Sudoesteacontece","og_description":"Malhada de Pedras registrou fortes chuvas que levaram a prefeitura a suspender preventivamente as aulas da rede municipal a partir deste domingo (02). Estradas vicinais ficaram comprometidas, dificultando o tr\u00e1fego, especialmente na zona rural, e impedindo a circula\u00e7\u00e3o segura do transporte escolar para estudantes e profissionais da educa\u00e7\u00e3o. Prefeito Carlos Roberto Santos da Silva vistoriou as estradas e constatou problemas em diversos trechos. Ve\u00edculos escolares apresentaram risco de trafegar com seguran\u00e7a j\u00e1 nesta segunda-feira, o que motivou a decis\u00e3o preventiva. Secretaria Municipal de Educa\u00e7\u00e3o refor\u00e7ou que medida visa proteger alunos, motoristas e servidores diante das condi\u00e7\u00f5es adversas. Comunica\u00e7\u00e3o aos pais ocorre por grupos oficiais e redes sociais, segundo a Secretaria. Novos avisos ser\u00e3o divulgados para atualizar sobre a previs\u00e3o de retorno das aulas. Gestores, coordenadores e t\u00e9cnicos da rede municipal foram convocados para reuni\u00e3o nesta segunda-feira, \u00e0s 14h, no Anexo do antigo CERB, para definir a\u00e7\u00f5es diante da situa\u00e7\u00e3o. Seguran\u00e7a da comunidade escolar \u00e9 prioridade da administra\u00e7\u00e3o municipal enquanto persistirem os impactos das chuvas. Medida preventiva busca evitar acidentes e transtornos, garantindo que estudantes retornem \u00e0s atividades apenas quando as condi\u00e7\u00f5es forem totalmente seguras, reduzindo riscos nas estradas e nos deslocamentos.","og_url":"https:\/\/sudoesteacontece.com.br\/?p=9768","og_site_name":"Sudoesteacontece","article_publisher":"https:\/\/www.facebook.com\/sudoesteacontece\/?locale=pt_BR","article_published_time":"2026-03-02T15:17:06+00:00","article_modified_time":"2026-03-02T15:17:11+00:00","og_image":[{"width":900,"height":600,"url":"https:\/\/sudoesteacontece.com.br\/wp-content\/uploads\/2025\/11\/Irmao-embriagado-agride-irma-e-acaba-preso-em-Malhada-de-Pedras-sudoeste-acontece.jpg","type":"image\/jpeg"}],"author":"Washington Tiago","twitter_card":"summary_large_image","twitter_misc":{"Escrito por":"Washington Tiago","Est. tempo de leitura":"2 minutos"},"schema":{"@context":"https:\/\/schema.org","@graph":[{"@type":"Article","@id":"https:\/\/sudoesteacontece.com.br\/?p=9768#article","isPartOf":{"@id":"https:\/\/sudoesteacontece.com.br\/?p=9768"},"author":{"name":"Washington Tiago","@id":"https:\/\/sudoesteacontece.com.br\/#\/schema\/person\/3cf2cf009926a9683ebc29d5379fa79c"},"headline":"Prefeitura suspende aulas da rede municipal em Malhada de Pedras por fortes chuvas","datePublished":"2026-03-02T15:17:06+00:00","dateModified":"2026-03-02T15:17:11+00:00","mainEntityOfPage":{"@id":"https:\/\/sudoesteacontece.com.br\/?p=9768"},"wordCount":221,"commentCount":0,"publisher":{"@id":"https:\/\/sudoesteacontece.com.br\/#organization"},"image":{"@id":"https:\/\/sudoesteacontece.com.br\/?p=9768#primaryimage"},"thumbnailUrl":"https:\/\/sudoesteacontece.com.br\/wp-content\/uploads\/2025\/11\/Irmao-embriagado-agride-irma-e-acaba-preso-em-Malhada-de-Pedras-sudoeste-acontece.jpg","articleSection":["Cidades","Educa\u00e7\u00e3o","Malhada de Pedras"],"inLanguage":"pt-BR","potentialAction":[{"@type":"CommentAction","name":"Comment","target":["https:\/\/sudoesteacontece.com.br\/?p=9768#respond"]}]},{"@type":"WebPage","@id":"https:\/\/sudoesteacontece.com.br\/?p=9768","url":"https:\/\/sudoesteacontece.com.br\/?p=9768","name":"Prefeitura suspende aulas da rede municipal em Malhada de Pedras por fortes chuvas - Sudoesteacontece","isPartOf":{"@id":"https:\/\/sudoesteacontece.com.br\/#website"},"primaryImageOfPage":{"@id":"https:\/\/sudoesteacontece.com.br\/?p=9768#primaryimage"},"image":{"@id":"https:\/\/sudoesteacontece.com.br\/?p=9768#primaryimage"},"thumbnailUrl":"https:\/\/sudoesteacontece.com.br\/wp-content\/uploads\/2025\/11\/Irmao-embriagado-agride-irma-e-acaba-preso-em-Malhada-de-Pedras-sudoeste-acontece.jpg","datePublished":"2026-03-02T15:17:06+00:00","dateModified":"2026-03-02T15:17:11+00:00","breadcrumb":{"@id":"https:\/\/sudoesteacontece.com.br\/?p=9768#breadcrumb"},"inLanguage":"pt-BR","potentialAction":[{"@type":"ReadAction","target":["https:\/\/sudoesteacontece.com.br\/?p=9768"]}]},{"@type":"ImageObject","inLanguage":"pt-BR","@id":"https:\/\/sudoesteacontece.com.br\/?p=9768#primaryimage","url":"https:\/\/sudoesteacontece.com.br\/wp-content\/uploads\/2025\/11\/Irmao-embriagado-agride-irma-e-acaba-preso-em-Malhada-de-Pedras-sudoeste-acontece.jpg","contentUrl":"https:\/\/sudoesteacontece.com.br\/wp-content\/uploads\/2025\/11\/Irmao-embriagado-agride-irma-e-acaba-preso-em-Malhada-de-Pedras-sudoeste-acontece.jpg","width":900,"height":600},{"@type":"BreadcrumbList","@id":"https:\/\/sudoesteacontece.com.br\/?p=9768#breadcrumb","itemListElement":[{"@type":"ListItem","position":1,"name":"In\u00edcio","item":"https:\/\/sudoesteacontece.com.br\/"},{"@type":"ListItem","position":2,"name":"Prefeitura suspende aulas da rede municipal em Malhada de Pedras por fortes chuvas"}]},{"@type":"WebSite","@id":"https:\/\/sudoesteacontece.com.br\/#website","url":"https:\/\/sudoesteacontece.com.br\/","name":"Sudoesteacontece","description":"","publisher":{"@id":"https:\/\/sudoesteacontece.com.br\/#organization"},"potentialAction":[{"@type":"SearchAction","target":{"@type":"EntryPoint","urlTemplate":"https:\/\/sudoesteacontece.com.br\/?s={search_term_string}"},"query-input":{"@type":"PropertyValueSpecification","valueRequired":true,"valueName":"search_term_string"}}],"inLanguage":"pt-BR"},{"@type":"Organization","@id":"https:\/\/sudoesteacontece.com.br\/#organization","name":"Sudoesteacontece","url":"https:\/\/sudoesteacontece.com.br\/","logo":{"@type":"ImageObject","inLanguage":"pt-BR","@id":"https:\/\/sudoesteacontece.com.br\/#\/schema\/logo\/image\/","url":"https:\/\/sudoesteacontece.com.br\/wp-content\/uploads\/2025\/12\/cropped-logo-2-180x180-1.png","contentUrl":"https:\/\/sudoesteacontece.com.br\/wp-content\/uploads\/2025\/12\/cropped-logo-2-180x180-1.png","width":180,"height":180,"caption":"Sudoesteacontece"},"image":{"@id":"https:\/\/sudoesteacontece.com.br\/#\/schema\/logo\/image\/"},"sameAs":["https:\/\/www.facebook.com\/sudoesteacontece\/?locale=pt_BR"]},{"@type":"Person","@id":"https:\/\/sudoesteacontece.com.br\/#\/schema\/person\/3cf2cf009926a9683ebc29d5379fa79c","name":"Washington Tiago","image":{"@type":"ImageObject","inLanguage":"pt-BR","@id":"https:\/\/sudoesteacontece.com.br\/#\/schema\/person\/image\/","url":"https:\/\/secure.gravatar.com\/avatar\/33c43b8668157e040f9d1fe93c354bf087cbd8ba36270c1163198bd3ddcf2a56?s=96&d=mm&r=g","contentUrl":"https:\/\/secure.gravatar.com\/avatar\/33c43b8668157e040f9d1fe93c354bf087cbd8ba36270c1163198bd3ddcf2a56?s=96&d=mm&r=g","caption":"Washington Tiago"},"url":"https:\/\/sudoesteacontece.com.br\/?author=2"}]}},"_links":{"self":[{"href":"https:\/\/sudoesteacontece.com.br\/index.php?rest_route=\/wp\/v2\/posts\/9768","targetHints":{"allow":["GET"]}}],"collection":[{"href":"https:\/\/sudoesteacontece.com.br\/index.php?rest_route=\/wp\/v2\/posts"}],"about":[{"href":"https:\/\/sudoesteacontece.com.br\/index.php?rest_route=\/wp\/v2\/types\/post"}],"author":[{"embeddable":true,"href":"https:\/\/sudoesteacontece.com.br\/index.php?rest_route=\/wp\/v2\/users\/2"}],"replies":[{"embeddable":true,"href":"https:\/\/sudoesteacontece.com.br\/index.php?rest_route=%2Fwp%2Fv2%2Fcomments&post=9768"}],"version-history":[{"count":0,"href":"https:\/\/sudoesteacontece.com.br\/index.php?rest_route=\/wp\/v2\/posts\/9768\/revisions"}],"wp:featuredmedia":[{"embeddable":true,"href":"https:\/\/sudoesteacontece.com.br\/index.php?rest_route=\/wp\/v2\/media\/3302"}],"wp:attachment":[{"href":"https:\/\/sudoesteacontece.com.br\/index.php?rest_route=%2Fwp%2Fv2%2Fmedia&parent=9768"}],"wp:term":[{"taxonomy":"category","embeddable":true,"href":"https:\/\/sudoesteacontece.com.br\/index.php?rest_route=%2Fwp%2Fv2%2Fcategories&post=9768"},{"taxonomy":"post_tag","embeddable":true,"href":"https:\/\/sudoesteacontece.com.br\/index.php?rest_route=%2Fwp%2Fv2%2Ftags&post=9768"}],"curies":[{"name":"wp","href":"https:\/\/api.w.org\/{rel}","templated":true}]}}