{"id":9771,"date":"2026-03-02T12:20:19","date_gmt":"2026-03-02T15:20:19","guid":{"rendered":"https:\/\/sudoesteacontece.com.br\/?p=9771"},"modified":"2026-03-02T12:20:23","modified_gmt":"2026-03-02T15:20:23","slug":"mp-ba-investiga-medico-filho-da-prefeita-de-matina-por-possivel-acumulo-de-cargos","status":"publish","type":"post","link":"https:\/\/sudoesteacontece.com.br\/?p=9771","title":{"rendered":"MP-BA investiga m\u00e9dico filho da prefeita de Matina por poss\u00edvel ac\u00famulo de cargos"},"content":{"rendered":"<div class=\"wp-block-image\">\n<figure class=\"aligncenter size-full\"><img fetchpriority=\"high\" decoding=\"async\" width=\"900\" height=\"600\" src=\"http:\/\/sudoesteacontece.com.br\/wp-content\/uploads\/2026\/03\/MP-BA-investiga-medico-filho-da-prefeita-de-Matina-por-possivel-acumulo-de-cargos.jpg\" alt=\"\" class=\"wp-image-9829\" srcset=\"https:\/\/sudoesteacontece.com.br\/wp-content\/uploads\/2026\/03\/MP-BA-investiga-medico-filho-da-prefeita-de-Matina-por-possivel-acumulo-de-cargos.jpg 900w, https:\/\/sudoesteacontece.com.br\/wp-content\/uploads\/2026\/03\/MP-BA-investiga-medico-filho-da-prefeita-de-Matina-por-possivel-acumulo-de-cargos-300x200.jpg 300w, https:\/\/sudoesteacontece.com.br\/wp-content\/uploads\/2026\/03\/MP-BA-investiga-medico-filho-da-prefeita-de-Matina-por-possivel-acumulo-de-cargos-768x512.jpg 768w\" sizes=\"(max-width: 900px) 100vw, 900px\" \/><\/figure>\n<\/div>\n\n\n<p>Minist\u00e9rio P\u00fablico da Bahia abriu Inqu\u00e9rito Civil para apurar ind\u00edcios de irregularidades envolvendo o m\u00e9dico \u00cdtalo Franco de Castro Cardoso, filho da prefeita Olga Gentil de Castro Cardoso. Investiga\u00e7\u00e3o visa esclarecer se houve ac\u00famulo ilegal de fun\u00e7\u00f5es no servi\u00e7o p\u00fablico municipal.<\/p>\n\n\n\n<p>Portaria publicada no Di\u00e1rio da Justi\u00e7a n\u00ba 3.990 registra o procedimento sob IDEA n\u00ba 717.9.281577\/2024. Segundo o MP-BA, \u00cdtalo ocupa cargo comissionado de diretor cl\u00ednico do Hospital Municipal Dr. Jos\u00e9 Borba e presta servi\u00e7os \u00e0 mesma unidade por meio da empresa Cl\u00ednica M\u00e9dica e Odontol\u00f3gica Castro LTDA-ME, da qual \u00e9 propriet\u00e1rio.<\/p>\n\n\n\n<p>Pagamentos \u00e0 empresa somaram R$ 404.295,00 em 2023, valor considerado elevado para um \u00fanico prestador de servi\u00e7o. Promotor J\u00fcrgen W. Fleischer Jr. destaca poss\u00edvel sobreposi\u00e7\u00e3o de carga hor\u00e1ria e incompatibilidade entre o cargo comissionado e os servi\u00e7os contratados, al\u00e9m da legalidade da Inexigibilidade de Licita\u00e7\u00e3o n\u00ba 001\/2022.<\/p>\n\n\n\n<p>Secret\u00e1rios de Administra\u00e7\u00e3o e Sa\u00fade foram notificados para apresentar folhas de pagamento, contratos e registros de frequ\u00eancia em at\u00e9 15 dias. Tribunal de Contas dos Munic\u00edpios da Bahia tamb\u00e9m foi informado, com objetivo de identificar auditorias ou procedimentos relacionados ao caso.<\/p>\n\n\n\n<p>Minist\u00e9rio P\u00fablico busca reunir provas para verificar poss\u00edveis viola\u00e7\u00f5es aos princ\u00edpios da legalidade, impessoalidade e moralidade administrativa. Caso ainda est\u00e1 em apura\u00e7\u00e3o e pode resultar em medidas judiciais ou administrativas, dependendo das conclus\u00f5es do inqu\u00e9rito.<\/p>\n","protected":false},"excerpt":{"rendered":"<p>Minist\u00e9rio P\u00fablico da Bahia abriu Inqu\u00e9rito Civil para apurar ind\u00edcios de irregularidades envolvendo o m\u00e9dico \u00cdtalo Franco de Castro Cardoso, filho da prefeita Olga Gentil de Castro Cardoso. Investiga\u00e7\u00e3o visa esclarecer se houve ac\u00famulo ilegal de fun\u00e7\u00f5es no servi\u00e7o p\u00fablico municipal. Portaria publicada no Di\u00e1rio da Justi\u00e7a n\u00ba 3.990 registra o procedimento sob IDEA n\u00ba 717.9.281577\/2024. Segundo o MP-BA, \u00cdtalo ocupa cargo comissionado de diretor cl\u00ednico do Hospital Municipal Dr. Jos\u00e9 Borba e presta servi\u00e7os \u00e0 mesma unidade por meio da empresa Cl\u00ednica M\u00e9dica e Odontol\u00f3gica Castro LTDA-ME, da qual \u00e9 propriet\u00e1rio. Pagamentos \u00e0 empresa somaram R$ 404.295,00 em 2023, valor considerado elevado para um \u00fanico prestador de servi\u00e7o. Promotor J\u00fcrgen W. Fleischer Jr. destaca poss\u00edvel sobreposi\u00e7\u00e3o de carga hor\u00e1ria e incompatibilidade entre o cargo comissionado e os servi\u00e7os contratados, al\u00e9m da legalidade da Inexigibilidade de Licita\u00e7\u00e3o n\u00ba 001\/2022. Secret\u00e1rios de Administra\u00e7\u00e3o e Sa\u00fade foram notificados para apresentar folhas de pagamento, contratos e registros de frequ\u00eancia em at\u00e9 15 dias. Tribunal de Contas dos Munic\u00edpios da Bahia tamb\u00e9m foi informado, com objetivo de identificar auditorias ou procedimentos relacionados ao caso. Minist\u00e9rio P\u00fablico busca reunir provas para verificar poss\u00edveis viola\u00e7\u00f5es aos princ\u00edpios da legalidade, impessoalidade e moralidade administrativa. Caso ainda est\u00e1 em apura\u00e7\u00e3o e pode resultar em medidas judiciais ou administrativas, dependendo das conclus\u00f5es do inqu\u00e9rito.<\/p>\n","protected":false},"author":2,"featured_media":9829,"comment_status":"open","ping_status":"open","sticky":false,"template":"","format":"standard","meta":{"footnotes":""},"categories":[4,13,92,45],"tags":[],"class_list":["post-9771","post","type-post","status-publish","format-standard","has-post-thumbnail","hentry","category-cidades","category-justica","category-matina","category-saude"],"yoast_head":"<!-- This site is optimized with the Yoast SEO plugin v26.5 - https:\/\/yoast.com\/wordpress\/plugins\/seo\/ -->\n<title>MP-BA investiga m\u00e9dico filho da prefeita de Matina por poss\u00edvel ac\u00famulo de cargos - Sudoesteacontece<\/title>\n<meta name=\"robots\" content=\"index, follow, max-snippet:-1, max-image-preview:large, max-video-preview:-1\" \/>\n<link rel=\"canonical\" href=\"https:\/\/sudoesteacontece.com.br\/?p=9771\" \/>\n<meta property=\"og:locale\" content=\"pt_BR\" \/>\n<meta property=\"og:type\" content=\"article\" \/>\n<meta property=\"og:title\" content=\"MP-BA investiga m\u00e9dico filho da prefeita de Matina por poss\u00edvel ac\u00famulo de cargos - Sudoesteacontece\" \/>\n<meta property=\"og:description\" content=\"Minist\u00e9rio P\u00fablico da Bahia abriu Inqu\u00e9rito Civil para apurar ind\u00edcios de irregularidades envolvendo o m\u00e9dico \u00cdtalo Franco de Castro Cardoso, filho da prefeita Olga Gentil de Castro Cardoso. Investiga\u00e7\u00e3o visa esclarecer se houve ac\u00famulo ilegal de fun\u00e7\u00f5es no servi\u00e7o p\u00fablico municipal. Portaria publicada no Di\u00e1rio da Justi\u00e7a n\u00ba 3.990 registra o procedimento sob IDEA n\u00ba 717.9.281577\/2024. Segundo o MP-BA, \u00cdtalo ocupa cargo comissionado de diretor cl\u00ednico do Hospital Municipal Dr. Jos\u00e9 Borba e presta servi\u00e7os \u00e0 mesma unidade por meio da empresa Cl\u00ednica M\u00e9dica e Odontol\u00f3gica Castro LTDA-ME, da qual \u00e9 propriet\u00e1rio. Pagamentos \u00e0 empresa somaram R$ 404.295,00 em 2023, valor considerado elevado para um \u00fanico prestador de servi\u00e7o. Promotor J\u00fcrgen W. Fleischer Jr. destaca poss\u00edvel sobreposi\u00e7\u00e3o de carga hor\u00e1ria e incompatibilidade entre o cargo comissionado e os servi\u00e7os contratados, al\u00e9m da legalidade da Inexigibilidade de Licita\u00e7\u00e3o n\u00ba 001\/2022. Secret\u00e1rios de Administra\u00e7\u00e3o e Sa\u00fade foram notificados para apresentar folhas de pagamento, contratos e registros de frequ\u00eancia em at\u00e9 15 dias. Tribunal de Contas dos Munic\u00edpios da Bahia tamb\u00e9m foi informado, com objetivo de identificar auditorias ou procedimentos relacionados ao caso. Minist\u00e9rio P\u00fablico busca reunir provas para verificar poss\u00edveis viola\u00e7\u00f5es aos princ\u00edpios da legalidade, impessoalidade e moralidade administrativa. Caso ainda est\u00e1 em apura\u00e7\u00e3o e pode resultar em medidas judiciais ou administrativas, dependendo das conclus\u00f5es do inqu\u00e9rito.\" \/>\n<meta property=\"og:url\" content=\"https:\/\/sudoesteacontece.com.br\/?p=9771\" \/>\n<meta property=\"og:site_name\" content=\"Sudoesteacontece\" \/>\n<meta property=\"article:publisher\" content=\"https:\/\/www.facebook.com\/sudoesteacontece\/?locale=pt_BR\" \/>\n<meta property=\"article:published_time\" content=\"2026-03-02T15:20:19+00:00\" \/>\n<meta property=\"article:modified_time\" content=\"2026-03-02T15:20:23+00:00\" \/>\n<meta property=\"og:image\" content=\"https:\/\/sudoesteacontece.com.br\/wp-content\/uploads\/2026\/03\/MP-BA-investiga-medico-filho-da-prefeita-de-Matina-por-possivel-acumulo-de-cargos.jpg\" \/>\n\t<meta property=\"og:image:width\" content=\"900\" \/>\n\t<meta property=\"og:image:height\" content=\"600\" \/>\n\t<meta property=\"og:image:type\" content=\"image\/jpeg\" \/>\n<meta name=\"author\" content=\"Washington Tiago\" \/>\n<meta name=\"twitter:card\" content=\"summary_large_image\" \/>\n<meta name=\"twitter:label1\" content=\"Escrito por\" \/>\n\t<meta name=\"twitter:data1\" content=\"Washington Tiago\" \/>\n\t<meta name=\"twitter:label2\" content=\"Est. tempo de leitura\" \/>\n\t<meta name=\"twitter:data2\" content=\"2 minutos\" \/>\n<script type=\"application\/ld+json\" class=\"yoast-schema-graph\">{\"@context\":\"https:\/\/schema.org\",\"@graph\":[{\"@type\":\"Article\",\"@id\":\"https:\/\/sudoesteacontece.com.br\/?p=9771#article\",\"isPartOf\":{\"@id\":\"https:\/\/sudoesteacontece.com.br\/?p=9771\"},\"author\":{\"name\":\"Washington Tiago\",\"@id\":\"https:\/\/sudoesteacontece.com.br\/#\/schema\/person\/3cf2cf009926a9683ebc29d5379fa79c\"},\"headline\":\"MP-BA investiga m\u00e9dico filho da prefeita de Matina por poss\u00edvel ac\u00famulo de cargos\",\"datePublished\":\"2026-03-02T15:20:19+00:00\",\"dateModified\":\"2026-03-02T15:20:23+00:00\",\"mainEntityOfPage\":{\"@id\":\"https:\/\/sudoesteacontece.com.br\/?p=9771\"},\"wordCount\":262,\"commentCount\":0,\"publisher\":{\"@id\":\"https:\/\/sudoesteacontece.com.br\/#organization\"},\"image\":{\"@id\":\"https:\/\/sudoesteacontece.com.br\/?p=9771#primaryimage\"},\"thumbnailUrl\":\"https:\/\/sudoesteacontece.com.br\/wp-content\/uploads\/2026\/03\/MP-BA-investiga-medico-filho-da-prefeita-de-Matina-por-possivel-acumulo-de-cargos.jpg\",\"articleSection\":[\"Cidades\",\"Justi\u00e7a\",\"Matina\",\"Sa\u00fade\"],\"inLanguage\":\"pt-BR\",\"potentialAction\":[{\"@type\":\"CommentAction\",\"name\":\"Comment\",\"target\":[\"https:\/\/sudoesteacontece.com.br\/?p=9771#respond\"]}]},{\"@type\":\"WebPage\",\"@id\":\"https:\/\/sudoesteacontece.com.br\/?p=9771\",\"url\":\"https:\/\/sudoesteacontece.com.br\/?p=9771\",\"name\":\"MP-BA investiga m\u00e9dico filho da prefeita de Matina por poss\u00edvel ac\u00famulo de cargos - Sudoesteacontece\",\"isPartOf\":{\"@id\":\"https:\/\/sudoesteacontece.com.br\/#website\"},\"primaryImageOfPage\":{\"@id\":\"https:\/\/sudoesteacontece.com.br\/?p=9771#primaryimage\"},\"image\":{\"@id\":\"https:\/\/sudoesteacontece.com.br\/?p=9771#primaryimage\"},\"thumbnailUrl\":\"https:\/\/sudoesteacontece.com.br\/wp-content\/uploads\/2026\/03\/MP-BA-investiga-medico-filho-da-prefeita-de-Matina-por-possivel-acumulo-de-cargos.jpg\",\"datePublished\":\"2026-03-02T15:20:19+00:00\",\"dateModified\":\"2026-03-02T15:20:23+00:00\",\"breadcrumb\":{\"@id\":\"https:\/\/sudoesteacontece.com.br\/?p=9771#breadcrumb\"},\"inLanguage\":\"pt-BR\",\"potentialAction\":[{\"@type\":\"ReadAction\",\"target\":[\"https:\/\/sudoesteacontece.com.br\/?p=9771\"]}]},{\"@type\":\"ImageObject\",\"inLanguage\":\"pt-BR\",\"@id\":\"https:\/\/sudoesteacontece.com.br\/?p=9771#primaryimage\",\"url\":\"https:\/\/sudoesteacontece.com.br\/wp-content\/uploads\/2026\/03\/MP-BA-investiga-medico-filho-da-prefeita-de-Matina-por-possivel-acumulo-de-cargos.jpg\",\"contentUrl\":\"https:\/\/sudoesteacontece.com.br\/wp-content\/uploads\/2026\/03\/MP-BA-investiga-medico-filho-da-prefeita-de-Matina-por-possivel-acumulo-de-cargos.jpg\",\"width\":900,\"height\":600},{\"@type\":\"BreadcrumbList\",\"@id\":\"https:\/\/sudoesteacontece.com.br\/?p=9771#breadcrumb\",\"itemListElement\":[{\"@type\":\"ListItem\",\"position\":1,\"name\":\"In\u00edcio\",\"item\":\"https:\/\/sudoesteacontece.com.br\/\"},{\"@type\":\"ListItem\",\"position\":2,\"name\":\"MP-BA investiga m\u00e9dico filho da prefeita de Matina por poss\u00edvel ac\u00famulo de cargos\"}]},{\"@type\":\"WebSite\",\"@id\":\"https:\/\/sudoesteacontece.com.br\/#website\",\"url\":\"https:\/\/sudoesteacontece.com.br\/\",\"name\":\"Sudoesteacontece\",\"description\":\"\",\"publisher\":{\"@id\":\"https:\/\/sudoesteacontece.com.br\/#organization\"},\"potentialAction\":[{\"@type\":\"SearchAction\",\"target\":{\"@type\":\"EntryPoint\",\"urlTemplate\":\"https:\/\/sudoesteacontece.com.br\/?s={search_term_string}\"},\"query-input\":{\"@type\":\"PropertyValueSpecification\",\"valueRequired\":true,\"valueName\":\"search_term_string\"}}],\"inLanguage\":\"pt-BR\"},{\"@type\":\"Organization\",\"@id\":\"https:\/\/sudoesteacontece.com.br\/#organization\",\"name\":\"Sudoesteacontece\",\"url\":\"https:\/\/sudoesteacontece.com.br\/\",\"logo\":{\"@type\":\"ImageObject\",\"inLanguage\":\"pt-BR\",\"@id\":\"https:\/\/sudoesteacontece.com.br\/#\/schema\/logo\/image\/\",\"url\":\"https:\/\/sudoesteacontece.com.br\/wp-content\/uploads\/2025\/12\/cropped-logo-2-180x180-1.png\",\"contentUrl\":\"https:\/\/sudoesteacontece.com.br\/wp-content\/uploads\/2025\/12\/cropped-logo-2-180x180-1.png\",\"width\":180,\"height\":180,\"caption\":\"Sudoesteacontece\"},\"image\":{\"@id\":\"https:\/\/sudoesteacontece.com.br\/#\/schema\/logo\/image\/\"},\"sameAs\":[\"https:\/\/www.facebook.com\/sudoesteacontece\/?locale=pt_BR\"]},{\"@type\":\"Person\",\"@id\":\"https:\/\/sudoesteacontece.com.br\/#\/schema\/person\/3cf2cf009926a9683ebc29d5379fa79c\",\"name\":\"Washington Tiago\",\"image\":{\"@type\":\"ImageObject\",\"inLanguage\":\"pt-BR\",\"@id\":\"https:\/\/sudoesteacontece.com.br\/#\/schema\/person\/image\/\",\"url\":\"https:\/\/secure.gravatar.com\/avatar\/33c43b8668157e040f9d1fe93c354bf087cbd8ba36270c1163198bd3ddcf2a56?s=96&d=mm&r=g\",\"contentUrl\":\"https:\/\/secure.gravatar.com\/avatar\/33c43b8668157e040f9d1fe93c354bf087cbd8ba36270c1163198bd3ddcf2a56?s=96&d=mm&r=g\",\"caption\":\"Washington Tiago\"},\"url\":\"https:\/\/sudoesteacontece.com.br\/?author=2\"}]}<\/script>\n<!-- \/ Yoast SEO plugin. -->","yoast_head_json":{"title":"MP-BA investiga m\u00e9dico filho da prefeita de Matina por poss\u00edvel ac\u00famulo de cargos - Sudoesteacontece","robots":{"index":"index","follow":"follow","max-snippet":"max-snippet:-1","max-image-preview":"max-image-preview:large","max-video-preview":"max-video-preview:-1"},"canonical":"https:\/\/sudoesteacontece.com.br\/?p=9771","og_locale":"pt_BR","og_type":"article","og_title":"MP-BA investiga m\u00e9dico filho da prefeita de Matina por poss\u00edvel ac\u00famulo de cargos - Sudoesteacontece","og_description":"Minist\u00e9rio P\u00fablico da Bahia abriu Inqu\u00e9rito Civil para apurar ind\u00edcios de irregularidades envolvendo o m\u00e9dico \u00cdtalo Franco de Castro Cardoso, filho da prefeita Olga Gentil de Castro Cardoso. Investiga\u00e7\u00e3o visa esclarecer se houve ac\u00famulo ilegal de fun\u00e7\u00f5es no servi\u00e7o p\u00fablico municipal. Portaria publicada no Di\u00e1rio da Justi\u00e7a n\u00ba 3.990 registra o procedimento sob IDEA n\u00ba 717.9.281577\/2024. Segundo o MP-BA, \u00cdtalo ocupa cargo comissionado de diretor cl\u00ednico do Hospital Municipal Dr. Jos\u00e9 Borba e presta servi\u00e7os \u00e0 mesma unidade por meio da empresa Cl\u00ednica M\u00e9dica e Odontol\u00f3gica Castro LTDA-ME, da qual \u00e9 propriet\u00e1rio. Pagamentos \u00e0 empresa somaram R$ 404.295,00 em 2023, valor considerado elevado para um \u00fanico prestador de servi\u00e7o. Promotor J\u00fcrgen W. Fleischer Jr. destaca poss\u00edvel sobreposi\u00e7\u00e3o de carga hor\u00e1ria e incompatibilidade entre o cargo comissionado e os servi\u00e7os contratados, al\u00e9m da legalidade da Inexigibilidade de Licita\u00e7\u00e3o n\u00ba 001\/2022. Secret\u00e1rios de Administra\u00e7\u00e3o e Sa\u00fade foram notificados para apresentar folhas de pagamento, contratos e registros de frequ\u00eancia em at\u00e9 15 dias. Tribunal de Contas dos Munic\u00edpios da Bahia tamb\u00e9m foi informado, com objetivo de identificar auditorias ou procedimentos relacionados ao caso. Minist\u00e9rio P\u00fablico busca reunir provas para verificar poss\u00edveis viola\u00e7\u00f5es aos princ\u00edpios da legalidade, impessoalidade e moralidade administrativa. Caso ainda est\u00e1 em apura\u00e7\u00e3o e pode resultar em medidas judiciais ou administrativas, dependendo das conclus\u00f5es do inqu\u00e9rito.","og_url":"https:\/\/sudoesteacontece.com.br\/?p=9771","og_site_name":"Sudoesteacontece","article_publisher":"https:\/\/www.facebook.com\/sudoesteacontece\/?locale=pt_BR","article_published_time":"2026-03-02T15:20:19+00:00","article_modified_time":"2026-03-02T15:20:23+00:00","og_image":[{"width":900,"height":600,"url":"https:\/\/sudoesteacontece.com.br\/wp-content\/uploads\/2026\/03\/MP-BA-investiga-medico-filho-da-prefeita-de-Matina-por-possivel-acumulo-de-cargos.jpg","type":"image\/jpeg"}],"author":"Washington Tiago","twitter_card":"summary_large_image","twitter_misc":{"Escrito por":"Washington Tiago","Est. tempo de leitura":"2 minutos"},"schema":{"@context":"https:\/\/schema.org","@graph":[{"@type":"Article","@id":"https:\/\/sudoesteacontece.com.br\/?p=9771#article","isPartOf":{"@id":"https:\/\/sudoesteacontece.com.br\/?p=9771"},"author":{"name":"Washington Tiago","@id":"https:\/\/sudoesteacontece.com.br\/#\/schema\/person\/3cf2cf009926a9683ebc29d5379fa79c"},"headline":"MP-BA investiga m\u00e9dico filho da prefeita de Matina por poss\u00edvel ac\u00famulo de cargos","datePublished":"2026-03-02T15:20:19+00:00","dateModified":"2026-03-02T15:20:23+00:00","mainEntityOfPage":{"@id":"https:\/\/sudoesteacontece.com.br\/?p=9771"},"wordCount":262,"commentCount":0,"publisher":{"@id":"https:\/\/sudoesteacontece.com.br\/#organization"},"image":{"@id":"https:\/\/sudoesteacontece.com.br\/?p=9771#primaryimage"},"thumbnailUrl":"https:\/\/sudoesteacontece.com.br\/wp-content\/uploads\/2026\/03\/MP-BA-investiga-medico-filho-da-prefeita-de-Matina-por-possivel-acumulo-de-cargos.jpg","articleSection":["Cidades","Justi\u00e7a","Matina","Sa\u00fade"],"inLanguage":"pt-BR","potentialAction":[{"@type":"CommentAction","name":"Comment","target":["https:\/\/sudoesteacontece.com.br\/?p=9771#respond"]}]},{"@type":"WebPage","@id":"https:\/\/sudoesteacontece.com.br\/?p=9771","url":"https:\/\/sudoesteacontece.com.br\/?p=9771","name":"MP-BA investiga m\u00e9dico filho da prefeita de Matina por poss\u00edvel ac\u00famulo de cargos - Sudoesteacontece","isPartOf":{"@id":"https:\/\/sudoesteacontece.com.br\/#website"},"primaryImageOfPage":{"@id":"https:\/\/sudoesteacontece.com.br\/?p=9771#primaryimage"},"image":{"@id":"https:\/\/sudoesteacontece.com.br\/?p=9771#primaryimage"},"thumbnailUrl":"https:\/\/sudoesteacontece.com.br\/wp-content\/uploads\/2026\/03\/MP-BA-investiga-medico-filho-da-prefeita-de-Matina-por-possivel-acumulo-de-cargos.jpg","datePublished":"2026-03-02T15:20:19+00:00","dateModified":"2026-03-02T15:20:23+00:00","breadcrumb":{"@id":"https:\/\/sudoesteacontece.com.br\/?p=9771#breadcrumb"},"inLanguage":"pt-BR","potentialAction":[{"@type":"ReadAction","target":["https:\/\/sudoesteacontece.com.br\/?p=9771"]}]},{"@type":"ImageObject","inLanguage":"pt-BR","@id":"https:\/\/sudoesteacontece.com.br\/?p=9771#primaryimage","url":"https:\/\/sudoesteacontece.com.br\/wp-content\/uploads\/2026\/03\/MP-BA-investiga-medico-filho-da-prefeita-de-Matina-por-possivel-acumulo-de-cargos.jpg","contentUrl":"https:\/\/sudoesteacontece.com.br\/wp-content\/uploads\/2026\/03\/MP-BA-investiga-medico-filho-da-prefeita-de-Matina-por-possivel-acumulo-de-cargos.jpg","width":900,"height":600},{"@type":"BreadcrumbList","@id":"https:\/\/sudoesteacontece.com.br\/?p=9771#breadcrumb","itemListElement":[{"@type":"ListItem","position":1,"name":"In\u00edcio","item":"https:\/\/sudoesteacontece.com.br\/"},{"@type":"ListItem","position":2,"name":"MP-BA investiga m\u00e9dico filho da prefeita de Matina por poss\u00edvel ac\u00famulo de cargos"}]},{"@type":"WebSite","@id":"https:\/\/sudoesteacontece.com.br\/#website","url":"https:\/\/sudoesteacontece.com.br\/","name":"Sudoesteacontece","description":"","publisher":{"@id":"https:\/\/sudoesteacontece.com.br\/#organization"},"potentialAction":[{"@type":"SearchAction","target":{"@type":"EntryPoint","urlTemplate":"https:\/\/sudoesteacontece.com.br\/?s={search_term_string}"},"query-input":{"@type":"PropertyValueSpecification","valueRequired":true,"valueName":"search_term_string"}}],"inLanguage":"pt-BR"},{"@type":"Organization","@id":"https:\/\/sudoesteacontece.com.br\/#organization","name":"Sudoesteacontece","url":"https:\/\/sudoesteacontece.com.br\/","logo":{"@type":"ImageObject","inLanguage":"pt-BR","@id":"https:\/\/sudoesteacontece.com.br\/#\/schema\/logo\/image\/","url":"https:\/\/sudoesteacontece.com.br\/wp-content\/uploads\/2025\/12\/cropped-logo-2-180x180-1.png","contentUrl":"https:\/\/sudoesteacontece.com.br\/wp-content\/uploads\/2025\/12\/cropped-logo-2-180x180-1.png","width":180,"height":180,"caption":"Sudoesteacontece"},"image":{"@id":"https:\/\/sudoesteacontece.com.br\/#\/schema\/logo\/image\/"},"sameAs":["https:\/\/www.facebook.com\/sudoesteacontece\/?locale=pt_BR"]},{"@type":"Person","@id":"https:\/\/sudoesteacontece.com.br\/#\/schema\/person\/3cf2cf009926a9683ebc29d5379fa79c","name":"Washington Tiago","image":{"@type":"ImageObject","inLanguage":"pt-BR","@id":"https:\/\/sudoesteacontece.com.br\/#\/schema\/person\/image\/","url":"https:\/\/secure.gravatar.com\/avatar\/33c43b8668157e040f9d1fe93c354bf087cbd8ba36270c1163198bd3ddcf2a56?s=96&d=mm&r=g","contentUrl":"https:\/\/secure.gravatar.com\/avatar\/33c43b8668157e040f9d1fe93c354bf087cbd8ba36270c1163198bd3ddcf2a56?s=96&d=mm&r=g","caption":"Washington Tiago"},"url":"https:\/\/sudoesteacontece.com.br\/?author=2"}]}},"_links":{"self":[{"href":"https:\/\/sudoesteacontece.com.br\/index.php?rest_route=\/wp\/v2\/posts\/9771","targetHints":{"allow":["GET"]}}],"collection":[{"href":"https:\/\/sudoesteacontece.com.br\/index.php?rest_route=\/wp\/v2\/posts"}],"about":[{"href":"https:\/\/sudoesteacontece.com.br\/index.php?rest_route=\/wp\/v2\/types\/post"}],"author":[{"embeddable":true,"href":"https:\/\/sudoesteacontece.com.br\/index.php?rest_route=\/wp\/v2\/users\/2"}],"replies":[{"embeddable":true,"href":"https:\/\/sudoesteacontece.com.br\/index.php?rest_route=%2Fwp%2Fv2%2Fcomments&post=9771"}],"version-history":[{"count":0,"href":"https:\/\/sudoesteacontece.com.br\/index.php?rest_route=\/wp\/v2\/posts\/9771\/revisions"}],"wp:featuredmedia":[{"embeddable":true,"href":"https:\/\/sudoesteacontece.com.br\/index.php?rest_route=\/wp\/v2\/media\/9829"}],"wp:attachment":[{"href":"https:\/\/sudoesteacontece.com.br\/index.php?rest_route=%2Fwp%2Fv2%2Fmedia&parent=9771"}],"wp:term":[{"taxonomy":"category","embeddable":true,"href":"https:\/\/sudoesteacontece.com.br\/index.php?rest_route=%2Fwp%2Fv2%2Fcategories&post=9771"},{"taxonomy":"post_tag","embeddable":true,"href":"https:\/\/sudoesteacontece.com.br\/index.php?rest_route=%2Fwp%2Fv2%2Ftags&post=9771"}],"curies":[{"name":"wp","href":"https:\/\/api.w.org\/{rel}","templated":true}]}}