{"id":9773,"date":"2026-03-02T12:21:53","date_gmt":"2026-03-02T15:21:53","guid":{"rendered":"https:\/\/sudoesteacontece.com.br\/?p=9773"},"modified":"2026-03-02T12:21:58","modified_gmt":"2026-03-02T15:21:58","slug":"ataque-violento-em-guanambi-jovem-e-ferido-com-barra-de-ferro-e-carro-alvejado-a-tiros","status":"publish","type":"post","link":"https:\/\/sudoesteacontece.com.br\/?p=9773","title":{"rendered":"Ataque violento em Guanambi: jovem \u00e9 ferido com barra de ferro e carro alvejado a tiros"},"content":{"rendered":"<div class=\"wp-block-image\">\n<figure class=\"aligncenter size-full\"><img fetchpriority=\"high\" decoding=\"async\" width=\"900\" height=\"600\" src=\"http:\/\/sudoesteacontece.com.br\/wp-content\/uploads\/2026\/03\/MP-BA-investiga-medico-filho-da-prefeita-de-Matina-por-possivel-acumulo-de-cargos-2.jpg\" alt=\"\" class=\"wp-image-9831\" srcset=\"https:\/\/sudoesteacontece.com.br\/wp-content\/uploads\/2026\/03\/MP-BA-investiga-medico-filho-da-prefeita-de-Matina-por-possivel-acumulo-de-cargos-2.jpg 900w, https:\/\/sudoesteacontece.com.br\/wp-content\/uploads\/2026\/03\/MP-BA-investiga-medico-filho-da-prefeita-de-Matina-por-possivel-acumulo-de-cargos-2-300x200.jpg 300w, https:\/\/sudoesteacontece.com.br\/wp-content\/uploads\/2026\/03\/MP-BA-investiga-medico-filho-da-prefeita-de-Matina-por-possivel-acumulo-de-cargos-2-768x512.jpg 768w\" sizes=\"(max-width: 900px) 100vw, 900px\" \/><\/figure>\n<\/div>\n\n\n<p>Crime assustou moradores do Residencial das \u00c1rvores, em Guanambi, na tarde de s\u00e1bado, dia 28. Jovem de 24 anos foi atingido na cabe\u00e7a por uma barra de ferro e teve ve\u00edculo alvejado por disparos de espingarda calibre 12. Suspeito fugiu imediatamente, deixando v\u00edtimas e vizinhos em estado de choque diante da viol\u00eancia.<\/p>\n\n\n\n<p>Equipes do 17\u00ba Batalh\u00e3o de Pol\u00edcia Militar chegaram ao local ap\u00f3s acionamento de moradores que ouviram os tiros. Relatos de uma mulher de 48 anos apontaram que o filho foi ferido com gravidade e sangrava bastante. A a\u00e7\u00e3o do suspeito ocorreu de forma r\u00e1pida e cruel, atingindo tanto a v\u00edtima quanto seu carro, que estava estacionado nas proximidades.<\/p>\n\n\n\n<p>Buscas foram realizadas nas \u00e1reas de matagal pr\u00f3ximas, mas suspeito n\u00e3o foi localizado. Jovem ferido procurou atendimento por conta pr\u00f3pria na Unidade de Pronto Atendimento (UPA) de Guanambi. Autoridades investigam o caso para esclarecer motiva\u00e7\u00e3o e circunst\u00e2ncias do ataque, refor\u00e7ando seguran\u00e7a na regi\u00e3o enquanto o suspeito segue foragido.<\/p>\n","protected":false},"excerpt":{"rendered":"<p>Crime assustou moradores do Residencial das \u00c1rvores, em Guanambi, na tarde de s\u00e1bado, dia 28. Jovem de 24 anos foi atingido na cabe\u00e7a por uma barra de ferro e teve ve\u00edculo alvejado por disparos de espingarda calibre 12. Suspeito fugiu imediatamente, deixando v\u00edtimas e vizinhos em estado de choque diante da viol\u00eancia. Equipes do 17\u00ba Batalh\u00e3o de Pol\u00edcia Militar chegaram ao local ap\u00f3s acionamento de moradores que ouviram os tiros. Relatos de uma mulher de 48 anos apontaram que o filho foi ferido com gravidade e sangrava bastante. A a\u00e7\u00e3o do suspeito ocorreu de forma r\u00e1pida e cruel, atingindo tanto a v\u00edtima quanto seu carro, que estava estacionado nas proximidades. Buscas foram realizadas nas \u00e1reas de matagal pr\u00f3ximas, mas suspeito n\u00e3o foi localizado. Jovem ferido procurou atendimento por conta pr\u00f3pria na Unidade de Pronto Atendimento (UPA) de Guanambi. Autoridades investigam o caso para esclarecer motiva\u00e7\u00e3o e circunst\u00e2ncias do ataque, refor\u00e7ando seguran\u00e7a na regi\u00e3o enquanto o suspeito segue foragido.<\/p>\n","protected":false},"author":2,"featured_media":9831,"comment_status":"open","ping_status":"open","sticky":false,"template":"","format":"standard","meta":{"footnotes":""},"categories":[4,17,3],"tags":[],"class_list":["post-9773","post","type-post","status-publish","format-standard","has-post-thumbnail","hentry","category-cidades","category-guanambi","category-policia"],"yoast_head":"<!-- This site is optimized with the Yoast SEO plugin v26.5 - https:\/\/yoast.com\/wordpress\/plugins\/seo\/ -->\n<title>Ataque violento em Guanambi: jovem \u00e9 ferido com barra de ferro e carro alvejado a tiros - Sudoesteacontece<\/title>\n<meta name=\"robots\" content=\"index, follow, max-snippet:-1, max-image-preview:large, max-video-preview:-1\" \/>\n<link rel=\"canonical\" href=\"https:\/\/sudoesteacontece.com.br\/?p=9773\" \/>\n<meta property=\"og:locale\" content=\"pt_BR\" \/>\n<meta property=\"og:type\" content=\"article\" \/>\n<meta property=\"og:title\" content=\"Ataque violento em Guanambi: jovem \u00e9 ferido com barra de ferro e carro alvejado a tiros - Sudoesteacontece\" \/>\n<meta property=\"og:description\" content=\"Crime assustou moradores do Residencial das \u00c1rvores, em Guanambi, na tarde de s\u00e1bado, dia 28. Jovem de 24 anos foi atingido na cabe\u00e7a por uma barra de ferro e teve ve\u00edculo alvejado por disparos de espingarda calibre 12. Suspeito fugiu imediatamente, deixando v\u00edtimas e vizinhos em estado de choque diante da viol\u00eancia. Equipes do 17\u00ba Batalh\u00e3o de Pol\u00edcia Militar chegaram ao local ap\u00f3s acionamento de moradores que ouviram os tiros. Relatos de uma mulher de 48 anos apontaram que o filho foi ferido com gravidade e sangrava bastante. A a\u00e7\u00e3o do suspeito ocorreu de forma r\u00e1pida e cruel, atingindo tanto a v\u00edtima quanto seu carro, que estava estacionado nas proximidades. Buscas foram realizadas nas \u00e1reas de matagal pr\u00f3ximas, mas suspeito n\u00e3o foi localizado. Jovem ferido procurou atendimento por conta pr\u00f3pria na Unidade de Pronto Atendimento (UPA) de Guanambi. Autoridades investigam o caso para esclarecer motiva\u00e7\u00e3o e circunst\u00e2ncias do ataque, refor\u00e7ando seguran\u00e7a na regi\u00e3o enquanto o suspeito segue foragido.\" \/>\n<meta property=\"og:url\" content=\"https:\/\/sudoesteacontece.com.br\/?p=9773\" \/>\n<meta property=\"og:site_name\" content=\"Sudoesteacontece\" \/>\n<meta property=\"article:publisher\" content=\"https:\/\/www.facebook.com\/sudoesteacontece\/?locale=pt_BR\" \/>\n<meta property=\"article:published_time\" content=\"2026-03-02T15:21:53+00:00\" \/>\n<meta property=\"article:modified_time\" content=\"2026-03-02T15:21:58+00:00\" \/>\n<meta property=\"og:image\" content=\"https:\/\/sudoesteacontece.com.br\/wp-content\/uploads\/2026\/03\/MP-BA-investiga-medico-filho-da-prefeita-de-Matina-por-possivel-acumulo-de-cargos-2.jpg\" \/>\n\t<meta property=\"og:image:width\" content=\"900\" \/>\n\t<meta property=\"og:image:height\" content=\"600\" \/>\n\t<meta property=\"og:image:type\" content=\"image\/jpeg\" \/>\n<meta name=\"author\" content=\"Washington Tiago\" \/>\n<meta name=\"twitter:card\" content=\"summary_large_image\" \/>\n<meta name=\"twitter:label1\" content=\"Escrito por\" \/>\n\t<meta name=\"twitter:data1\" content=\"Washington Tiago\" \/>\n\t<meta name=\"twitter:label2\" content=\"Est. tempo de leitura\" \/>\n\t<meta name=\"twitter:data2\" content=\"2 minutos\" \/>\n<script type=\"application\/ld+json\" class=\"yoast-schema-graph\">{\"@context\":\"https:\/\/schema.org\",\"@graph\":[{\"@type\":\"Article\",\"@id\":\"https:\/\/sudoesteacontece.com.br\/?p=9773#article\",\"isPartOf\":{\"@id\":\"https:\/\/sudoesteacontece.com.br\/?p=9773\"},\"author\":{\"name\":\"Washington Tiago\",\"@id\":\"https:\/\/sudoesteacontece.com.br\/#\/schema\/person\/3cf2cf009926a9683ebc29d5379fa79c\"},\"headline\":\"Ataque violento em Guanambi: jovem \u00e9 ferido com barra de ferro e carro alvejado a tiros\",\"datePublished\":\"2026-03-02T15:21:53+00:00\",\"dateModified\":\"2026-03-02T15:21:58+00:00\",\"mainEntityOfPage\":{\"@id\":\"https:\/\/sudoesteacontece.com.br\/?p=9773\"},\"wordCount\":187,\"commentCount\":0,\"publisher\":{\"@id\":\"https:\/\/sudoesteacontece.com.br\/#organization\"},\"image\":{\"@id\":\"https:\/\/sudoesteacontece.com.br\/?p=9773#primaryimage\"},\"thumbnailUrl\":\"https:\/\/sudoesteacontece.com.br\/wp-content\/uploads\/2026\/03\/MP-BA-investiga-medico-filho-da-prefeita-de-Matina-por-possivel-acumulo-de-cargos-2.jpg\",\"articleSection\":[\"Cidades\",\"Guanambi\",\"Pol\u00edcia\"],\"inLanguage\":\"pt-BR\",\"potentialAction\":[{\"@type\":\"CommentAction\",\"name\":\"Comment\",\"target\":[\"https:\/\/sudoesteacontece.com.br\/?p=9773#respond\"]}]},{\"@type\":\"WebPage\",\"@id\":\"https:\/\/sudoesteacontece.com.br\/?p=9773\",\"url\":\"https:\/\/sudoesteacontece.com.br\/?p=9773\",\"name\":\"Ataque violento em Guanambi: jovem \u00e9 ferido com barra de ferro e carro alvejado a tiros - Sudoesteacontece\",\"isPartOf\":{\"@id\":\"https:\/\/sudoesteacontece.com.br\/#website\"},\"primaryImageOfPage\":{\"@id\":\"https:\/\/sudoesteacontece.com.br\/?p=9773#primaryimage\"},\"image\":{\"@id\":\"https:\/\/sudoesteacontece.com.br\/?p=9773#primaryimage\"},\"thumbnailUrl\":\"https:\/\/sudoesteacontece.com.br\/wp-content\/uploads\/2026\/03\/MP-BA-investiga-medico-filho-da-prefeita-de-Matina-por-possivel-acumulo-de-cargos-2.jpg\",\"datePublished\":\"2026-03-02T15:21:53+00:00\",\"dateModified\":\"2026-03-02T15:21:58+00:00\",\"breadcrumb\":{\"@id\":\"https:\/\/sudoesteacontece.com.br\/?p=9773#breadcrumb\"},\"inLanguage\":\"pt-BR\",\"potentialAction\":[{\"@type\":\"ReadAction\",\"target\":[\"https:\/\/sudoesteacontece.com.br\/?p=9773\"]}]},{\"@type\":\"ImageObject\",\"inLanguage\":\"pt-BR\",\"@id\":\"https:\/\/sudoesteacontece.com.br\/?p=9773#primaryimage\",\"url\":\"https:\/\/sudoesteacontece.com.br\/wp-content\/uploads\/2026\/03\/MP-BA-investiga-medico-filho-da-prefeita-de-Matina-por-possivel-acumulo-de-cargos-2.jpg\",\"contentUrl\":\"https:\/\/sudoesteacontece.com.br\/wp-content\/uploads\/2026\/03\/MP-BA-investiga-medico-filho-da-prefeita-de-Matina-por-possivel-acumulo-de-cargos-2.jpg\",\"width\":900,\"height\":600},{\"@type\":\"BreadcrumbList\",\"@id\":\"https:\/\/sudoesteacontece.com.br\/?p=9773#breadcrumb\",\"itemListElement\":[{\"@type\":\"ListItem\",\"position\":1,\"name\":\"In\u00edcio\",\"item\":\"https:\/\/sudoesteacontece.com.br\/\"},{\"@type\":\"ListItem\",\"position\":2,\"name\":\"Ataque violento em Guanambi: jovem \u00e9 ferido com barra de ferro e carro alvejado a tiros\"}]},{\"@type\":\"WebSite\",\"@id\":\"https:\/\/sudoesteacontece.com.br\/#website\",\"url\":\"https:\/\/sudoesteacontece.com.br\/\",\"name\":\"Sudoesteacontece\",\"description\":\"\",\"publisher\":{\"@id\":\"https:\/\/sudoesteacontece.com.br\/#organization\"},\"potentialAction\":[{\"@type\":\"SearchAction\",\"target\":{\"@type\":\"EntryPoint\",\"urlTemplate\":\"https:\/\/sudoesteacontece.com.br\/?s={search_term_string}\"},\"query-input\":{\"@type\":\"PropertyValueSpecification\",\"valueRequired\":true,\"valueName\":\"search_term_string\"}}],\"inLanguage\":\"pt-BR\"},{\"@type\":\"Organization\",\"@id\":\"https:\/\/sudoesteacontece.com.br\/#organization\",\"name\":\"Sudoesteacontece\",\"url\":\"https:\/\/sudoesteacontece.com.br\/\",\"logo\":{\"@type\":\"ImageObject\",\"inLanguage\":\"pt-BR\",\"@id\":\"https:\/\/sudoesteacontece.com.br\/#\/schema\/logo\/image\/\",\"url\":\"https:\/\/sudoesteacontece.com.br\/wp-content\/uploads\/2025\/12\/cropped-logo-2-180x180-1.png\",\"contentUrl\":\"https:\/\/sudoesteacontece.com.br\/wp-content\/uploads\/2025\/12\/cropped-logo-2-180x180-1.png\",\"width\":180,\"height\":180,\"caption\":\"Sudoesteacontece\"},\"image\":{\"@id\":\"https:\/\/sudoesteacontece.com.br\/#\/schema\/logo\/image\/\"},\"sameAs\":[\"https:\/\/www.facebook.com\/sudoesteacontece\/?locale=pt_BR\"]},{\"@type\":\"Person\",\"@id\":\"https:\/\/sudoesteacontece.com.br\/#\/schema\/person\/3cf2cf009926a9683ebc29d5379fa79c\",\"name\":\"Washington Tiago\",\"image\":{\"@type\":\"ImageObject\",\"inLanguage\":\"pt-BR\",\"@id\":\"https:\/\/sudoesteacontece.com.br\/#\/schema\/person\/image\/\",\"url\":\"https:\/\/secure.gravatar.com\/avatar\/33c43b8668157e040f9d1fe93c354bf087cbd8ba36270c1163198bd3ddcf2a56?s=96&d=mm&r=g\",\"contentUrl\":\"https:\/\/secure.gravatar.com\/avatar\/33c43b8668157e040f9d1fe93c354bf087cbd8ba36270c1163198bd3ddcf2a56?s=96&d=mm&r=g\",\"caption\":\"Washington Tiago\"},\"url\":\"https:\/\/sudoesteacontece.com.br\/?author=2\"}]}<\/script>\n<!-- \/ Yoast SEO plugin. -->","yoast_head_json":{"title":"Ataque violento em Guanambi: jovem \u00e9 ferido com barra de ferro e carro alvejado a tiros - Sudoesteacontece","robots":{"index":"index","follow":"follow","max-snippet":"max-snippet:-1","max-image-preview":"max-image-preview:large","max-video-preview":"max-video-preview:-1"},"canonical":"https:\/\/sudoesteacontece.com.br\/?p=9773","og_locale":"pt_BR","og_type":"article","og_title":"Ataque violento em Guanambi: jovem \u00e9 ferido com barra de ferro e carro alvejado a tiros - Sudoesteacontece","og_description":"Crime assustou moradores do Residencial das \u00c1rvores, em Guanambi, na tarde de s\u00e1bado, dia 28. Jovem de 24 anos foi atingido na cabe\u00e7a por uma barra de ferro e teve ve\u00edculo alvejado por disparos de espingarda calibre 12. Suspeito fugiu imediatamente, deixando v\u00edtimas e vizinhos em estado de choque diante da viol\u00eancia. Equipes do 17\u00ba Batalh\u00e3o de Pol\u00edcia Militar chegaram ao local ap\u00f3s acionamento de moradores que ouviram os tiros. Relatos de uma mulher de 48 anos apontaram que o filho foi ferido com gravidade e sangrava bastante. A a\u00e7\u00e3o do suspeito ocorreu de forma r\u00e1pida e cruel, atingindo tanto a v\u00edtima quanto seu carro, que estava estacionado nas proximidades. Buscas foram realizadas nas \u00e1reas de matagal pr\u00f3ximas, mas suspeito n\u00e3o foi localizado. Jovem ferido procurou atendimento por conta pr\u00f3pria na Unidade de Pronto Atendimento (UPA) de Guanambi. Autoridades investigam o caso para esclarecer motiva\u00e7\u00e3o e circunst\u00e2ncias do ataque, refor\u00e7ando seguran\u00e7a na regi\u00e3o enquanto o suspeito segue foragido.","og_url":"https:\/\/sudoesteacontece.com.br\/?p=9773","og_site_name":"Sudoesteacontece","article_publisher":"https:\/\/www.facebook.com\/sudoesteacontece\/?locale=pt_BR","article_published_time":"2026-03-02T15:21:53+00:00","article_modified_time":"2026-03-02T15:21:58+00:00","og_image":[{"width":900,"height":600,"url":"https:\/\/sudoesteacontece.com.br\/wp-content\/uploads\/2026\/03\/MP-BA-investiga-medico-filho-da-prefeita-de-Matina-por-possivel-acumulo-de-cargos-2.jpg","type":"image\/jpeg"}],"author":"Washington Tiago","twitter_card":"summary_large_image","twitter_misc":{"Escrito por":"Washington Tiago","Est. tempo de leitura":"2 minutos"},"schema":{"@context":"https:\/\/schema.org","@graph":[{"@type":"Article","@id":"https:\/\/sudoesteacontece.com.br\/?p=9773#article","isPartOf":{"@id":"https:\/\/sudoesteacontece.com.br\/?p=9773"},"author":{"name":"Washington Tiago","@id":"https:\/\/sudoesteacontece.com.br\/#\/schema\/person\/3cf2cf009926a9683ebc29d5379fa79c"},"headline":"Ataque violento em Guanambi: jovem \u00e9 ferido com barra de ferro e carro alvejado a tiros","datePublished":"2026-03-02T15:21:53+00:00","dateModified":"2026-03-02T15:21:58+00:00","mainEntityOfPage":{"@id":"https:\/\/sudoesteacontece.com.br\/?p=9773"},"wordCount":187,"commentCount":0,"publisher":{"@id":"https:\/\/sudoesteacontece.com.br\/#organization"},"image":{"@id":"https:\/\/sudoesteacontece.com.br\/?p=9773#primaryimage"},"thumbnailUrl":"https:\/\/sudoesteacontece.com.br\/wp-content\/uploads\/2026\/03\/MP-BA-investiga-medico-filho-da-prefeita-de-Matina-por-possivel-acumulo-de-cargos-2.jpg","articleSection":["Cidades","Guanambi","Pol\u00edcia"],"inLanguage":"pt-BR","potentialAction":[{"@type":"CommentAction","name":"Comment","target":["https:\/\/sudoesteacontece.com.br\/?p=9773#respond"]}]},{"@type":"WebPage","@id":"https:\/\/sudoesteacontece.com.br\/?p=9773","url":"https:\/\/sudoesteacontece.com.br\/?p=9773","name":"Ataque violento em Guanambi: jovem \u00e9 ferido com barra de ferro e carro alvejado a tiros - Sudoesteacontece","isPartOf":{"@id":"https:\/\/sudoesteacontece.com.br\/#website"},"primaryImageOfPage":{"@id":"https:\/\/sudoesteacontece.com.br\/?p=9773#primaryimage"},"image":{"@id":"https:\/\/sudoesteacontece.com.br\/?p=9773#primaryimage"},"thumbnailUrl":"https:\/\/sudoesteacontece.com.br\/wp-content\/uploads\/2026\/03\/MP-BA-investiga-medico-filho-da-prefeita-de-Matina-por-possivel-acumulo-de-cargos-2.jpg","datePublished":"2026-03-02T15:21:53+00:00","dateModified":"2026-03-02T15:21:58+00:00","breadcrumb":{"@id":"https:\/\/sudoesteacontece.com.br\/?p=9773#breadcrumb"},"inLanguage":"pt-BR","potentialAction":[{"@type":"ReadAction","target":["https:\/\/sudoesteacontece.com.br\/?p=9773"]}]},{"@type":"ImageObject","inLanguage":"pt-BR","@id":"https:\/\/sudoesteacontece.com.br\/?p=9773#primaryimage","url":"https:\/\/sudoesteacontece.com.br\/wp-content\/uploads\/2026\/03\/MP-BA-investiga-medico-filho-da-prefeita-de-Matina-por-possivel-acumulo-de-cargos-2.jpg","contentUrl":"https:\/\/sudoesteacontece.com.br\/wp-content\/uploads\/2026\/03\/MP-BA-investiga-medico-filho-da-prefeita-de-Matina-por-possivel-acumulo-de-cargos-2.jpg","width":900,"height":600},{"@type":"BreadcrumbList","@id":"https:\/\/sudoesteacontece.com.br\/?p=9773#breadcrumb","itemListElement":[{"@type":"ListItem","position":1,"name":"In\u00edcio","item":"https:\/\/sudoesteacontece.com.br\/"},{"@type":"ListItem","position":2,"name":"Ataque violento em Guanambi: jovem \u00e9 ferido com barra de ferro e carro alvejado a tiros"}]},{"@type":"WebSite","@id":"https:\/\/sudoesteacontece.com.br\/#website","url":"https:\/\/sudoesteacontece.com.br\/","name":"Sudoesteacontece","description":"","publisher":{"@id":"https:\/\/sudoesteacontece.com.br\/#organization"},"potentialAction":[{"@type":"SearchAction","target":{"@type":"EntryPoint","urlTemplate":"https:\/\/sudoesteacontece.com.br\/?s={search_term_string}"},"query-input":{"@type":"PropertyValueSpecification","valueRequired":true,"valueName":"search_term_string"}}],"inLanguage":"pt-BR"},{"@type":"Organization","@id":"https:\/\/sudoesteacontece.com.br\/#organization","name":"Sudoesteacontece","url":"https:\/\/sudoesteacontece.com.br\/","logo":{"@type":"ImageObject","inLanguage":"pt-BR","@id":"https:\/\/sudoesteacontece.com.br\/#\/schema\/logo\/image\/","url":"https:\/\/sudoesteacontece.com.br\/wp-content\/uploads\/2025\/12\/cropped-logo-2-180x180-1.png","contentUrl":"https:\/\/sudoesteacontece.com.br\/wp-content\/uploads\/2025\/12\/cropped-logo-2-180x180-1.png","width":180,"height":180,"caption":"Sudoesteacontece"},"image":{"@id":"https:\/\/sudoesteacontece.com.br\/#\/schema\/logo\/image\/"},"sameAs":["https:\/\/www.facebook.com\/sudoesteacontece\/?locale=pt_BR"]},{"@type":"Person","@id":"https:\/\/sudoesteacontece.com.br\/#\/schema\/person\/3cf2cf009926a9683ebc29d5379fa79c","name":"Washington Tiago","image":{"@type":"ImageObject","inLanguage":"pt-BR","@id":"https:\/\/sudoesteacontece.com.br\/#\/schema\/person\/image\/","url":"https:\/\/secure.gravatar.com\/avatar\/33c43b8668157e040f9d1fe93c354bf087cbd8ba36270c1163198bd3ddcf2a56?s=96&d=mm&r=g","contentUrl":"https:\/\/secure.gravatar.com\/avatar\/33c43b8668157e040f9d1fe93c354bf087cbd8ba36270c1163198bd3ddcf2a56?s=96&d=mm&r=g","caption":"Washington Tiago"},"url":"https:\/\/sudoesteacontece.com.br\/?author=2"}]}},"_links":{"self":[{"href":"https:\/\/sudoesteacontece.com.br\/index.php?rest_route=\/wp\/v2\/posts\/9773","targetHints":{"allow":["GET"]}}],"collection":[{"href":"https:\/\/sudoesteacontece.com.br\/index.php?rest_route=\/wp\/v2\/posts"}],"about":[{"href":"https:\/\/sudoesteacontece.com.br\/index.php?rest_route=\/wp\/v2\/types\/post"}],"author":[{"embeddable":true,"href":"https:\/\/sudoesteacontece.com.br\/index.php?rest_route=\/wp\/v2\/users\/2"}],"replies":[{"embeddable":true,"href":"https:\/\/sudoesteacontece.com.br\/index.php?rest_route=%2Fwp%2Fv2%2Fcomments&post=9773"}],"version-history":[{"count":0,"href":"https:\/\/sudoesteacontece.com.br\/index.php?rest_route=\/wp\/v2\/posts\/9773\/revisions"}],"wp:featuredmedia":[{"embeddable":true,"href":"https:\/\/sudoesteacontece.com.br\/index.php?rest_route=\/wp\/v2\/media\/9831"}],"wp:attachment":[{"href":"https:\/\/sudoesteacontece.com.br\/index.php?rest_route=%2Fwp%2Fv2%2Fmedia&parent=9773"}],"wp:term":[{"taxonomy":"category","embeddable":true,"href":"https:\/\/sudoesteacontece.com.br\/index.php?rest_route=%2Fwp%2Fv2%2Fcategories&post=9773"},{"taxonomy":"post_tag","embeddable":true,"href":"https:\/\/sudoesteacontece.com.br\/index.php?rest_route=%2Fwp%2Fv2%2Ftags&post=9773"}],"curies":[{"name":"wp","href":"https:\/\/api.w.org\/{rel}","templated":true}]}}