{"id":9775,"date":"2026-03-02T12:33:41","date_gmt":"2026-03-02T15:33:41","guid":{"rendered":"https:\/\/sudoesteacontece.com.br\/?p=9775"},"modified":"2026-03-02T12:33:45","modified_gmt":"2026-03-02T15:33:45","slug":"brumado-reforca-educacao-com-posse-de-novos-concursados","status":"publish","type":"post","link":"https:\/\/sudoesteacontece.com.br\/?p=9775","title":{"rendered":"Brumado refor\u00e7a educa\u00e7\u00e3o com posse de novos concursados"},"content":{"rendered":"<div class=\"wp-block-image\">\n<figure class=\"aligncenter size-full\"><img fetchpriority=\"high\" decoding=\"async\" width=\"900\" height=\"600\" src=\"http:\/\/sudoesteacontece.com.br\/wp-content\/uploads\/2026\/03\/Brumado-reforca-educacao-com-posse-de-novos-concursados.jpg\" alt=\"\" class=\"wp-image-9834\" srcset=\"https:\/\/sudoesteacontece.com.br\/wp-content\/uploads\/2026\/03\/Brumado-reforca-educacao-com-posse-de-novos-concursados.jpg 900w, https:\/\/sudoesteacontece.com.br\/wp-content\/uploads\/2026\/03\/Brumado-reforca-educacao-com-posse-de-novos-concursados-300x200.jpg 300w, https:\/\/sudoesteacontece.com.br\/wp-content\/uploads\/2026\/03\/Brumado-reforca-educacao-com-posse-de-novos-concursados-768x512.jpg 768w\" sizes=\"(max-width: 900px) 100vw, 900px\" \/><\/figure>\n<\/div>\n\n\n<p>Prefeitura de Brumado realizou a posse de novos pedagogos, psic\u00f3logos e educadores aprovados em concurso. Cerim\u00f4nia ocorreu na sexta-feira (27) no audit\u00f3rio da sede administrativa, com a presen\u00e7a da secret\u00e1ria de Educa\u00e7\u00e3o, Ana Cristina.<\/p>\n\n\n\n<p>Gest\u00e3o do prefeito Fabr\u00edcio Abrantes e do vice Dr. Marl\u00facinho Abreu destacou compromisso com valoriza\u00e7\u00e3o de profissionais e fortalecimento da rede municipal de ensino. A convoca\u00e7\u00e3o de concursados segue garantindo estabilidade e amplia\u00e7\u00e3o do quadro de servidores.<\/p>\n\n\n\n<p>Prefeito afirmou que desde o ano passado o munic\u00edpio cumpre a promessa de convocar e empossar aprovados. \u201cNunca houve tanto chamamento!\u201d, disse, ressaltando que medidas refor\u00e7am a dedica\u00e7\u00e3o \u00e0 educa\u00e7\u00e3o de qualidade e \u00e0 valoriza\u00e7\u00e3o dos profissionais.<\/p>\n\n\n\n<p>Administra\u00e7\u00e3o municipal tamb\u00e9m anunciou investimentos cont\u00ednuos na melhoria do ensino. Pol\u00edticas p\u00fablicas incluem forma\u00e7\u00e3o continuada, suporte pedag\u00f3gico e incentivos aos educadores, visando fazer da educa\u00e7\u00e3o de Brumado refer\u00eancia no estado da Bahia.<\/p>\n\n\n\n<p>Cerim\u00f4nia refor\u00e7ou v\u00ednculo entre governo e comunidade escolar. Prefeito e secret\u00e1ria de Educa\u00e7\u00e3o refor\u00e7aram que cada passo \u00e9 planejado para garantir oportunidades aos concursados e fortalecer o aprendizado dos alunos da rede municipal.<\/p>\n","protected":false},"excerpt":{"rendered":"<p>Prefeitura de Brumado realizou a posse de novos pedagogos, psic\u00f3logos e educadores aprovados em concurso. Cerim\u00f4nia ocorreu na sexta-feira (27) no audit\u00f3rio da sede administrativa, com a presen\u00e7a da secret\u00e1ria de Educa\u00e7\u00e3o, Ana Cristina. Gest\u00e3o do prefeito Fabr\u00edcio Abrantes e do vice Dr. Marl\u00facinho Abreu destacou compromisso com valoriza\u00e7\u00e3o de profissionais e fortalecimento da rede municipal de ensino. A convoca\u00e7\u00e3o de concursados segue garantindo estabilidade e amplia\u00e7\u00e3o do quadro de servidores. Prefeito afirmou que desde o ano passado o munic\u00edpio cumpre a promessa de convocar e empossar aprovados. \u201cNunca houve tanto chamamento!\u201d, disse, ressaltando que medidas refor\u00e7am a dedica\u00e7\u00e3o \u00e0 educa\u00e7\u00e3o de qualidade e \u00e0 valoriza\u00e7\u00e3o dos profissionais. Administra\u00e7\u00e3o municipal tamb\u00e9m anunciou investimentos cont\u00ednuos na melhoria do ensino. Pol\u00edticas p\u00fablicas incluem forma\u00e7\u00e3o continuada, suporte pedag\u00f3gico e incentivos aos educadores, visando fazer da educa\u00e7\u00e3o de Brumado refer\u00eancia no estado da Bahia. Cerim\u00f4nia refor\u00e7ou v\u00ednculo entre governo e comunidade escolar. Prefeito e secret\u00e1ria de Educa\u00e7\u00e3o refor\u00e7aram que cada passo \u00e9 planejado para garantir oportunidades aos concursados e fortalecer o aprendizado dos alunos da rede municipal.<\/p>\n","protected":false},"author":2,"featured_media":0,"comment_status":"open","ping_status":"open","sticky":false,"template":"","format":"standard","meta":{"footnotes":""},"categories":[10,4,43,6],"tags":[],"class_list":["post-9775","post","type-post","status-publish","format-standard","hentry","category-brumado","category-cidades","category-educacao","category-politica"],"yoast_head":"<!-- This site is optimized with the Yoast SEO plugin v26.5 - https:\/\/yoast.com\/wordpress\/plugins\/seo\/ -->\n<title>Brumado refor\u00e7a educa\u00e7\u00e3o com posse de novos concursados - Sudoesteacontece<\/title>\n<meta name=\"robots\" content=\"index, follow, max-snippet:-1, max-image-preview:large, max-video-preview:-1\" \/>\n<link rel=\"canonical\" href=\"https:\/\/sudoesteacontece.com.br\/?p=9775\" \/>\n<meta property=\"og:locale\" content=\"pt_BR\" \/>\n<meta property=\"og:type\" content=\"article\" \/>\n<meta property=\"og:title\" content=\"Brumado refor\u00e7a educa\u00e7\u00e3o com posse de novos concursados - Sudoesteacontece\" \/>\n<meta property=\"og:description\" content=\"Prefeitura de Brumado realizou a posse de novos pedagogos, psic\u00f3logos e educadores aprovados em concurso. Cerim\u00f4nia ocorreu na sexta-feira (27) no audit\u00f3rio da sede administrativa, com a presen\u00e7a da secret\u00e1ria de Educa\u00e7\u00e3o, Ana Cristina. Gest\u00e3o do prefeito Fabr\u00edcio Abrantes e do vice Dr. Marl\u00facinho Abreu destacou compromisso com valoriza\u00e7\u00e3o de profissionais e fortalecimento da rede municipal de ensino. A convoca\u00e7\u00e3o de concursados segue garantindo estabilidade e amplia\u00e7\u00e3o do quadro de servidores. Prefeito afirmou que desde o ano passado o munic\u00edpio cumpre a promessa de convocar e empossar aprovados. \u201cNunca houve tanto chamamento!\u201d, disse, ressaltando que medidas refor\u00e7am a dedica\u00e7\u00e3o \u00e0 educa\u00e7\u00e3o de qualidade e \u00e0 valoriza\u00e7\u00e3o dos profissionais. Administra\u00e7\u00e3o municipal tamb\u00e9m anunciou investimentos cont\u00ednuos na melhoria do ensino. Pol\u00edticas p\u00fablicas incluem forma\u00e7\u00e3o continuada, suporte pedag\u00f3gico e incentivos aos educadores, visando fazer da educa\u00e7\u00e3o de Brumado refer\u00eancia no estado da Bahia. Cerim\u00f4nia refor\u00e7ou v\u00ednculo entre governo e comunidade escolar. Prefeito e secret\u00e1ria de Educa\u00e7\u00e3o refor\u00e7aram que cada passo \u00e9 planejado para garantir oportunidades aos concursados e fortalecer o aprendizado dos alunos da rede municipal.\" \/>\n<meta property=\"og:url\" content=\"https:\/\/sudoesteacontece.com.br\/?p=9775\" \/>\n<meta property=\"og:site_name\" content=\"Sudoesteacontece\" \/>\n<meta property=\"article:publisher\" content=\"https:\/\/www.facebook.com\/sudoesteacontece\/?locale=pt_BR\" \/>\n<meta property=\"article:published_time\" content=\"2026-03-02T15:33:41+00:00\" \/>\n<meta property=\"article:modified_time\" content=\"2026-03-02T15:33:45+00:00\" \/>\n<meta property=\"og:image\" content=\"http:\/\/sudoesteacontece.com.br\/wp-content\/uploads\/2026\/03\/Brumado-reforca-educacao-com-posse-de-novos-concursados.jpg\" \/>\n<meta name=\"author\" content=\"Washington Tiago\" \/>\n<meta name=\"twitter:card\" content=\"summary_large_image\" \/>\n<meta name=\"twitter:label1\" content=\"Escrito por\" \/>\n\t<meta name=\"twitter:data1\" content=\"Washington Tiago\" \/>\n\t<meta name=\"twitter:label2\" content=\"Est. tempo de leitura\" \/>\n\t<meta name=\"twitter:data2\" content=\"2 minutos\" \/>\n<script type=\"application\/ld+json\" class=\"yoast-schema-graph\">{\"@context\":\"https:\/\/schema.org\",\"@graph\":[{\"@type\":\"Article\",\"@id\":\"https:\/\/sudoesteacontece.com.br\/?p=9775#article\",\"isPartOf\":{\"@id\":\"https:\/\/sudoesteacontece.com.br\/?p=9775\"},\"author\":{\"name\":\"Washington Tiago\",\"@id\":\"https:\/\/sudoesteacontece.com.br\/#\/schema\/person\/3cf2cf009926a9683ebc29d5379fa79c\"},\"headline\":\"Brumado refor\u00e7a educa\u00e7\u00e3o com posse de novos concursados\",\"datePublished\":\"2026-03-02T15:33:41+00:00\",\"dateModified\":\"2026-03-02T15:33:45+00:00\",\"mainEntityOfPage\":{\"@id\":\"https:\/\/sudoesteacontece.com.br\/?p=9775\"},\"wordCount\":211,\"commentCount\":0,\"publisher\":{\"@id\":\"https:\/\/sudoesteacontece.com.br\/#organization\"},\"image\":{\"@id\":\"https:\/\/sudoesteacontece.com.br\/?p=9775#primaryimage\"},\"thumbnailUrl\":\"http:\/\/sudoesteacontece.com.br\/wp-content\/uploads\/2026\/03\/Brumado-reforca-educacao-com-posse-de-novos-concursados.jpg\",\"articleSection\":[\"Brumado\",\"Cidades\",\"Educa\u00e7\u00e3o\",\"Pol\u00edtica\"],\"inLanguage\":\"pt-BR\",\"potentialAction\":[{\"@type\":\"CommentAction\",\"name\":\"Comment\",\"target\":[\"https:\/\/sudoesteacontece.com.br\/?p=9775#respond\"]}]},{\"@type\":\"WebPage\",\"@id\":\"https:\/\/sudoesteacontece.com.br\/?p=9775\",\"url\":\"https:\/\/sudoesteacontece.com.br\/?p=9775\",\"name\":\"Brumado refor\u00e7a educa\u00e7\u00e3o com posse de novos concursados - Sudoesteacontece\",\"isPartOf\":{\"@id\":\"https:\/\/sudoesteacontece.com.br\/#website\"},\"primaryImageOfPage\":{\"@id\":\"https:\/\/sudoesteacontece.com.br\/?p=9775#primaryimage\"},\"image\":{\"@id\":\"https:\/\/sudoesteacontece.com.br\/?p=9775#primaryimage\"},\"thumbnailUrl\":\"http:\/\/sudoesteacontece.com.br\/wp-content\/uploads\/2026\/03\/Brumado-reforca-educacao-com-posse-de-novos-concursados.jpg\",\"datePublished\":\"2026-03-02T15:33:41+00:00\",\"dateModified\":\"2026-03-02T15:33:45+00:00\",\"breadcrumb\":{\"@id\":\"https:\/\/sudoesteacontece.com.br\/?p=9775#breadcrumb\"},\"inLanguage\":\"pt-BR\",\"potentialAction\":[{\"@type\":\"ReadAction\",\"target\":[\"https:\/\/sudoesteacontece.com.br\/?p=9775\"]}]},{\"@type\":\"ImageObject\",\"inLanguage\":\"pt-BR\",\"@id\":\"https:\/\/sudoesteacontece.com.br\/?p=9775#primaryimage\",\"url\":\"https:\/\/sudoesteacontece.com.br\/wp-content\/uploads\/2026\/03\/Brumado-reforca-educacao-com-posse-de-novos-concursados.jpg\",\"contentUrl\":\"https:\/\/sudoesteacontece.com.br\/wp-content\/uploads\/2026\/03\/Brumado-reforca-educacao-com-posse-de-novos-concursados.jpg\",\"width\":900,\"height\":600},{\"@type\":\"BreadcrumbList\",\"@id\":\"https:\/\/sudoesteacontece.com.br\/?p=9775#breadcrumb\",\"itemListElement\":[{\"@type\":\"ListItem\",\"position\":1,\"name\":\"In\u00edcio\",\"item\":\"https:\/\/sudoesteacontece.com.br\/\"},{\"@type\":\"ListItem\",\"position\":2,\"name\":\"Brumado refor\u00e7a educa\u00e7\u00e3o com posse de novos concursados\"}]},{\"@type\":\"WebSite\",\"@id\":\"https:\/\/sudoesteacontece.com.br\/#website\",\"url\":\"https:\/\/sudoesteacontece.com.br\/\",\"name\":\"Sudoesteacontece\",\"description\":\"\",\"publisher\":{\"@id\":\"https:\/\/sudoesteacontece.com.br\/#organization\"},\"potentialAction\":[{\"@type\":\"SearchAction\",\"target\":{\"@type\":\"EntryPoint\",\"urlTemplate\":\"https:\/\/sudoesteacontece.com.br\/?s={search_term_string}\"},\"query-input\":{\"@type\":\"PropertyValueSpecification\",\"valueRequired\":true,\"valueName\":\"search_term_string\"}}],\"inLanguage\":\"pt-BR\"},{\"@type\":\"Organization\",\"@id\":\"https:\/\/sudoesteacontece.com.br\/#organization\",\"name\":\"Sudoesteacontece\",\"url\":\"https:\/\/sudoesteacontece.com.br\/\",\"logo\":{\"@type\":\"ImageObject\",\"inLanguage\":\"pt-BR\",\"@id\":\"https:\/\/sudoesteacontece.com.br\/#\/schema\/logo\/image\/\",\"url\":\"https:\/\/sudoesteacontece.com.br\/wp-content\/uploads\/2025\/12\/cropped-logo-2-180x180-1.png\",\"contentUrl\":\"https:\/\/sudoesteacontece.com.br\/wp-content\/uploads\/2025\/12\/cropped-logo-2-180x180-1.png\",\"width\":180,\"height\":180,\"caption\":\"Sudoesteacontece\"},\"image\":{\"@id\":\"https:\/\/sudoesteacontece.com.br\/#\/schema\/logo\/image\/\"},\"sameAs\":[\"https:\/\/www.facebook.com\/sudoesteacontece\/?locale=pt_BR\"]},{\"@type\":\"Person\",\"@id\":\"https:\/\/sudoesteacontece.com.br\/#\/schema\/person\/3cf2cf009926a9683ebc29d5379fa79c\",\"name\":\"Washington Tiago\",\"image\":{\"@type\":\"ImageObject\",\"inLanguage\":\"pt-BR\",\"@id\":\"https:\/\/sudoesteacontece.com.br\/#\/schema\/person\/image\/\",\"url\":\"https:\/\/secure.gravatar.com\/avatar\/33c43b8668157e040f9d1fe93c354bf087cbd8ba36270c1163198bd3ddcf2a56?s=96&d=mm&r=g\",\"contentUrl\":\"https:\/\/secure.gravatar.com\/avatar\/33c43b8668157e040f9d1fe93c354bf087cbd8ba36270c1163198bd3ddcf2a56?s=96&d=mm&r=g\",\"caption\":\"Washington Tiago\"},\"url\":\"https:\/\/sudoesteacontece.com.br\/?author=2\"}]}<\/script>\n<!-- \/ Yoast SEO plugin. -->","yoast_head_json":{"title":"Brumado refor\u00e7a educa\u00e7\u00e3o com posse de novos concursados - Sudoesteacontece","robots":{"index":"index","follow":"follow","max-snippet":"max-snippet:-1","max-image-preview":"max-image-preview:large","max-video-preview":"max-video-preview:-1"},"canonical":"https:\/\/sudoesteacontece.com.br\/?p=9775","og_locale":"pt_BR","og_type":"article","og_title":"Brumado refor\u00e7a educa\u00e7\u00e3o com posse de novos concursados - Sudoesteacontece","og_description":"Prefeitura de Brumado realizou a posse de novos pedagogos, psic\u00f3logos e educadores aprovados em concurso. Cerim\u00f4nia ocorreu na sexta-feira (27) no audit\u00f3rio da sede administrativa, com a presen\u00e7a da secret\u00e1ria de Educa\u00e7\u00e3o, Ana Cristina. Gest\u00e3o do prefeito Fabr\u00edcio Abrantes e do vice Dr. Marl\u00facinho Abreu destacou compromisso com valoriza\u00e7\u00e3o de profissionais e fortalecimento da rede municipal de ensino. A convoca\u00e7\u00e3o de concursados segue garantindo estabilidade e amplia\u00e7\u00e3o do quadro de servidores. Prefeito afirmou que desde o ano passado o munic\u00edpio cumpre a promessa de convocar e empossar aprovados. \u201cNunca houve tanto chamamento!\u201d, disse, ressaltando que medidas refor\u00e7am a dedica\u00e7\u00e3o \u00e0 educa\u00e7\u00e3o de qualidade e \u00e0 valoriza\u00e7\u00e3o dos profissionais. Administra\u00e7\u00e3o municipal tamb\u00e9m anunciou investimentos cont\u00ednuos na melhoria do ensino. Pol\u00edticas p\u00fablicas incluem forma\u00e7\u00e3o continuada, suporte pedag\u00f3gico e incentivos aos educadores, visando fazer da educa\u00e7\u00e3o de Brumado refer\u00eancia no estado da Bahia. Cerim\u00f4nia refor\u00e7ou v\u00ednculo entre governo e comunidade escolar. Prefeito e secret\u00e1ria de Educa\u00e7\u00e3o refor\u00e7aram que cada passo \u00e9 planejado para garantir oportunidades aos concursados e fortalecer o aprendizado dos alunos da rede municipal.","og_url":"https:\/\/sudoesteacontece.com.br\/?p=9775","og_site_name":"Sudoesteacontece","article_publisher":"https:\/\/www.facebook.com\/sudoesteacontece\/?locale=pt_BR","article_published_time":"2026-03-02T15:33:41+00:00","article_modified_time":"2026-03-02T15:33:45+00:00","og_image":[{"url":"http:\/\/sudoesteacontece.com.br\/wp-content\/uploads\/2026\/03\/Brumado-reforca-educacao-com-posse-de-novos-concursados.jpg","type":"","width":"","height":""}],"author":"Washington Tiago","twitter_card":"summary_large_image","twitter_misc":{"Escrito por":"Washington Tiago","Est. tempo de leitura":"2 minutos"},"schema":{"@context":"https:\/\/schema.org","@graph":[{"@type":"Article","@id":"https:\/\/sudoesteacontece.com.br\/?p=9775#article","isPartOf":{"@id":"https:\/\/sudoesteacontece.com.br\/?p=9775"},"author":{"name":"Washington Tiago","@id":"https:\/\/sudoesteacontece.com.br\/#\/schema\/person\/3cf2cf009926a9683ebc29d5379fa79c"},"headline":"Brumado refor\u00e7a educa\u00e7\u00e3o com posse de novos concursados","datePublished":"2026-03-02T15:33:41+00:00","dateModified":"2026-03-02T15:33:45+00:00","mainEntityOfPage":{"@id":"https:\/\/sudoesteacontece.com.br\/?p=9775"},"wordCount":211,"commentCount":0,"publisher":{"@id":"https:\/\/sudoesteacontece.com.br\/#organization"},"image":{"@id":"https:\/\/sudoesteacontece.com.br\/?p=9775#primaryimage"},"thumbnailUrl":"http:\/\/sudoesteacontece.com.br\/wp-content\/uploads\/2026\/03\/Brumado-reforca-educacao-com-posse-de-novos-concursados.jpg","articleSection":["Brumado","Cidades","Educa\u00e7\u00e3o","Pol\u00edtica"],"inLanguage":"pt-BR","potentialAction":[{"@type":"CommentAction","name":"Comment","target":["https:\/\/sudoesteacontece.com.br\/?p=9775#respond"]}]},{"@type":"WebPage","@id":"https:\/\/sudoesteacontece.com.br\/?p=9775","url":"https:\/\/sudoesteacontece.com.br\/?p=9775","name":"Brumado refor\u00e7a educa\u00e7\u00e3o com posse de novos concursados - Sudoesteacontece","isPartOf":{"@id":"https:\/\/sudoesteacontece.com.br\/#website"},"primaryImageOfPage":{"@id":"https:\/\/sudoesteacontece.com.br\/?p=9775#primaryimage"},"image":{"@id":"https:\/\/sudoesteacontece.com.br\/?p=9775#primaryimage"},"thumbnailUrl":"http:\/\/sudoesteacontece.com.br\/wp-content\/uploads\/2026\/03\/Brumado-reforca-educacao-com-posse-de-novos-concursados.jpg","datePublished":"2026-03-02T15:33:41+00:00","dateModified":"2026-03-02T15:33:45+00:00","breadcrumb":{"@id":"https:\/\/sudoesteacontece.com.br\/?p=9775#breadcrumb"},"inLanguage":"pt-BR","potentialAction":[{"@type":"ReadAction","target":["https:\/\/sudoesteacontece.com.br\/?p=9775"]}]},{"@type":"ImageObject","inLanguage":"pt-BR","@id":"https:\/\/sudoesteacontece.com.br\/?p=9775#primaryimage","url":"https:\/\/sudoesteacontece.com.br\/wp-content\/uploads\/2026\/03\/Brumado-reforca-educacao-com-posse-de-novos-concursados.jpg","contentUrl":"https:\/\/sudoesteacontece.com.br\/wp-content\/uploads\/2026\/03\/Brumado-reforca-educacao-com-posse-de-novos-concursados.jpg","width":900,"height":600},{"@type":"BreadcrumbList","@id":"https:\/\/sudoesteacontece.com.br\/?p=9775#breadcrumb","itemListElement":[{"@type":"ListItem","position":1,"name":"In\u00edcio","item":"https:\/\/sudoesteacontece.com.br\/"},{"@type":"ListItem","position":2,"name":"Brumado refor\u00e7a educa\u00e7\u00e3o com posse de novos concursados"}]},{"@type":"WebSite","@id":"https:\/\/sudoesteacontece.com.br\/#website","url":"https:\/\/sudoesteacontece.com.br\/","name":"Sudoesteacontece","description":"","publisher":{"@id":"https:\/\/sudoesteacontece.com.br\/#organization"},"potentialAction":[{"@type":"SearchAction","target":{"@type":"EntryPoint","urlTemplate":"https:\/\/sudoesteacontece.com.br\/?s={search_term_string}"},"query-input":{"@type":"PropertyValueSpecification","valueRequired":true,"valueName":"search_term_string"}}],"inLanguage":"pt-BR"},{"@type":"Organization","@id":"https:\/\/sudoesteacontece.com.br\/#organization","name":"Sudoesteacontece","url":"https:\/\/sudoesteacontece.com.br\/","logo":{"@type":"ImageObject","inLanguage":"pt-BR","@id":"https:\/\/sudoesteacontece.com.br\/#\/schema\/logo\/image\/","url":"https:\/\/sudoesteacontece.com.br\/wp-content\/uploads\/2025\/12\/cropped-logo-2-180x180-1.png","contentUrl":"https:\/\/sudoesteacontece.com.br\/wp-content\/uploads\/2025\/12\/cropped-logo-2-180x180-1.png","width":180,"height":180,"caption":"Sudoesteacontece"},"image":{"@id":"https:\/\/sudoesteacontece.com.br\/#\/schema\/logo\/image\/"},"sameAs":["https:\/\/www.facebook.com\/sudoesteacontece\/?locale=pt_BR"]},{"@type":"Person","@id":"https:\/\/sudoesteacontece.com.br\/#\/schema\/person\/3cf2cf009926a9683ebc29d5379fa79c","name":"Washington Tiago","image":{"@type":"ImageObject","inLanguage":"pt-BR","@id":"https:\/\/sudoesteacontece.com.br\/#\/schema\/person\/image\/","url":"https:\/\/secure.gravatar.com\/avatar\/33c43b8668157e040f9d1fe93c354bf087cbd8ba36270c1163198bd3ddcf2a56?s=96&d=mm&r=g","contentUrl":"https:\/\/secure.gravatar.com\/avatar\/33c43b8668157e040f9d1fe93c354bf087cbd8ba36270c1163198bd3ddcf2a56?s=96&d=mm&r=g","caption":"Washington Tiago"},"url":"https:\/\/sudoesteacontece.com.br\/?author=2"}]}},"_links":{"self":[{"href":"https:\/\/sudoesteacontece.com.br\/index.php?rest_route=\/wp\/v2\/posts\/9775","targetHints":{"allow":["GET"]}}],"collection":[{"href":"https:\/\/sudoesteacontece.com.br\/index.php?rest_route=\/wp\/v2\/posts"}],"about":[{"href":"https:\/\/sudoesteacontece.com.br\/index.php?rest_route=\/wp\/v2\/types\/post"}],"author":[{"embeddable":true,"href":"https:\/\/sudoesteacontece.com.br\/index.php?rest_route=\/wp\/v2\/users\/2"}],"replies":[{"embeddable":true,"href":"https:\/\/sudoesteacontece.com.br\/index.php?rest_route=%2Fwp%2Fv2%2Fcomments&post=9775"}],"version-history":[{"count":0,"href":"https:\/\/sudoesteacontece.com.br\/index.php?rest_route=\/wp\/v2\/posts\/9775\/revisions"}],"wp:attachment":[{"href":"https:\/\/sudoesteacontece.com.br\/index.php?rest_route=%2Fwp%2Fv2%2Fmedia&parent=9775"}],"wp:term":[{"taxonomy":"category","embeddable":true,"href":"https:\/\/sudoesteacontece.com.br\/index.php?rest_route=%2Fwp%2Fv2%2Fcategories&post=9775"},{"taxonomy":"post_tag","embeddable":true,"href":"https:\/\/sudoesteacontece.com.br\/index.php?rest_route=%2Fwp%2Fv2%2Ftags&post=9775"}],"curies":[{"name":"wp","href":"https:\/\/api.w.org\/{rel}","templated":true}]}}