{"id":9777,"date":"2026-03-02T12:34:22","date_gmt":"2026-03-02T15:34:22","guid":{"rendered":"https:\/\/sudoesteacontece.com.br\/?p=9777"},"modified":"2026-03-02T12:34:27","modified_gmt":"2026-03-02T15:34:27","slug":"homem-de-42-anos-e-encontrado-morto-na-zona-rural-de-palmas-de-monte-alto","status":"publish","type":"post","link":"https:\/\/sudoesteacontece.com.br\/?p=9777","title":{"rendered":"Homem de 42 anos \u00e9 encontrado morto na zona rural de Palmas de Monte Alto"},"content":{"rendered":"<div class=\"wp-block-image\">\n<figure class=\"aligncenter size-large\"><img fetchpriority=\"high\" decoding=\"async\" width=\"1024\" height=\"576\" src=\"http:\/\/sudoesteacontece.com.br\/wp-content\/uploads\/2025\/11\/Homem-morre-ao-sofrer-descarga-eletrica-enquanto-trabalhava-em-fazenda-na-zona-rural-de-Jacaraci-sudoeste-acontece-iml-1024x576.jpg\" alt=\"\" class=\"wp-image-2139\" srcset=\"https:\/\/sudoesteacontece.com.br\/wp-content\/uploads\/2025\/11\/Homem-morre-ao-sofrer-descarga-eletrica-enquanto-trabalhava-em-fazenda-na-zona-rural-de-Jacaraci-sudoeste-acontece-iml-1024x576.jpg 1024w, https:\/\/sudoesteacontece.com.br\/wp-content\/uploads\/2025\/11\/Homem-morre-ao-sofrer-descarga-eletrica-enquanto-trabalhava-em-fazenda-na-zona-rural-de-Jacaraci-sudoeste-acontece-iml-300x169.jpg 300w, https:\/\/sudoesteacontece.com.br\/wp-content\/uploads\/2025\/11\/Homem-morre-ao-sofrer-descarga-eletrica-enquanto-trabalhava-em-fazenda-na-zona-rural-de-Jacaraci-sudoeste-acontece-iml-768x432.jpg 768w, https:\/\/sudoesteacontece.com.br\/wp-content\/uploads\/2025\/11\/Homem-morre-ao-sofrer-descarga-eletrica-enquanto-trabalhava-em-fazenda-na-zona-rural-de-Jacaraci-sudoeste-acontece-iml.jpg 1032w\" sizes=\"(max-width: 1024px) 100vw, 1024px\" \/><figcaption class=\"wp-element-caption\">Foto Washington Tiago<\/figcaption><\/figure>\n<\/div>\n\n\n<p>Palmas de Monte Alto registrou morte de homem de 42 anos na manh\u00e3 de domingo (1\u00ba). Corpo foi localizado por volta das 09h no Povoado do Paracatu, dentro da pr\u00f3pria resid\u00eancia. Equipe do SAMU confirmou o \u00f3bito no local, e familiares foram orientados sobre procedimentos legais, incluindo acionamento de funer\u00e1ria.<\/p>\n\n\n\n<p>Informa\u00e7\u00f5es apontam que v\u00edtima possu\u00eda hist\u00f3rico de problemas de sa\u00fade, fazia uso de medica\u00e7\u00e3o controlada e consumia bebida alco\u00f3lica. Autoridades locais registraram a ocorr\u00eancia e coletaram dados preliminares, enquanto moradores da regi\u00e3o demonstraram preocupa\u00e7\u00e3o com a situa\u00e7\u00e3o. Caso segue sob investiga\u00e7\u00e3o, mas n\u00e3o h\u00e1 ind\u00edcios de viol\u00eancia, refor\u00e7ando a hip\u00f3tese de causas naturais.<\/p>\n","protected":false},"excerpt":{"rendered":"<p>Palmas de Monte Alto registrou morte de homem de 42 anos na manh\u00e3 de domingo (1\u00ba). Corpo foi localizado por volta das 09h no Povoado do Paracatu, dentro da pr\u00f3pria resid\u00eancia. Equipe do SAMU confirmou o \u00f3bito no local, e familiares foram orientados sobre procedimentos legais, incluindo acionamento de funer\u00e1ria. Informa\u00e7\u00f5es apontam que v\u00edtima possu\u00eda hist\u00f3rico de problemas de sa\u00fade, fazia uso de medica\u00e7\u00e3o controlada e consumia bebida alco\u00f3lica. Autoridades locais registraram a ocorr\u00eancia e coletaram dados preliminares, enquanto moradores da regi\u00e3o demonstraram preocupa\u00e7\u00e3o com a situa\u00e7\u00e3o. Caso segue sob investiga\u00e7\u00e3o, mas n\u00e3o h\u00e1 ind\u00edcios de viol\u00eancia, refor\u00e7ando a hip\u00f3tese de causas naturais.<\/p>\n","protected":false},"author":2,"featured_media":0,"comment_status":"open","ping_status":"open","sticky":false,"template":"","format":"standard","meta":{"footnotes":""},"categories":[4,48,3],"tags":[],"class_list":["post-9777","post","type-post","status-publish","format-standard","hentry","category-cidades","category-palmas-de-monte-alto","category-policia"],"yoast_head":"<!-- This site is optimized with the Yoast SEO plugin v26.5 - https:\/\/yoast.com\/wordpress\/plugins\/seo\/ -->\n<title>Homem de 42 anos \u00e9 encontrado morto na zona rural de Palmas de Monte Alto - Sudoesteacontece<\/title>\n<meta name=\"robots\" content=\"index, follow, max-snippet:-1, max-image-preview:large, max-video-preview:-1\" \/>\n<link rel=\"canonical\" href=\"https:\/\/sudoesteacontece.com.br\/?p=9777\" \/>\n<meta property=\"og:locale\" content=\"pt_BR\" \/>\n<meta property=\"og:type\" content=\"article\" \/>\n<meta property=\"og:title\" content=\"Homem de 42 anos \u00e9 encontrado morto na zona rural de Palmas de Monte Alto - Sudoesteacontece\" \/>\n<meta property=\"og:description\" content=\"Palmas de Monte Alto registrou morte de homem de 42 anos na manh\u00e3 de domingo (1\u00ba). Corpo foi localizado por volta das 09h no Povoado do Paracatu, dentro da pr\u00f3pria resid\u00eancia. Equipe do SAMU confirmou o \u00f3bito no local, e familiares foram orientados sobre procedimentos legais, incluindo acionamento de funer\u00e1ria. Informa\u00e7\u00f5es apontam que v\u00edtima possu\u00eda hist\u00f3rico de problemas de sa\u00fade, fazia uso de medica\u00e7\u00e3o controlada e consumia bebida alco\u00f3lica. Autoridades locais registraram a ocorr\u00eancia e coletaram dados preliminares, enquanto moradores da regi\u00e3o demonstraram preocupa\u00e7\u00e3o com a situa\u00e7\u00e3o. Caso segue sob investiga\u00e7\u00e3o, mas n\u00e3o h\u00e1 ind\u00edcios de viol\u00eancia, refor\u00e7ando a hip\u00f3tese de causas naturais.\" \/>\n<meta property=\"og:url\" content=\"https:\/\/sudoesteacontece.com.br\/?p=9777\" \/>\n<meta property=\"og:site_name\" content=\"Sudoesteacontece\" \/>\n<meta property=\"article:publisher\" content=\"https:\/\/www.facebook.com\/sudoesteacontece\/?locale=pt_BR\" \/>\n<meta property=\"article:published_time\" content=\"2026-03-02T15:34:22+00:00\" \/>\n<meta property=\"article:modified_time\" content=\"2026-03-02T15:34:27+00:00\" \/>\n<meta property=\"og:image\" content=\"http:\/\/sudoesteacontece.com.br\/wp-content\/uploads\/2025\/11\/Homem-morre-ao-sofrer-descarga-eletrica-enquanto-trabalhava-em-fazenda-na-zona-rural-de-Jacaraci-sudoeste-acontece-iml-1024x576.jpg\" \/>\n<meta name=\"author\" content=\"Washington Tiago\" \/>\n<meta name=\"twitter:card\" content=\"summary_large_image\" \/>\n<meta name=\"twitter:label1\" content=\"Escrito por\" \/>\n\t<meta name=\"twitter:data1\" content=\"Washington Tiago\" \/>\n\t<meta name=\"twitter:label2\" content=\"Est. tempo de leitura\" \/>\n\t<meta name=\"twitter:data2\" content=\"1 minuto\" \/>\n<script type=\"application\/ld+json\" class=\"yoast-schema-graph\">{\"@context\":\"https:\/\/schema.org\",\"@graph\":[{\"@type\":\"Article\",\"@id\":\"https:\/\/sudoesteacontece.com.br\/?p=9777#article\",\"isPartOf\":{\"@id\":\"https:\/\/sudoesteacontece.com.br\/?p=9777\"},\"author\":{\"name\":\"Washington Tiago\",\"@id\":\"https:\/\/sudoesteacontece.com.br\/#\/schema\/person\/3cf2cf009926a9683ebc29d5379fa79c\"},\"headline\":\"Homem de 42 anos \u00e9 encontrado morto na zona rural de Palmas de Monte Alto\",\"datePublished\":\"2026-03-02T15:34:22+00:00\",\"dateModified\":\"2026-03-02T15:34:27+00:00\",\"mainEntityOfPage\":{\"@id\":\"https:\/\/sudoesteacontece.com.br\/?p=9777\"},\"wordCount\":137,\"commentCount\":0,\"publisher\":{\"@id\":\"https:\/\/sudoesteacontece.com.br\/#organization\"},\"image\":{\"@id\":\"https:\/\/sudoesteacontece.com.br\/?p=9777#primaryimage\"},\"thumbnailUrl\":\"http:\/\/sudoesteacontece.com.br\/wp-content\/uploads\/2025\/11\/Homem-morre-ao-sofrer-descarga-eletrica-enquanto-trabalhava-em-fazenda-na-zona-rural-de-Jacaraci-sudoeste-acontece-iml-1024x576.jpg\",\"articleSection\":[\"Cidades\",\"Palmas de Monte Alto\",\"Pol\u00edcia\"],\"inLanguage\":\"pt-BR\",\"potentialAction\":[{\"@type\":\"CommentAction\",\"name\":\"Comment\",\"target\":[\"https:\/\/sudoesteacontece.com.br\/?p=9777#respond\"]}]},{\"@type\":\"WebPage\",\"@id\":\"https:\/\/sudoesteacontece.com.br\/?p=9777\",\"url\":\"https:\/\/sudoesteacontece.com.br\/?p=9777\",\"name\":\"Homem de 42 anos \u00e9 encontrado morto na zona rural de Palmas de Monte Alto - Sudoesteacontece\",\"isPartOf\":{\"@id\":\"https:\/\/sudoesteacontece.com.br\/#website\"},\"primaryImageOfPage\":{\"@id\":\"https:\/\/sudoesteacontece.com.br\/?p=9777#primaryimage\"},\"image\":{\"@id\":\"https:\/\/sudoesteacontece.com.br\/?p=9777#primaryimage\"},\"thumbnailUrl\":\"http:\/\/sudoesteacontece.com.br\/wp-content\/uploads\/2025\/11\/Homem-morre-ao-sofrer-descarga-eletrica-enquanto-trabalhava-em-fazenda-na-zona-rural-de-Jacaraci-sudoeste-acontece-iml-1024x576.jpg\",\"datePublished\":\"2026-03-02T15:34:22+00:00\",\"dateModified\":\"2026-03-02T15:34:27+00:00\",\"breadcrumb\":{\"@id\":\"https:\/\/sudoesteacontece.com.br\/?p=9777#breadcrumb\"},\"inLanguage\":\"pt-BR\",\"potentialAction\":[{\"@type\":\"ReadAction\",\"target\":[\"https:\/\/sudoesteacontece.com.br\/?p=9777\"]}]},{\"@type\":\"ImageObject\",\"inLanguage\":\"pt-BR\",\"@id\":\"https:\/\/sudoesteacontece.com.br\/?p=9777#primaryimage\",\"url\":\"https:\/\/sudoesteacontece.com.br\/wp-content\/uploads\/2025\/11\/Homem-morre-ao-sofrer-descarga-eletrica-enquanto-trabalhava-em-fazenda-na-zona-rural-de-Jacaraci-sudoeste-acontece-iml.jpg\",\"contentUrl\":\"https:\/\/sudoesteacontece.com.br\/wp-content\/uploads\/2025\/11\/Homem-morre-ao-sofrer-descarga-eletrica-enquanto-trabalhava-em-fazenda-na-zona-rural-de-Jacaraci-sudoeste-acontece-iml.jpg\",\"width\":1032,\"height\":581,\"caption\":\"Foto Washington Tiago\"},{\"@type\":\"BreadcrumbList\",\"@id\":\"https:\/\/sudoesteacontece.com.br\/?p=9777#breadcrumb\",\"itemListElement\":[{\"@type\":\"ListItem\",\"position\":1,\"name\":\"In\u00edcio\",\"item\":\"https:\/\/sudoesteacontece.com.br\/\"},{\"@type\":\"ListItem\",\"position\":2,\"name\":\"Homem de 42 anos \u00e9 encontrado morto na zona rural de Palmas de Monte Alto\"}]},{\"@type\":\"WebSite\",\"@id\":\"https:\/\/sudoesteacontece.com.br\/#website\",\"url\":\"https:\/\/sudoesteacontece.com.br\/\",\"name\":\"Sudoesteacontece\",\"description\":\"\",\"publisher\":{\"@id\":\"https:\/\/sudoesteacontece.com.br\/#organization\"},\"potentialAction\":[{\"@type\":\"SearchAction\",\"target\":{\"@type\":\"EntryPoint\",\"urlTemplate\":\"https:\/\/sudoesteacontece.com.br\/?s={search_term_string}\"},\"query-input\":{\"@type\":\"PropertyValueSpecification\",\"valueRequired\":true,\"valueName\":\"search_term_string\"}}],\"inLanguage\":\"pt-BR\"},{\"@type\":\"Organization\",\"@id\":\"https:\/\/sudoesteacontece.com.br\/#organization\",\"name\":\"Sudoesteacontece\",\"url\":\"https:\/\/sudoesteacontece.com.br\/\",\"logo\":{\"@type\":\"ImageObject\",\"inLanguage\":\"pt-BR\",\"@id\":\"https:\/\/sudoesteacontece.com.br\/#\/schema\/logo\/image\/\",\"url\":\"https:\/\/sudoesteacontece.com.br\/wp-content\/uploads\/2025\/12\/cropped-logo-2-180x180-1.png\",\"contentUrl\":\"https:\/\/sudoesteacontece.com.br\/wp-content\/uploads\/2025\/12\/cropped-logo-2-180x180-1.png\",\"width\":180,\"height\":180,\"caption\":\"Sudoesteacontece\"},\"image\":{\"@id\":\"https:\/\/sudoesteacontece.com.br\/#\/schema\/logo\/image\/\"},\"sameAs\":[\"https:\/\/www.facebook.com\/sudoesteacontece\/?locale=pt_BR\"]},{\"@type\":\"Person\",\"@id\":\"https:\/\/sudoesteacontece.com.br\/#\/schema\/person\/3cf2cf009926a9683ebc29d5379fa79c\",\"name\":\"Washington Tiago\",\"image\":{\"@type\":\"ImageObject\",\"inLanguage\":\"pt-BR\",\"@id\":\"https:\/\/sudoesteacontece.com.br\/#\/schema\/person\/image\/\",\"url\":\"https:\/\/secure.gravatar.com\/avatar\/33c43b8668157e040f9d1fe93c354bf087cbd8ba36270c1163198bd3ddcf2a56?s=96&d=mm&r=g\",\"contentUrl\":\"https:\/\/secure.gravatar.com\/avatar\/33c43b8668157e040f9d1fe93c354bf087cbd8ba36270c1163198bd3ddcf2a56?s=96&d=mm&r=g\",\"caption\":\"Washington Tiago\"},\"url\":\"https:\/\/sudoesteacontece.com.br\/?author=2\"}]}<\/script>\n<!-- \/ Yoast SEO plugin. -->","yoast_head_json":{"title":"Homem de 42 anos \u00e9 encontrado morto na zona rural de Palmas de Monte Alto - Sudoesteacontece","robots":{"index":"index","follow":"follow","max-snippet":"max-snippet:-1","max-image-preview":"max-image-preview:large","max-video-preview":"max-video-preview:-1"},"canonical":"https:\/\/sudoesteacontece.com.br\/?p=9777","og_locale":"pt_BR","og_type":"article","og_title":"Homem de 42 anos \u00e9 encontrado morto na zona rural de Palmas de Monte Alto - Sudoesteacontece","og_description":"Palmas de Monte Alto registrou morte de homem de 42 anos na manh\u00e3 de domingo (1\u00ba). Corpo foi localizado por volta das 09h no Povoado do Paracatu, dentro da pr\u00f3pria resid\u00eancia. Equipe do SAMU confirmou o \u00f3bito no local, e familiares foram orientados sobre procedimentos legais, incluindo acionamento de funer\u00e1ria. Informa\u00e7\u00f5es apontam que v\u00edtima possu\u00eda hist\u00f3rico de problemas de sa\u00fade, fazia uso de medica\u00e7\u00e3o controlada e consumia bebida alco\u00f3lica. Autoridades locais registraram a ocorr\u00eancia e coletaram dados preliminares, enquanto moradores da regi\u00e3o demonstraram preocupa\u00e7\u00e3o com a situa\u00e7\u00e3o. Caso segue sob investiga\u00e7\u00e3o, mas n\u00e3o h\u00e1 ind\u00edcios de viol\u00eancia, refor\u00e7ando a hip\u00f3tese de causas naturais.","og_url":"https:\/\/sudoesteacontece.com.br\/?p=9777","og_site_name":"Sudoesteacontece","article_publisher":"https:\/\/www.facebook.com\/sudoesteacontece\/?locale=pt_BR","article_published_time":"2026-03-02T15:34:22+00:00","article_modified_time":"2026-03-02T15:34:27+00:00","og_image":[{"url":"http:\/\/sudoesteacontece.com.br\/wp-content\/uploads\/2025\/11\/Homem-morre-ao-sofrer-descarga-eletrica-enquanto-trabalhava-em-fazenda-na-zona-rural-de-Jacaraci-sudoeste-acontece-iml-1024x576.jpg","type":"","width":"","height":""}],"author":"Washington Tiago","twitter_card":"summary_large_image","twitter_misc":{"Escrito por":"Washington Tiago","Est. tempo de leitura":"1 minuto"},"schema":{"@context":"https:\/\/schema.org","@graph":[{"@type":"Article","@id":"https:\/\/sudoesteacontece.com.br\/?p=9777#article","isPartOf":{"@id":"https:\/\/sudoesteacontece.com.br\/?p=9777"},"author":{"name":"Washington Tiago","@id":"https:\/\/sudoesteacontece.com.br\/#\/schema\/person\/3cf2cf009926a9683ebc29d5379fa79c"},"headline":"Homem de 42 anos \u00e9 encontrado morto na zona rural de Palmas de Monte Alto","datePublished":"2026-03-02T15:34:22+00:00","dateModified":"2026-03-02T15:34:27+00:00","mainEntityOfPage":{"@id":"https:\/\/sudoesteacontece.com.br\/?p=9777"},"wordCount":137,"commentCount":0,"publisher":{"@id":"https:\/\/sudoesteacontece.com.br\/#organization"},"image":{"@id":"https:\/\/sudoesteacontece.com.br\/?p=9777#primaryimage"},"thumbnailUrl":"http:\/\/sudoesteacontece.com.br\/wp-content\/uploads\/2025\/11\/Homem-morre-ao-sofrer-descarga-eletrica-enquanto-trabalhava-em-fazenda-na-zona-rural-de-Jacaraci-sudoeste-acontece-iml-1024x576.jpg","articleSection":["Cidades","Palmas de Monte Alto","Pol\u00edcia"],"inLanguage":"pt-BR","potentialAction":[{"@type":"CommentAction","name":"Comment","target":["https:\/\/sudoesteacontece.com.br\/?p=9777#respond"]}]},{"@type":"WebPage","@id":"https:\/\/sudoesteacontece.com.br\/?p=9777","url":"https:\/\/sudoesteacontece.com.br\/?p=9777","name":"Homem de 42 anos \u00e9 encontrado morto na zona rural de Palmas de Monte Alto - Sudoesteacontece","isPartOf":{"@id":"https:\/\/sudoesteacontece.com.br\/#website"},"primaryImageOfPage":{"@id":"https:\/\/sudoesteacontece.com.br\/?p=9777#primaryimage"},"image":{"@id":"https:\/\/sudoesteacontece.com.br\/?p=9777#primaryimage"},"thumbnailUrl":"http:\/\/sudoesteacontece.com.br\/wp-content\/uploads\/2025\/11\/Homem-morre-ao-sofrer-descarga-eletrica-enquanto-trabalhava-em-fazenda-na-zona-rural-de-Jacaraci-sudoeste-acontece-iml-1024x576.jpg","datePublished":"2026-03-02T15:34:22+00:00","dateModified":"2026-03-02T15:34:27+00:00","breadcrumb":{"@id":"https:\/\/sudoesteacontece.com.br\/?p=9777#breadcrumb"},"inLanguage":"pt-BR","potentialAction":[{"@type":"ReadAction","target":["https:\/\/sudoesteacontece.com.br\/?p=9777"]}]},{"@type":"ImageObject","inLanguage":"pt-BR","@id":"https:\/\/sudoesteacontece.com.br\/?p=9777#primaryimage","url":"https:\/\/sudoesteacontece.com.br\/wp-content\/uploads\/2025\/11\/Homem-morre-ao-sofrer-descarga-eletrica-enquanto-trabalhava-em-fazenda-na-zona-rural-de-Jacaraci-sudoeste-acontece-iml.jpg","contentUrl":"https:\/\/sudoesteacontece.com.br\/wp-content\/uploads\/2025\/11\/Homem-morre-ao-sofrer-descarga-eletrica-enquanto-trabalhava-em-fazenda-na-zona-rural-de-Jacaraci-sudoeste-acontece-iml.jpg","width":1032,"height":581,"caption":"Foto Washington Tiago"},{"@type":"BreadcrumbList","@id":"https:\/\/sudoesteacontece.com.br\/?p=9777#breadcrumb","itemListElement":[{"@type":"ListItem","position":1,"name":"In\u00edcio","item":"https:\/\/sudoesteacontece.com.br\/"},{"@type":"ListItem","position":2,"name":"Homem de 42 anos \u00e9 encontrado morto na zona rural de Palmas de Monte Alto"}]},{"@type":"WebSite","@id":"https:\/\/sudoesteacontece.com.br\/#website","url":"https:\/\/sudoesteacontece.com.br\/","name":"Sudoesteacontece","description":"","publisher":{"@id":"https:\/\/sudoesteacontece.com.br\/#organization"},"potentialAction":[{"@type":"SearchAction","target":{"@type":"EntryPoint","urlTemplate":"https:\/\/sudoesteacontece.com.br\/?s={search_term_string}"},"query-input":{"@type":"PropertyValueSpecification","valueRequired":true,"valueName":"search_term_string"}}],"inLanguage":"pt-BR"},{"@type":"Organization","@id":"https:\/\/sudoesteacontece.com.br\/#organization","name":"Sudoesteacontece","url":"https:\/\/sudoesteacontece.com.br\/","logo":{"@type":"ImageObject","inLanguage":"pt-BR","@id":"https:\/\/sudoesteacontece.com.br\/#\/schema\/logo\/image\/","url":"https:\/\/sudoesteacontece.com.br\/wp-content\/uploads\/2025\/12\/cropped-logo-2-180x180-1.png","contentUrl":"https:\/\/sudoesteacontece.com.br\/wp-content\/uploads\/2025\/12\/cropped-logo-2-180x180-1.png","width":180,"height":180,"caption":"Sudoesteacontece"},"image":{"@id":"https:\/\/sudoesteacontece.com.br\/#\/schema\/logo\/image\/"},"sameAs":["https:\/\/www.facebook.com\/sudoesteacontece\/?locale=pt_BR"]},{"@type":"Person","@id":"https:\/\/sudoesteacontece.com.br\/#\/schema\/person\/3cf2cf009926a9683ebc29d5379fa79c","name":"Washington Tiago","image":{"@type":"ImageObject","inLanguage":"pt-BR","@id":"https:\/\/sudoesteacontece.com.br\/#\/schema\/person\/image\/","url":"https:\/\/secure.gravatar.com\/avatar\/33c43b8668157e040f9d1fe93c354bf087cbd8ba36270c1163198bd3ddcf2a56?s=96&d=mm&r=g","contentUrl":"https:\/\/secure.gravatar.com\/avatar\/33c43b8668157e040f9d1fe93c354bf087cbd8ba36270c1163198bd3ddcf2a56?s=96&d=mm&r=g","caption":"Washington Tiago"},"url":"https:\/\/sudoesteacontece.com.br\/?author=2"}]}},"_links":{"self":[{"href":"https:\/\/sudoesteacontece.com.br\/index.php?rest_route=\/wp\/v2\/posts\/9777","targetHints":{"allow":["GET"]}}],"collection":[{"href":"https:\/\/sudoesteacontece.com.br\/index.php?rest_route=\/wp\/v2\/posts"}],"about":[{"href":"https:\/\/sudoesteacontece.com.br\/index.php?rest_route=\/wp\/v2\/types\/post"}],"author":[{"embeddable":true,"href":"https:\/\/sudoesteacontece.com.br\/index.php?rest_route=\/wp\/v2\/users\/2"}],"replies":[{"embeddable":true,"href":"https:\/\/sudoesteacontece.com.br\/index.php?rest_route=%2Fwp%2Fv2%2Fcomments&post=9777"}],"version-history":[{"count":0,"href":"https:\/\/sudoesteacontece.com.br\/index.php?rest_route=\/wp\/v2\/posts\/9777\/revisions"}],"wp:attachment":[{"href":"https:\/\/sudoesteacontece.com.br\/index.php?rest_route=%2Fwp%2Fv2%2Fmedia&parent=9777"}],"wp:term":[{"taxonomy":"category","embeddable":true,"href":"https:\/\/sudoesteacontece.com.br\/index.php?rest_route=%2Fwp%2Fv2%2Fcategories&post=9777"},{"taxonomy":"post_tag","embeddable":true,"href":"https:\/\/sudoesteacontece.com.br\/index.php?rest_route=%2Fwp%2Fv2%2Ftags&post=9777"}],"curies":[{"name":"wp","href":"https:\/\/api.w.org\/{rel}","templated":true}]}}