{"id":9783,"date":"2026-03-02T12:46:54","date_gmt":"2026-03-02T15:46:54","guid":{"rendered":"https:\/\/sudoesteacontece.com.br\/?p=9783"},"modified":"2026-03-02T12:46:59","modified_gmt":"2026-03-02T15:46:59","slug":"colisao-na-br-122-deixa-homem-ferido-em-candiba","status":"publish","type":"post","link":"https:\/\/sudoesteacontece.com.br\/?p=9783","title":{"rendered":"Colis\u00e3o na BR-122 deixa homem ferido em Candiba"},"content":{"rendered":"<div class=\"wp-block-image\">\n<figure class=\"aligncenter size-full\"><img fetchpriority=\"high\" decoding=\"async\" width=\"900\" height=\"600\" src=\"http:\/\/sudoesteacontece.com.br\/wp-content\/uploads\/2026\/03\/Colisao-na-BR-122-deixa-homem-ferido-em-Candiba.jpg\" alt=\"\" class=\"wp-image-9841\" srcset=\"https:\/\/sudoesteacontece.com.br\/wp-content\/uploads\/2026\/03\/Colisao-na-BR-122-deixa-homem-ferido-em-Candiba.jpg 900w, https:\/\/sudoesteacontece.com.br\/wp-content\/uploads\/2026\/03\/Colisao-na-BR-122-deixa-homem-ferido-em-Candiba-300x200.jpg 300w, https:\/\/sudoesteacontece.com.br\/wp-content\/uploads\/2026\/03\/Colisao-na-BR-122-deixa-homem-ferido-em-Candiba-768x512.jpg 768w\" sizes=\"(max-width: 900px) 100vw, 900px\" \/><\/figure>\n<\/div>\n\n\n<p>Acidente envolvendo uma caminhonete e um carro de passeio deixou um homem de 41 anos ferido na BR-122, no limite entre Candiba e Guanambi, na tarde de domingo (1\u00ba). Pol\u00edcia Militar foi acionada por volta das 14h20 para atendimento da ocorr\u00eancia.<\/p>\n\n\n\n<p>Condutor da Toyota Hilux relatou que trafegava do sentido Guanambi ao distrito de Pil\u00f5es quando o pneu dianteiro esquerdo estourou, provocando perda de controle. Caminhonete colidiu lateralmente com GM Prisma, que seguia na dire\u00e7\u00e3o contr\u00e1ria.<\/p>\n\n\n\n<p>Impacto fez o GM Prisma sair da pista e parar \u00e0s margens da rodovia. Motorista de 41 anos foi socorrido pelo SAMU e levado \u00e0 Unidade de Pronto Atendimento (UPA\/24h) de Guanambi. Condutor da Hilux recusou atendimento m\u00e9dico no local.<\/p>\n\n\n\n<p>Ve\u00edculos permaneceram sob responsabilidade de terceiros: Hilux com pr\u00f3prio condutor e GM Prisma com um homem de 29 anos indicado pelo propriet\u00e1rio. Pol\u00edcia registrou boletim de ocorr\u00eancia e investiga circunst\u00e2ncias do acidente para esclarecimento completo.<\/p>\n","protected":false},"excerpt":{"rendered":"<p>Acidente envolvendo uma caminhonete e um carro de passeio deixou um homem de 41 anos ferido na BR-122, no limite entre Candiba e Guanambi, na tarde de domingo (1\u00ba). Pol\u00edcia Militar foi acionada por volta das 14h20 para atendimento da ocorr\u00eancia. Condutor da Toyota Hilux relatou que trafegava do sentido Guanambi ao distrito de Pil\u00f5es quando o pneu dianteiro esquerdo estourou, provocando perda de controle. Caminhonete colidiu lateralmente com GM Prisma, que seguia na dire\u00e7\u00e3o contr\u00e1ria. Impacto fez o GM Prisma sair da pista e parar \u00e0s margens da rodovia. Motorista de 41 anos foi socorrido pelo SAMU e levado \u00e0 Unidade de Pronto Atendimento (UPA\/24h) de Guanambi. Condutor da Hilux recusou atendimento m\u00e9dico no local. Ve\u00edculos permaneceram sob responsabilidade de terceiros: Hilux com pr\u00f3prio condutor e GM Prisma com um homem de 29 anos indicado pelo propriet\u00e1rio. Pol\u00edcia registrou boletim de ocorr\u00eancia e investiga circunst\u00e2ncias do acidente para esclarecimento completo.<\/p>\n","protected":false},"author":2,"featured_media":0,"comment_status":"open","ping_status":"open","sticky":false,"template":"","format":"standard","meta":{"footnotes":""},"categories":[5,84,4],"tags":[],"class_list":["post-9783","post","type-post","status-publish","format-standard","hentry","category-acidente","category-candiba","category-cidades"],"yoast_head":"<!-- This site is optimized with the Yoast SEO plugin v26.5 - https:\/\/yoast.com\/wordpress\/plugins\/seo\/ -->\n<title>Colis\u00e3o na BR-122 deixa homem ferido em Candiba - Sudoesteacontece<\/title>\n<meta name=\"robots\" content=\"index, follow, max-snippet:-1, max-image-preview:large, max-video-preview:-1\" \/>\n<link rel=\"canonical\" href=\"https:\/\/sudoesteacontece.com.br\/?p=9783\" \/>\n<meta property=\"og:locale\" content=\"pt_BR\" \/>\n<meta property=\"og:type\" content=\"article\" \/>\n<meta property=\"og:title\" content=\"Colis\u00e3o na BR-122 deixa homem ferido em Candiba - Sudoesteacontece\" \/>\n<meta property=\"og:description\" content=\"Acidente envolvendo uma caminhonete e um carro de passeio deixou um homem de 41 anos ferido na BR-122, no limite entre Candiba e Guanambi, na tarde de domingo (1\u00ba). Pol\u00edcia Militar foi acionada por volta das 14h20 para atendimento da ocorr\u00eancia. Condutor da Toyota Hilux relatou que trafegava do sentido Guanambi ao distrito de Pil\u00f5es quando o pneu dianteiro esquerdo estourou, provocando perda de controle. Caminhonete colidiu lateralmente com GM Prisma, que seguia na dire\u00e7\u00e3o contr\u00e1ria. Impacto fez o GM Prisma sair da pista e parar \u00e0s margens da rodovia. Motorista de 41 anos foi socorrido pelo SAMU e levado \u00e0 Unidade de Pronto Atendimento (UPA\/24h) de Guanambi. Condutor da Hilux recusou atendimento m\u00e9dico no local. Ve\u00edculos permaneceram sob responsabilidade de terceiros: Hilux com pr\u00f3prio condutor e GM Prisma com um homem de 29 anos indicado pelo propriet\u00e1rio. Pol\u00edcia registrou boletim de ocorr\u00eancia e investiga circunst\u00e2ncias do acidente para esclarecimento completo.\" \/>\n<meta property=\"og:url\" content=\"https:\/\/sudoesteacontece.com.br\/?p=9783\" \/>\n<meta property=\"og:site_name\" content=\"Sudoesteacontece\" \/>\n<meta property=\"article:publisher\" content=\"https:\/\/www.facebook.com\/sudoesteacontece\/?locale=pt_BR\" \/>\n<meta property=\"article:published_time\" content=\"2026-03-02T15:46:54+00:00\" \/>\n<meta property=\"article:modified_time\" content=\"2026-03-02T15:46:59+00:00\" \/>\n<meta property=\"og:image\" content=\"http:\/\/sudoesteacontece.com.br\/wp-content\/uploads\/2026\/03\/Colisao-na-BR-122-deixa-homem-ferido-em-Candiba.jpg\" \/>\n<meta name=\"author\" content=\"Washington Tiago\" \/>\n<meta name=\"twitter:card\" content=\"summary_large_image\" \/>\n<meta name=\"twitter:label1\" content=\"Escrito por\" \/>\n\t<meta name=\"twitter:data1\" content=\"Washington Tiago\" \/>\n\t<meta name=\"twitter:label2\" content=\"Est. tempo de leitura\" \/>\n\t<meta name=\"twitter:data2\" content=\"2 minutos\" \/>\n<script type=\"application\/ld+json\" class=\"yoast-schema-graph\">{\"@context\":\"https:\/\/schema.org\",\"@graph\":[{\"@type\":\"Article\",\"@id\":\"https:\/\/sudoesteacontece.com.br\/?p=9783#article\",\"isPartOf\":{\"@id\":\"https:\/\/sudoesteacontece.com.br\/?p=9783\"},\"author\":{\"name\":\"Washington Tiago\",\"@id\":\"https:\/\/sudoesteacontece.com.br\/#\/schema\/person\/3cf2cf009926a9683ebc29d5379fa79c\"},\"headline\":\"Colis\u00e3o na BR-122 deixa homem ferido em Candiba\",\"datePublished\":\"2026-03-02T15:46:54+00:00\",\"dateModified\":\"2026-03-02T15:46:59+00:00\",\"mainEntityOfPage\":{\"@id\":\"https:\/\/sudoesteacontece.com.br\/?p=9783\"},\"wordCount\":168,\"commentCount\":0,\"publisher\":{\"@id\":\"https:\/\/sudoesteacontece.com.br\/#organization\"},\"image\":{\"@id\":\"https:\/\/sudoesteacontece.com.br\/?p=9783#primaryimage\"},\"thumbnailUrl\":\"http:\/\/sudoesteacontece.com.br\/wp-content\/uploads\/2026\/03\/Colisao-na-BR-122-deixa-homem-ferido-em-Candiba.jpg\",\"articleSection\":[\"Acidente\",\"Candiba\",\"Cidades\"],\"inLanguage\":\"pt-BR\",\"potentialAction\":[{\"@type\":\"CommentAction\",\"name\":\"Comment\",\"target\":[\"https:\/\/sudoesteacontece.com.br\/?p=9783#respond\"]}]},{\"@type\":\"WebPage\",\"@id\":\"https:\/\/sudoesteacontece.com.br\/?p=9783\",\"url\":\"https:\/\/sudoesteacontece.com.br\/?p=9783\",\"name\":\"Colis\u00e3o na BR-122 deixa homem ferido em Candiba - Sudoesteacontece\",\"isPartOf\":{\"@id\":\"https:\/\/sudoesteacontece.com.br\/#website\"},\"primaryImageOfPage\":{\"@id\":\"https:\/\/sudoesteacontece.com.br\/?p=9783#primaryimage\"},\"image\":{\"@id\":\"https:\/\/sudoesteacontece.com.br\/?p=9783#primaryimage\"},\"thumbnailUrl\":\"http:\/\/sudoesteacontece.com.br\/wp-content\/uploads\/2026\/03\/Colisao-na-BR-122-deixa-homem-ferido-em-Candiba.jpg\",\"datePublished\":\"2026-03-02T15:46:54+00:00\",\"dateModified\":\"2026-03-02T15:46:59+00:00\",\"breadcrumb\":{\"@id\":\"https:\/\/sudoesteacontece.com.br\/?p=9783#breadcrumb\"},\"inLanguage\":\"pt-BR\",\"potentialAction\":[{\"@type\":\"ReadAction\",\"target\":[\"https:\/\/sudoesteacontece.com.br\/?p=9783\"]}]},{\"@type\":\"ImageObject\",\"inLanguage\":\"pt-BR\",\"@id\":\"https:\/\/sudoesteacontece.com.br\/?p=9783#primaryimage\",\"url\":\"https:\/\/sudoesteacontece.com.br\/wp-content\/uploads\/2026\/03\/Colisao-na-BR-122-deixa-homem-ferido-em-Candiba.jpg\",\"contentUrl\":\"https:\/\/sudoesteacontece.com.br\/wp-content\/uploads\/2026\/03\/Colisao-na-BR-122-deixa-homem-ferido-em-Candiba.jpg\",\"width\":900,\"height\":600},{\"@type\":\"BreadcrumbList\",\"@id\":\"https:\/\/sudoesteacontece.com.br\/?p=9783#breadcrumb\",\"itemListElement\":[{\"@type\":\"ListItem\",\"position\":1,\"name\":\"In\u00edcio\",\"item\":\"https:\/\/sudoesteacontece.com.br\/\"},{\"@type\":\"ListItem\",\"position\":2,\"name\":\"Colis\u00e3o na BR-122 deixa homem ferido em Candiba\"}]},{\"@type\":\"WebSite\",\"@id\":\"https:\/\/sudoesteacontece.com.br\/#website\",\"url\":\"https:\/\/sudoesteacontece.com.br\/\",\"name\":\"Sudoesteacontece\",\"description\":\"\",\"publisher\":{\"@id\":\"https:\/\/sudoesteacontece.com.br\/#organization\"},\"potentialAction\":[{\"@type\":\"SearchAction\",\"target\":{\"@type\":\"EntryPoint\",\"urlTemplate\":\"https:\/\/sudoesteacontece.com.br\/?s={search_term_string}\"},\"query-input\":{\"@type\":\"PropertyValueSpecification\",\"valueRequired\":true,\"valueName\":\"search_term_string\"}}],\"inLanguage\":\"pt-BR\"},{\"@type\":\"Organization\",\"@id\":\"https:\/\/sudoesteacontece.com.br\/#organization\",\"name\":\"Sudoesteacontece\",\"url\":\"https:\/\/sudoesteacontece.com.br\/\",\"logo\":{\"@type\":\"ImageObject\",\"inLanguage\":\"pt-BR\",\"@id\":\"https:\/\/sudoesteacontece.com.br\/#\/schema\/logo\/image\/\",\"url\":\"https:\/\/sudoesteacontece.com.br\/wp-content\/uploads\/2025\/12\/cropped-logo-2-180x180-1.png\",\"contentUrl\":\"https:\/\/sudoesteacontece.com.br\/wp-content\/uploads\/2025\/12\/cropped-logo-2-180x180-1.png\",\"width\":180,\"height\":180,\"caption\":\"Sudoesteacontece\"},\"image\":{\"@id\":\"https:\/\/sudoesteacontece.com.br\/#\/schema\/logo\/image\/\"},\"sameAs\":[\"https:\/\/www.facebook.com\/sudoesteacontece\/?locale=pt_BR\"]},{\"@type\":\"Person\",\"@id\":\"https:\/\/sudoesteacontece.com.br\/#\/schema\/person\/3cf2cf009926a9683ebc29d5379fa79c\",\"name\":\"Washington Tiago\",\"image\":{\"@type\":\"ImageObject\",\"inLanguage\":\"pt-BR\",\"@id\":\"https:\/\/sudoesteacontece.com.br\/#\/schema\/person\/image\/\",\"url\":\"https:\/\/secure.gravatar.com\/avatar\/33c43b8668157e040f9d1fe93c354bf087cbd8ba36270c1163198bd3ddcf2a56?s=96&d=mm&r=g\",\"contentUrl\":\"https:\/\/secure.gravatar.com\/avatar\/33c43b8668157e040f9d1fe93c354bf087cbd8ba36270c1163198bd3ddcf2a56?s=96&d=mm&r=g\",\"caption\":\"Washington Tiago\"},\"url\":\"https:\/\/sudoesteacontece.com.br\/?author=2\"}]}<\/script>\n<!-- \/ Yoast SEO plugin. -->","yoast_head_json":{"title":"Colis\u00e3o na BR-122 deixa homem ferido em Candiba - Sudoesteacontece","robots":{"index":"index","follow":"follow","max-snippet":"max-snippet:-1","max-image-preview":"max-image-preview:large","max-video-preview":"max-video-preview:-1"},"canonical":"https:\/\/sudoesteacontece.com.br\/?p=9783","og_locale":"pt_BR","og_type":"article","og_title":"Colis\u00e3o na BR-122 deixa homem ferido em Candiba - Sudoesteacontece","og_description":"Acidente envolvendo uma caminhonete e um carro de passeio deixou um homem de 41 anos ferido na BR-122, no limite entre Candiba e Guanambi, na tarde de domingo (1\u00ba). Pol\u00edcia Militar foi acionada por volta das 14h20 para atendimento da ocorr\u00eancia. Condutor da Toyota Hilux relatou que trafegava do sentido Guanambi ao distrito de Pil\u00f5es quando o pneu dianteiro esquerdo estourou, provocando perda de controle. Caminhonete colidiu lateralmente com GM Prisma, que seguia na dire\u00e7\u00e3o contr\u00e1ria. Impacto fez o GM Prisma sair da pista e parar \u00e0s margens da rodovia. Motorista de 41 anos foi socorrido pelo SAMU e levado \u00e0 Unidade de Pronto Atendimento (UPA\/24h) de Guanambi. Condutor da Hilux recusou atendimento m\u00e9dico no local. Ve\u00edculos permaneceram sob responsabilidade de terceiros: Hilux com pr\u00f3prio condutor e GM Prisma com um homem de 29 anos indicado pelo propriet\u00e1rio. Pol\u00edcia registrou boletim de ocorr\u00eancia e investiga circunst\u00e2ncias do acidente para esclarecimento completo.","og_url":"https:\/\/sudoesteacontece.com.br\/?p=9783","og_site_name":"Sudoesteacontece","article_publisher":"https:\/\/www.facebook.com\/sudoesteacontece\/?locale=pt_BR","article_published_time":"2026-03-02T15:46:54+00:00","article_modified_time":"2026-03-02T15:46:59+00:00","og_image":[{"url":"http:\/\/sudoesteacontece.com.br\/wp-content\/uploads\/2026\/03\/Colisao-na-BR-122-deixa-homem-ferido-em-Candiba.jpg","type":"","width":"","height":""}],"author":"Washington Tiago","twitter_card":"summary_large_image","twitter_misc":{"Escrito por":"Washington Tiago","Est. tempo de leitura":"2 minutos"},"schema":{"@context":"https:\/\/schema.org","@graph":[{"@type":"Article","@id":"https:\/\/sudoesteacontece.com.br\/?p=9783#article","isPartOf":{"@id":"https:\/\/sudoesteacontece.com.br\/?p=9783"},"author":{"name":"Washington Tiago","@id":"https:\/\/sudoesteacontece.com.br\/#\/schema\/person\/3cf2cf009926a9683ebc29d5379fa79c"},"headline":"Colis\u00e3o na BR-122 deixa homem ferido em Candiba","datePublished":"2026-03-02T15:46:54+00:00","dateModified":"2026-03-02T15:46:59+00:00","mainEntityOfPage":{"@id":"https:\/\/sudoesteacontece.com.br\/?p=9783"},"wordCount":168,"commentCount":0,"publisher":{"@id":"https:\/\/sudoesteacontece.com.br\/#organization"},"image":{"@id":"https:\/\/sudoesteacontece.com.br\/?p=9783#primaryimage"},"thumbnailUrl":"http:\/\/sudoesteacontece.com.br\/wp-content\/uploads\/2026\/03\/Colisao-na-BR-122-deixa-homem-ferido-em-Candiba.jpg","articleSection":["Acidente","Candiba","Cidades"],"inLanguage":"pt-BR","potentialAction":[{"@type":"CommentAction","name":"Comment","target":["https:\/\/sudoesteacontece.com.br\/?p=9783#respond"]}]},{"@type":"WebPage","@id":"https:\/\/sudoesteacontece.com.br\/?p=9783","url":"https:\/\/sudoesteacontece.com.br\/?p=9783","name":"Colis\u00e3o na BR-122 deixa homem ferido em Candiba - Sudoesteacontece","isPartOf":{"@id":"https:\/\/sudoesteacontece.com.br\/#website"},"primaryImageOfPage":{"@id":"https:\/\/sudoesteacontece.com.br\/?p=9783#primaryimage"},"image":{"@id":"https:\/\/sudoesteacontece.com.br\/?p=9783#primaryimage"},"thumbnailUrl":"http:\/\/sudoesteacontece.com.br\/wp-content\/uploads\/2026\/03\/Colisao-na-BR-122-deixa-homem-ferido-em-Candiba.jpg","datePublished":"2026-03-02T15:46:54+00:00","dateModified":"2026-03-02T15:46:59+00:00","breadcrumb":{"@id":"https:\/\/sudoesteacontece.com.br\/?p=9783#breadcrumb"},"inLanguage":"pt-BR","potentialAction":[{"@type":"ReadAction","target":["https:\/\/sudoesteacontece.com.br\/?p=9783"]}]},{"@type":"ImageObject","inLanguage":"pt-BR","@id":"https:\/\/sudoesteacontece.com.br\/?p=9783#primaryimage","url":"https:\/\/sudoesteacontece.com.br\/wp-content\/uploads\/2026\/03\/Colisao-na-BR-122-deixa-homem-ferido-em-Candiba.jpg","contentUrl":"https:\/\/sudoesteacontece.com.br\/wp-content\/uploads\/2026\/03\/Colisao-na-BR-122-deixa-homem-ferido-em-Candiba.jpg","width":900,"height":600},{"@type":"BreadcrumbList","@id":"https:\/\/sudoesteacontece.com.br\/?p=9783#breadcrumb","itemListElement":[{"@type":"ListItem","position":1,"name":"In\u00edcio","item":"https:\/\/sudoesteacontece.com.br\/"},{"@type":"ListItem","position":2,"name":"Colis\u00e3o na BR-122 deixa homem ferido em Candiba"}]},{"@type":"WebSite","@id":"https:\/\/sudoesteacontece.com.br\/#website","url":"https:\/\/sudoesteacontece.com.br\/","name":"Sudoesteacontece","description":"","publisher":{"@id":"https:\/\/sudoesteacontece.com.br\/#organization"},"potentialAction":[{"@type":"SearchAction","target":{"@type":"EntryPoint","urlTemplate":"https:\/\/sudoesteacontece.com.br\/?s={search_term_string}"},"query-input":{"@type":"PropertyValueSpecification","valueRequired":true,"valueName":"search_term_string"}}],"inLanguage":"pt-BR"},{"@type":"Organization","@id":"https:\/\/sudoesteacontece.com.br\/#organization","name":"Sudoesteacontece","url":"https:\/\/sudoesteacontece.com.br\/","logo":{"@type":"ImageObject","inLanguage":"pt-BR","@id":"https:\/\/sudoesteacontece.com.br\/#\/schema\/logo\/image\/","url":"https:\/\/sudoesteacontece.com.br\/wp-content\/uploads\/2025\/12\/cropped-logo-2-180x180-1.png","contentUrl":"https:\/\/sudoesteacontece.com.br\/wp-content\/uploads\/2025\/12\/cropped-logo-2-180x180-1.png","width":180,"height":180,"caption":"Sudoesteacontece"},"image":{"@id":"https:\/\/sudoesteacontece.com.br\/#\/schema\/logo\/image\/"},"sameAs":["https:\/\/www.facebook.com\/sudoesteacontece\/?locale=pt_BR"]},{"@type":"Person","@id":"https:\/\/sudoesteacontece.com.br\/#\/schema\/person\/3cf2cf009926a9683ebc29d5379fa79c","name":"Washington Tiago","image":{"@type":"ImageObject","inLanguage":"pt-BR","@id":"https:\/\/sudoesteacontece.com.br\/#\/schema\/person\/image\/","url":"https:\/\/secure.gravatar.com\/avatar\/33c43b8668157e040f9d1fe93c354bf087cbd8ba36270c1163198bd3ddcf2a56?s=96&d=mm&r=g","contentUrl":"https:\/\/secure.gravatar.com\/avatar\/33c43b8668157e040f9d1fe93c354bf087cbd8ba36270c1163198bd3ddcf2a56?s=96&d=mm&r=g","caption":"Washington Tiago"},"url":"https:\/\/sudoesteacontece.com.br\/?author=2"}]}},"_links":{"self":[{"href":"https:\/\/sudoesteacontece.com.br\/index.php?rest_route=\/wp\/v2\/posts\/9783","targetHints":{"allow":["GET"]}}],"collection":[{"href":"https:\/\/sudoesteacontece.com.br\/index.php?rest_route=\/wp\/v2\/posts"}],"about":[{"href":"https:\/\/sudoesteacontece.com.br\/index.php?rest_route=\/wp\/v2\/types\/post"}],"author":[{"embeddable":true,"href":"https:\/\/sudoesteacontece.com.br\/index.php?rest_route=\/wp\/v2\/users\/2"}],"replies":[{"embeddable":true,"href":"https:\/\/sudoesteacontece.com.br\/index.php?rest_route=%2Fwp%2Fv2%2Fcomments&post=9783"}],"version-history":[{"count":0,"href":"https:\/\/sudoesteacontece.com.br\/index.php?rest_route=\/wp\/v2\/posts\/9783\/revisions"}],"wp:attachment":[{"href":"https:\/\/sudoesteacontece.com.br\/index.php?rest_route=%2Fwp%2Fv2%2Fmedia&parent=9783"}],"wp:term":[{"taxonomy":"category","embeddable":true,"href":"https:\/\/sudoesteacontece.com.br\/index.php?rest_route=%2Fwp%2Fv2%2Fcategories&post=9783"},{"taxonomy":"post_tag","embeddable":true,"href":"https:\/\/sudoesteacontece.com.br\/index.php?rest_route=%2Fwp%2Fv2%2Ftags&post=9783"}],"curies":[{"name":"wp","href":"https:\/\/api.w.org\/{rel}","templated":true}]}}