{"id":9787,"date":"2026-03-02T12:50:21","date_gmt":"2026-03-02T15:50:21","guid":{"rendered":"https:\/\/sudoesteacontece.com.br\/?p=9787"},"modified":"2026-03-02T12:50:26","modified_gmt":"2026-03-02T15:50:26","slug":"barragem-luiz-vieira-chega-a-4244-da-capacidade-e-mantem-importancia-estrategica-em-rio-de-contas","status":"publish","type":"post","link":"https:\/\/sudoesteacontece.com.br\/?p=9787","title":{"rendered":"Barragem Luiz Vieira chega a 42,44% da capacidade e mant\u00e9m import\u00e2ncia estrat\u00e9gica em Rio de Contas"},"content":{"rendered":"<div class=\"wp-block-image\">\n<figure class=\"aligncenter size-full\"><img fetchpriority=\"high\" decoding=\"async\" width=\"1000\" height=\"750\" src=\"http:\/\/sudoesteacontece.com.br\/wp-content\/uploads\/2025\/11\/Barragem-Luiz-Vieira-ganha-novo-folego-e-acumula-mais-de-1-milhao-de-m\u00b3-em-apenas-dois-dias-sudoeste-acontece.jpg\" alt=\"\" class=\"wp-image-2405\" srcset=\"https:\/\/sudoesteacontece.com.br\/wp-content\/uploads\/2025\/11\/Barragem-Luiz-Vieira-ganha-novo-folego-e-acumula-mais-de-1-milhao-de-m\u00b3-em-apenas-dois-dias-sudoeste-acontece.jpg 1000w, https:\/\/sudoesteacontece.com.br\/wp-content\/uploads\/2025\/11\/Barragem-Luiz-Vieira-ganha-novo-folego-e-acumula-mais-de-1-milhao-de-m\u00b3-em-apenas-dois-dias-sudoeste-acontece-300x225.jpg 300w, https:\/\/sudoesteacontece.com.br\/wp-content\/uploads\/2025\/11\/Barragem-Luiz-Vieira-ganha-novo-folego-e-acumula-mais-de-1-milhao-de-m\u00b3-em-apenas-dois-dias-sudoeste-acontece-768x576.jpg 768w\" sizes=\"(max-width: 1000px) 100vw, 1000px\" \/><\/figure>\n<\/div>\n\n\n<p>Volume da Barragem Luiz Vieira, tamb\u00e9m chamada A\u00e7ude Brumado, alcan\u00e7ou 42,159 milh\u00f5es de metros c\u00fabicos nesta segunda-feira, 2, representando 42,44% da capacidade. Reservat\u00f3rio registra cota de 1.017,03 metros e \u00e9 essencial para abastecimento e irriga\u00e7\u00e3o da regi\u00e3o.<\/p>\n\n\n\n<p>Estrutura abastece Rio de Contas, Livramento de Nossa Senhora e Dom Bas\u00edlio, garantindo \u00e1gua para consumo humano e agr\u00edcola. Barragem \u00e9 fundamental para irriga\u00e7\u00e3o de culturas de manga e maracuj\u00e1, fortalecendo a economia local e mantendo produ\u00e7\u00e3o agr\u00edcola em \u00e1reas estrat\u00e9gicas da Chapada Diamantina.<\/p>\n\n\n\n<p>Capacidade original do manancial era de 105 milh\u00f5es de metros c\u00fabicos, mas devido ao assoreamento caiu para cerca de 99,3 milh\u00f5es. Associa\u00e7\u00e3o do Distrito Irrigado do Brumado acompanha volume e cota da barragem, alertando sobre a necessidade de monitoramento cont\u00ednuo frente \u00e0s varia\u00e7\u00f5es clim\u00e1ticas.<\/p>\n\n\n\n<p>Previs\u00e3o aponta chuvas durante o m\u00eas de mar\u00e7o na regi\u00e3o, podendo contribuir para recarga do reservat\u00f3rio. Expectativa \u00e9 de aumento gradual do volume armazenado, garantindo estabilidade no abastecimento e fortalecendo a seguran\u00e7a h\u00eddrica de munic\u00edpios dependentes da barragem.<\/p>\n\n\n\n<p>Manancial segue como pe\u00e7a-chave no planejamento h\u00eddrico local. Autoridades refor\u00e7am import\u00e2ncia de monitoramento e manuten\u00e7\u00e3o da infraestrutura para prevenir impactos de estiagens prolongadas, protegendo tanto a popula\u00e7\u00e3o quanto a produ\u00e7\u00e3o agr\u00edcola que depende do recurso.<\/p>\n","protected":false},"excerpt":{"rendered":"<p>Volume da Barragem Luiz Vieira, tamb\u00e9m chamada A\u00e7ude Brumado, alcan\u00e7ou 42,159 milh\u00f5es de metros c\u00fabicos nesta segunda-feira, 2, representando 42,44% da capacidade. Reservat\u00f3rio registra cota de 1.017,03 metros e \u00e9 essencial para abastecimento e irriga\u00e7\u00e3o da regi\u00e3o. Estrutura abastece Rio de Contas, Livramento de Nossa Senhora e Dom Bas\u00edlio, garantindo \u00e1gua para consumo humano e agr\u00edcola. Barragem \u00e9 fundamental para irriga\u00e7\u00e3o de culturas de manga e maracuj\u00e1, fortalecendo a economia local e mantendo produ\u00e7\u00e3o agr\u00edcola em \u00e1reas estrat\u00e9gicas da Chapada Diamantina. Capacidade original do manancial era de 105 milh\u00f5es de metros c\u00fabicos, mas devido ao assoreamento caiu para cerca de 99,3 milh\u00f5es. Associa\u00e7\u00e3o do Distrito Irrigado do Brumado acompanha volume e cota da barragem, alertando sobre a necessidade de monitoramento cont\u00ednuo frente \u00e0s varia\u00e7\u00f5es clim\u00e1ticas. Previs\u00e3o aponta chuvas durante o m\u00eas de mar\u00e7o na regi\u00e3o, podendo contribuir para recarga do reservat\u00f3rio. Expectativa \u00e9 de aumento gradual do volume armazenado, garantindo estabilidade no abastecimento e fortalecendo a seguran\u00e7a h\u00eddrica de munic\u00edpios dependentes da barragem. Manancial segue como pe\u00e7a-chave no planejamento h\u00eddrico local. Autoridades refor\u00e7am import\u00e2ncia de monitoramento e manuten\u00e7\u00e3o da infraestrutura para prevenir impactos de estiagens prolongadas, protegendo tanto a popula\u00e7\u00e3o quanto a produ\u00e7\u00e3o agr\u00edcola que depende do recurso.<\/p>\n","protected":false},"author":2,"featured_media":2405,"comment_status":"open","ping_status":"open","sticky":false,"template":"","format":"standard","meta":{"footnotes":""},"categories":[4,63,18,62],"tags":[],"class_list":["post-9787","post","type-post","status-publish","format-standard","has-post-thumbnail","hentry","category-cidades","category-dom-basilio","category-livramento","category-rio-de-contas"],"yoast_head":"<!-- This site is optimized with the Yoast SEO plugin v26.5 - https:\/\/yoast.com\/wordpress\/plugins\/seo\/ -->\n<title>Barragem Luiz Vieira chega a 42,44% da capacidade e mant\u00e9m import\u00e2ncia estrat\u00e9gica em Rio de Contas - Sudoesteacontece<\/title>\n<meta name=\"robots\" content=\"index, follow, max-snippet:-1, max-image-preview:large, max-video-preview:-1\" \/>\n<link rel=\"canonical\" href=\"https:\/\/sudoesteacontece.com.br\/?p=9787\" \/>\n<meta property=\"og:locale\" content=\"pt_BR\" \/>\n<meta property=\"og:type\" content=\"article\" \/>\n<meta property=\"og:title\" content=\"Barragem Luiz Vieira chega a 42,44% da capacidade e mant\u00e9m import\u00e2ncia estrat\u00e9gica em Rio de Contas - Sudoesteacontece\" \/>\n<meta property=\"og:description\" content=\"Volume da Barragem Luiz Vieira, tamb\u00e9m chamada A\u00e7ude Brumado, alcan\u00e7ou 42,159 milh\u00f5es de metros c\u00fabicos nesta segunda-feira, 2, representando 42,44% da capacidade. Reservat\u00f3rio registra cota de 1.017,03 metros e \u00e9 essencial para abastecimento e irriga\u00e7\u00e3o da regi\u00e3o. Estrutura abastece Rio de Contas, Livramento de Nossa Senhora e Dom Bas\u00edlio, garantindo \u00e1gua para consumo humano e agr\u00edcola. Barragem \u00e9 fundamental para irriga\u00e7\u00e3o de culturas de manga e maracuj\u00e1, fortalecendo a economia local e mantendo produ\u00e7\u00e3o agr\u00edcola em \u00e1reas estrat\u00e9gicas da Chapada Diamantina. Capacidade original do manancial era de 105 milh\u00f5es de metros c\u00fabicos, mas devido ao assoreamento caiu para cerca de 99,3 milh\u00f5es. Associa\u00e7\u00e3o do Distrito Irrigado do Brumado acompanha volume e cota da barragem, alertando sobre a necessidade de monitoramento cont\u00ednuo frente \u00e0s varia\u00e7\u00f5es clim\u00e1ticas. Previs\u00e3o aponta chuvas durante o m\u00eas de mar\u00e7o na regi\u00e3o, podendo contribuir para recarga do reservat\u00f3rio. Expectativa \u00e9 de aumento gradual do volume armazenado, garantindo estabilidade no abastecimento e fortalecendo a seguran\u00e7a h\u00eddrica de munic\u00edpios dependentes da barragem. Manancial segue como pe\u00e7a-chave no planejamento h\u00eddrico local. Autoridades refor\u00e7am import\u00e2ncia de monitoramento e manuten\u00e7\u00e3o da infraestrutura para prevenir impactos de estiagens prolongadas, protegendo tanto a popula\u00e7\u00e3o quanto a produ\u00e7\u00e3o agr\u00edcola que depende do recurso.\" \/>\n<meta property=\"og:url\" content=\"https:\/\/sudoesteacontece.com.br\/?p=9787\" \/>\n<meta property=\"og:site_name\" content=\"Sudoesteacontece\" \/>\n<meta property=\"article:publisher\" content=\"https:\/\/www.facebook.com\/sudoesteacontece\/?locale=pt_BR\" \/>\n<meta property=\"article:published_time\" content=\"2026-03-02T15:50:21+00:00\" \/>\n<meta property=\"article:modified_time\" content=\"2026-03-02T15:50:26+00:00\" \/>\n<meta property=\"og:image\" content=\"https:\/\/sudoesteacontece.com.br\/wp-content\/uploads\/2025\/11\/Barragem-Luiz-Vieira-ganha-novo-folego-e-acumula-mais-de-1-milhao-de-m\u00b3-em-apenas-dois-dias-sudoeste-acontece.jpg\" \/>\n\t<meta property=\"og:image:width\" content=\"1000\" \/>\n\t<meta property=\"og:image:height\" content=\"750\" \/>\n\t<meta property=\"og:image:type\" content=\"image\/jpeg\" \/>\n<meta name=\"author\" content=\"Washington Tiago\" \/>\n<meta name=\"twitter:card\" content=\"summary_large_image\" \/>\n<meta name=\"twitter:label1\" content=\"Escrito por\" \/>\n\t<meta name=\"twitter:data1\" content=\"Washington Tiago\" \/>\n\t<meta name=\"twitter:label2\" content=\"Est. tempo de leitura\" \/>\n\t<meta name=\"twitter:data2\" content=\"2 minutos\" \/>\n<script type=\"application\/ld+json\" class=\"yoast-schema-graph\">{\"@context\":\"https:\/\/schema.org\",\"@graph\":[{\"@type\":\"Article\",\"@id\":\"https:\/\/sudoesteacontece.com.br\/?p=9787#article\",\"isPartOf\":{\"@id\":\"https:\/\/sudoesteacontece.com.br\/?p=9787\"},\"author\":{\"name\":\"Washington Tiago\",\"@id\":\"https:\/\/sudoesteacontece.com.br\/#\/schema\/person\/3cf2cf009926a9683ebc29d5379fa79c\"},\"headline\":\"Barragem Luiz Vieira chega a 42,44% da capacidade e mant\u00e9m import\u00e2ncia estrat\u00e9gica em Rio de Contas\",\"datePublished\":\"2026-03-02T15:50:21+00:00\",\"dateModified\":\"2026-03-02T15:50:26+00:00\",\"mainEntityOfPage\":{\"@id\":\"https:\/\/sudoesteacontece.com.br\/?p=9787\"},\"wordCount\":244,\"commentCount\":0,\"publisher\":{\"@id\":\"https:\/\/sudoesteacontece.com.br\/#organization\"},\"image\":{\"@id\":\"https:\/\/sudoesteacontece.com.br\/?p=9787#primaryimage\"},\"thumbnailUrl\":\"https:\/\/sudoesteacontece.com.br\/wp-content\/uploads\/2025\/11\/Barragem-Luiz-Vieira-ganha-novo-folego-e-acumula-mais-de-1-milhao-de-m\u00b3-em-apenas-dois-dias-sudoeste-acontece.jpg\",\"articleSection\":[\"Cidades\",\"Dom Bas\u00edlio\",\"Livramento\",\"Rio de Contas\"],\"inLanguage\":\"pt-BR\",\"potentialAction\":[{\"@type\":\"CommentAction\",\"name\":\"Comment\",\"target\":[\"https:\/\/sudoesteacontece.com.br\/?p=9787#respond\"]}]},{\"@type\":\"WebPage\",\"@id\":\"https:\/\/sudoesteacontece.com.br\/?p=9787\",\"url\":\"https:\/\/sudoesteacontece.com.br\/?p=9787\",\"name\":\"Barragem Luiz Vieira chega a 42,44% da capacidade e mant\u00e9m import\u00e2ncia estrat\u00e9gica em Rio de Contas - Sudoesteacontece\",\"isPartOf\":{\"@id\":\"https:\/\/sudoesteacontece.com.br\/#website\"},\"primaryImageOfPage\":{\"@id\":\"https:\/\/sudoesteacontece.com.br\/?p=9787#primaryimage\"},\"image\":{\"@id\":\"https:\/\/sudoesteacontece.com.br\/?p=9787#primaryimage\"},\"thumbnailUrl\":\"https:\/\/sudoesteacontece.com.br\/wp-content\/uploads\/2025\/11\/Barragem-Luiz-Vieira-ganha-novo-folego-e-acumula-mais-de-1-milhao-de-m\u00b3-em-apenas-dois-dias-sudoeste-acontece.jpg\",\"datePublished\":\"2026-03-02T15:50:21+00:00\",\"dateModified\":\"2026-03-02T15:50:26+00:00\",\"breadcrumb\":{\"@id\":\"https:\/\/sudoesteacontece.com.br\/?p=9787#breadcrumb\"},\"inLanguage\":\"pt-BR\",\"potentialAction\":[{\"@type\":\"ReadAction\",\"target\":[\"https:\/\/sudoesteacontece.com.br\/?p=9787\"]}]},{\"@type\":\"ImageObject\",\"inLanguage\":\"pt-BR\",\"@id\":\"https:\/\/sudoesteacontece.com.br\/?p=9787#primaryimage\",\"url\":\"https:\/\/sudoesteacontece.com.br\/wp-content\/uploads\/2025\/11\/Barragem-Luiz-Vieira-ganha-novo-folego-e-acumula-mais-de-1-milhao-de-m\u00b3-em-apenas-dois-dias-sudoeste-acontece.jpg\",\"contentUrl\":\"https:\/\/sudoesteacontece.com.br\/wp-content\/uploads\/2025\/11\/Barragem-Luiz-Vieira-ganha-novo-folego-e-acumula-mais-de-1-milhao-de-m\u00b3-em-apenas-dois-dias-sudoeste-acontece.jpg\",\"width\":1000,\"height\":750},{\"@type\":\"BreadcrumbList\",\"@id\":\"https:\/\/sudoesteacontece.com.br\/?p=9787#breadcrumb\",\"itemListElement\":[{\"@type\":\"ListItem\",\"position\":1,\"name\":\"In\u00edcio\",\"item\":\"https:\/\/sudoesteacontece.com.br\/\"},{\"@type\":\"ListItem\",\"position\":2,\"name\":\"Barragem Luiz Vieira chega a 42,44% da capacidade e mant\u00e9m import\u00e2ncia estrat\u00e9gica em Rio de Contas\"}]},{\"@type\":\"WebSite\",\"@id\":\"https:\/\/sudoesteacontece.com.br\/#website\",\"url\":\"https:\/\/sudoesteacontece.com.br\/\",\"name\":\"Sudoesteacontece\",\"description\":\"\",\"publisher\":{\"@id\":\"https:\/\/sudoesteacontece.com.br\/#organization\"},\"potentialAction\":[{\"@type\":\"SearchAction\",\"target\":{\"@type\":\"EntryPoint\",\"urlTemplate\":\"https:\/\/sudoesteacontece.com.br\/?s={search_term_string}\"},\"query-input\":{\"@type\":\"PropertyValueSpecification\",\"valueRequired\":true,\"valueName\":\"search_term_string\"}}],\"inLanguage\":\"pt-BR\"},{\"@type\":\"Organization\",\"@id\":\"https:\/\/sudoesteacontece.com.br\/#organization\",\"name\":\"Sudoesteacontece\",\"url\":\"https:\/\/sudoesteacontece.com.br\/\",\"logo\":{\"@type\":\"ImageObject\",\"inLanguage\":\"pt-BR\",\"@id\":\"https:\/\/sudoesteacontece.com.br\/#\/schema\/logo\/image\/\",\"url\":\"https:\/\/sudoesteacontece.com.br\/wp-content\/uploads\/2025\/12\/cropped-logo-2-180x180-1.png\",\"contentUrl\":\"https:\/\/sudoesteacontece.com.br\/wp-content\/uploads\/2025\/12\/cropped-logo-2-180x180-1.png\",\"width\":180,\"height\":180,\"caption\":\"Sudoesteacontece\"},\"image\":{\"@id\":\"https:\/\/sudoesteacontece.com.br\/#\/schema\/logo\/image\/\"},\"sameAs\":[\"https:\/\/www.facebook.com\/sudoesteacontece\/?locale=pt_BR\"]},{\"@type\":\"Person\",\"@id\":\"https:\/\/sudoesteacontece.com.br\/#\/schema\/person\/3cf2cf009926a9683ebc29d5379fa79c\",\"name\":\"Washington Tiago\",\"image\":{\"@type\":\"ImageObject\",\"inLanguage\":\"pt-BR\",\"@id\":\"https:\/\/sudoesteacontece.com.br\/#\/schema\/person\/image\/\",\"url\":\"https:\/\/secure.gravatar.com\/avatar\/33c43b8668157e040f9d1fe93c354bf087cbd8ba36270c1163198bd3ddcf2a56?s=96&d=mm&r=g\",\"contentUrl\":\"https:\/\/secure.gravatar.com\/avatar\/33c43b8668157e040f9d1fe93c354bf087cbd8ba36270c1163198bd3ddcf2a56?s=96&d=mm&r=g\",\"caption\":\"Washington Tiago\"},\"url\":\"https:\/\/sudoesteacontece.com.br\/?author=2\"}]}<\/script>\n<!-- \/ Yoast SEO plugin. -->","yoast_head_json":{"title":"Barragem Luiz Vieira chega a 42,44% da capacidade e mant\u00e9m import\u00e2ncia estrat\u00e9gica em Rio de Contas - Sudoesteacontece","robots":{"index":"index","follow":"follow","max-snippet":"max-snippet:-1","max-image-preview":"max-image-preview:large","max-video-preview":"max-video-preview:-1"},"canonical":"https:\/\/sudoesteacontece.com.br\/?p=9787","og_locale":"pt_BR","og_type":"article","og_title":"Barragem Luiz Vieira chega a 42,44% da capacidade e mant\u00e9m import\u00e2ncia estrat\u00e9gica em Rio de Contas - Sudoesteacontece","og_description":"Volume da Barragem Luiz Vieira, tamb\u00e9m chamada A\u00e7ude Brumado, alcan\u00e7ou 42,159 milh\u00f5es de metros c\u00fabicos nesta segunda-feira, 2, representando 42,44% da capacidade. Reservat\u00f3rio registra cota de 1.017,03 metros e \u00e9 essencial para abastecimento e irriga\u00e7\u00e3o da regi\u00e3o. Estrutura abastece Rio de Contas, Livramento de Nossa Senhora e Dom Bas\u00edlio, garantindo \u00e1gua para consumo humano e agr\u00edcola. Barragem \u00e9 fundamental para irriga\u00e7\u00e3o de culturas de manga e maracuj\u00e1, fortalecendo a economia local e mantendo produ\u00e7\u00e3o agr\u00edcola em \u00e1reas estrat\u00e9gicas da Chapada Diamantina. Capacidade original do manancial era de 105 milh\u00f5es de metros c\u00fabicos, mas devido ao assoreamento caiu para cerca de 99,3 milh\u00f5es. Associa\u00e7\u00e3o do Distrito Irrigado do Brumado acompanha volume e cota da barragem, alertando sobre a necessidade de monitoramento cont\u00ednuo frente \u00e0s varia\u00e7\u00f5es clim\u00e1ticas. Previs\u00e3o aponta chuvas durante o m\u00eas de mar\u00e7o na regi\u00e3o, podendo contribuir para recarga do reservat\u00f3rio. Expectativa \u00e9 de aumento gradual do volume armazenado, garantindo estabilidade no abastecimento e fortalecendo a seguran\u00e7a h\u00eddrica de munic\u00edpios dependentes da barragem. Manancial segue como pe\u00e7a-chave no planejamento h\u00eddrico local. Autoridades refor\u00e7am import\u00e2ncia de monitoramento e manuten\u00e7\u00e3o da infraestrutura para prevenir impactos de estiagens prolongadas, protegendo tanto a popula\u00e7\u00e3o quanto a produ\u00e7\u00e3o agr\u00edcola que depende do recurso.","og_url":"https:\/\/sudoesteacontece.com.br\/?p=9787","og_site_name":"Sudoesteacontece","article_publisher":"https:\/\/www.facebook.com\/sudoesteacontece\/?locale=pt_BR","article_published_time":"2026-03-02T15:50:21+00:00","article_modified_time":"2026-03-02T15:50:26+00:00","og_image":[{"width":1000,"height":750,"url":"https:\/\/sudoesteacontece.com.br\/wp-content\/uploads\/2025\/11\/Barragem-Luiz-Vieira-ganha-novo-folego-e-acumula-mais-de-1-milhao-de-m\u00b3-em-apenas-dois-dias-sudoeste-acontece.jpg","type":"image\/jpeg"}],"author":"Washington Tiago","twitter_card":"summary_large_image","twitter_misc":{"Escrito por":"Washington Tiago","Est. tempo de leitura":"2 minutos"},"schema":{"@context":"https:\/\/schema.org","@graph":[{"@type":"Article","@id":"https:\/\/sudoesteacontece.com.br\/?p=9787#article","isPartOf":{"@id":"https:\/\/sudoesteacontece.com.br\/?p=9787"},"author":{"name":"Washington Tiago","@id":"https:\/\/sudoesteacontece.com.br\/#\/schema\/person\/3cf2cf009926a9683ebc29d5379fa79c"},"headline":"Barragem Luiz Vieira chega a 42,44% da capacidade e mant\u00e9m import\u00e2ncia estrat\u00e9gica em Rio de Contas","datePublished":"2026-03-02T15:50:21+00:00","dateModified":"2026-03-02T15:50:26+00:00","mainEntityOfPage":{"@id":"https:\/\/sudoesteacontece.com.br\/?p=9787"},"wordCount":244,"commentCount":0,"publisher":{"@id":"https:\/\/sudoesteacontece.com.br\/#organization"},"image":{"@id":"https:\/\/sudoesteacontece.com.br\/?p=9787#primaryimage"},"thumbnailUrl":"https:\/\/sudoesteacontece.com.br\/wp-content\/uploads\/2025\/11\/Barragem-Luiz-Vieira-ganha-novo-folego-e-acumula-mais-de-1-milhao-de-m\u00b3-em-apenas-dois-dias-sudoeste-acontece.jpg","articleSection":["Cidades","Dom Bas\u00edlio","Livramento","Rio de Contas"],"inLanguage":"pt-BR","potentialAction":[{"@type":"CommentAction","name":"Comment","target":["https:\/\/sudoesteacontece.com.br\/?p=9787#respond"]}]},{"@type":"WebPage","@id":"https:\/\/sudoesteacontece.com.br\/?p=9787","url":"https:\/\/sudoesteacontece.com.br\/?p=9787","name":"Barragem Luiz Vieira chega a 42,44% da capacidade e mant\u00e9m import\u00e2ncia estrat\u00e9gica em Rio de Contas - Sudoesteacontece","isPartOf":{"@id":"https:\/\/sudoesteacontece.com.br\/#website"},"primaryImageOfPage":{"@id":"https:\/\/sudoesteacontece.com.br\/?p=9787#primaryimage"},"image":{"@id":"https:\/\/sudoesteacontece.com.br\/?p=9787#primaryimage"},"thumbnailUrl":"https:\/\/sudoesteacontece.com.br\/wp-content\/uploads\/2025\/11\/Barragem-Luiz-Vieira-ganha-novo-folego-e-acumula-mais-de-1-milhao-de-m\u00b3-em-apenas-dois-dias-sudoeste-acontece.jpg","datePublished":"2026-03-02T15:50:21+00:00","dateModified":"2026-03-02T15:50:26+00:00","breadcrumb":{"@id":"https:\/\/sudoesteacontece.com.br\/?p=9787#breadcrumb"},"inLanguage":"pt-BR","potentialAction":[{"@type":"ReadAction","target":["https:\/\/sudoesteacontece.com.br\/?p=9787"]}]},{"@type":"ImageObject","inLanguage":"pt-BR","@id":"https:\/\/sudoesteacontece.com.br\/?p=9787#primaryimage","url":"https:\/\/sudoesteacontece.com.br\/wp-content\/uploads\/2025\/11\/Barragem-Luiz-Vieira-ganha-novo-folego-e-acumula-mais-de-1-milhao-de-m\u00b3-em-apenas-dois-dias-sudoeste-acontece.jpg","contentUrl":"https:\/\/sudoesteacontece.com.br\/wp-content\/uploads\/2025\/11\/Barragem-Luiz-Vieira-ganha-novo-folego-e-acumula-mais-de-1-milhao-de-m\u00b3-em-apenas-dois-dias-sudoeste-acontece.jpg","width":1000,"height":750},{"@type":"BreadcrumbList","@id":"https:\/\/sudoesteacontece.com.br\/?p=9787#breadcrumb","itemListElement":[{"@type":"ListItem","position":1,"name":"In\u00edcio","item":"https:\/\/sudoesteacontece.com.br\/"},{"@type":"ListItem","position":2,"name":"Barragem Luiz Vieira chega a 42,44% da capacidade e mant\u00e9m import\u00e2ncia estrat\u00e9gica em Rio de Contas"}]},{"@type":"WebSite","@id":"https:\/\/sudoesteacontece.com.br\/#website","url":"https:\/\/sudoesteacontece.com.br\/","name":"Sudoesteacontece","description":"","publisher":{"@id":"https:\/\/sudoesteacontece.com.br\/#organization"},"potentialAction":[{"@type":"SearchAction","target":{"@type":"EntryPoint","urlTemplate":"https:\/\/sudoesteacontece.com.br\/?s={search_term_string}"},"query-input":{"@type":"PropertyValueSpecification","valueRequired":true,"valueName":"search_term_string"}}],"inLanguage":"pt-BR"},{"@type":"Organization","@id":"https:\/\/sudoesteacontece.com.br\/#organization","name":"Sudoesteacontece","url":"https:\/\/sudoesteacontece.com.br\/","logo":{"@type":"ImageObject","inLanguage":"pt-BR","@id":"https:\/\/sudoesteacontece.com.br\/#\/schema\/logo\/image\/","url":"https:\/\/sudoesteacontece.com.br\/wp-content\/uploads\/2025\/12\/cropped-logo-2-180x180-1.png","contentUrl":"https:\/\/sudoesteacontece.com.br\/wp-content\/uploads\/2025\/12\/cropped-logo-2-180x180-1.png","width":180,"height":180,"caption":"Sudoesteacontece"},"image":{"@id":"https:\/\/sudoesteacontece.com.br\/#\/schema\/logo\/image\/"},"sameAs":["https:\/\/www.facebook.com\/sudoesteacontece\/?locale=pt_BR"]},{"@type":"Person","@id":"https:\/\/sudoesteacontece.com.br\/#\/schema\/person\/3cf2cf009926a9683ebc29d5379fa79c","name":"Washington Tiago","image":{"@type":"ImageObject","inLanguage":"pt-BR","@id":"https:\/\/sudoesteacontece.com.br\/#\/schema\/person\/image\/","url":"https:\/\/secure.gravatar.com\/avatar\/33c43b8668157e040f9d1fe93c354bf087cbd8ba36270c1163198bd3ddcf2a56?s=96&d=mm&r=g","contentUrl":"https:\/\/secure.gravatar.com\/avatar\/33c43b8668157e040f9d1fe93c354bf087cbd8ba36270c1163198bd3ddcf2a56?s=96&d=mm&r=g","caption":"Washington Tiago"},"url":"https:\/\/sudoesteacontece.com.br\/?author=2"}]}},"_links":{"self":[{"href":"https:\/\/sudoesteacontece.com.br\/index.php?rest_route=\/wp\/v2\/posts\/9787","targetHints":{"allow":["GET"]}}],"collection":[{"href":"https:\/\/sudoesteacontece.com.br\/index.php?rest_route=\/wp\/v2\/posts"}],"about":[{"href":"https:\/\/sudoesteacontece.com.br\/index.php?rest_route=\/wp\/v2\/types\/post"}],"author":[{"embeddable":true,"href":"https:\/\/sudoesteacontece.com.br\/index.php?rest_route=\/wp\/v2\/users\/2"}],"replies":[{"embeddable":true,"href":"https:\/\/sudoesteacontece.com.br\/index.php?rest_route=%2Fwp%2Fv2%2Fcomments&post=9787"}],"version-history":[{"count":0,"href":"https:\/\/sudoesteacontece.com.br\/index.php?rest_route=\/wp\/v2\/posts\/9787\/revisions"}],"wp:featuredmedia":[{"embeddable":true,"href":"https:\/\/sudoesteacontece.com.br\/index.php?rest_route=\/wp\/v2\/media\/2405"}],"wp:attachment":[{"href":"https:\/\/sudoesteacontece.com.br\/index.php?rest_route=%2Fwp%2Fv2%2Fmedia&parent=9787"}],"wp:term":[{"taxonomy":"category","embeddable":true,"href":"https:\/\/sudoesteacontece.com.br\/index.php?rest_route=%2Fwp%2Fv2%2Fcategories&post=9787"},{"taxonomy":"post_tag","embeddable":true,"href":"https:\/\/sudoesteacontece.com.br\/index.php?rest_route=%2Fwp%2Fv2%2Ftags&post=9787"}],"curies":[{"name":"wp","href":"https:\/\/api.w.org\/{rel}","templated":true}]}}