{"id":9789,"date":"2026-03-02T12:54:17","date_gmt":"2026-03-02T15:54:17","guid":{"rendered":"https:\/\/sudoesteacontece.com.br\/?p=9789"},"modified":"2026-03-02T12:54:21","modified_gmt":"2026-03-02T15:54:21","slug":"dom-basilio-enfrenta-indefinicao-na-educacao-apos-saida-de-titular-da-pasta","status":"publish","type":"post","link":"https:\/\/sudoesteacontece.com.br\/?p=9789","title":{"rendered":"Dom Bas\u00edlio enfrenta indefini\u00e7\u00e3o na Educa\u00e7\u00e3o ap\u00f3s sa\u00edda de titular da pasta"},"content":{"rendered":"<div class=\"wp-block-image\">\n<figure class=\"aligncenter size-full\"><img fetchpriority=\"high\" decoding=\"async\" width=\"900\" height=\"600\" src=\"http:\/\/sudoesteacontece.com.br\/wp-content\/uploads\/2026\/03\/Dom-Basilio-enfrenta-indefinicao-na-Educacao-apos-saida-de-titular-da-pasta.jpg\" alt=\"\" class=\"wp-image-9846\" srcset=\"https:\/\/sudoesteacontece.com.br\/wp-content\/uploads\/2026\/03\/Dom-Basilio-enfrenta-indefinicao-na-Educacao-apos-saida-de-titular-da-pasta.jpg 900w, https:\/\/sudoesteacontece.com.br\/wp-content\/uploads\/2026\/03\/Dom-Basilio-enfrenta-indefinicao-na-Educacao-apos-saida-de-titular-da-pasta-300x200.jpg 300w, https:\/\/sudoesteacontece.com.br\/wp-content\/uploads\/2026\/03\/Dom-Basilio-enfrenta-indefinicao-na-Educacao-apos-saida-de-titular-da-pasta-768x512.jpg 768w\" sizes=\"(max-width: 900px) 100vw, 900px\" \/><\/figure>\n<\/div>\n\n\n<p>Gest\u00e3o de Dom Bas\u00edlio segue sem titular na Secretaria de Educa\u00e7\u00e3o ap\u00f3s desligamento de Jilmara Pires da Silva Lima, ocorrido no dia 30 de janeiro. Professora de carreira, ela alegou motivos pessoais e profissionais para deixar a fun\u00e7\u00e3o, decis\u00e3o anunciada durante a jornada pedag\u00f3gica antes do in\u00edcio do ano letivo de 2026.<\/p>\n\n\n\n<p>Rede municipal enfrenta desafio estrat\u00e9gico com a implanta\u00e7\u00e3o do ensino em Tempo Integral. Indefini\u00e7\u00e3o na lideran\u00e7a da pasta gera apreens\u00e3o entre profissionais da educa\u00e7\u00e3o, pais e estudantes, que aguardam nomea\u00e7\u00e3o de novo secret\u00e1rio para dar continuidade a projetos e pol\u00edticas em andamento. Situa\u00e7\u00e3o impacta planejamento e execu\u00e7\u00e3o de a\u00e7\u00f5es educacionais no munic\u00edpio.<\/p>\n\n\n\n<p>Administra\u00e7\u00e3o municipal ainda n\u00e3o divulgou oficialmente substituto para a Secretaria de Educa\u00e7\u00e3o. Enquanto isso, equipe t\u00e9cnica da pasta assume responsabilidades e mant\u00e9m trabalhos administrativos. Nomea\u00e7\u00e3o \u00e9 considerada essencial para assegurar estabilidade, cumprimento do calend\u00e1rio escolar e continuidade das pol\u00edticas educacionais em Dom Bas\u00edlio.<\/p>\n","protected":false},"excerpt":{"rendered":"<p>Gest\u00e3o de Dom Bas\u00edlio segue sem titular na Secretaria de Educa\u00e7\u00e3o ap\u00f3s desligamento de Jilmara Pires da Silva Lima, ocorrido no dia 30 de janeiro. Professora de carreira, ela alegou motivos pessoais e profissionais para deixar a fun\u00e7\u00e3o, decis\u00e3o anunciada durante a jornada pedag\u00f3gica antes do in\u00edcio do ano letivo de 2026. Rede municipal enfrenta desafio estrat\u00e9gico com a implanta\u00e7\u00e3o do ensino em Tempo Integral. Indefini\u00e7\u00e3o na lideran\u00e7a da pasta gera apreens\u00e3o entre profissionais da educa\u00e7\u00e3o, pais e estudantes, que aguardam nomea\u00e7\u00e3o de novo secret\u00e1rio para dar continuidade a projetos e pol\u00edticas em andamento. Situa\u00e7\u00e3o impacta planejamento e execu\u00e7\u00e3o de a\u00e7\u00f5es educacionais no munic\u00edpio. Administra\u00e7\u00e3o municipal ainda n\u00e3o divulgou oficialmente substituto para a Secretaria de Educa\u00e7\u00e3o. Enquanto isso, equipe t\u00e9cnica da pasta assume responsabilidades e mant\u00e9m trabalhos administrativos. Nomea\u00e7\u00e3o \u00e9 considerada essencial para assegurar estabilidade, cumprimento do calend\u00e1rio escolar e continuidade das pol\u00edticas educacionais em Dom Bas\u00edlio.<\/p>\n","protected":false},"author":2,"featured_media":0,"comment_status":"open","ping_status":"open","sticky":false,"template":"","format":"standard","meta":{"footnotes":""},"categories":[4,63,43,6],"tags":[],"class_list":["post-9789","post","type-post","status-publish","format-standard","hentry","category-cidades","category-dom-basilio","category-educacao","category-politica"],"yoast_head":"<!-- This site is optimized with the Yoast SEO plugin v26.5 - https:\/\/yoast.com\/wordpress\/plugins\/seo\/ -->\n<title>Dom Bas\u00edlio enfrenta indefini\u00e7\u00e3o na Educa\u00e7\u00e3o ap\u00f3s sa\u00edda de titular da pasta - Sudoesteacontece<\/title>\n<meta name=\"robots\" content=\"index, follow, max-snippet:-1, max-image-preview:large, max-video-preview:-1\" \/>\n<link rel=\"canonical\" href=\"https:\/\/sudoesteacontece.com.br\/?p=9789\" \/>\n<meta property=\"og:locale\" content=\"pt_BR\" \/>\n<meta property=\"og:type\" content=\"article\" \/>\n<meta property=\"og:title\" content=\"Dom Bas\u00edlio enfrenta indefini\u00e7\u00e3o na Educa\u00e7\u00e3o ap\u00f3s sa\u00edda de titular da pasta - Sudoesteacontece\" \/>\n<meta property=\"og:description\" content=\"Gest\u00e3o de Dom Bas\u00edlio segue sem titular na Secretaria de Educa\u00e7\u00e3o ap\u00f3s desligamento de Jilmara Pires da Silva Lima, ocorrido no dia 30 de janeiro. Professora de carreira, ela alegou motivos pessoais e profissionais para deixar a fun\u00e7\u00e3o, decis\u00e3o anunciada durante a jornada pedag\u00f3gica antes do in\u00edcio do ano letivo de 2026. Rede municipal enfrenta desafio estrat\u00e9gico com a implanta\u00e7\u00e3o do ensino em Tempo Integral. Indefini\u00e7\u00e3o na lideran\u00e7a da pasta gera apreens\u00e3o entre profissionais da educa\u00e7\u00e3o, pais e estudantes, que aguardam nomea\u00e7\u00e3o de novo secret\u00e1rio para dar continuidade a projetos e pol\u00edticas em andamento. Situa\u00e7\u00e3o impacta planejamento e execu\u00e7\u00e3o de a\u00e7\u00f5es educacionais no munic\u00edpio. Administra\u00e7\u00e3o municipal ainda n\u00e3o divulgou oficialmente substituto para a Secretaria de Educa\u00e7\u00e3o. Enquanto isso, equipe t\u00e9cnica da pasta assume responsabilidades e mant\u00e9m trabalhos administrativos. Nomea\u00e7\u00e3o \u00e9 considerada essencial para assegurar estabilidade, cumprimento do calend\u00e1rio escolar e continuidade das pol\u00edticas educacionais em Dom Bas\u00edlio.\" \/>\n<meta property=\"og:url\" content=\"https:\/\/sudoesteacontece.com.br\/?p=9789\" \/>\n<meta property=\"og:site_name\" content=\"Sudoesteacontece\" \/>\n<meta property=\"article:publisher\" content=\"https:\/\/www.facebook.com\/sudoesteacontece\/?locale=pt_BR\" \/>\n<meta property=\"article:published_time\" content=\"2026-03-02T15:54:17+00:00\" \/>\n<meta property=\"article:modified_time\" content=\"2026-03-02T15:54:21+00:00\" \/>\n<meta property=\"og:image\" content=\"http:\/\/sudoesteacontece.com.br\/wp-content\/uploads\/2026\/03\/Dom-Basilio-enfrenta-indefinicao-na-Educacao-apos-saida-de-titular-da-pasta.jpg\" \/>\n<meta name=\"author\" content=\"Washington Tiago\" \/>\n<meta name=\"twitter:card\" content=\"summary_large_image\" \/>\n<meta name=\"twitter:label1\" content=\"Escrito por\" \/>\n\t<meta name=\"twitter:data1\" content=\"Washington Tiago\" \/>\n\t<meta name=\"twitter:label2\" content=\"Est. tempo de leitura\" \/>\n\t<meta name=\"twitter:data2\" content=\"2 minutos\" \/>\n<script type=\"application\/ld+json\" class=\"yoast-schema-graph\">{\"@context\":\"https:\/\/schema.org\",\"@graph\":[{\"@type\":\"Article\",\"@id\":\"https:\/\/sudoesteacontece.com.br\/?p=9789#article\",\"isPartOf\":{\"@id\":\"https:\/\/sudoesteacontece.com.br\/?p=9789\"},\"author\":{\"name\":\"Washington Tiago\",\"@id\":\"https:\/\/sudoesteacontece.com.br\/#\/schema\/person\/3cf2cf009926a9683ebc29d5379fa79c\"},\"headline\":\"Dom Bas\u00edlio enfrenta indefini\u00e7\u00e3o na Educa\u00e7\u00e3o ap\u00f3s sa\u00edda de titular da pasta\",\"datePublished\":\"2026-03-02T15:54:17+00:00\",\"dateModified\":\"2026-03-02T15:54:21+00:00\",\"mainEntityOfPage\":{\"@id\":\"https:\/\/sudoesteacontece.com.br\/?p=9789\"},\"wordCount\":191,\"commentCount\":0,\"publisher\":{\"@id\":\"https:\/\/sudoesteacontece.com.br\/#organization\"},\"image\":{\"@id\":\"https:\/\/sudoesteacontece.com.br\/?p=9789#primaryimage\"},\"thumbnailUrl\":\"http:\/\/sudoesteacontece.com.br\/wp-content\/uploads\/2026\/03\/Dom-Basilio-enfrenta-indefinicao-na-Educacao-apos-saida-de-titular-da-pasta.jpg\",\"articleSection\":[\"Cidades\",\"Dom Bas\u00edlio\",\"Educa\u00e7\u00e3o\",\"Pol\u00edtica\"],\"inLanguage\":\"pt-BR\",\"potentialAction\":[{\"@type\":\"CommentAction\",\"name\":\"Comment\",\"target\":[\"https:\/\/sudoesteacontece.com.br\/?p=9789#respond\"]}]},{\"@type\":\"WebPage\",\"@id\":\"https:\/\/sudoesteacontece.com.br\/?p=9789\",\"url\":\"https:\/\/sudoesteacontece.com.br\/?p=9789\",\"name\":\"Dom Bas\u00edlio enfrenta indefini\u00e7\u00e3o na Educa\u00e7\u00e3o ap\u00f3s sa\u00edda de titular da pasta - Sudoesteacontece\",\"isPartOf\":{\"@id\":\"https:\/\/sudoesteacontece.com.br\/#website\"},\"primaryImageOfPage\":{\"@id\":\"https:\/\/sudoesteacontece.com.br\/?p=9789#primaryimage\"},\"image\":{\"@id\":\"https:\/\/sudoesteacontece.com.br\/?p=9789#primaryimage\"},\"thumbnailUrl\":\"http:\/\/sudoesteacontece.com.br\/wp-content\/uploads\/2026\/03\/Dom-Basilio-enfrenta-indefinicao-na-Educacao-apos-saida-de-titular-da-pasta.jpg\",\"datePublished\":\"2026-03-02T15:54:17+00:00\",\"dateModified\":\"2026-03-02T15:54:21+00:00\",\"breadcrumb\":{\"@id\":\"https:\/\/sudoesteacontece.com.br\/?p=9789#breadcrumb\"},\"inLanguage\":\"pt-BR\",\"potentialAction\":[{\"@type\":\"ReadAction\",\"target\":[\"https:\/\/sudoesteacontece.com.br\/?p=9789\"]}]},{\"@type\":\"ImageObject\",\"inLanguage\":\"pt-BR\",\"@id\":\"https:\/\/sudoesteacontece.com.br\/?p=9789#primaryimage\",\"url\":\"https:\/\/sudoesteacontece.com.br\/wp-content\/uploads\/2026\/03\/Dom-Basilio-enfrenta-indefinicao-na-Educacao-apos-saida-de-titular-da-pasta.jpg\",\"contentUrl\":\"https:\/\/sudoesteacontece.com.br\/wp-content\/uploads\/2026\/03\/Dom-Basilio-enfrenta-indefinicao-na-Educacao-apos-saida-de-titular-da-pasta.jpg\",\"width\":900,\"height\":600},{\"@type\":\"BreadcrumbList\",\"@id\":\"https:\/\/sudoesteacontece.com.br\/?p=9789#breadcrumb\",\"itemListElement\":[{\"@type\":\"ListItem\",\"position\":1,\"name\":\"In\u00edcio\",\"item\":\"https:\/\/sudoesteacontece.com.br\/\"},{\"@type\":\"ListItem\",\"position\":2,\"name\":\"Dom Bas\u00edlio enfrenta indefini\u00e7\u00e3o na Educa\u00e7\u00e3o ap\u00f3s sa\u00edda de titular da pasta\"}]},{\"@type\":\"WebSite\",\"@id\":\"https:\/\/sudoesteacontece.com.br\/#website\",\"url\":\"https:\/\/sudoesteacontece.com.br\/\",\"name\":\"Sudoesteacontece\",\"description\":\"\",\"publisher\":{\"@id\":\"https:\/\/sudoesteacontece.com.br\/#organization\"},\"potentialAction\":[{\"@type\":\"SearchAction\",\"target\":{\"@type\":\"EntryPoint\",\"urlTemplate\":\"https:\/\/sudoesteacontece.com.br\/?s={search_term_string}\"},\"query-input\":{\"@type\":\"PropertyValueSpecification\",\"valueRequired\":true,\"valueName\":\"search_term_string\"}}],\"inLanguage\":\"pt-BR\"},{\"@type\":\"Organization\",\"@id\":\"https:\/\/sudoesteacontece.com.br\/#organization\",\"name\":\"Sudoesteacontece\",\"url\":\"https:\/\/sudoesteacontece.com.br\/\",\"logo\":{\"@type\":\"ImageObject\",\"inLanguage\":\"pt-BR\",\"@id\":\"https:\/\/sudoesteacontece.com.br\/#\/schema\/logo\/image\/\",\"url\":\"https:\/\/sudoesteacontece.com.br\/wp-content\/uploads\/2025\/12\/cropped-logo-2-180x180-1.png\",\"contentUrl\":\"https:\/\/sudoesteacontece.com.br\/wp-content\/uploads\/2025\/12\/cropped-logo-2-180x180-1.png\",\"width\":180,\"height\":180,\"caption\":\"Sudoesteacontece\"},\"image\":{\"@id\":\"https:\/\/sudoesteacontece.com.br\/#\/schema\/logo\/image\/\"},\"sameAs\":[\"https:\/\/www.facebook.com\/sudoesteacontece\/?locale=pt_BR\"]},{\"@type\":\"Person\",\"@id\":\"https:\/\/sudoesteacontece.com.br\/#\/schema\/person\/3cf2cf009926a9683ebc29d5379fa79c\",\"name\":\"Washington Tiago\",\"image\":{\"@type\":\"ImageObject\",\"inLanguage\":\"pt-BR\",\"@id\":\"https:\/\/sudoesteacontece.com.br\/#\/schema\/person\/image\/\",\"url\":\"https:\/\/secure.gravatar.com\/avatar\/33c43b8668157e040f9d1fe93c354bf087cbd8ba36270c1163198bd3ddcf2a56?s=96&d=mm&r=g\",\"contentUrl\":\"https:\/\/secure.gravatar.com\/avatar\/33c43b8668157e040f9d1fe93c354bf087cbd8ba36270c1163198bd3ddcf2a56?s=96&d=mm&r=g\",\"caption\":\"Washington Tiago\"},\"url\":\"https:\/\/sudoesteacontece.com.br\/?author=2\"}]}<\/script>\n<!-- \/ Yoast SEO plugin. -->","yoast_head_json":{"title":"Dom Bas\u00edlio enfrenta indefini\u00e7\u00e3o na Educa\u00e7\u00e3o ap\u00f3s sa\u00edda de titular da pasta - Sudoesteacontece","robots":{"index":"index","follow":"follow","max-snippet":"max-snippet:-1","max-image-preview":"max-image-preview:large","max-video-preview":"max-video-preview:-1"},"canonical":"https:\/\/sudoesteacontece.com.br\/?p=9789","og_locale":"pt_BR","og_type":"article","og_title":"Dom Bas\u00edlio enfrenta indefini\u00e7\u00e3o na Educa\u00e7\u00e3o ap\u00f3s sa\u00edda de titular da pasta - Sudoesteacontece","og_description":"Gest\u00e3o de Dom Bas\u00edlio segue sem titular na Secretaria de Educa\u00e7\u00e3o ap\u00f3s desligamento de Jilmara Pires da Silva Lima, ocorrido no dia 30 de janeiro. Professora de carreira, ela alegou motivos pessoais e profissionais para deixar a fun\u00e7\u00e3o, decis\u00e3o anunciada durante a jornada pedag\u00f3gica antes do in\u00edcio do ano letivo de 2026. Rede municipal enfrenta desafio estrat\u00e9gico com a implanta\u00e7\u00e3o do ensino em Tempo Integral. Indefini\u00e7\u00e3o na lideran\u00e7a da pasta gera apreens\u00e3o entre profissionais da educa\u00e7\u00e3o, pais e estudantes, que aguardam nomea\u00e7\u00e3o de novo secret\u00e1rio para dar continuidade a projetos e pol\u00edticas em andamento. Situa\u00e7\u00e3o impacta planejamento e execu\u00e7\u00e3o de a\u00e7\u00f5es educacionais no munic\u00edpio. Administra\u00e7\u00e3o municipal ainda n\u00e3o divulgou oficialmente substituto para a Secretaria de Educa\u00e7\u00e3o. Enquanto isso, equipe t\u00e9cnica da pasta assume responsabilidades e mant\u00e9m trabalhos administrativos. Nomea\u00e7\u00e3o \u00e9 considerada essencial para assegurar estabilidade, cumprimento do calend\u00e1rio escolar e continuidade das pol\u00edticas educacionais em Dom Bas\u00edlio.","og_url":"https:\/\/sudoesteacontece.com.br\/?p=9789","og_site_name":"Sudoesteacontece","article_publisher":"https:\/\/www.facebook.com\/sudoesteacontece\/?locale=pt_BR","article_published_time":"2026-03-02T15:54:17+00:00","article_modified_time":"2026-03-02T15:54:21+00:00","og_image":[{"url":"http:\/\/sudoesteacontece.com.br\/wp-content\/uploads\/2026\/03\/Dom-Basilio-enfrenta-indefinicao-na-Educacao-apos-saida-de-titular-da-pasta.jpg","type":"","width":"","height":""}],"author":"Washington Tiago","twitter_card":"summary_large_image","twitter_misc":{"Escrito por":"Washington Tiago","Est. tempo de leitura":"2 minutos"},"schema":{"@context":"https:\/\/schema.org","@graph":[{"@type":"Article","@id":"https:\/\/sudoesteacontece.com.br\/?p=9789#article","isPartOf":{"@id":"https:\/\/sudoesteacontece.com.br\/?p=9789"},"author":{"name":"Washington Tiago","@id":"https:\/\/sudoesteacontece.com.br\/#\/schema\/person\/3cf2cf009926a9683ebc29d5379fa79c"},"headline":"Dom Bas\u00edlio enfrenta indefini\u00e7\u00e3o na Educa\u00e7\u00e3o ap\u00f3s sa\u00edda de titular da pasta","datePublished":"2026-03-02T15:54:17+00:00","dateModified":"2026-03-02T15:54:21+00:00","mainEntityOfPage":{"@id":"https:\/\/sudoesteacontece.com.br\/?p=9789"},"wordCount":191,"commentCount":0,"publisher":{"@id":"https:\/\/sudoesteacontece.com.br\/#organization"},"image":{"@id":"https:\/\/sudoesteacontece.com.br\/?p=9789#primaryimage"},"thumbnailUrl":"http:\/\/sudoesteacontece.com.br\/wp-content\/uploads\/2026\/03\/Dom-Basilio-enfrenta-indefinicao-na-Educacao-apos-saida-de-titular-da-pasta.jpg","articleSection":["Cidades","Dom Bas\u00edlio","Educa\u00e7\u00e3o","Pol\u00edtica"],"inLanguage":"pt-BR","potentialAction":[{"@type":"CommentAction","name":"Comment","target":["https:\/\/sudoesteacontece.com.br\/?p=9789#respond"]}]},{"@type":"WebPage","@id":"https:\/\/sudoesteacontece.com.br\/?p=9789","url":"https:\/\/sudoesteacontece.com.br\/?p=9789","name":"Dom Bas\u00edlio enfrenta indefini\u00e7\u00e3o na Educa\u00e7\u00e3o ap\u00f3s sa\u00edda de titular da pasta - Sudoesteacontece","isPartOf":{"@id":"https:\/\/sudoesteacontece.com.br\/#website"},"primaryImageOfPage":{"@id":"https:\/\/sudoesteacontece.com.br\/?p=9789#primaryimage"},"image":{"@id":"https:\/\/sudoesteacontece.com.br\/?p=9789#primaryimage"},"thumbnailUrl":"http:\/\/sudoesteacontece.com.br\/wp-content\/uploads\/2026\/03\/Dom-Basilio-enfrenta-indefinicao-na-Educacao-apos-saida-de-titular-da-pasta.jpg","datePublished":"2026-03-02T15:54:17+00:00","dateModified":"2026-03-02T15:54:21+00:00","breadcrumb":{"@id":"https:\/\/sudoesteacontece.com.br\/?p=9789#breadcrumb"},"inLanguage":"pt-BR","potentialAction":[{"@type":"ReadAction","target":["https:\/\/sudoesteacontece.com.br\/?p=9789"]}]},{"@type":"ImageObject","inLanguage":"pt-BR","@id":"https:\/\/sudoesteacontece.com.br\/?p=9789#primaryimage","url":"https:\/\/sudoesteacontece.com.br\/wp-content\/uploads\/2026\/03\/Dom-Basilio-enfrenta-indefinicao-na-Educacao-apos-saida-de-titular-da-pasta.jpg","contentUrl":"https:\/\/sudoesteacontece.com.br\/wp-content\/uploads\/2026\/03\/Dom-Basilio-enfrenta-indefinicao-na-Educacao-apos-saida-de-titular-da-pasta.jpg","width":900,"height":600},{"@type":"BreadcrumbList","@id":"https:\/\/sudoesteacontece.com.br\/?p=9789#breadcrumb","itemListElement":[{"@type":"ListItem","position":1,"name":"In\u00edcio","item":"https:\/\/sudoesteacontece.com.br\/"},{"@type":"ListItem","position":2,"name":"Dom Bas\u00edlio enfrenta indefini\u00e7\u00e3o na Educa\u00e7\u00e3o ap\u00f3s sa\u00edda de titular da pasta"}]},{"@type":"WebSite","@id":"https:\/\/sudoesteacontece.com.br\/#website","url":"https:\/\/sudoesteacontece.com.br\/","name":"Sudoesteacontece","description":"","publisher":{"@id":"https:\/\/sudoesteacontece.com.br\/#organization"},"potentialAction":[{"@type":"SearchAction","target":{"@type":"EntryPoint","urlTemplate":"https:\/\/sudoesteacontece.com.br\/?s={search_term_string}"},"query-input":{"@type":"PropertyValueSpecification","valueRequired":true,"valueName":"search_term_string"}}],"inLanguage":"pt-BR"},{"@type":"Organization","@id":"https:\/\/sudoesteacontece.com.br\/#organization","name":"Sudoesteacontece","url":"https:\/\/sudoesteacontece.com.br\/","logo":{"@type":"ImageObject","inLanguage":"pt-BR","@id":"https:\/\/sudoesteacontece.com.br\/#\/schema\/logo\/image\/","url":"https:\/\/sudoesteacontece.com.br\/wp-content\/uploads\/2025\/12\/cropped-logo-2-180x180-1.png","contentUrl":"https:\/\/sudoesteacontece.com.br\/wp-content\/uploads\/2025\/12\/cropped-logo-2-180x180-1.png","width":180,"height":180,"caption":"Sudoesteacontece"},"image":{"@id":"https:\/\/sudoesteacontece.com.br\/#\/schema\/logo\/image\/"},"sameAs":["https:\/\/www.facebook.com\/sudoesteacontece\/?locale=pt_BR"]},{"@type":"Person","@id":"https:\/\/sudoesteacontece.com.br\/#\/schema\/person\/3cf2cf009926a9683ebc29d5379fa79c","name":"Washington Tiago","image":{"@type":"ImageObject","inLanguage":"pt-BR","@id":"https:\/\/sudoesteacontece.com.br\/#\/schema\/person\/image\/","url":"https:\/\/secure.gravatar.com\/avatar\/33c43b8668157e040f9d1fe93c354bf087cbd8ba36270c1163198bd3ddcf2a56?s=96&d=mm&r=g","contentUrl":"https:\/\/secure.gravatar.com\/avatar\/33c43b8668157e040f9d1fe93c354bf087cbd8ba36270c1163198bd3ddcf2a56?s=96&d=mm&r=g","caption":"Washington Tiago"},"url":"https:\/\/sudoesteacontece.com.br\/?author=2"}]}},"_links":{"self":[{"href":"https:\/\/sudoesteacontece.com.br\/index.php?rest_route=\/wp\/v2\/posts\/9789","targetHints":{"allow":["GET"]}}],"collection":[{"href":"https:\/\/sudoesteacontece.com.br\/index.php?rest_route=\/wp\/v2\/posts"}],"about":[{"href":"https:\/\/sudoesteacontece.com.br\/index.php?rest_route=\/wp\/v2\/types\/post"}],"author":[{"embeddable":true,"href":"https:\/\/sudoesteacontece.com.br\/index.php?rest_route=\/wp\/v2\/users\/2"}],"replies":[{"embeddable":true,"href":"https:\/\/sudoesteacontece.com.br\/index.php?rest_route=%2Fwp%2Fv2%2Fcomments&post=9789"}],"version-history":[{"count":0,"href":"https:\/\/sudoesteacontece.com.br\/index.php?rest_route=\/wp\/v2\/posts\/9789\/revisions"}],"wp:attachment":[{"href":"https:\/\/sudoesteacontece.com.br\/index.php?rest_route=%2Fwp%2Fv2%2Fmedia&parent=9789"}],"wp:term":[{"taxonomy":"category","embeddable":true,"href":"https:\/\/sudoesteacontece.com.br\/index.php?rest_route=%2Fwp%2Fv2%2Fcategories&post=9789"},{"taxonomy":"post_tag","embeddable":true,"href":"https:\/\/sudoesteacontece.com.br\/index.php?rest_route=%2Fwp%2Fv2%2Ftags&post=9789"}],"curies":[{"name":"wp","href":"https:\/\/api.w.org\/{rel}","templated":true}]}}