{"id":9804,"date":"2026-03-02T13:09:51","date_gmt":"2026-03-02T16:09:51","guid":{"rendered":"https:\/\/sudoesteacontece.com.br\/?p=9804"},"modified":"2026-03-02T13:09:56","modified_gmt":"2026-03-02T16:09:56","slug":"vitoria-da-conquista-suspende-aulas-na-zona-rural-e-alerta-populacao-sobre-chuvas-intensas","status":"publish","type":"post","link":"https:\/\/sudoesteacontece.com.br\/?p=9804","title":{"rendered":"Vit\u00f3ria da Conquista suspende aulas na zona rural e alerta popula\u00e7\u00e3o sobre chuvas intensas"},"content":{"rendered":"<div class=\"wp-block-image\">\n<figure class=\"aligncenter size-full\"><img fetchpriority=\"high\" decoding=\"async\" width=\"900\" height=\"600\" src=\"http:\/\/sudoesteacontece.com.br\/wp-content\/uploads\/2026\/03\/httpswww.watermarkremover.ioptupload.jpg\" alt=\"\" class=\"wp-image-9852\" srcset=\"https:\/\/sudoesteacontece.com.br\/wp-content\/uploads\/2026\/03\/httpswww.watermarkremover.ioptupload.jpg 900w, https:\/\/sudoesteacontece.com.br\/wp-content\/uploads\/2026\/03\/httpswww.watermarkremover.ioptupload-300x200.jpg 300w, https:\/\/sudoesteacontece.com.br\/wp-content\/uploads\/2026\/03\/httpswww.watermarkremover.ioptupload-768x512.jpg 768w\" sizes=\"(max-width: 900px) 100vw, 900px\" \/><\/figure>\n<\/div>\n\n\n<p>Prefeitura de Vit\u00f3ria da Conquista anunciou suspens\u00e3o de aulas presenciais na zona rural por tr\u00eas dias, a partir deste domingo (1\u00ba), ap\u00f3s alerta do Instituto Nacional de Meteorologia apontar alto risco de alagamentos, deslizamentos e transbordamentos de rios. Medida busca proteger estudantes e profissionais da educa\u00e7\u00e3o.<\/p>\n\n\n\n<p>Decreto n\u00ba 24.121\/2026 tamb\u00e9m recomenda adiamento de eventos em espa\u00e7os p\u00fablicos abertos. Autoridades orientam moradores a evitar parques, pra\u00e7as e locais de grande circula\u00e7\u00e3o enquanto persistirem as condi\u00e7\u00f5es meteorol\u00f3gicas adversas, refor\u00e7ando car\u00e1ter preventivo da decis\u00e3o.<\/p>\n\n\n\n<p>Locais considerados mais vulner\u00e1veis incluem Parque Municipal Lagoa das Bateias, Orquid\u00e1rio Municipal, Pra\u00e7a Tancredo Neves, Catedral das Flores, Est\u00e1dio Lomanto J\u00fanior, Est\u00e1dio Murilo M\u00e1rmore e Parque de Exposi\u00e7\u00f5es Teopompo de Almeida. Medida abrange ainda demais pra\u00e7as, logradouros e campos esportivos p\u00fablicos.<\/p>\n\n\n\n<p>Gest\u00e3o municipal destaca que suspens\u00e3o das atividades \u00e9 tempor\u00e1ria e depende da evolu\u00e7\u00e3o do clima. A previs\u00e3o de retorno das aulas na zona rural est\u00e1 marcada para a pr\u00f3xima quinta-feira (4), caso as condi\u00e7\u00f5es se normalizem, garantindo seguran\u00e7a e continuidade do calend\u00e1rio escolar.<\/p>\n\n\n\n<p>Popula\u00e7\u00e3o \u00e9 alertada sobre risco cont\u00ednuo e orientada a seguir recomenda\u00e7\u00f5es de \u00f3rg\u00e3os de defesa civil. Prefeitura refor\u00e7a monitoramento constante da situa\u00e7\u00e3o, preparando respostas r\u00e1pidas a qualquer incidente relacionado a enchentes ou deslizamentos em \u00e1reas cr\u00edticas do munic\u00edpio.<\/p>\n","protected":false},"excerpt":{"rendered":"<p>Prefeitura de Vit\u00f3ria da Conquista anunciou suspens\u00e3o de aulas presenciais na zona rural por tr\u00eas dias, a partir deste domingo (1\u00ba), ap\u00f3s alerta do Instituto Nacional de Meteorologia apontar alto risco de alagamentos, deslizamentos e transbordamentos de rios. Medida busca proteger estudantes e profissionais da educa\u00e7\u00e3o. Decreto n\u00ba 24.121\/2026 tamb\u00e9m recomenda adiamento de eventos em espa\u00e7os p\u00fablicos abertos. Autoridades orientam moradores a evitar parques, pra\u00e7as e locais de grande circula\u00e7\u00e3o enquanto persistirem as condi\u00e7\u00f5es meteorol\u00f3gicas adversas, refor\u00e7ando car\u00e1ter preventivo da decis\u00e3o. Locais considerados mais vulner\u00e1veis incluem Parque Municipal Lagoa das Bateias, Orquid\u00e1rio Municipal, Pra\u00e7a Tancredo Neves, Catedral das Flores, Est\u00e1dio Lomanto J\u00fanior, Est\u00e1dio Murilo M\u00e1rmore e Parque de Exposi\u00e7\u00f5es Teopompo de Almeida. Medida abrange ainda demais pra\u00e7as, logradouros e campos esportivos p\u00fablicos. Gest\u00e3o municipal destaca que suspens\u00e3o das atividades \u00e9 tempor\u00e1ria e depende da evolu\u00e7\u00e3o do clima. A previs\u00e3o de retorno das aulas na zona rural est\u00e1 marcada para a pr\u00f3xima quinta-feira (4), caso as condi\u00e7\u00f5es se normalizem, garantindo seguran\u00e7a e continuidade do calend\u00e1rio escolar. Popula\u00e7\u00e3o \u00e9 alertada sobre risco cont\u00ednuo e orientada a seguir recomenda\u00e7\u00f5es de \u00f3rg\u00e3os de defesa civil. Prefeitura refor\u00e7a monitoramento constante da situa\u00e7\u00e3o, preparando respostas r\u00e1pidas a qualquer incidente relacionado a enchentes ou deslizamentos em \u00e1reas cr\u00edticas do munic\u00edpio.<\/p>\n","protected":false},"author":2,"featured_media":9852,"comment_status":"open","ping_status":"open","sticky":false,"template":"","format":"standard","meta":{"footnotes":""},"categories":[4,43,8],"tags":[],"class_list":["post-9804","post","type-post","status-publish","format-standard","has-post-thumbnail","hentry","category-cidades","category-educacao","category-vitoria-da-conquista"],"yoast_head":"<!-- This site is optimized with the Yoast SEO plugin v26.5 - https:\/\/yoast.com\/wordpress\/plugins\/seo\/ -->\n<title>Vit\u00f3ria da Conquista suspende aulas na zona rural e alerta popula\u00e7\u00e3o sobre chuvas intensas - Sudoesteacontece<\/title>\n<meta name=\"robots\" content=\"index, follow, max-snippet:-1, max-image-preview:large, max-video-preview:-1\" \/>\n<link rel=\"canonical\" href=\"https:\/\/sudoesteacontece.com.br\/?p=9804\" \/>\n<meta property=\"og:locale\" content=\"pt_BR\" \/>\n<meta property=\"og:type\" content=\"article\" \/>\n<meta property=\"og:title\" content=\"Vit\u00f3ria da Conquista suspende aulas na zona rural e alerta popula\u00e7\u00e3o sobre chuvas intensas - Sudoesteacontece\" \/>\n<meta property=\"og:description\" content=\"Prefeitura de Vit\u00f3ria da Conquista anunciou suspens\u00e3o de aulas presenciais na zona rural por tr\u00eas dias, a partir deste domingo (1\u00ba), ap\u00f3s alerta do Instituto Nacional de Meteorologia apontar alto risco de alagamentos, deslizamentos e transbordamentos de rios. Medida busca proteger estudantes e profissionais da educa\u00e7\u00e3o. Decreto n\u00ba 24.121\/2026 tamb\u00e9m recomenda adiamento de eventos em espa\u00e7os p\u00fablicos abertos. Autoridades orientam moradores a evitar parques, pra\u00e7as e locais de grande circula\u00e7\u00e3o enquanto persistirem as condi\u00e7\u00f5es meteorol\u00f3gicas adversas, refor\u00e7ando car\u00e1ter preventivo da decis\u00e3o. Locais considerados mais vulner\u00e1veis incluem Parque Municipal Lagoa das Bateias, Orquid\u00e1rio Municipal, Pra\u00e7a Tancredo Neves, Catedral das Flores, Est\u00e1dio Lomanto J\u00fanior, Est\u00e1dio Murilo M\u00e1rmore e Parque de Exposi\u00e7\u00f5es Teopompo de Almeida. Medida abrange ainda demais pra\u00e7as, logradouros e campos esportivos p\u00fablicos. Gest\u00e3o municipal destaca que suspens\u00e3o das atividades \u00e9 tempor\u00e1ria e depende da evolu\u00e7\u00e3o do clima. A previs\u00e3o de retorno das aulas na zona rural est\u00e1 marcada para a pr\u00f3xima quinta-feira (4), caso as condi\u00e7\u00f5es se normalizem, garantindo seguran\u00e7a e continuidade do calend\u00e1rio escolar. Popula\u00e7\u00e3o \u00e9 alertada sobre risco cont\u00ednuo e orientada a seguir recomenda\u00e7\u00f5es de \u00f3rg\u00e3os de defesa civil. Prefeitura refor\u00e7a monitoramento constante da situa\u00e7\u00e3o, preparando respostas r\u00e1pidas a qualquer incidente relacionado a enchentes ou deslizamentos em \u00e1reas cr\u00edticas do munic\u00edpio.\" \/>\n<meta property=\"og:url\" content=\"https:\/\/sudoesteacontece.com.br\/?p=9804\" \/>\n<meta property=\"og:site_name\" content=\"Sudoesteacontece\" \/>\n<meta property=\"article:publisher\" content=\"https:\/\/www.facebook.com\/sudoesteacontece\/?locale=pt_BR\" \/>\n<meta property=\"article:published_time\" content=\"2026-03-02T16:09:51+00:00\" \/>\n<meta property=\"article:modified_time\" content=\"2026-03-02T16:09:56+00:00\" \/>\n<meta property=\"og:image\" content=\"https:\/\/sudoesteacontece.com.br\/wp-content\/uploads\/2026\/03\/httpswww.watermarkremover.ioptupload.jpg\" \/>\n\t<meta property=\"og:image:width\" content=\"900\" \/>\n\t<meta property=\"og:image:height\" content=\"600\" \/>\n\t<meta property=\"og:image:type\" content=\"image\/jpeg\" \/>\n<meta name=\"author\" content=\"Washington Tiago\" \/>\n<meta name=\"twitter:card\" content=\"summary_large_image\" \/>\n<meta name=\"twitter:label1\" content=\"Escrito por\" \/>\n\t<meta name=\"twitter:data1\" content=\"Washington Tiago\" \/>\n\t<meta name=\"twitter:label2\" content=\"Est. tempo de leitura\" \/>\n\t<meta name=\"twitter:data2\" content=\"2 minutos\" \/>\n<script type=\"application\/ld+json\" class=\"yoast-schema-graph\">{\"@context\":\"https:\/\/schema.org\",\"@graph\":[{\"@type\":\"Article\",\"@id\":\"https:\/\/sudoesteacontece.com.br\/?p=9804#article\",\"isPartOf\":{\"@id\":\"https:\/\/sudoesteacontece.com.br\/?p=9804\"},\"author\":{\"name\":\"Washington Tiago\",\"@id\":\"https:\/\/sudoesteacontece.com.br\/#\/schema\/person\/3cf2cf009926a9683ebc29d5379fa79c\"},\"headline\":\"Vit\u00f3ria da Conquista suspende aulas na zona rural e alerta popula\u00e7\u00e3o sobre chuvas intensas\",\"datePublished\":\"2026-03-02T16:09:51+00:00\",\"dateModified\":\"2026-03-02T16:09:56+00:00\",\"mainEntityOfPage\":{\"@id\":\"https:\/\/sudoesteacontece.com.br\/?p=9804\"},\"wordCount\":257,\"commentCount\":0,\"publisher\":{\"@id\":\"https:\/\/sudoesteacontece.com.br\/#organization\"},\"image\":{\"@id\":\"https:\/\/sudoesteacontece.com.br\/?p=9804#primaryimage\"},\"thumbnailUrl\":\"https:\/\/sudoesteacontece.com.br\/wp-content\/uploads\/2026\/03\/httpswww.watermarkremover.ioptupload.jpg\",\"articleSection\":[\"Cidades\",\"Educa\u00e7\u00e3o\",\"Vit\u00f3ria da Conquista\"],\"inLanguage\":\"pt-BR\",\"potentialAction\":[{\"@type\":\"CommentAction\",\"name\":\"Comment\",\"target\":[\"https:\/\/sudoesteacontece.com.br\/?p=9804#respond\"]}]},{\"@type\":\"WebPage\",\"@id\":\"https:\/\/sudoesteacontece.com.br\/?p=9804\",\"url\":\"https:\/\/sudoesteacontece.com.br\/?p=9804\",\"name\":\"Vit\u00f3ria da Conquista suspende aulas na zona rural e alerta popula\u00e7\u00e3o sobre chuvas intensas - Sudoesteacontece\",\"isPartOf\":{\"@id\":\"https:\/\/sudoesteacontece.com.br\/#website\"},\"primaryImageOfPage\":{\"@id\":\"https:\/\/sudoesteacontece.com.br\/?p=9804#primaryimage\"},\"image\":{\"@id\":\"https:\/\/sudoesteacontece.com.br\/?p=9804#primaryimage\"},\"thumbnailUrl\":\"https:\/\/sudoesteacontece.com.br\/wp-content\/uploads\/2026\/03\/httpswww.watermarkremover.ioptupload.jpg\",\"datePublished\":\"2026-03-02T16:09:51+00:00\",\"dateModified\":\"2026-03-02T16:09:56+00:00\",\"breadcrumb\":{\"@id\":\"https:\/\/sudoesteacontece.com.br\/?p=9804#breadcrumb\"},\"inLanguage\":\"pt-BR\",\"potentialAction\":[{\"@type\":\"ReadAction\",\"target\":[\"https:\/\/sudoesteacontece.com.br\/?p=9804\"]}]},{\"@type\":\"ImageObject\",\"inLanguage\":\"pt-BR\",\"@id\":\"https:\/\/sudoesteacontece.com.br\/?p=9804#primaryimage\",\"url\":\"https:\/\/sudoesteacontece.com.br\/wp-content\/uploads\/2026\/03\/httpswww.watermarkremover.ioptupload.jpg\",\"contentUrl\":\"https:\/\/sudoesteacontece.com.br\/wp-content\/uploads\/2026\/03\/httpswww.watermarkremover.ioptupload.jpg\",\"width\":900,\"height\":600},{\"@type\":\"BreadcrumbList\",\"@id\":\"https:\/\/sudoesteacontece.com.br\/?p=9804#breadcrumb\",\"itemListElement\":[{\"@type\":\"ListItem\",\"position\":1,\"name\":\"In\u00edcio\",\"item\":\"https:\/\/sudoesteacontece.com.br\/\"},{\"@type\":\"ListItem\",\"position\":2,\"name\":\"Vit\u00f3ria da Conquista suspende aulas na zona rural e alerta popula\u00e7\u00e3o sobre chuvas intensas\"}]},{\"@type\":\"WebSite\",\"@id\":\"https:\/\/sudoesteacontece.com.br\/#website\",\"url\":\"https:\/\/sudoesteacontece.com.br\/\",\"name\":\"Sudoesteacontece\",\"description\":\"\",\"publisher\":{\"@id\":\"https:\/\/sudoesteacontece.com.br\/#organization\"},\"potentialAction\":[{\"@type\":\"SearchAction\",\"target\":{\"@type\":\"EntryPoint\",\"urlTemplate\":\"https:\/\/sudoesteacontece.com.br\/?s={search_term_string}\"},\"query-input\":{\"@type\":\"PropertyValueSpecification\",\"valueRequired\":true,\"valueName\":\"search_term_string\"}}],\"inLanguage\":\"pt-BR\"},{\"@type\":\"Organization\",\"@id\":\"https:\/\/sudoesteacontece.com.br\/#organization\",\"name\":\"Sudoesteacontece\",\"url\":\"https:\/\/sudoesteacontece.com.br\/\",\"logo\":{\"@type\":\"ImageObject\",\"inLanguage\":\"pt-BR\",\"@id\":\"https:\/\/sudoesteacontece.com.br\/#\/schema\/logo\/image\/\",\"url\":\"https:\/\/sudoesteacontece.com.br\/wp-content\/uploads\/2025\/12\/cropped-logo-2-180x180-1.png\",\"contentUrl\":\"https:\/\/sudoesteacontece.com.br\/wp-content\/uploads\/2025\/12\/cropped-logo-2-180x180-1.png\",\"width\":180,\"height\":180,\"caption\":\"Sudoesteacontece\"},\"image\":{\"@id\":\"https:\/\/sudoesteacontece.com.br\/#\/schema\/logo\/image\/\"},\"sameAs\":[\"https:\/\/www.facebook.com\/sudoesteacontece\/?locale=pt_BR\"]},{\"@type\":\"Person\",\"@id\":\"https:\/\/sudoesteacontece.com.br\/#\/schema\/person\/3cf2cf009926a9683ebc29d5379fa79c\",\"name\":\"Washington Tiago\",\"image\":{\"@type\":\"ImageObject\",\"inLanguage\":\"pt-BR\",\"@id\":\"https:\/\/sudoesteacontece.com.br\/#\/schema\/person\/image\/\",\"url\":\"https:\/\/secure.gravatar.com\/avatar\/33c43b8668157e040f9d1fe93c354bf087cbd8ba36270c1163198bd3ddcf2a56?s=96&d=mm&r=g\",\"contentUrl\":\"https:\/\/secure.gravatar.com\/avatar\/33c43b8668157e040f9d1fe93c354bf087cbd8ba36270c1163198bd3ddcf2a56?s=96&d=mm&r=g\",\"caption\":\"Washington Tiago\"},\"url\":\"https:\/\/sudoesteacontece.com.br\/?author=2\"}]}<\/script>\n<!-- \/ Yoast SEO plugin. -->","yoast_head_json":{"title":"Vit\u00f3ria da Conquista suspende aulas na zona rural e alerta popula\u00e7\u00e3o sobre chuvas intensas - Sudoesteacontece","robots":{"index":"index","follow":"follow","max-snippet":"max-snippet:-1","max-image-preview":"max-image-preview:large","max-video-preview":"max-video-preview:-1"},"canonical":"https:\/\/sudoesteacontece.com.br\/?p=9804","og_locale":"pt_BR","og_type":"article","og_title":"Vit\u00f3ria da Conquista suspende aulas na zona rural e alerta popula\u00e7\u00e3o sobre chuvas intensas - Sudoesteacontece","og_description":"Prefeitura de Vit\u00f3ria da Conquista anunciou suspens\u00e3o de aulas presenciais na zona rural por tr\u00eas dias, a partir deste domingo (1\u00ba), ap\u00f3s alerta do Instituto Nacional de Meteorologia apontar alto risco de alagamentos, deslizamentos e transbordamentos de rios. Medida busca proteger estudantes e profissionais da educa\u00e7\u00e3o. Decreto n\u00ba 24.121\/2026 tamb\u00e9m recomenda adiamento de eventos em espa\u00e7os p\u00fablicos abertos. Autoridades orientam moradores a evitar parques, pra\u00e7as e locais de grande circula\u00e7\u00e3o enquanto persistirem as condi\u00e7\u00f5es meteorol\u00f3gicas adversas, refor\u00e7ando car\u00e1ter preventivo da decis\u00e3o. Locais considerados mais vulner\u00e1veis incluem Parque Municipal Lagoa das Bateias, Orquid\u00e1rio Municipal, Pra\u00e7a Tancredo Neves, Catedral das Flores, Est\u00e1dio Lomanto J\u00fanior, Est\u00e1dio Murilo M\u00e1rmore e Parque de Exposi\u00e7\u00f5es Teopompo de Almeida. Medida abrange ainda demais pra\u00e7as, logradouros e campos esportivos p\u00fablicos. Gest\u00e3o municipal destaca que suspens\u00e3o das atividades \u00e9 tempor\u00e1ria e depende da evolu\u00e7\u00e3o do clima. A previs\u00e3o de retorno das aulas na zona rural est\u00e1 marcada para a pr\u00f3xima quinta-feira (4), caso as condi\u00e7\u00f5es se normalizem, garantindo seguran\u00e7a e continuidade do calend\u00e1rio escolar. Popula\u00e7\u00e3o \u00e9 alertada sobre risco cont\u00ednuo e orientada a seguir recomenda\u00e7\u00f5es de \u00f3rg\u00e3os de defesa civil. Prefeitura refor\u00e7a monitoramento constante da situa\u00e7\u00e3o, preparando respostas r\u00e1pidas a qualquer incidente relacionado a enchentes ou deslizamentos em \u00e1reas cr\u00edticas do munic\u00edpio.","og_url":"https:\/\/sudoesteacontece.com.br\/?p=9804","og_site_name":"Sudoesteacontece","article_publisher":"https:\/\/www.facebook.com\/sudoesteacontece\/?locale=pt_BR","article_published_time":"2026-03-02T16:09:51+00:00","article_modified_time":"2026-03-02T16:09:56+00:00","og_image":[{"width":900,"height":600,"url":"https:\/\/sudoesteacontece.com.br\/wp-content\/uploads\/2026\/03\/httpswww.watermarkremover.ioptupload.jpg","type":"image\/jpeg"}],"author":"Washington Tiago","twitter_card":"summary_large_image","twitter_misc":{"Escrito por":"Washington Tiago","Est. tempo de leitura":"2 minutos"},"schema":{"@context":"https:\/\/schema.org","@graph":[{"@type":"Article","@id":"https:\/\/sudoesteacontece.com.br\/?p=9804#article","isPartOf":{"@id":"https:\/\/sudoesteacontece.com.br\/?p=9804"},"author":{"name":"Washington Tiago","@id":"https:\/\/sudoesteacontece.com.br\/#\/schema\/person\/3cf2cf009926a9683ebc29d5379fa79c"},"headline":"Vit\u00f3ria da Conquista suspende aulas na zona rural e alerta popula\u00e7\u00e3o sobre chuvas intensas","datePublished":"2026-03-02T16:09:51+00:00","dateModified":"2026-03-02T16:09:56+00:00","mainEntityOfPage":{"@id":"https:\/\/sudoesteacontece.com.br\/?p=9804"},"wordCount":257,"commentCount":0,"publisher":{"@id":"https:\/\/sudoesteacontece.com.br\/#organization"},"image":{"@id":"https:\/\/sudoesteacontece.com.br\/?p=9804#primaryimage"},"thumbnailUrl":"https:\/\/sudoesteacontece.com.br\/wp-content\/uploads\/2026\/03\/httpswww.watermarkremover.ioptupload.jpg","articleSection":["Cidades","Educa\u00e7\u00e3o","Vit\u00f3ria da Conquista"],"inLanguage":"pt-BR","potentialAction":[{"@type":"CommentAction","name":"Comment","target":["https:\/\/sudoesteacontece.com.br\/?p=9804#respond"]}]},{"@type":"WebPage","@id":"https:\/\/sudoesteacontece.com.br\/?p=9804","url":"https:\/\/sudoesteacontece.com.br\/?p=9804","name":"Vit\u00f3ria da Conquista suspende aulas na zona rural e alerta popula\u00e7\u00e3o sobre chuvas intensas - Sudoesteacontece","isPartOf":{"@id":"https:\/\/sudoesteacontece.com.br\/#website"},"primaryImageOfPage":{"@id":"https:\/\/sudoesteacontece.com.br\/?p=9804#primaryimage"},"image":{"@id":"https:\/\/sudoesteacontece.com.br\/?p=9804#primaryimage"},"thumbnailUrl":"https:\/\/sudoesteacontece.com.br\/wp-content\/uploads\/2026\/03\/httpswww.watermarkremover.ioptupload.jpg","datePublished":"2026-03-02T16:09:51+00:00","dateModified":"2026-03-02T16:09:56+00:00","breadcrumb":{"@id":"https:\/\/sudoesteacontece.com.br\/?p=9804#breadcrumb"},"inLanguage":"pt-BR","potentialAction":[{"@type":"ReadAction","target":["https:\/\/sudoesteacontece.com.br\/?p=9804"]}]},{"@type":"ImageObject","inLanguage":"pt-BR","@id":"https:\/\/sudoesteacontece.com.br\/?p=9804#primaryimage","url":"https:\/\/sudoesteacontece.com.br\/wp-content\/uploads\/2026\/03\/httpswww.watermarkremover.ioptupload.jpg","contentUrl":"https:\/\/sudoesteacontece.com.br\/wp-content\/uploads\/2026\/03\/httpswww.watermarkremover.ioptupload.jpg","width":900,"height":600},{"@type":"BreadcrumbList","@id":"https:\/\/sudoesteacontece.com.br\/?p=9804#breadcrumb","itemListElement":[{"@type":"ListItem","position":1,"name":"In\u00edcio","item":"https:\/\/sudoesteacontece.com.br\/"},{"@type":"ListItem","position":2,"name":"Vit\u00f3ria da Conquista suspende aulas na zona rural e alerta popula\u00e7\u00e3o sobre chuvas intensas"}]},{"@type":"WebSite","@id":"https:\/\/sudoesteacontece.com.br\/#website","url":"https:\/\/sudoesteacontece.com.br\/","name":"Sudoesteacontece","description":"","publisher":{"@id":"https:\/\/sudoesteacontece.com.br\/#organization"},"potentialAction":[{"@type":"SearchAction","target":{"@type":"EntryPoint","urlTemplate":"https:\/\/sudoesteacontece.com.br\/?s={search_term_string}"},"query-input":{"@type":"PropertyValueSpecification","valueRequired":true,"valueName":"search_term_string"}}],"inLanguage":"pt-BR"},{"@type":"Organization","@id":"https:\/\/sudoesteacontece.com.br\/#organization","name":"Sudoesteacontece","url":"https:\/\/sudoesteacontece.com.br\/","logo":{"@type":"ImageObject","inLanguage":"pt-BR","@id":"https:\/\/sudoesteacontece.com.br\/#\/schema\/logo\/image\/","url":"https:\/\/sudoesteacontece.com.br\/wp-content\/uploads\/2025\/12\/cropped-logo-2-180x180-1.png","contentUrl":"https:\/\/sudoesteacontece.com.br\/wp-content\/uploads\/2025\/12\/cropped-logo-2-180x180-1.png","width":180,"height":180,"caption":"Sudoesteacontece"},"image":{"@id":"https:\/\/sudoesteacontece.com.br\/#\/schema\/logo\/image\/"},"sameAs":["https:\/\/www.facebook.com\/sudoesteacontece\/?locale=pt_BR"]},{"@type":"Person","@id":"https:\/\/sudoesteacontece.com.br\/#\/schema\/person\/3cf2cf009926a9683ebc29d5379fa79c","name":"Washington Tiago","image":{"@type":"ImageObject","inLanguage":"pt-BR","@id":"https:\/\/sudoesteacontece.com.br\/#\/schema\/person\/image\/","url":"https:\/\/secure.gravatar.com\/avatar\/33c43b8668157e040f9d1fe93c354bf087cbd8ba36270c1163198bd3ddcf2a56?s=96&d=mm&r=g","contentUrl":"https:\/\/secure.gravatar.com\/avatar\/33c43b8668157e040f9d1fe93c354bf087cbd8ba36270c1163198bd3ddcf2a56?s=96&d=mm&r=g","caption":"Washington Tiago"},"url":"https:\/\/sudoesteacontece.com.br\/?author=2"}]}},"_links":{"self":[{"href":"https:\/\/sudoesteacontece.com.br\/index.php?rest_route=\/wp\/v2\/posts\/9804","targetHints":{"allow":["GET"]}}],"collection":[{"href":"https:\/\/sudoesteacontece.com.br\/index.php?rest_route=\/wp\/v2\/posts"}],"about":[{"href":"https:\/\/sudoesteacontece.com.br\/index.php?rest_route=\/wp\/v2\/types\/post"}],"author":[{"embeddable":true,"href":"https:\/\/sudoesteacontece.com.br\/index.php?rest_route=\/wp\/v2\/users\/2"}],"replies":[{"embeddable":true,"href":"https:\/\/sudoesteacontece.com.br\/index.php?rest_route=%2Fwp%2Fv2%2Fcomments&post=9804"}],"version-history":[{"count":0,"href":"https:\/\/sudoesteacontece.com.br\/index.php?rest_route=\/wp\/v2\/posts\/9804\/revisions"}],"wp:featuredmedia":[{"embeddable":true,"href":"https:\/\/sudoesteacontece.com.br\/index.php?rest_route=\/wp\/v2\/media\/9852"}],"wp:attachment":[{"href":"https:\/\/sudoesteacontece.com.br\/index.php?rest_route=%2Fwp%2Fv2%2Fmedia&parent=9804"}],"wp:term":[{"taxonomy":"category","embeddable":true,"href":"https:\/\/sudoesteacontece.com.br\/index.php?rest_route=%2Fwp%2Fv2%2Fcategories&post=9804"},{"taxonomy":"post_tag","embeddable":true,"href":"https:\/\/sudoesteacontece.com.br\/index.php?rest_route=%2Fwp%2Fv2%2Ftags&post=9804"}],"curies":[{"name":"wp","href":"https:\/\/api.w.org\/{rel}","templated":true}]}}