{"id":9883,"date":"2026-03-11T18:29:23","date_gmt":"2026-03-11T21:29:23","guid":{"rendered":"https:\/\/sudoesteacontece.com.br\/?p=9883"},"modified":"2026-03-11T18:29:28","modified_gmt":"2026-03-11T21:29:28","slug":"colisao-entre-motos-mata-tres-no-extremo-sul-da-bahia","status":"publish","type":"post","link":"https:\/\/sudoesteacontece.com.br\/?p=9883","title":{"rendered":"Colis\u00e3o entre motos mata tr\u00eas no extremo sul da Bahia"},"content":{"rendered":"<div class=\"wp-block-image\">\n<figure class=\"aligncenter size-full\"><img fetchpriority=\"high\" decoding=\"async\" width=\"843\" height=\"506\" src=\"http:\/\/sudoesteacontece.com.br\/wp-content\/uploads\/2026\/03\/648335577_1517113800420402_2130047822883855447_n.jpg\" alt=\"\" class=\"wp-image-9931\" srcset=\"https:\/\/sudoesteacontece.com.br\/wp-content\/uploads\/2026\/03\/648335577_1517113800420402_2130047822883855447_n.jpg 843w, https:\/\/sudoesteacontece.com.br\/wp-content\/uploads\/2026\/03\/648335577_1517113800420402_2130047822883855447_n-300x180.jpg 300w, https:\/\/sudoesteacontece.com.br\/wp-content\/uploads\/2026\/03\/648335577_1517113800420402_2130047822883855447_n-768x461.jpg 768w\" sizes=\"(max-width: 843px) 100vw, 843px\" \/><\/figure>\n<\/div>\n\n\n<p>Gravidade marcou a noite de segunda-feira (9) na BR-367, entre Porto Seguro e Eun\u00e1polis, quando duas motocicletas se chocaram no km 67, deixando tr\u00eas pessoas mortas. Testemunhas relataram o impacto forte, que lan\u00e7ou os ocupantes ao ch\u00e3o, provocando ferimentos fatais imediatos.<\/p>\n\n\n\n<p>Amizade e destino se misturaram na trag\u00e9dia. Duas v\u00edtimas foram identificadas como Jodilson Souza Santos, 44 anos, e Erlan Figueiredo de Oliveira, 37, amigos que viajavam juntos rumo a Eun\u00e1polis. Moradores de Vera Cruz, planejavam visitar a fazenda de um amigo quando o acidente ocorreu.<\/p>\n\n\n\n<p>Viol\u00eancia e imprud\u00eancia podem ter causado o desastre. Segundo a Pol\u00edcia Rodovi\u00e1ria Federal (PRF), uma das motocicletas invadiu a contram\u00e3o e colidiu de frente com o outro ve\u00edculo. O choque resultou em m\u00faltiplas les\u00f5es, impossibilitando qualquer chance de sobreviv\u00eancia para os envolvidos.<\/p>\n\n\n\n<p>Incerteza permanece sobre a terceira v\u00edtima, ainda sem identifica\u00e7\u00e3o. O corpo foi levado ao Instituto M\u00e9dico Legal (IML) da regi\u00e3o, onde passar\u00e1 por exames e aguarda reconhecimento familiar. Autoridades refor\u00e7am investiga\u00e7\u00e3o para apurar responsabilidades no acidente que chocou a comunidade local.<\/p>\n","protected":false},"excerpt":{"rendered":"<p>Gravidade marcou a noite de segunda-feira (9) na BR-367, entre Porto Seguro e Eun\u00e1polis, quando duas motocicletas se chocaram no km 67, deixando tr\u00eas pessoas mortas. Testemunhas relataram o impacto forte, que lan\u00e7ou os ocupantes ao ch\u00e3o, provocando ferimentos fatais imediatos. Amizade e destino se misturaram na trag\u00e9dia. Duas v\u00edtimas foram identificadas como Jodilson Souza Santos, 44 anos, e Erlan Figueiredo de Oliveira, 37, amigos que viajavam juntos rumo a Eun\u00e1polis. Moradores de Vera Cruz, planejavam visitar a fazenda de um amigo quando o acidente ocorreu. Viol\u00eancia e imprud\u00eancia podem ter causado o desastre. Segundo a Pol\u00edcia Rodovi\u00e1ria Federal (PRF), uma das motocicletas invadiu a contram\u00e3o e colidiu de frente com o outro ve\u00edculo. O choque resultou em m\u00faltiplas les\u00f5es, impossibilitando qualquer chance de sobreviv\u00eancia para os envolvidos. Incerteza permanece sobre a terceira v\u00edtima, ainda sem identifica\u00e7\u00e3o. O corpo foi levado ao Instituto M\u00e9dico Legal (IML) da regi\u00e3o, onde passar\u00e1 por exames e aguarda reconhecimento familiar. Autoridades refor\u00e7am investiga\u00e7\u00e3o para apurar responsabilidades no acidente que chocou a comunidade local.<\/p>\n","protected":false},"author":2,"featured_media":0,"comment_status":"open","ping_status":"open","sticky":false,"template":"","format":"standard","meta":{"footnotes":""},"categories":[5],"tags":[],"class_list":["post-9883","post","type-post","status-publish","format-standard","hentry","category-acidente"],"yoast_head":"<!-- This site is optimized with the Yoast SEO plugin v26.5 - https:\/\/yoast.com\/wordpress\/plugins\/seo\/ -->\n<title>Colis\u00e3o entre motos mata tr\u00eas no extremo sul da Bahia - Sudoesteacontece<\/title>\n<meta name=\"robots\" content=\"index, follow, max-snippet:-1, max-image-preview:large, max-video-preview:-1\" \/>\n<link rel=\"canonical\" href=\"http:\/\/sudoesteacontece.com.br\/?p=9883\" \/>\n<meta property=\"og:locale\" content=\"pt_BR\" \/>\n<meta property=\"og:type\" content=\"article\" \/>\n<meta property=\"og:title\" content=\"Colis\u00e3o entre motos mata tr\u00eas no extremo sul da Bahia - Sudoesteacontece\" \/>\n<meta property=\"og:description\" content=\"Gravidade marcou a noite de segunda-feira (9) na BR-367, entre Porto Seguro e Eun\u00e1polis, quando duas motocicletas se chocaram no km 67, deixando tr\u00eas pessoas mortas. Testemunhas relataram o impacto forte, que lan\u00e7ou os ocupantes ao ch\u00e3o, provocando ferimentos fatais imediatos. Amizade e destino se misturaram na trag\u00e9dia. Duas v\u00edtimas foram identificadas como Jodilson Souza Santos, 44 anos, e Erlan Figueiredo de Oliveira, 37, amigos que viajavam juntos rumo a Eun\u00e1polis. Moradores de Vera Cruz, planejavam visitar a fazenda de um amigo quando o acidente ocorreu. Viol\u00eancia e imprud\u00eancia podem ter causado o desastre. Segundo a Pol\u00edcia Rodovi\u00e1ria Federal (PRF), uma das motocicletas invadiu a contram\u00e3o e colidiu de frente com o outro ve\u00edculo. O choque resultou em m\u00faltiplas les\u00f5es, impossibilitando qualquer chance de sobreviv\u00eancia para os envolvidos. Incerteza permanece sobre a terceira v\u00edtima, ainda sem identifica\u00e7\u00e3o. O corpo foi levado ao Instituto M\u00e9dico Legal (IML) da regi\u00e3o, onde passar\u00e1 por exames e aguarda reconhecimento familiar. Autoridades refor\u00e7am investiga\u00e7\u00e3o para apurar responsabilidades no acidente que chocou a comunidade local.\" \/>\n<meta property=\"og:url\" content=\"http:\/\/sudoesteacontece.com.br\/?p=9883\" \/>\n<meta property=\"og:site_name\" content=\"Sudoesteacontece\" \/>\n<meta property=\"article:publisher\" content=\"https:\/\/www.facebook.com\/sudoesteacontece\/?locale=pt_BR\" \/>\n<meta property=\"article:published_time\" content=\"2026-03-11T21:29:23+00:00\" \/>\n<meta property=\"article:modified_time\" content=\"2026-03-11T21:29:28+00:00\" \/>\n<meta property=\"og:image\" content=\"http:\/\/sudoesteacontece.com.br\/wp-content\/uploads\/2026\/03\/648335577_1517113800420402_2130047822883855447_n.jpg\" \/>\n<meta name=\"author\" content=\"Washington Tiago\" \/>\n<meta name=\"twitter:card\" content=\"summary_large_image\" \/>\n<meta name=\"twitter:label1\" content=\"Escrito por\" \/>\n\t<meta name=\"twitter:data1\" content=\"Washington Tiago\" \/>\n\t<meta name=\"twitter:label2\" content=\"Est. tempo de leitura\" \/>\n\t<meta name=\"twitter:data2\" content=\"2 minutos\" \/>\n<script type=\"application\/ld+json\" class=\"yoast-schema-graph\">{\"@context\":\"https:\/\/schema.org\",\"@graph\":[{\"@type\":\"Article\",\"@id\":\"http:\/\/sudoesteacontece.com.br\/?p=9883#article\",\"isPartOf\":{\"@id\":\"http:\/\/sudoesteacontece.com.br\/?p=9883\"},\"author\":{\"name\":\"Washington Tiago\",\"@id\":\"https:\/\/sudoesteacontece.com.br\/#\/schema\/person\/3cf2cf009926a9683ebc29d5379fa79c\"},\"headline\":\"Colis\u00e3o entre motos mata tr\u00eas no extremo sul da Bahia\",\"datePublished\":\"2026-03-11T21:29:23+00:00\",\"dateModified\":\"2026-03-11T21:29:28+00:00\",\"mainEntityOfPage\":{\"@id\":\"http:\/\/sudoesteacontece.com.br\/?p=9883\"},\"wordCount\":199,\"commentCount\":0,\"publisher\":{\"@id\":\"https:\/\/sudoesteacontece.com.br\/#organization\"},\"image\":{\"@id\":\"http:\/\/sudoesteacontece.com.br\/?p=9883#primaryimage\"},\"thumbnailUrl\":\"http:\/\/sudoesteacontece.com.br\/wp-content\/uploads\/2026\/03\/648335577_1517113800420402_2130047822883855447_n.jpg\",\"articleSection\":[\"Acidente\"],\"inLanguage\":\"pt-BR\",\"potentialAction\":[{\"@type\":\"CommentAction\",\"name\":\"Comment\",\"target\":[\"http:\/\/sudoesteacontece.com.br\/?p=9883#respond\"]}]},{\"@type\":\"WebPage\",\"@id\":\"http:\/\/sudoesteacontece.com.br\/?p=9883\",\"url\":\"http:\/\/sudoesteacontece.com.br\/?p=9883\",\"name\":\"Colis\u00e3o entre motos mata tr\u00eas no extremo sul da Bahia - Sudoesteacontece\",\"isPartOf\":{\"@id\":\"https:\/\/sudoesteacontece.com.br\/#website\"},\"primaryImageOfPage\":{\"@id\":\"http:\/\/sudoesteacontece.com.br\/?p=9883#primaryimage\"},\"image\":{\"@id\":\"http:\/\/sudoesteacontece.com.br\/?p=9883#primaryimage\"},\"thumbnailUrl\":\"http:\/\/sudoesteacontece.com.br\/wp-content\/uploads\/2026\/03\/648335577_1517113800420402_2130047822883855447_n.jpg\",\"datePublished\":\"2026-03-11T21:29:23+00:00\",\"dateModified\":\"2026-03-11T21:29:28+00:00\",\"breadcrumb\":{\"@id\":\"http:\/\/sudoesteacontece.com.br\/?p=9883#breadcrumb\"},\"inLanguage\":\"pt-BR\",\"potentialAction\":[{\"@type\":\"ReadAction\",\"target\":[\"http:\/\/sudoesteacontece.com.br\/?p=9883\"]}]},{\"@type\":\"ImageObject\",\"inLanguage\":\"pt-BR\",\"@id\":\"http:\/\/sudoesteacontece.com.br\/?p=9883#primaryimage\",\"url\":\"https:\/\/sudoesteacontece.com.br\/wp-content\/uploads\/2026\/03\/648335577_1517113800420402_2130047822883855447_n.jpg\",\"contentUrl\":\"https:\/\/sudoesteacontece.com.br\/wp-content\/uploads\/2026\/03\/648335577_1517113800420402_2130047822883855447_n.jpg\",\"width\":843,\"height\":506},{\"@type\":\"BreadcrumbList\",\"@id\":\"http:\/\/sudoesteacontece.com.br\/?p=9883#breadcrumb\",\"itemListElement\":[{\"@type\":\"ListItem\",\"position\":1,\"name\":\"In\u00edcio\",\"item\":\"https:\/\/sudoesteacontece.com.br\/\"},{\"@type\":\"ListItem\",\"position\":2,\"name\":\"Colis\u00e3o entre motos mata tr\u00eas no extremo sul da Bahia\"}]},{\"@type\":\"WebSite\",\"@id\":\"https:\/\/sudoesteacontece.com.br\/#website\",\"url\":\"https:\/\/sudoesteacontece.com.br\/\",\"name\":\"Sudoesteacontece\",\"description\":\"\",\"publisher\":{\"@id\":\"https:\/\/sudoesteacontece.com.br\/#organization\"},\"potentialAction\":[{\"@type\":\"SearchAction\",\"target\":{\"@type\":\"EntryPoint\",\"urlTemplate\":\"https:\/\/sudoesteacontece.com.br\/?s={search_term_string}\"},\"query-input\":{\"@type\":\"PropertyValueSpecification\",\"valueRequired\":true,\"valueName\":\"search_term_string\"}}],\"inLanguage\":\"pt-BR\"},{\"@type\":\"Organization\",\"@id\":\"https:\/\/sudoesteacontece.com.br\/#organization\",\"name\":\"Sudoesteacontece\",\"url\":\"https:\/\/sudoesteacontece.com.br\/\",\"logo\":{\"@type\":\"ImageObject\",\"inLanguage\":\"pt-BR\",\"@id\":\"https:\/\/sudoesteacontece.com.br\/#\/schema\/logo\/image\/\",\"url\":\"https:\/\/sudoesteacontece.com.br\/wp-content\/uploads\/2025\/12\/cropped-logo-2-180x180-1.png\",\"contentUrl\":\"https:\/\/sudoesteacontece.com.br\/wp-content\/uploads\/2025\/12\/cropped-logo-2-180x180-1.png\",\"width\":180,\"height\":180,\"caption\":\"Sudoesteacontece\"},\"image\":{\"@id\":\"https:\/\/sudoesteacontece.com.br\/#\/schema\/logo\/image\/\"},\"sameAs\":[\"https:\/\/www.facebook.com\/sudoesteacontece\/?locale=pt_BR\"]},{\"@type\":\"Person\",\"@id\":\"https:\/\/sudoesteacontece.com.br\/#\/schema\/person\/3cf2cf009926a9683ebc29d5379fa79c\",\"name\":\"Washington Tiago\",\"image\":{\"@type\":\"ImageObject\",\"inLanguage\":\"pt-BR\",\"@id\":\"https:\/\/sudoesteacontece.com.br\/#\/schema\/person\/image\/\",\"url\":\"https:\/\/secure.gravatar.com\/avatar\/33c43b8668157e040f9d1fe93c354bf087cbd8ba36270c1163198bd3ddcf2a56?s=96&d=mm&r=g\",\"contentUrl\":\"https:\/\/secure.gravatar.com\/avatar\/33c43b8668157e040f9d1fe93c354bf087cbd8ba36270c1163198bd3ddcf2a56?s=96&d=mm&r=g\",\"caption\":\"Washington Tiago\"},\"url\":\"https:\/\/sudoesteacontece.com.br\/?author=2\"}]}<\/script>\n<!-- \/ Yoast SEO plugin. -->","yoast_head_json":{"title":"Colis\u00e3o entre motos mata tr\u00eas no extremo sul da Bahia - Sudoesteacontece","robots":{"index":"index","follow":"follow","max-snippet":"max-snippet:-1","max-image-preview":"max-image-preview:large","max-video-preview":"max-video-preview:-1"},"canonical":"http:\/\/sudoesteacontece.com.br\/?p=9883","og_locale":"pt_BR","og_type":"article","og_title":"Colis\u00e3o entre motos mata tr\u00eas no extremo sul da Bahia - Sudoesteacontece","og_description":"Gravidade marcou a noite de segunda-feira (9) na BR-367, entre Porto Seguro e Eun\u00e1polis, quando duas motocicletas se chocaram no km 67, deixando tr\u00eas pessoas mortas. Testemunhas relataram o impacto forte, que lan\u00e7ou os ocupantes ao ch\u00e3o, provocando ferimentos fatais imediatos. Amizade e destino se misturaram na trag\u00e9dia. Duas v\u00edtimas foram identificadas como Jodilson Souza Santos, 44 anos, e Erlan Figueiredo de Oliveira, 37, amigos que viajavam juntos rumo a Eun\u00e1polis. Moradores de Vera Cruz, planejavam visitar a fazenda de um amigo quando o acidente ocorreu. Viol\u00eancia e imprud\u00eancia podem ter causado o desastre. Segundo a Pol\u00edcia Rodovi\u00e1ria Federal (PRF), uma das motocicletas invadiu a contram\u00e3o e colidiu de frente com o outro ve\u00edculo. O choque resultou em m\u00faltiplas les\u00f5es, impossibilitando qualquer chance de sobreviv\u00eancia para os envolvidos. Incerteza permanece sobre a terceira v\u00edtima, ainda sem identifica\u00e7\u00e3o. O corpo foi levado ao Instituto M\u00e9dico Legal (IML) da regi\u00e3o, onde passar\u00e1 por exames e aguarda reconhecimento familiar. Autoridades refor\u00e7am investiga\u00e7\u00e3o para apurar responsabilidades no acidente que chocou a comunidade local.","og_url":"http:\/\/sudoesteacontece.com.br\/?p=9883","og_site_name":"Sudoesteacontece","article_publisher":"https:\/\/www.facebook.com\/sudoesteacontece\/?locale=pt_BR","article_published_time":"2026-03-11T21:29:23+00:00","article_modified_time":"2026-03-11T21:29:28+00:00","og_image":[{"url":"http:\/\/sudoesteacontece.com.br\/wp-content\/uploads\/2026\/03\/648335577_1517113800420402_2130047822883855447_n.jpg","type":"","width":"","height":""}],"author":"Washington Tiago","twitter_card":"summary_large_image","twitter_misc":{"Escrito por":"Washington Tiago","Est. tempo de leitura":"2 minutos"},"schema":{"@context":"https:\/\/schema.org","@graph":[{"@type":"Article","@id":"http:\/\/sudoesteacontece.com.br\/?p=9883#article","isPartOf":{"@id":"http:\/\/sudoesteacontece.com.br\/?p=9883"},"author":{"name":"Washington Tiago","@id":"https:\/\/sudoesteacontece.com.br\/#\/schema\/person\/3cf2cf009926a9683ebc29d5379fa79c"},"headline":"Colis\u00e3o entre motos mata tr\u00eas no extremo sul da Bahia","datePublished":"2026-03-11T21:29:23+00:00","dateModified":"2026-03-11T21:29:28+00:00","mainEntityOfPage":{"@id":"http:\/\/sudoesteacontece.com.br\/?p=9883"},"wordCount":199,"commentCount":0,"publisher":{"@id":"https:\/\/sudoesteacontece.com.br\/#organization"},"image":{"@id":"http:\/\/sudoesteacontece.com.br\/?p=9883#primaryimage"},"thumbnailUrl":"http:\/\/sudoesteacontece.com.br\/wp-content\/uploads\/2026\/03\/648335577_1517113800420402_2130047822883855447_n.jpg","articleSection":["Acidente"],"inLanguage":"pt-BR","potentialAction":[{"@type":"CommentAction","name":"Comment","target":["http:\/\/sudoesteacontece.com.br\/?p=9883#respond"]}]},{"@type":"WebPage","@id":"http:\/\/sudoesteacontece.com.br\/?p=9883","url":"http:\/\/sudoesteacontece.com.br\/?p=9883","name":"Colis\u00e3o entre motos mata tr\u00eas no extremo sul da Bahia - Sudoesteacontece","isPartOf":{"@id":"https:\/\/sudoesteacontece.com.br\/#website"},"primaryImageOfPage":{"@id":"http:\/\/sudoesteacontece.com.br\/?p=9883#primaryimage"},"image":{"@id":"http:\/\/sudoesteacontece.com.br\/?p=9883#primaryimage"},"thumbnailUrl":"http:\/\/sudoesteacontece.com.br\/wp-content\/uploads\/2026\/03\/648335577_1517113800420402_2130047822883855447_n.jpg","datePublished":"2026-03-11T21:29:23+00:00","dateModified":"2026-03-11T21:29:28+00:00","breadcrumb":{"@id":"http:\/\/sudoesteacontece.com.br\/?p=9883#breadcrumb"},"inLanguage":"pt-BR","potentialAction":[{"@type":"ReadAction","target":["http:\/\/sudoesteacontece.com.br\/?p=9883"]}]},{"@type":"ImageObject","inLanguage":"pt-BR","@id":"http:\/\/sudoesteacontece.com.br\/?p=9883#primaryimage","url":"https:\/\/sudoesteacontece.com.br\/wp-content\/uploads\/2026\/03\/648335577_1517113800420402_2130047822883855447_n.jpg","contentUrl":"https:\/\/sudoesteacontece.com.br\/wp-content\/uploads\/2026\/03\/648335577_1517113800420402_2130047822883855447_n.jpg","width":843,"height":506},{"@type":"BreadcrumbList","@id":"http:\/\/sudoesteacontece.com.br\/?p=9883#breadcrumb","itemListElement":[{"@type":"ListItem","position":1,"name":"In\u00edcio","item":"https:\/\/sudoesteacontece.com.br\/"},{"@type":"ListItem","position":2,"name":"Colis\u00e3o entre motos mata tr\u00eas no extremo sul da Bahia"}]},{"@type":"WebSite","@id":"https:\/\/sudoesteacontece.com.br\/#website","url":"https:\/\/sudoesteacontece.com.br\/","name":"Sudoesteacontece","description":"","publisher":{"@id":"https:\/\/sudoesteacontece.com.br\/#organization"},"potentialAction":[{"@type":"SearchAction","target":{"@type":"EntryPoint","urlTemplate":"https:\/\/sudoesteacontece.com.br\/?s={search_term_string}"},"query-input":{"@type":"PropertyValueSpecification","valueRequired":true,"valueName":"search_term_string"}}],"inLanguage":"pt-BR"},{"@type":"Organization","@id":"https:\/\/sudoesteacontece.com.br\/#organization","name":"Sudoesteacontece","url":"https:\/\/sudoesteacontece.com.br\/","logo":{"@type":"ImageObject","inLanguage":"pt-BR","@id":"https:\/\/sudoesteacontece.com.br\/#\/schema\/logo\/image\/","url":"https:\/\/sudoesteacontece.com.br\/wp-content\/uploads\/2025\/12\/cropped-logo-2-180x180-1.png","contentUrl":"https:\/\/sudoesteacontece.com.br\/wp-content\/uploads\/2025\/12\/cropped-logo-2-180x180-1.png","width":180,"height":180,"caption":"Sudoesteacontece"},"image":{"@id":"https:\/\/sudoesteacontece.com.br\/#\/schema\/logo\/image\/"},"sameAs":["https:\/\/www.facebook.com\/sudoesteacontece\/?locale=pt_BR"]},{"@type":"Person","@id":"https:\/\/sudoesteacontece.com.br\/#\/schema\/person\/3cf2cf009926a9683ebc29d5379fa79c","name":"Washington Tiago","image":{"@type":"ImageObject","inLanguage":"pt-BR","@id":"https:\/\/sudoesteacontece.com.br\/#\/schema\/person\/image\/","url":"https:\/\/secure.gravatar.com\/avatar\/33c43b8668157e040f9d1fe93c354bf087cbd8ba36270c1163198bd3ddcf2a56?s=96&d=mm&r=g","contentUrl":"https:\/\/secure.gravatar.com\/avatar\/33c43b8668157e040f9d1fe93c354bf087cbd8ba36270c1163198bd3ddcf2a56?s=96&d=mm&r=g","caption":"Washington Tiago"},"url":"https:\/\/sudoesteacontece.com.br\/?author=2"}]}},"_links":{"self":[{"href":"https:\/\/sudoesteacontece.com.br\/index.php?rest_route=\/wp\/v2\/posts\/9883","targetHints":{"allow":["GET"]}}],"collection":[{"href":"https:\/\/sudoesteacontece.com.br\/index.php?rest_route=\/wp\/v2\/posts"}],"about":[{"href":"https:\/\/sudoesteacontece.com.br\/index.php?rest_route=\/wp\/v2\/types\/post"}],"author":[{"embeddable":true,"href":"https:\/\/sudoesteacontece.com.br\/index.php?rest_route=\/wp\/v2\/users\/2"}],"replies":[{"embeddable":true,"href":"https:\/\/sudoesteacontece.com.br\/index.php?rest_route=%2Fwp%2Fv2%2Fcomments&post=9883"}],"version-history":[{"count":0,"href":"https:\/\/sudoesteacontece.com.br\/index.php?rest_route=\/wp\/v2\/posts\/9883\/revisions"}],"wp:attachment":[{"href":"https:\/\/sudoesteacontece.com.br\/index.php?rest_route=%2Fwp%2Fv2%2Fmedia&parent=9883"}],"wp:term":[{"taxonomy":"category","embeddable":true,"href":"https:\/\/sudoesteacontece.com.br\/index.php?rest_route=%2Fwp%2Fv2%2Fcategories&post=9883"},{"taxonomy":"post_tag","embeddable":true,"href":"https:\/\/sudoesteacontece.com.br\/index.php?rest_route=%2Fwp%2Fv2%2Ftags&post=9883"}],"curies":[{"name":"wp","href":"https:\/\/api.w.org\/{rel}","templated":true}]}}