{"id":9893,"date":"2026-03-11T18:43:30","date_gmt":"2026-03-11T21:43:30","guid":{"rendered":"https:\/\/sudoesteacontece.com.br\/?p=9893"},"modified":"2026-03-11T18:43:34","modified_gmt":"2026-03-11T21:43:34","slug":"suspeito-de-abusar-de-criancas-e-adolescentes-e-preso-em-luis-eduardo-magalhaes","status":"publish","type":"post","link":"https:\/\/sudoesteacontece.com.br\/?p=9893","title":{"rendered":"Suspeito de abusar de crian\u00e7as e adolescentes \u00e9 preso em Lu\u00eds Eduardo Magalh\u00e3es"},"content":{"rendered":"<div class=\"wp-block-image\">\n<figure class=\"aligncenter size-full\"><img fetchpriority=\"high\" decoding=\"async\" width=\"900\" height=\"600\" src=\"http:\/\/sudoesteacontece.com.br\/wp-content\/uploads\/2026\/03\/Novo-Projeto-7.jpg\" alt=\"\" class=\"wp-image-9941\" srcset=\"https:\/\/sudoesteacontece.com.br\/wp-content\/uploads\/2026\/03\/Novo-Projeto-7.jpg 900w, https:\/\/sudoesteacontece.com.br\/wp-content\/uploads\/2026\/03\/Novo-Projeto-7-300x200.jpg 300w, https:\/\/sudoesteacontece.com.br\/wp-content\/uploads\/2026\/03\/Novo-Projeto-7-768x512.jpg 768w\" sizes=\"(max-width: 900px) 100vw, 900px\" \/><\/figure>\n<\/div>\n\n\n<p>Pol\u00edcia prendeu homem de 39 anos acusado de estuprar pelo menos cinco crian\u00e7as e adolescentes da pr\u00f3pria fam\u00edlia. Crimes ocorreram por mais de uma d\u00e9cada, deixando marcas profundas nas v\u00edtimas. Investiga\u00e7\u00e3o revela como abusador se aproveitou da confian\u00e7a familiar para manter os crimes em segredo.<\/p>\n\n\n\n<p>Investiga\u00e7\u00f5es come\u00e7aram em julho de 2025, ap\u00f3s duas jovens, hoje com 18 e 20 anos, denunciarem abusos sofridos na inf\u00e2ncia. Segundo depoimentos, os crimes iniciaram quando tinham entre 8 e 9 anos, logo ap\u00f3s a m\u00e3e das v\u00edtimas iniciar relacionamento com o suspeito, que passou a conviver diretamente com elas.<\/p>\n\n\n\n<p>Dilig\u00eancias identificaram outras tr\u00eas v\u00edtimas, todas ligadas \u00e0 mesma fam\u00edlia. Uma jovem relatou ter sido abusada aos 15 anos pelo padrasto das amigas, incluindo invas\u00f5es de quarto durante a madrugada. Outras duas tamb\u00e9m sofreram investidas sexuais for\u00e7adas ainda na adolesc\u00eancia, evidenciando o padr\u00e3o de viol\u00eancia persistente do suspeito.<\/p>\n\n\n\n<p>Delegada Luara Gabriela destacou que suspeito explorava a posi\u00e7\u00e3o de confian\u00e7a na fam\u00edlia para cometer os crimes e amea\u00e7ava v\u00edtimas e parentes de morte para garantir sil\u00eancio. Estrat\u00e9gia refor\u00e7a gravidade da viol\u00eancia e alerta sobre como abusadores podem manipular rela\u00e7\u00f5es familiares para continuar agindo.<\/p>\n\n\n\n<p>Opera\u00e7\u00e3o foi realizada pelo N\u00facleo Especializado de Atendimento \u00e0 Mulher de Lu\u00eds Eduardo Magalh\u00e3es, com apoio da 11\u00aa Coordenadoria Regional de Pol\u00edcia do Interior (Coorpin\/Barreiras) e Delegacia Territorial local. Pris\u00e3o preventiva protege v\u00edtimas, impede novos abusos e refor\u00e7a a responsabilidade criminal de agressores dentro do ambiente familiar.<\/p>\n\n\n\n<p>Sociedade deve permanecer alerta e denunciar qualquer suspeita de abuso sexual. Prote\u00e7\u00e3o de crian\u00e7as e adolescentes depende da a\u00e7\u00e3o coletiva, da conscientiza\u00e7\u00e3o e do apoio institucional \u00e0s v\u00edtimas, lembrando que o sil\u00eancio apenas fortalece os criminosos e perpetua o ciclo de viol\u00eancia dentro das fam\u00edlias.<\/p>\n","protected":false},"excerpt":{"rendered":"<p>Pol\u00edcia prendeu homem de 39 anos acusado de estuprar pelo menos cinco crian\u00e7as e adolescentes da pr\u00f3pria fam\u00edlia. Crimes ocorreram por mais de uma d\u00e9cada, deixando marcas profundas nas v\u00edtimas. Investiga\u00e7\u00e3o revela como abusador se aproveitou da confian\u00e7a familiar para manter os crimes em segredo. Investiga\u00e7\u00f5es come\u00e7aram em julho de 2025, ap\u00f3s duas jovens, hoje com 18 e 20 anos, denunciarem abusos sofridos na inf\u00e2ncia. Segundo depoimentos, os crimes iniciaram quando tinham entre 8 e 9 anos, logo ap\u00f3s a m\u00e3e das v\u00edtimas iniciar relacionamento com o suspeito, que passou a conviver diretamente com elas. Dilig\u00eancias identificaram outras tr\u00eas v\u00edtimas, todas ligadas \u00e0 mesma fam\u00edlia. Uma jovem relatou ter sido abusada aos 15 anos pelo padrasto das amigas, incluindo invas\u00f5es de quarto durante a madrugada. Outras duas tamb\u00e9m sofreram investidas sexuais for\u00e7adas ainda na adolesc\u00eancia, evidenciando o padr\u00e3o de viol\u00eancia persistente do suspeito. Delegada Luara Gabriela destacou que suspeito explorava a posi\u00e7\u00e3o de confian\u00e7a na fam\u00edlia para cometer os crimes e amea\u00e7ava v\u00edtimas e parentes de morte para garantir sil\u00eancio. Estrat\u00e9gia refor\u00e7a gravidade da viol\u00eancia e alerta sobre como abusadores podem manipular rela\u00e7\u00f5es familiares para continuar agindo. Opera\u00e7\u00e3o foi realizada pelo N\u00facleo Especializado de Atendimento \u00e0 Mulher de Lu\u00eds Eduardo Magalh\u00e3es, com apoio da 11\u00aa Coordenadoria Regional de Pol\u00edcia do Interior (Coorpin\/Barreiras) e Delegacia Territorial local. Pris\u00e3o preventiva protege v\u00edtimas, impede novos abusos e refor\u00e7a a responsabilidade criminal de agressores dentro do ambiente familiar. Sociedade deve permanecer alerta e denunciar qualquer suspeita de abuso sexual. Prote\u00e7\u00e3o de crian\u00e7as e adolescentes depende da a\u00e7\u00e3o coletiva, da conscientiza\u00e7\u00e3o e do apoio institucional \u00e0s v\u00edtimas, lembrando que o sil\u00eancio apenas fortalece os criminosos e perpetua o ciclo de viol\u00eancia dentro das fam\u00edlias.<\/p>\n","protected":false},"author":2,"featured_media":0,"comment_status":"open","ping_status":"open","sticky":false,"template":"","format":"standard","meta":{"footnotes":""},"categories":[4,82,3],"tags":[],"class_list":["post-9893","post","type-post","status-publish","format-standard","hentry","category-cidades","category-luis-eduardo-magalhaes","category-policia"],"yoast_head":"<!-- This site is optimized with the Yoast SEO plugin v26.5 - https:\/\/yoast.com\/wordpress\/plugins\/seo\/ -->\n<title>Suspeito de abusar de crian\u00e7as e adolescentes \u00e9 preso em Lu\u00eds Eduardo Magalh\u00e3es - Sudoesteacontece<\/title>\n<meta name=\"robots\" content=\"index, follow, max-snippet:-1, max-image-preview:large, max-video-preview:-1\" \/>\n<link rel=\"canonical\" href=\"http:\/\/sudoesteacontece.com.br\/?p=9893\" \/>\n<meta property=\"og:locale\" content=\"pt_BR\" \/>\n<meta property=\"og:type\" content=\"article\" \/>\n<meta property=\"og:title\" content=\"Suspeito de abusar de crian\u00e7as e adolescentes \u00e9 preso em Lu\u00eds Eduardo Magalh\u00e3es - Sudoesteacontece\" \/>\n<meta property=\"og:description\" content=\"Pol\u00edcia prendeu homem de 39 anos acusado de estuprar pelo menos cinco crian\u00e7as e adolescentes da pr\u00f3pria fam\u00edlia. Crimes ocorreram por mais de uma d\u00e9cada, deixando marcas profundas nas v\u00edtimas. Investiga\u00e7\u00e3o revela como abusador se aproveitou da confian\u00e7a familiar para manter os crimes em segredo. Investiga\u00e7\u00f5es come\u00e7aram em julho de 2025, ap\u00f3s duas jovens, hoje com 18 e 20 anos, denunciarem abusos sofridos na inf\u00e2ncia. Segundo depoimentos, os crimes iniciaram quando tinham entre 8 e 9 anos, logo ap\u00f3s a m\u00e3e das v\u00edtimas iniciar relacionamento com o suspeito, que passou a conviver diretamente com elas. Dilig\u00eancias identificaram outras tr\u00eas v\u00edtimas, todas ligadas \u00e0 mesma fam\u00edlia. Uma jovem relatou ter sido abusada aos 15 anos pelo padrasto das amigas, incluindo invas\u00f5es de quarto durante a madrugada. Outras duas tamb\u00e9m sofreram investidas sexuais for\u00e7adas ainda na adolesc\u00eancia, evidenciando o padr\u00e3o de viol\u00eancia persistente do suspeito. Delegada Luara Gabriela destacou que suspeito explorava a posi\u00e7\u00e3o de confian\u00e7a na fam\u00edlia para cometer os crimes e amea\u00e7ava v\u00edtimas e parentes de morte para garantir sil\u00eancio. Estrat\u00e9gia refor\u00e7a gravidade da viol\u00eancia e alerta sobre como abusadores podem manipular rela\u00e7\u00f5es familiares para continuar agindo. Opera\u00e7\u00e3o foi realizada pelo N\u00facleo Especializado de Atendimento \u00e0 Mulher de Lu\u00eds Eduardo Magalh\u00e3es, com apoio da 11\u00aa Coordenadoria Regional de Pol\u00edcia do Interior (Coorpin\/Barreiras) e Delegacia Territorial local. Pris\u00e3o preventiva protege v\u00edtimas, impede novos abusos e refor\u00e7a a responsabilidade criminal de agressores dentro do ambiente familiar. Sociedade deve permanecer alerta e denunciar qualquer suspeita de abuso sexual. Prote\u00e7\u00e3o de crian\u00e7as e adolescentes depende da a\u00e7\u00e3o coletiva, da conscientiza\u00e7\u00e3o e do apoio institucional \u00e0s v\u00edtimas, lembrando que o sil\u00eancio apenas fortalece os criminosos e perpetua o ciclo de viol\u00eancia dentro das fam\u00edlias.\" \/>\n<meta property=\"og:url\" content=\"http:\/\/sudoesteacontece.com.br\/?p=9893\" \/>\n<meta property=\"og:site_name\" content=\"Sudoesteacontece\" \/>\n<meta property=\"article:publisher\" content=\"https:\/\/www.facebook.com\/sudoesteacontece\/?locale=pt_BR\" \/>\n<meta property=\"article:published_time\" content=\"2026-03-11T21:43:30+00:00\" \/>\n<meta property=\"article:modified_time\" content=\"2026-03-11T21:43:34+00:00\" \/>\n<meta property=\"og:image\" content=\"http:\/\/sudoesteacontece.com.br\/wp-content\/uploads\/2026\/03\/Novo-Projeto-7.jpg\" \/>\n<meta name=\"author\" content=\"Washington Tiago\" \/>\n<meta name=\"twitter:card\" content=\"summary_large_image\" \/>\n<meta name=\"twitter:label1\" content=\"Escrito por\" \/>\n\t<meta name=\"twitter:data1\" content=\"Washington Tiago\" \/>\n\t<meta name=\"twitter:label2\" content=\"Est. tempo de leitura\" \/>\n\t<meta name=\"twitter:data2\" content=\"2 minutos\" \/>\n<script type=\"application\/ld+json\" class=\"yoast-schema-graph\">{\"@context\":\"https:\/\/schema.org\",\"@graph\":[{\"@type\":\"Article\",\"@id\":\"http:\/\/sudoesteacontece.com.br\/?p=9893#article\",\"isPartOf\":{\"@id\":\"http:\/\/sudoesteacontece.com.br\/?p=9893\"},\"author\":{\"name\":\"Washington Tiago\",\"@id\":\"https:\/\/sudoesteacontece.com.br\/#\/schema\/person\/3cf2cf009926a9683ebc29d5379fa79c\"},\"headline\":\"Suspeito de abusar de crian\u00e7as e adolescentes \u00e9 preso em Lu\u00eds Eduardo Magalh\u00e3es\",\"datePublished\":\"2026-03-11T21:43:30+00:00\",\"dateModified\":\"2026-03-11T21:43:34+00:00\",\"mainEntityOfPage\":{\"@id\":\"http:\/\/sudoesteacontece.com.br\/?p=9893\"},\"wordCount\":336,\"commentCount\":0,\"publisher\":{\"@id\":\"https:\/\/sudoesteacontece.com.br\/#organization\"},\"image\":{\"@id\":\"http:\/\/sudoesteacontece.com.br\/?p=9893#primaryimage\"},\"thumbnailUrl\":\"http:\/\/sudoesteacontece.com.br\/wp-content\/uploads\/2026\/03\/Novo-Projeto-7.jpg\",\"articleSection\":[\"Cidades\",\"Lu\u00eds Eduardo Magalh\u00e3es\",\"Pol\u00edcia\"],\"inLanguage\":\"pt-BR\",\"potentialAction\":[{\"@type\":\"CommentAction\",\"name\":\"Comment\",\"target\":[\"http:\/\/sudoesteacontece.com.br\/?p=9893#respond\"]}]},{\"@type\":\"WebPage\",\"@id\":\"http:\/\/sudoesteacontece.com.br\/?p=9893\",\"url\":\"http:\/\/sudoesteacontece.com.br\/?p=9893\",\"name\":\"Suspeito de abusar de crian\u00e7as e adolescentes \u00e9 preso em Lu\u00eds Eduardo Magalh\u00e3es - Sudoesteacontece\",\"isPartOf\":{\"@id\":\"https:\/\/sudoesteacontece.com.br\/#website\"},\"primaryImageOfPage\":{\"@id\":\"http:\/\/sudoesteacontece.com.br\/?p=9893#primaryimage\"},\"image\":{\"@id\":\"http:\/\/sudoesteacontece.com.br\/?p=9893#primaryimage\"},\"thumbnailUrl\":\"http:\/\/sudoesteacontece.com.br\/wp-content\/uploads\/2026\/03\/Novo-Projeto-7.jpg\",\"datePublished\":\"2026-03-11T21:43:30+00:00\",\"dateModified\":\"2026-03-11T21:43:34+00:00\",\"breadcrumb\":{\"@id\":\"http:\/\/sudoesteacontece.com.br\/?p=9893#breadcrumb\"},\"inLanguage\":\"pt-BR\",\"potentialAction\":[{\"@type\":\"ReadAction\",\"target\":[\"http:\/\/sudoesteacontece.com.br\/?p=9893\"]}]},{\"@type\":\"ImageObject\",\"inLanguage\":\"pt-BR\",\"@id\":\"http:\/\/sudoesteacontece.com.br\/?p=9893#primaryimage\",\"url\":\"https:\/\/sudoesteacontece.com.br\/wp-content\/uploads\/2026\/03\/Novo-Projeto-7.jpg\",\"contentUrl\":\"https:\/\/sudoesteacontece.com.br\/wp-content\/uploads\/2026\/03\/Novo-Projeto-7.jpg\",\"width\":900,\"height\":600},{\"@type\":\"BreadcrumbList\",\"@id\":\"http:\/\/sudoesteacontece.com.br\/?p=9893#breadcrumb\",\"itemListElement\":[{\"@type\":\"ListItem\",\"position\":1,\"name\":\"In\u00edcio\",\"item\":\"https:\/\/sudoesteacontece.com.br\/\"},{\"@type\":\"ListItem\",\"position\":2,\"name\":\"Suspeito de abusar de crian\u00e7as e adolescentes \u00e9 preso em Lu\u00eds Eduardo Magalh\u00e3es\"}]},{\"@type\":\"WebSite\",\"@id\":\"https:\/\/sudoesteacontece.com.br\/#website\",\"url\":\"https:\/\/sudoesteacontece.com.br\/\",\"name\":\"Sudoesteacontece\",\"description\":\"\",\"publisher\":{\"@id\":\"https:\/\/sudoesteacontece.com.br\/#organization\"},\"potentialAction\":[{\"@type\":\"SearchAction\",\"target\":{\"@type\":\"EntryPoint\",\"urlTemplate\":\"https:\/\/sudoesteacontece.com.br\/?s={search_term_string}\"},\"query-input\":{\"@type\":\"PropertyValueSpecification\",\"valueRequired\":true,\"valueName\":\"search_term_string\"}}],\"inLanguage\":\"pt-BR\"},{\"@type\":\"Organization\",\"@id\":\"https:\/\/sudoesteacontece.com.br\/#organization\",\"name\":\"Sudoesteacontece\",\"url\":\"https:\/\/sudoesteacontece.com.br\/\",\"logo\":{\"@type\":\"ImageObject\",\"inLanguage\":\"pt-BR\",\"@id\":\"https:\/\/sudoesteacontece.com.br\/#\/schema\/logo\/image\/\",\"url\":\"https:\/\/sudoesteacontece.com.br\/wp-content\/uploads\/2025\/12\/cropped-logo-2-180x180-1.png\",\"contentUrl\":\"https:\/\/sudoesteacontece.com.br\/wp-content\/uploads\/2025\/12\/cropped-logo-2-180x180-1.png\",\"width\":180,\"height\":180,\"caption\":\"Sudoesteacontece\"},\"image\":{\"@id\":\"https:\/\/sudoesteacontece.com.br\/#\/schema\/logo\/image\/\"},\"sameAs\":[\"https:\/\/www.facebook.com\/sudoesteacontece\/?locale=pt_BR\"]},{\"@type\":\"Person\",\"@id\":\"https:\/\/sudoesteacontece.com.br\/#\/schema\/person\/3cf2cf009926a9683ebc29d5379fa79c\",\"name\":\"Washington Tiago\",\"image\":{\"@type\":\"ImageObject\",\"inLanguage\":\"pt-BR\",\"@id\":\"https:\/\/sudoesteacontece.com.br\/#\/schema\/person\/image\/\",\"url\":\"https:\/\/secure.gravatar.com\/avatar\/33c43b8668157e040f9d1fe93c354bf087cbd8ba36270c1163198bd3ddcf2a56?s=96&d=mm&r=g\",\"contentUrl\":\"https:\/\/secure.gravatar.com\/avatar\/33c43b8668157e040f9d1fe93c354bf087cbd8ba36270c1163198bd3ddcf2a56?s=96&d=mm&r=g\",\"caption\":\"Washington Tiago\"},\"url\":\"https:\/\/sudoesteacontece.com.br\/?author=2\"}]}<\/script>\n<!-- \/ Yoast SEO plugin. -->","yoast_head_json":{"title":"Suspeito de abusar de crian\u00e7as e adolescentes \u00e9 preso em Lu\u00eds Eduardo Magalh\u00e3es - Sudoesteacontece","robots":{"index":"index","follow":"follow","max-snippet":"max-snippet:-1","max-image-preview":"max-image-preview:large","max-video-preview":"max-video-preview:-1"},"canonical":"http:\/\/sudoesteacontece.com.br\/?p=9893","og_locale":"pt_BR","og_type":"article","og_title":"Suspeito de abusar de crian\u00e7as e adolescentes \u00e9 preso em Lu\u00eds Eduardo Magalh\u00e3es - Sudoesteacontece","og_description":"Pol\u00edcia prendeu homem de 39 anos acusado de estuprar pelo menos cinco crian\u00e7as e adolescentes da pr\u00f3pria fam\u00edlia. Crimes ocorreram por mais de uma d\u00e9cada, deixando marcas profundas nas v\u00edtimas. Investiga\u00e7\u00e3o revela como abusador se aproveitou da confian\u00e7a familiar para manter os crimes em segredo. Investiga\u00e7\u00f5es come\u00e7aram em julho de 2025, ap\u00f3s duas jovens, hoje com 18 e 20 anos, denunciarem abusos sofridos na inf\u00e2ncia. Segundo depoimentos, os crimes iniciaram quando tinham entre 8 e 9 anos, logo ap\u00f3s a m\u00e3e das v\u00edtimas iniciar relacionamento com o suspeito, que passou a conviver diretamente com elas. Dilig\u00eancias identificaram outras tr\u00eas v\u00edtimas, todas ligadas \u00e0 mesma fam\u00edlia. Uma jovem relatou ter sido abusada aos 15 anos pelo padrasto das amigas, incluindo invas\u00f5es de quarto durante a madrugada. Outras duas tamb\u00e9m sofreram investidas sexuais for\u00e7adas ainda na adolesc\u00eancia, evidenciando o padr\u00e3o de viol\u00eancia persistente do suspeito. Delegada Luara Gabriela destacou que suspeito explorava a posi\u00e7\u00e3o de confian\u00e7a na fam\u00edlia para cometer os crimes e amea\u00e7ava v\u00edtimas e parentes de morte para garantir sil\u00eancio. Estrat\u00e9gia refor\u00e7a gravidade da viol\u00eancia e alerta sobre como abusadores podem manipular rela\u00e7\u00f5es familiares para continuar agindo. Opera\u00e7\u00e3o foi realizada pelo N\u00facleo Especializado de Atendimento \u00e0 Mulher de Lu\u00eds Eduardo Magalh\u00e3es, com apoio da 11\u00aa Coordenadoria Regional de Pol\u00edcia do Interior (Coorpin\/Barreiras) e Delegacia Territorial local. Pris\u00e3o preventiva protege v\u00edtimas, impede novos abusos e refor\u00e7a a responsabilidade criminal de agressores dentro do ambiente familiar. Sociedade deve permanecer alerta e denunciar qualquer suspeita de abuso sexual. Prote\u00e7\u00e3o de crian\u00e7as e adolescentes depende da a\u00e7\u00e3o coletiva, da conscientiza\u00e7\u00e3o e do apoio institucional \u00e0s v\u00edtimas, lembrando que o sil\u00eancio apenas fortalece os criminosos e perpetua o ciclo de viol\u00eancia dentro das fam\u00edlias.","og_url":"http:\/\/sudoesteacontece.com.br\/?p=9893","og_site_name":"Sudoesteacontece","article_publisher":"https:\/\/www.facebook.com\/sudoesteacontece\/?locale=pt_BR","article_published_time":"2026-03-11T21:43:30+00:00","article_modified_time":"2026-03-11T21:43:34+00:00","og_image":[{"url":"http:\/\/sudoesteacontece.com.br\/wp-content\/uploads\/2026\/03\/Novo-Projeto-7.jpg","type":"","width":"","height":""}],"author":"Washington Tiago","twitter_card":"summary_large_image","twitter_misc":{"Escrito por":"Washington Tiago","Est. tempo de leitura":"2 minutos"},"schema":{"@context":"https:\/\/schema.org","@graph":[{"@type":"Article","@id":"http:\/\/sudoesteacontece.com.br\/?p=9893#article","isPartOf":{"@id":"http:\/\/sudoesteacontece.com.br\/?p=9893"},"author":{"name":"Washington Tiago","@id":"https:\/\/sudoesteacontece.com.br\/#\/schema\/person\/3cf2cf009926a9683ebc29d5379fa79c"},"headline":"Suspeito de abusar de crian\u00e7as e adolescentes \u00e9 preso em Lu\u00eds Eduardo Magalh\u00e3es","datePublished":"2026-03-11T21:43:30+00:00","dateModified":"2026-03-11T21:43:34+00:00","mainEntityOfPage":{"@id":"http:\/\/sudoesteacontece.com.br\/?p=9893"},"wordCount":336,"commentCount":0,"publisher":{"@id":"https:\/\/sudoesteacontece.com.br\/#organization"},"image":{"@id":"http:\/\/sudoesteacontece.com.br\/?p=9893#primaryimage"},"thumbnailUrl":"http:\/\/sudoesteacontece.com.br\/wp-content\/uploads\/2026\/03\/Novo-Projeto-7.jpg","articleSection":["Cidades","Lu\u00eds Eduardo Magalh\u00e3es","Pol\u00edcia"],"inLanguage":"pt-BR","potentialAction":[{"@type":"CommentAction","name":"Comment","target":["http:\/\/sudoesteacontece.com.br\/?p=9893#respond"]}]},{"@type":"WebPage","@id":"http:\/\/sudoesteacontece.com.br\/?p=9893","url":"http:\/\/sudoesteacontece.com.br\/?p=9893","name":"Suspeito de abusar de crian\u00e7as e adolescentes \u00e9 preso em Lu\u00eds Eduardo Magalh\u00e3es - Sudoesteacontece","isPartOf":{"@id":"https:\/\/sudoesteacontece.com.br\/#website"},"primaryImageOfPage":{"@id":"http:\/\/sudoesteacontece.com.br\/?p=9893#primaryimage"},"image":{"@id":"http:\/\/sudoesteacontece.com.br\/?p=9893#primaryimage"},"thumbnailUrl":"http:\/\/sudoesteacontece.com.br\/wp-content\/uploads\/2026\/03\/Novo-Projeto-7.jpg","datePublished":"2026-03-11T21:43:30+00:00","dateModified":"2026-03-11T21:43:34+00:00","breadcrumb":{"@id":"http:\/\/sudoesteacontece.com.br\/?p=9893#breadcrumb"},"inLanguage":"pt-BR","potentialAction":[{"@type":"ReadAction","target":["http:\/\/sudoesteacontece.com.br\/?p=9893"]}]},{"@type":"ImageObject","inLanguage":"pt-BR","@id":"http:\/\/sudoesteacontece.com.br\/?p=9893#primaryimage","url":"https:\/\/sudoesteacontece.com.br\/wp-content\/uploads\/2026\/03\/Novo-Projeto-7.jpg","contentUrl":"https:\/\/sudoesteacontece.com.br\/wp-content\/uploads\/2026\/03\/Novo-Projeto-7.jpg","width":900,"height":600},{"@type":"BreadcrumbList","@id":"http:\/\/sudoesteacontece.com.br\/?p=9893#breadcrumb","itemListElement":[{"@type":"ListItem","position":1,"name":"In\u00edcio","item":"https:\/\/sudoesteacontece.com.br\/"},{"@type":"ListItem","position":2,"name":"Suspeito de abusar de crian\u00e7as e adolescentes \u00e9 preso em Lu\u00eds Eduardo Magalh\u00e3es"}]},{"@type":"WebSite","@id":"https:\/\/sudoesteacontece.com.br\/#website","url":"https:\/\/sudoesteacontece.com.br\/","name":"Sudoesteacontece","description":"","publisher":{"@id":"https:\/\/sudoesteacontece.com.br\/#organization"},"potentialAction":[{"@type":"SearchAction","target":{"@type":"EntryPoint","urlTemplate":"https:\/\/sudoesteacontece.com.br\/?s={search_term_string}"},"query-input":{"@type":"PropertyValueSpecification","valueRequired":true,"valueName":"search_term_string"}}],"inLanguage":"pt-BR"},{"@type":"Organization","@id":"https:\/\/sudoesteacontece.com.br\/#organization","name":"Sudoesteacontece","url":"https:\/\/sudoesteacontece.com.br\/","logo":{"@type":"ImageObject","inLanguage":"pt-BR","@id":"https:\/\/sudoesteacontece.com.br\/#\/schema\/logo\/image\/","url":"https:\/\/sudoesteacontece.com.br\/wp-content\/uploads\/2025\/12\/cropped-logo-2-180x180-1.png","contentUrl":"https:\/\/sudoesteacontece.com.br\/wp-content\/uploads\/2025\/12\/cropped-logo-2-180x180-1.png","width":180,"height":180,"caption":"Sudoesteacontece"},"image":{"@id":"https:\/\/sudoesteacontece.com.br\/#\/schema\/logo\/image\/"},"sameAs":["https:\/\/www.facebook.com\/sudoesteacontece\/?locale=pt_BR"]},{"@type":"Person","@id":"https:\/\/sudoesteacontece.com.br\/#\/schema\/person\/3cf2cf009926a9683ebc29d5379fa79c","name":"Washington Tiago","image":{"@type":"ImageObject","inLanguage":"pt-BR","@id":"https:\/\/sudoesteacontece.com.br\/#\/schema\/person\/image\/","url":"https:\/\/secure.gravatar.com\/avatar\/33c43b8668157e040f9d1fe93c354bf087cbd8ba36270c1163198bd3ddcf2a56?s=96&d=mm&r=g","contentUrl":"https:\/\/secure.gravatar.com\/avatar\/33c43b8668157e040f9d1fe93c354bf087cbd8ba36270c1163198bd3ddcf2a56?s=96&d=mm&r=g","caption":"Washington Tiago"},"url":"https:\/\/sudoesteacontece.com.br\/?author=2"}]}},"_links":{"self":[{"href":"https:\/\/sudoesteacontece.com.br\/index.php?rest_route=\/wp\/v2\/posts\/9893","targetHints":{"allow":["GET"]}}],"collection":[{"href":"https:\/\/sudoesteacontece.com.br\/index.php?rest_route=\/wp\/v2\/posts"}],"about":[{"href":"https:\/\/sudoesteacontece.com.br\/index.php?rest_route=\/wp\/v2\/types\/post"}],"author":[{"embeddable":true,"href":"https:\/\/sudoesteacontece.com.br\/index.php?rest_route=\/wp\/v2\/users\/2"}],"replies":[{"embeddable":true,"href":"https:\/\/sudoesteacontece.com.br\/index.php?rest_route=%2Fwp%2Fv2%2Fcomments&post=9893"}],"version-history":[{"count":0,"href":"https:\/\/sudoesteacontece.com.br\/index.php?rest_route=\/wp\/v2\/posts\/9893\/revisions"}],"wp:attachment":[{"href":"https:\/\/sudoesteacontece.com.br\/index.php?rest_route=%2Fwp%2Fv2%2Fmedia&parent=9893"}],"wp:term":[{"taxonomy":"category","embeddable":true,"href":"https:\/\/sudoesteacontece.com.br\/index.php?rest_route=%2Fwp%2Fv2%2Fcategories&post=9893"},{"taxonomy":"post_tag","embeddable":true,"href":"https:\/\/sudoesteacontece.com.br\/index.php?rest_route=%2Fwp%2Fv2%2Ftags&post=9893"}],"curies":[{"name":"wp","href":"https:\/\/api.w.org\/{rel}","templated":true}]}}