{"id":9897,"date":"2026-03-11T18:49:11","date_gmt":"2026-03-11T21:49:11","guid":{"rendered":"https:\/\/sudoesteacontece.com.br\/?p=9897"},"modified":"2026-03-11T18:49:15","modified_gmt":"2026-03-11T21:49:15","slug":"motociclista-morre-apos-colisao-com-caminhonete-na-br-135-em-coribe","status":"publish","type":"post","link":"https:\/\/sudoesteacontece.com.br\/?p=9897","title":{"rendered":"Motociclista morre ap\u00f3s colis\u00e3o com caminhonete na BR-135 em Coribe"},"content":{"rendered":"<div class=\"wp-block-image\">\n<figure class=\"aligncenter size-full\"><img fetchpriority=\"high\" decoding=\"async\" width=\"900\" height=\"600\" src=\"http:\/\/sudoesteacontece.com.br\/wp-content\/uploads\/2026\/03\/Novo-Projeto-9.jpg\" alt=\"\" class=\"wp-image-9945\" srcset=\"https:\/\/sudoesteacontece.com.br\/wp-content\/uploads\/2026\/03\/Novo-Projeto-9.jpg 900w, https:\/\/sudoesteacontece.com.br\/wp-content\/uploads\/2026\/03\/Novo-Projeto-9-300x200.jpg 300w, https:\/\/sudoesteacontece.com.br\/wp-content\/uploads\/2026\/03\/Novo-Projeto-9-768x512.jpg 768w\" sizes=\"(max-width: 900px) 100vw, 900px\" \/><\/figure>\n<\/div>\n\n\n<p>Acidente na BR-135 terminou com a morte de Em\u00edlio Machado Sobrinho na noite de segunda-feira (9), pr\u00f3ximo ao distrito de Ranchinho, em Coribe. Motociclista colidiu frontalmente com caminhonete GM Montana, de cor prata, enquanto seguia em sentido contr\u00e1rio, segundo relatos da pol\u00edcia e do motorista.<\/p>\n\n\n\n<p>Testemunhas informaram que a motocicleta invadiu a contram\u00e3o e surpreendeu o condutor da caminhonete, que trafegava em dire\u00e7\u00e3o a Jaborandi. Farol alto da moto contribuiu para reduzir a visibilidade do ve\u00edculo e aumentar o risco da colis\u00e3o, conforme relatos do motorista e registro da ocorr\u00eancia policial.<\/p>\n\n\n\n<p>Policiais da 30\u00aa Companhia Independente da Pol\u00edcia Militar isolaram o local e sinalizaram a rodovia imediatamente ap\u00f3s o impacto. Equipe do SAMU foi acionada, mas confirmou o \u00f3bito de Em\u00edlio no local. Pol\u00edcia Civil e Departamento de Pol\u00edcia T\u00e9cnica realizaram per\u00edcia para esclarecer circunst\u00e2ncias do acidente.<\/p>\n\n\n\n<p>Per\u00edcia indicou que o motociclista conduzia uma Honda Bros vermelha ao invadir a faixa contr\u00e1ria. Investiga\u00e7\u00e3o inicial sugere imprud\u00eancia na condu\u00e7\u00e3o. Corpo foi encaminhado ao Instituto M\u00e9dico Legal, e autoridades afirmam que procedimentos legais e apura\u00e7\u00e3o detalhada seguem em andamento para determinar responsabilidades.<\/p>\n\n\n\n<p>Investiga\u00e7\u00e3o da Pol\u00edcia Civil busca confirmar din\u00e2mica da colis\u00e3o e poss\u00edveis fatores que contribu\u00edram para o acidente. Objetivo \u00e9 prevenir trag\u00e9dias semelhantes na rodovia, considerada perigosa por moradores, e refor\u00e7ar alertas sobre respeito \u00e0s normas de tr\u00e2nsito e aten\u00e7\u00e3o em estradas da regi\u00e3o oeste da Bahia.<\/p>\n","protected":false},"excerpt":{"rendered":"<p>Acidente na BR-135 terminou com a morte de Em\u00edlio Machado Sobrinho na noite de segunda-feira (9), pr\u00f3ximo ao distrito de Ranchinho, em Coribe. Motociclista colidiu frontalmente com caminhonete GM Montana, de cor prata, enquanto seguia em sentido contr\u00e1rio, segundo relatos da pol\u00edcia e do motorista. Testemunhas informaram que a motocicleta invadiu a contram\u00e3o e surpreendeu o condutor da caminhonete, que trafegava em dire\u00e7\u00e3o a Jaborandi. Farol alto da moto contribuiu para reduzir a visibilidade do ve\u00edculo e aumentar o risco da colis\u00e3o, conforme relatos do motorista e registro da ocorr\u00eancia policial. Policiais da 30\u00aa Companhia Independente da Pol\u00edcia Militar isolaram o local e sinalizaram a rodovia imediatamente ap\u00f3s o impacto. Equipe do SAMU foi acionada, mas confirmou o \u00f3bito de Em\u00edlio no local. Pol\u00edcia Civil e Departamento de Pol\u00edcia T\u00e9cnica realizaram per\u00edcia para esclarecer circunst\u00e2ncias do acidente. Per\u00edcia indicou que o motociclista conduzia uma Honda Bros vermelha ao invadir a faixa contr\u00e1ria. Investiga\u00e7\u00e3o inicial sugere imprud\u00eancia na condu\u00e7\u00e3o. Corpo foi encaminhado ao Instituto M\u00e9dico Legal, e autoridades afirmam que procedimentos legais e apura\u00e7\u00e3o detalhada seguem em andamento para determinar responsabilidades. Investiga\u00e7\u00e3o da Pol\u00edcia Civil busca confirmar din\u00e2mica da colis\u00e3o e poss\u00edveis fatores que contribu\u00edram para o acidente. Objetivo \u00e9 prevenir trag\u00e9dias semelhantes na rodovia, considerada perigosa por moradores, e refor\u00e7ar alertas sobre respeito \u00e0s normas de tr\u00e2nsito e aten\u00e7\u00e3o em estradas da regi\u00e3o oeste da Bahia.<\/p>\n","protected":false},"author":2,"featured_media":0,"comment_status":"open","ping_status":"open","sticky":false,"template":"","format":"standard","meta":{"footnotes":""},"categories":[5],"tags":[],"class_list":["post-9897","post","type-post","status-publish","format-standard","hentry","category-acidente"],"yoast_head":"<!-- This site is optimized with the Yoast SEO plugin v26.5 - https:\/\/yoast.com\/wordpress\/plugins\/seo\/ -->\n<title>Motociclista morre ap\u00f3s colis\u00e3o com caminhonete na BR-135 em Coribe - Sudoesteacontece<\/title>\n<meta name=\"robots\" content=\"index, follow, max-snippet:-1, max-image-preview:large, max-video-preview:-1\" \/>\n<link rel=\"canonical\" href=\"http:\/\/sudoesteacontece.com.br\/?p=9897\" \/>\n<meta property=\"og:locale\" content=\"pt_BR\" \/>\n<meta property=\"og:type\" content=\"article\" \/>\n<meta property=\"og:title\" content=\"Motociclista morre ap\u00f3s colis\u00e3o com caminhonete na BR-135 em Coribe - Sudoesteacontece\" \/>\n<meta property=\"og:description\" content=\"Acidente na BR-135 terminou com a morte de Em\u00edlio Machado Sobrinho na noite de segunda-feira (9), pr\u00f3ximo ao distrito de Ranchinho, em Coribe. Motociclista colidiu frontalmente com caminhonete GM Montana, de cor prata, enquanto seguia em sentido contr\u00e1rio, segundo relatos da pol\u00edcia e do motorista. Testemunhas informaram que a motocicleta invadiu a contram\u00e3o e surpreendeu o condutor da caminhonete, que trafegava em dire\u00e7\u00e3o a Jaborandi. Farol alto da moto contribuiu para reduzir a visibilidade do ve\u00edculo e aumentar o risco da colis\u00e3o, conforme relatos do motorista e registro da ocorr\u00eancia policial. Policiais da 30\u00aa Companhia Independente da Pol\u00edcia Militar isolaram o local e sinalizaram a rodovia imediatamente ap\u00f3s o impacto. Equipe do SAMU foi acionada, mas confirmou o \u00f3bito de Em\u00edlio no local. Pol\u00edcia Civil e Departamento de Pol\u00edcia T\u00e9cnica realizaram per\u00edcia para esclarecer circunst\u00e2ncias do acidente. Per\u00edcia indicou que o motociclista conduzia uma Honda Bros vermelha ao invadir a faixa contr\u00e1ria. Investiga\u00e7\u00e3o inicial sugere imprud\u00eancia na condu\u00e7\u00e3o. Corpo foi encaminhado ao Instituto M\u00e9dico Legal, e autoridades afirmam que procedimentos legais e apura\u00e7\u00e3o detalhada seguem em andamento para determinar responsabilidades. Investiga\u00e7\u00e3o da Pol\u00edcia Civil busca confirmar din\u00e2mica da colis\u00e3o e poss\u00edveis fatores que contribu\u00edram para o acidente. Objetivo \u00e9 prevenir trag\u00e9dias semelhantes na rodovia, considerada perigosa por moradores, e refor\u00e7ar alertas sobre respeito \u00e0s normas de tr\u00e2nsito e aten\u00e7\u00e3o em estradas da regi\u00e3o oeste da Bahia.\" \/>\n<meta property=\"og:url\" content=\"http:\/\/sudoesteacontece.com.br\/?p=9897\" \/>\n<meta property=\"og:site_name\" content=\"Sudoesteacontece\" \/>\n<meta property=\"article:publisher\" content=\"https:\/\/www.facebook.com\/sudoesteacontece\/?locale=pt_BR\" \/>\n<meta property=\"article:published_time\" content=\"2026-03-11T21:49:11+00:00\" \/>\n<meta property=\"article:modified_time\" content=\"2026-03-11T21:49:15+00:00\" \/>\n<meta property=\"og:image\" content=\"http:\/\/sudoesteacontece.com.br\/wp-content\/uploads\/2026\/03\/Novo-Projeto-9.jpg\" \/>\n<meta name=\"author\" content=\"Washington Tiago\" \/>\n<meta name=\"twitter:card\" content=\"summary_large_image\" \/>\n<meta name=\"twitter:label1\" content=\"Escrito por\" \/>\n\t<meta name=\"twitter:data1\" content=\"Washington Tiago\" \/>\n\t<meta name=\"twitter:label2\" content=\"Est. tempo de leitura\" \/>\n\t<meta name=\"twitter:data2\" content=\"2 minutos\" \/>\n<script type=\"application\/ld+json\" class=\"yoast-schema-graph\">{\"@context\":\"https:\/\/schema.org\",\"@graph\":[{\"@type\":\"Article\",\"@id\":\"http:\/\/sudoesteacontece.com.br\/?p=9897#article\",\"isPartOf\":{\"@id\":\"http:\/\/sudoesteacontece.com.br\/?p=9897\"},\"author\":{\"name\":\"Washington Tiago\",\"@id\":\"https:\/\/sudoesteacontece.com.br\/#\/schema\/person\/3cf2cf009926a9683ebc29d5379fa79c\"},\"headline\":\"Motociclista morre ap\u00f3s colis\u00e3o com caminhonete na BR-135 em Coribe\",\"datePublished\":\"2026-03-11T21:49:11+00:00\",\"dateModified\":\"2026-03-11T21:49:15+00:00\",\"mainEntityOfPage\":{\"@id\":\"http:\/\/sudoesteacontece.com.br\/?p=9897\"},\"wordCount\":270,\"commentCount\":0,\"publisher\":{\"@id\":\"https:\/\/sudoesteacontece.com.br\/#organization\"},\"image\":{\"@id\":\"http:\/\/sudoesteacontece.com.br\/?p=9897#primaryimage\"},\"thumbnailUrl\":\"http:\/\/sudoesteacontece.com.br\/wp-content\/uploads\/2026\/03\/Novo-Projeto-9.jpg\",\"articleSection\":[\"Acidente\"],\"inLanguage\":\"pt-BR\",\"potentialAction\":[{\"@type\":\"CommentAction\",\"name\":\"Comment\",\"target\":[\"http:\/\/sudoesteacontece.com.br\/?p=9897#respond\"]}]},{\"@type\":\"WebPage\",\"@id\":\"http:\/\/sudoesteacontece.com.br\/?p=9897\",\"url\":\"http:\/\/sudoesteacontece.com.br\/?p=9897\",\"name\":\"Motociclista morre ap\u00f3s colis\u00e3o com caminhonete na BR-135 em Coribe - Sudoesteacontece\",\"isPartOf\":{\"@id\":\"https:\/\/sudoesteacontece.com.br\/#website\"},\"primaryImageOfPage\":{\"@id\":\"http:\/\/sudoesteacontece.com.br\/?p=9897#primaryimage\"},\"image\":{\"@id\":\"http:\/\/sudoesteacontece.com.br\/?p=9897#primaryimage\"},\"thumbnailUrl\":\"http:\/\/sudoesteacontece.com.br\/wp-content\/uploads\/2026\/03\/Novo-Projeto-9.jpg\",\"datePublished\":\"2026-03-11T21:49:11+00:00\",\"dateModified\":\"2026-03-11T21:49:15+00:00\",\"breadcrumb\":{\"@id\":\"http:\/\/sudoesteacontece.com.br\/?p=9897#breadcrumb\"},\"inLanguage\":\"pt-BR\",\"potentialAction\":[{\"@type\":\"ReadAction\",\"target\":[\"http:\/\/sudoesteacontece.com.br\/?p=9897\"]}]},{\"@type\":\"ImageObject\",\"inLanguage\":\"pt-BR\",\"@id\":\"http:\/\/sudoesteacontece.com.br\/?p=9897#primaryimage\",\"url\":\"https:\/\/sudoesteacontece.com.br\/wp-content\/uploads\/2026\/03\/Novo-Projeto-9.jpg\",\"contentUrl\":\"https:\/\/sudoesteacontece.com.br\/wp-content\/uploads\/2026\/03\/Novo-Projeto-9.jpg\",\"width\":900,\"height\":600},{\"@type\":\"BreadcrumbList\",\"@id\":\"http:\/\/sudoesteacontece.com.br\/?p=9897#breadcrumb\",\"itemListElement\":[{\"@type\":\"ListItem\",\"position\":1,\"name\":\"In\u00edcio\",\"item\":\"https:\/\/sudoesteacontece.com.br\/\"},{\"@type\":\"ListItem\",\"position\":2,\"name\":\"Motociclista morre ap\u00f3s colis\u00e3o com caminhonete na BR-135 em Coribe\"}]},{\"@type\":\"WebSite\",\"@id\":\"https:\/\/sudoesteacontece.com.br\/#website\",\"url\":\"https:\/\/sudoesteacontece.com.br\/\",\"name\":\"Sudoesteacontece\",\"description\":\"\",\"publisher\":{\"@id\":\"https:\/\/sudoesteacontece.com.br\/#organization\"},\"potentialAction\":[{\"@type\":\"SearchAction\",\"target\":{\"@type\":\"EntryPoint\",\"urlTemplate\":\"https:\/\/sudoesteacontece.com.br\/?s={search_term_string}\"},\"query-input\":{\"@type\":\"PropertyValueSpecification\",\"valueRequired\":true,\"valueName\":\"search_term_string\"}}],\"inLanguage\":\"pt-BR\"},{\"@type\":\"Organization\",\"@id\":\"https:\/\/sudoesteacontece.com.br\/#organization\",\"name\":\"Sudoesteacontece\",\"url\":\"https:\/\/sudoesteacontece.com.br\/\",\"logo\":{\"@type\":\"ImageObject\",\"inLanguage\":\"pt-BR\",\"@id\":\"https:\/\/sudoesteacontece.com.br\/#\/schema\/logo\/image\/\",\"url\":\"https:\/\/sudoesteacontece.com.br\/wp-content\/uploads\/2025\/12\/cropped-logo-2-180x180-1.png\",\"contentUrl\":\"https:\/\/sudoesteacontece.com.br\/wp-content\/uploads\/2025\/12\/cropped-logo-2-180x180-1.png\",\"width\":180,\"height\":180,\"caption\":\"Sudoesteacontece\"},\"image\":{\"@id\":\"https:\/\/sudoesteacontece.com.br\/#\/schema\/logo\/image\/\"},\"sameAs\":[\"https:\/\/www.facebook.com\/sudoesteacontece\/?locale=pt_BR\"]},{\"@type\":\"Person\",\"@id\":\"https:\/\/sudoesteacontece.com.br\/#\/schema\/person\/3cf2cf009926a9683ebc29d5379fa79c\",\"name\":\"Washington Tiago\",\"image\":{\"@type\":\"ImageObject\",\"inLanguage\":\"pt-BR\",\"@id\":\"https:\/\/sudoesteacontece.com.br\/#\/schema\/person\/image\/\",\"url\":\"https:\/\/secure.gravatar.com\/avatar\/33c43b8668157e040f9d1fe93c354bf087cbd8ba36270c1163198bd3ddcf2a56?s=96&d=mm&r=g\",\"contentUrl\":\"https:\/\/secure.gravatar.com\/avatar\/33c43b8668157e040f9d1fe93c354bf087cbd8ba36270c1163198bd3ddcf2a56?s=96&d=mm&r=g\",\"caption\":\"Washington Tiago\"},\"url\":\"https:\/\/sudoesteacontece.com.br\/?author=2\"}]}<\/script>\n<!-- \/ Yoast SEO plugin. -->","yoast_head_json":{"title":"Motociclista morre ap\u00f3s colis\u00e3o com caminhonete na BR-135 em Coribe - Sudoesteacontece","robots":{"index":"index","follow":"follow","max-snippet":"max-snippet:-1","max-image-preview":"max-image-preview:large","max-video-preview":"max-video-preview:-1"},"canonical":"http:\/\/sudoesteacontece.com.br\/?p=9897","og_locale":"pt_BR","og_type":"article","og_title":"Motociclista morre ap\u00f3s colis\u00e3o com caminhonete na BR-135 em Coribe - Sudoesteacontece","og_description":"Acidente na BR-135 terminou com a morte de Em\u00edlio Machado Sobrinho na noite de segunda-feira (9), pr\u00f3ximo ao distrito de Ranchinho, em Coribe. Motociclista colidiu frontalmente com caminhonete GM Montana, de cor prata, enquanto seguia em sentido contr\u00e1rio, segundo relatos da pol\u00edcia e do motorista. Testemunhas informaram que a motocicleta invadiu a contram\u00e3o e surpreendeu o condutor da caminhonete, que trafegava em dire\u00e7\u00e3o a Jaborandi. Farol alto da moto contribuiu para reduzir a visibilidade do ve\u00edculo e aumentar o risco da colis\u00e3o, conforme relatos do motorista e registro da ocorr\u00eancia policial. Policiais da 30\u00aa Companhia Independente da Pol\u00edcia Militar isolaram o local e sinalizaram a rodovia imediatamente ap\u00f3s o impacto. Equipe do SAMU foi acionada, mas confirmou o \u00f3bito de Em\u00edlio no local. Pol\u00edcia Civil e Departamento de Pol\u00edcia T\u00e9cnica realizaram per\u00edcia para esclarecer circunst\u00e2ncias do acidente. Per\u00edcia indicou que o motociclista conduzia uma Honda Bros vermelha ao invadir a faixa contr\u00e1ria. Investiga\u00e7\u00e3o inicial sugere imprud\u00eancia na condu\u00e7\u00e3o. Corpo foi encaminhado ao Instituto M\u00e9dico Legal, e autoridades afirmam que procedimentos legais e apura\u00e7\u00e3o detalhada seguem em andamento para determinar responsabilidades. Investiga\u00e7\u00e3o da Pol\u00edcia Civil busca confirmar din\u00e2mica da colis\u00e3o e poss\u00edveis fatores que contribu\u00edram para o acidente. Objetivo \u00e9 prevenir trag\u00e9dias semelhantes na rodovia, considerada perigosa por moradores, e refor\u00e7ar alertas sobre respeito \u00e0s normas de tr\u00e2nsito e aten\u00e7\u00e3o em estradas da regi\u00e3o oeste da Bahia.","og_url":"http:\/\/sudoesteacontece.com.br\/?p=9897","og_site_name":"Sudoesteacontece","article_publisher":"https:\/\/www.facebook.com\/sudoesteacontece\/?locale=pt_BR","article_published_time":"2026-03-11T21:49:11+00:00","article_modified_time":"2026-03-11T21:49:15+00:00","og_image":[{"url":"http:\/\/sudoesteacontece.com.br\/wp-content\/uploads\/2026\/03\/Novo-Projeto-9.jpg","type":"","width":"","height":""}],"author":"Washington Tiago","twitter_card":"summary_large_image","twitter_misc":{"Escrito por":"Washington Tiago","Est. tempo de leitura":"2 minutos"},"schema":{"@context":"https:\/\/schema.org","@graph":[{"@type":"Article","@id":"http:\/\/sudoesteacontece.com.br\/?p=9897#article","isPartOf":{"@id":"http:\/\/sudoesteacontece.com.br\/?p=9897"},"author":{"name":"Washington Tiago","@id":"https:\/\/sudoesteacontece.com.br\/#\/schema\/person\/3cf2cf009926a9683ebc29d5379fa79c"},"headline":"Motociclista morre ap\u00f3s colis\u00e3o com caminhonete na BR-135 em Coribe","datePublished":"2026-03-11T21:49:11+00:00","dateModified":"2026-03-11T21:49:15+00:00","mainEntityOfPage":{"@id":"http:\/\/sudoesteacontece.com.br\/?p=9897"},"wordCount":270,"commentCount":0,"publisher":{"@id":"https:\/\/sudoesteacontece.com.br\/#organization"},"image":{"@id":"http:\/\/sudoesteacontece.com.br\/?p=9897#primaryimage"},"thumbnailUrl":"http:\/\/sudoesteacontece.com.br\/wp-content\/uploads\/2026\/03\/Novo-Projeto-9.jpg","articleSection":["Acidente"],"inLanguage":"pt-BR","potentialAction":[{"@type":"CommentAction","name":"Comment","target":["http:\/\/sudoesteacontece.com.br\/?p=9897#respond"]}]},{"@type":"WebPage","@id":"http:\/\/sudoesteacontece.com.br\/?p=9897","url":"http:\/\/sudoesteacontece.com.br\/?p=9897","name":"Motociclista morre ap\u00f3s colis\u00e3o com caminhonete na BR-135 em Coribe - Sudoesteacontece","isPartOf":{"@id":"https:\/\/sudoesteacontece.com.br\/#website"},"primaryImageOfPage":{"@id":"http:\/\/sudoesteacontece.com.br\/?p=9897#primaryimage"},"image":{"@id":"http:\/\/sudoesteacontece.com.br\/?p=9897#primaryimage"},"thumbnailUrl":"http:\/\/sudoesteacontece.com.br\/wp-content\/uploads\/2026\/03\/Novo-Projeto-9.jpg","datePublished":"2026-03-11T21:49:11+00:00","dateModified":"2026-03-11T21:49:15+00:00","breadcrumb":{"@id":"http:\/\/sudoesteacontece.com.br\/?p=9897#breadcrumb"},"inLanguage":"pt-BR","potentialAction":[{"@type":"ReadAction","target":["http:\/\/sudoesteacontece.com.br\/?p=9897"]}]},{"@type":"ImageObject","inLanguage":"pt-BR","@id":"http:\/\/sudoesteacontece.com.br\/?p=9897#primaryimage","url":"https:\/\/sudoesteacontece.com.br\/wp-content\/uploads\/2026\/03\/Novo-Projeto-9.jpg","contentUrl":"https:\/\/sudoesteacontece.com.br\/wp-content\/uploads\/2026\/03\/Novo-Projeto-9.jpg","width":900,"height":600},{"@type":"BreadcrumbList","@id":"http:\/\/sudoesteacontece.com.br\/?p=9897#breadcrumb","itemListElement":[{"@type":"ListItem","position":1,"name":"In\u00edcio","item":"https:\/\/sudoesteacontece.com.br\/"},{"@type":"ListItem","position":2,"name":"Motociclista morre ap\u00f3s colis\u00e3o com caminhonete na BR-135 em Coribe"}]},{"@type":"WebSite","@id":"https:\/\/sudoesteacontece.com.br\/#website","url":"https:\/\/sudoesteacontece.com.br\/","name":"Sudoesteacontece","description":"","publisher":{"@id":"https:\/\/sudoesteacontece.com.br\/#organization"},"potentialAction":[{"@type":"SearchAction","target":{"@type":"EntryPoint","urlTemplate":"https:\/\/sudoesteacontece.com.br\/?s={search_term_string}"},"query-input":{"@type":"PropertyValueSpecification","valueRequired":true,"valueName":"search_term_string"}}],"inLanguage":"pt-BR"},{"@type":"Organization","@id":"https:\/\/sudoesteacontece.com.br\/#organization","name":"Sudoesteacontece","url":"https:\/\/sudoesteacontece.com.br\/","logo":{"@type":"ImageObject","inLanguage":"pt-BR","@id":"https:\/\/sudoesteacontece.com.br\/#\/schema\/logo\/image\/","url":"https:\/\/sudoesteacontece.com.br\/wp-content\/uploads\/2025\/12\/cropped-logo-2-180x180-1.png","contentUrl":"https:\/\/sudoesteacontece.com.br\/wp-content\/uploads\/2025\/12\/cropped-logo-2-180x180-1.png","width":180,"height":180,"caption":"Sudoesteacontece"},"image":{"@id":"https:\/\/sudoesteacontece.com.br\/#\/schema\/logo\/image\/"},"sameAs":["https:\/\/www.facebook.com\/sudoesteacontece\/?locale=pt_BR"]},{"@type":"Person","@id":"https:\/\/sudoesteacontece.com.br\/#\/schema\/person\/3cf2cf009926a9683ebc29d5379fa79c","name":"Washington Tiago","image":{"@type":"ImageObject","inLanguage":"pt-BR","@id":"https:\/\/sudoesteacontece.com.br\/#\/schema\/person\/image\/","url":"https:\/\/secure.gravatar.com\/avatar\/33c43b8668157e040f9d1fe93c354bf087cbd8ba36270c1163198bd3ddcf2a56?s=96&d=mm&r=g","contentUrl":"https:\/\/secure.gravatar.com\/avatar\/33c43b8668157e040f9d1fe93c354bf087cbd8ba36270c1163198bd3ddcf2a56?s=96&d=mm&r=g","caption":"Washington Tiago"},"url":"https:\/\/sudoesteacontece.com.br\/?author=2"}]}},"_links":{"self":[{"href":"https:\/\/sudoesteacontece.com.br\/index.php?rest_route=\/wp\/v2\/posts\/9897","targetHints":{"allow":["GET"]}}],"collection":[{"href":"https:\/\/sudoesteacontece.com.br\/index.php?rest_route=\/wp\/v2\/posts"}],"about":[{"href":"https:\/\/sudoesteacontece.com.br\/index.php?rest_route=\/wp\/v2\/types\/post"}],"author":[{"embeddable":true,"href":"https:\/\/sudoesteacontece.com.br\/index.php?rest_route=\/wp\/v2\/users\/2"}],"replies":[{"embeddable":true,"href":"https:\/\/sudoesteacontece.com.br\/index.php?rest_route=%2Fwp%2Fv2%2Fcomments&post=9897"}],"version-history":[{"count":0,"href":"https:\/\/sudoesteacontece.com.br\/index.php?rest_route=\/wp\/v2\/posts\/9897\/revisions"}],"wp:attachment":[{"href":"https:\/\/sudoesteacontece.com.br\/index.php?rest_route=%2Fwp%2Fv2%2Fmedia&parent=9897"}],"wp:term":[{"taxonomy":"category","embeddable":true,"href":"https:\/\/sudoesteacontece.com.br\/index.php?rest_route=%2Fwp%2Fv2%2Fcategories&post=9897"},{"taxonomy":"post_tag","embeddable":true,"href":"https:\/\/sudoesteacontece.com.br\/index.php?rest_route=%2Fwp%2Fv2%2Ftags&post=9897"}],"curies":[{"name":"wp","href":"https:\/\/api.w.org\/{rel}","templated":true}]}}