{"id":9899,"date":"2026-03-11T18:50:30","date_gmt":"2026-03-11T21:50:30","guid":{"rendered":"https:\/\/sudoesteacontece.com.br\/?p=9899"},"modified":"2026-03-11T18:50:35","modified_gmt":"2026-03-11T21:50:35","slug":"trabalhador-rural-morre-apos-choque-fatal-em-cerca-eletrica-em-ituacu","status":"publish","type":"post","link":"https:\/\/sudoesteacontece.com.br\/?p=9899","title":{"rendered":"Trabalhador rural morre ap\u00f3s choque fatal em cerca el\u00e9trica em Itua\u00e7u"},"content":{"rendered":"<div class=\"wp-block-image\">\n<figure class=\"aligncenter size-full\"><img fetchpriority=\"high\" decoding=\"async\" width=\"960\" height=\"540\" src=\"http:\/\/sudoesteacontece.com.br\/wp-content\/uploads\/2026\/03\/649497258_1517123280419454_9114836254310267604_n.jpg\" alt=\"\" class=\"wp-image-9947\" srcset=\"https:\/\/sudoesteacontece.com.br\/wp-content\/uploads\/2026\/03\/649497258_1517123280419454_9114836254310267604_n.jpg 960w, https:\/\/sudoesteacontece.com.br\/wp-content\/uploads\/2026\/03\/649497258_1517123280419454_9114836254310267604_n-300x169.jpg 300w, https:\/\/sudoesteacontece.com.br\/wp-content\/uploads\/2026\/03\/649497258_1517123280419454_9114836254310267604_n-768x432.jpg 768w\" sizes=\"(max-width: 960px) 100vw, 960px\" \/><\/figure>\n<\/div>\n\n\n<p>Homem de 45 anos morreu ao receber descarga el\u00e9trica na Fazenda Roncador, zona rural de Itua\u00e7u, na Chapada Diamantina, na tarde desta segunda-feira (9). Reinaldo Silva Santos foi encontrado pelo pr\u00f3prio filho, de 18 anos, ca\u00eddo pr\u00f3ximo a uma cerca de arame energizada por fio desencapado.<\/p>\n\n\n\n<p>Filho do trabalhador percebeu aus\u00eancia do pai ap\u00f3s o meio-dia e saiu \u00e0 procura dele. Por volta das 14h, encontrou Reinaldo ca\u00eddo ao solo, pr\u00f3ximo \u00e0 cerca de arame farpado. Ind\u00edcios apontam que o choque fatal ocorreu ao tentar atravessar a barreira eletrificada, levantando alerta sobre seguran\u00e7a em propriedades rurais.<\/p>\n\n\n\n<p>Pol\u00edcia Militar da Bahia isolou a \u00e1rea e acionou o Departamento de Pol\u00edcia T\u00e9cnica (DPT) para per\u00edcia. Investigadores recolheram vest\u00edgios no local e registraram a ocorr\u00eancia como morte a esclarecer. O corpo de Reinaldo foi encaminhado ao Instituto M\u00e9dico Legal (IML) de Brumado para exames cadav\u00e9ricos.<\/p>\n\n\n\n<p>Autoridades seguem investigando as circunst\u00e2ncias do acidente, enquanto familiares e vizinhos lamentam a trag\u00e9dia. Caso ressalta os riscos de cercas el\u00e9tricas improvisadas em fazendas e a import\u00e2ncia de medidas preventivas para evitar acidentes fatais no meio rural.<\/p>\n","protected":false},"excerpt":{"rendered":"<p>Homem de 45 anos morreu ao receber descarga el\u00e9trica na Fazenda Roncador, zona rural de Itua\u00e7u, na Chapada Diamantina, na tarde desta segunda-feira (9). Reinaldo Silva Santos foi encontrado pelo pr\u00f3prio filho, de 18 anos, ca\u00eddo pr\u00f3ximo a uma cerca de arame energizada por fio desencapado. Filho do trabalhador percebeu aus\u00eancia do pai ap\u00f3s o meio-dia e saiu \u00e0 procura dele. Por volta das 14h, encontrou Reinaldo ca\u00eddo ao solo, pr\u00f3ximo \u00e0 cerca de arame farpado. Ind\u00edcios apontam que o choque fatal ocorreu ao tentar atravessar a barreira eletrificada, levantando alerta sobre seguran\u00e7a em propriedades rurais. Pol\u00edcia Militar da Bahia isolou a \u00e1rea e acionou o Departamento de Pol\u00edcia T\u00e9cnica (DPT) para per\u00edcia. Investigadores recolheram vest\u00edgios no local e registraram a ocorr\u00eancia como morte a esclarecer. O corpo de Reinaldo foi encaminhado ao Instituto M\u00e9dico Legal (IML) de Brumado para exames cadav\u00e9ricos. Autoridades seguem investigando as circunst\u00e2ncias do acidente, enquanto familiares e vizinhos lamentam a trag\u00e9dia. Caso ressalta os riscos de cercas el\u00e9tricas improvisadas em fazendas e a import\u00e2ncia de medidas preventivas para evitar acidentes fatais no meio rural.<\/p>\n","protected":false},"author":2,"featured_media":0,"comment_status":"open","ping_status":"open","sticky":false,"template":"","format":"standard","meta":{"footnotes":""},"categories":[5],"tags":[],"class_list":["post-9899","post","type-post","status-publish","format-standard","hentry","category-acidente"],"yoast_head":"<!-- This site is optimized with the Yoast SEO plugin v26.5 - https:\/\/yoast.com\/wordpress\/plugins\/seo\/ -->\n<title>Trabalhador rural morre ap\u00f3s choque fatal em cerca el\u00e9trica em Itua\u00e7u - Sudoesteacontece<\/title>\n<meta name=\"robots\" content=\"index, follow, max-snippet:-1, max-image-preview:large, max-video-preview:-1\" \/>\n<link rel=\"canonical\" href=\"http:\/\/sudoesteacontece.com.br\/?p=9899\" \/>\n<meta property=\"og:locale\" content=\"pt_BR\" \/>\n<meta property=\"og:type\" content=\"article\" \/>\n<meta property=\"og:title\" content=\"Trabalhador rural morre ap\u00f3s choque fatal em cerca el\u00e9trica em Itua\u00e7u - Sudoesteacontece\" \/>\n<meta property=\"og:description\" content=\"Homem de 45 anos morreu ao receber descarga el\u00e9trica na Fazenda Roncador, zona rural de Itua\u00e7u, na Chapada Diamantina, na tarde desta segunda-feira (9). Reinaldo Silva Santos foi encontrado pelo pr\u00f3prio filho, de 18 anos, ca\u00eddo pr\u00f3ximo a uma cerca de arame energizada por fio desencapado. Filho do trabalhador percebeu aus\u00eancia do pai ap\u00f3s o meio-dia e saiu \u00e0 procura dele. Por volta das 14h, encontrou Reinaldo ca\u00eddo ao solo, pr\u00f3ximo \u00e0 cerca de arame farpado. Ind\u00edcios apontam que o choque fatal ocorreu ao tentar atravessar a barreira eletrificada, levantando alerta sobre seguran\u00e7a em propriedades rurais. Pol\u00edcia Militar da Bahia isolou a \u00e1rea e acionou o Departamento de Pol\u00edcia T\u00e9cnica (DPT) para per\u00edcia. Investigadores recolheram vest\u00edgios no local e registraram a ocorr\u00eancia como morte a esclarecer. O corpo de Reinaldo foi encaminhado ao Instituto M\u00e9dico Legal (IML) de Brumado para exames cadav\u00e9ricos. Autoridades seguem investigando as circunst\u00e2ncias do acidente, enquanto familiares e vizinhos lamentam a trag\u00e9dia. Caso ressalta os riscos de cercas el\u00e9tricas improvisadas em fazendas e a import\u00e2ncia de medidas preventivas para evitar acidentes fatais no meio rural.\" \/>\n<meta property=\"og:url\" content=\"http:\/\/sudoesteacontece.com.br\/?p=9899\" \/>\n<meta property=\"og:site_name\" content=\"Sudoesteacontece\" \/>\n<meta property=\"article:publisher\" content=\"https:\/\/www.facebook.com\/sudoesteacontece\/?locale=pt_BR\" \/>\n<meta property=\"article:published_time\" content=\"2026-03-11T21:50:30+00:00\" \/>\n<meta property=\"article:modified_time\" content=\"2026-03-11T21:50:35+00:00\" \/>\n<meta property=\"og:image\" content=\"http:\/\/sudoesteacontece.com.br\/wp-content\/uploads\/2026\/03\/649497258_1517123280419454_9114836254310267604_n.jpg\" \/>\n<meta name=\"author\" content=\"Washington Tiago\" \/>\n<meta name=\"twitter:card\" content=\"summary_large_image\" \/>\n<meta name=\"twitter:label1\" content=\"Escrito por\" \/>\n\t<meta name=\"twitter:data1\" content=\"Washington Tiago\" \/>\n\t<meta name=\"twitter:label2\" content=\"Est. tempo de leitura\" \/>\n\t<meta name=\"twitter:data2\" content=\"2 minutos\" \/>\n<script type=\"application\/ld+json\" class=\"yoast-schema-graph\">{\"@context\":\"https:\/\/schema.org\",\"@graph\":[{\"@type\":\"Article\",\"@id\":\"http:\/\/sudoesteacontece.com.br\/?p=9899#article\",\"isPartOf\":{\"@id\":\"http:\/\/sudoesteacontece.com.br\/?p=9899\"},\"author\":{\"name\":\"Washington Tiago\",\"@id\":\"https:\/\/sudoesteacontece.com.br\/#\/schema\/person\/3cf2cf009926a9683ebc29d5379fa79c\"},\"headline\":\"Trabalhador rural morre ap\u00f3s choque fatal em cerca el\u00e9trica em Itua\u00e7u\",\"datePublished\":\"2026-03-11T21:50:30+00:00\",\"dateModified\":\"2026-03-11T21:50:35+00:00\",\"mainEntityOfPage\":{\"@id\":\"http:\/\/sudoesteacontece.com.br\/?p=9899\"},\"wordCount\":211,\"commentCount\":0,\"publisher\":{\"@id\":\"https:\/\/sudoesteacontece.com.br\/#organization\"},\"image\":{\"@id\":\"http:\/\/sudoesteacontece.com.br\/?p=9899#primaryimage\"},\"thumbnailUrl\":\"http:\/\/sudoesteacontece.com.br\/wp-content\/uploads\/2026\/03\/649497258_1517123280419454_9114836254310267604_n.jpg\",\"articleSection\":[\"Acidente\"],\"inLanguage\":\"pt-BR\",\"potentialAction\":[{\"@type\":\"CommentAction\",\"name\":\"Comment\",\"target\":[\"http:\/\/sudoesteacontece.com.br\/?p=9899#respond\"]}]},{\"@type\":\"WebPage\",\"@id\":\"http:\/\/sudoesteacontece.com.br\/?p=9899\",\"url\":\"http:\/\/sudoesteacontece.com.br\/?p=9899\",\"name\":\"Trabalhador rural morre ap\u00f3s choque fatal em cerca el\u00e9trica em Itua\u00e7u - Sudoesteacontece\",\"isPartOf\":{\"@id\":\"https:\/\/sudoesteacontece.com.br\/#website\"},\"primaryImageOfPage\":{\"@id\":\"http:\/\/sudoesteacontece.com.br\/?p=9899#primaryimage\"},\"image\":{\"@id\":\"http:\/\/sudoesteacontece.com.br\/?p=9899#primaryimage\"},\"thumbnailUrl\":\"http:\/\/sudoesteacontece.com.br\/wp-content\/uploads\/2026\/03\/649497258_1517123280419454_9114836254310267604_n.jpg\",\"datePublished\":\"2026-03-11T21:50:30+00:00\",\"dateModified\":\"2026-03-11T21:50:35+00:00\",\"breadcrumb\":{\"@id\":\"http:\/\/sudoesteacontece.com.br\/?p=9899#breadcrumb\"},\"inLanguage\":\"pt-BR\",\"potentialAction\":[{\"@type\":\"ReadAction\",\"target\":[\"http:\/\/sudoesteacontece.com.br\/?p=9899\"]}]},{\"@type\":\"ImageObject\",\"inLanguage\":\"pt-BR\",\"@id\":\"http:\/\/sudoesteacontece.com.br\/?p=9899#primaryimage\",\"url\":\"https:\/\/sudoesteacontece.com.br\/wp-content\/uploads\/2026\/03\/649497258_1517123280419454_9114836254310267604_n.jpg\",\"contentUrl\":\"https:\/\/sudoesteacontece.com.br\/wp-content\/uploads\/2026\/03\/649497258_1517123280419454_9114836254310267604_n.jpg\",\"width\":960,\"height\":540},{\"@type\":\"BreadcrumbList\",\"@id\":\"http:\/\/sudoesteacontece.com.br\/?p=9899#breadcrumb\",\"itemListElement\":[{\"@type\":\"ListItem\",\"position\":1,\"name\":\"In\u00edcio\",\"item\":\"https:\/\/sudoesteacontece.com.br\/\"},{\"@type\":\"ListItem\",\"position\":2,\"name\":\"Trabalhador rural morre ap\u00f3s choque fatal em cerca el\u00e9trica em Itua\u00e7u\"}]},{\"@type\":\"WebSite\",\"@id\":\"https:\/\/sudoesteacontece.com.br\/#website\",\"url\":\"https:\/\/sudoesteacontece.com.br\/\",\"name\":\"Sudoesteacontece\",\"description\":\"\",\"publisher\":{\"@id\":\"https:\/\/sudoesteacontece.com.br\/#organization\"},\"potentialAction\":[{\"@type\":\"SearchAction\",\"target\":{\"@type\":\"EntryPoint\",\"urlTemplate\":\"https:\/\/sudoesteacontece.com.br\/?s={search_term_string}\"},\"query-input\":{\"@type\":\"PropertyValueSpecification\",\"valueRequired\":true,\"valueName\":\"search_term_string\"}}],\"inLanguage\":\"pt-BR\"},{\"@type\":\"Organization\",\"@id\":\"https:\/\/sudoesteacontece.com.br\/#organization\",\"name\":\"Sudoesteacontece\",\"url\":\"https:\/\/sudoesteacontece.com.br\/\",\"logo\":{\"@type\":\"ImageObject\",\"inLanguage\":\"pt-BR\",\"@id\":\"https:\/\/sudoesteacontece.com.br\/#\/schema\/logo\/image\/\",\"url\":\"https:\/\/sudoesteacontece.com.br\/wp-content\/uploads\/2025\/12\/cropped-logo-2-180x180-1.png\",\"contentUrl\":\"https:\/\/sudoesteacontece.com.br\/wp-content\/uploads\/2025\/12\/cropped-logo-2-180x180-1.png\",\"width\":180,\"height\":180,\"caption\":\"Sudoesteacontece\"},\"image\":{\"@id\":\"https:\/\/sudoesteacontece.com.br\/#\/schema\/logo\/image\/\"},\"sameAs\":[\"https:\/\/www.facebook.com\/sudoesteacontece\/?locale=pt_BR\"]},{\"@type\":\"Person\",\"@id\":\"https:\/\/sudoesteacontece.com.br\/#\/schema\/person\/3cf2cf009926a9683ebc29d5379fa79c\",\"name\":\"Washington Tiago\",\"image\":{\"@type\":\"ImageObject\",\"inLanguage\":\"pt-BR\",\"@id\":\"https:\/\/sudoesteacontece.com.br\/#\/schema\/person\/image\/\",\"url\":\"https:\/\/secure.gravatar.com\/avatar\/33c43b8668157e040f9d1fe93c354bf087cbd8ba36270c1163198bd3ddcf2a56?s=96&d=mm&r=g\",\"contentUrl\":\"https:\/\/secure.gravatar.com\/avatar\/33c43b8668157e040f9d1fe93c354bf087cbd8ba36270c1163198bd3ddcf2a56?s=96&d=mm&r=g\",\"caption\":\"Washington Tiago\"},\"url\":\"https:\/\/sudoesteacontece.com.br\/?author=2\"}]}<\/script>\n<!-- \/ Yoast SEO plugin. -->","yoast_head_json":{"title":"Trabalhador rural morre ap\u00f3s choque fatal em cerca el\u00e9trica em Itua\u00e7u - Sudoesteacontece","robots":{"index":"index","follow":"follow","max-snippet":"max-snippet:-1","max-image-preview":"max-image-preview:large","max-video-preview":"max-video-preview:-1"},"canonical":"http:\/\/sudoesteacontece.com.br\/?p=9899","og_locale":"pt_BR","og_type":"article","og_title":"Trabalhador rural morre ap\u00f3s choque fatal em cerca el\u00e9trica em Itua\u00e7u - Sudoesteacontece","og_description":"Homem de 45 anos morreu ao receber descarga el\u00e9trica na Fazenda Roncador, zona rural de Itua\u00e7u, na Chapada Diamantina, na tarde desta segunda-feira (9). Reinaldo Silva Santos foi encontrado pelo pr\u00f3prio filho, de 18 anos, ca\u00eddo pr\u00f3ximo a uma cerca de arame energizada por fio desencapado. Filho do trabalhador percebeu aus\u00eancia do pai ap\u00f3s o meio-dia e saiu \u00e0 procura dele. Por volta das 14h, encontrou Reinaldo ca\u00eddo ao solo, pr\u00f3ximo \u00e0 cerca de arame farpado. Ind\u00edcios apontam que o choque fatal ocorreu ao tentar atravessar a barreira eletrificada, levantando alerta sobre seguran\u00e7a em propriedades rurais. Pol\u00edcia Militar da Bahia isolou a \u00e1rea e acionou o Departamento de Pol\u00edcia T\u00e9cnica (DPT) para per\u00edcia. Investigadores recolheram vest\u00edgios no local e registraram a ocorr\u00eancia como morte a esclarecer. O corpo de Reinaldo foi encaminhado ao Instituto M\u00e9dico Legal (IML) de Brumado para exames cadav\u00e9ricos. Autoridades seguem investigando as circunst\u00e2ncias do acidente, enquanto familiares e vizinhos lamentam a trag\u00e9dia. Caso ressalta os riscos de cercas el\u00e9tricas improvisadas em fazendas e a import\u00e2ncia de medidas preventivas para evitar acidentes fatais no meio rural.","og_url":"http:\/\/sudoesteacontece.com.br\/?p=9899","og_site_name":"Sudoesteacontece","article_publisher":"https:\/\/www.facebook.com\/sudoesteacontece\/?locale=pt_BR","article_published_time":"2026-03-11T21:50:30+00:00","article_modified_time":"2026-03-11T21:50:35+00:00","og_image":[{"url":"http:\/\/sudoesteacontece.com.br\/wp-content\/uploads\/2026\/03\/649497258_1517123280419454_9114836254310267604_n.jpg","type":"","width":"","height":""}],"author":"Washington Tiago","twitter_card":"summary_large_image","twitter_misc":{"Escrito por":"Washington Tiago","Est. tempo de leitura":"2 minutos"},"schema":{"@context":"https:\/\/schema.org","@graph":[{"@type":"Article","@id":"http:\/\/sudoesteacontece.com.br\/?p=9899#article","isPartOf":{"@id":"http:\/\/sudoesteacontece.com.br\/?p=9899"},"author":{"name":"Washington Tiago","@id":"https:\/\/sudoesteacontece.com.br\/#\/schema\/person\/3cf2cf009926a9683ebc29d5379fa79c"},"headline":"Trabalhador rural morre ap\u00f3s choque fatal em cerca el\u00e9trica em Itua\u00e7u","datePublished":"2026-03-11T21:50:30+00:00","dateModified":"2026-03-11T21:50:35+00:00","mainEntityOfPage":{"@id":"http:\/\/sudoesteacontece.com.br\/?p=9899"},"wordCount":211,"commentCount":0,"publisher":{"@id":"https:\/\/sudoesteacontece.com.br\/#organization"},"image":{"@id":"http:\/\/sudoesteacontece.com.br\/?p=9899#primaryimage"},"thumbnailUrl":"http:\/\/sudoesteacontece.com.br\/wp-content\/uploads\/2026\/03\/649497258_1517123280419454_9114836254310267604_n.jpg","articleSection":["Acidente"],"inLanguage":"pt-BR","potentialAction":[{"@type":"CommentAction","name":"Comment","target":["http:\/\/sudoesteacontece.com.br\/?p=9899#respond"]}]},{"@type":"WebPage","@id":"http:\/\/sudoesteacontece.com.br\/?p=9899","url":"http:\/\/sudoesteacontece.com.br\/?p=9899","name":"Trabalhador rural morre ap\u00f3s choque fatal em cerca el\u00e9trica em Itua\u00e7u - Sudoesteacontece","isPartOf":{"@id":"https:\/\/sudoesteacontece.com.br\/#website"},"primaryImageOfPage":{"@id":"http:\/\/sudoesteacontece.com.br\/?p=9899#primaryimage"},"image":{"@id":"http:\/\/sudoesteacontece.com.br\/?p=9899#primaryimage"},"thumbnailUrl":"http:\/\/sudoesteacontece.com.br\/wp-content\/uploads\/2026\/03\/649497258_1517123280419454_9114836254310267604_n.jpg","datePublished":"2026-03-11T21:50:30+00:00","dateModified":"2026-03-11T21:50:35+00:00","breadcrumb":{"@id":"http:\/\/sudoesteacontece.com.br\/?p=9899#breadcrumb"},"inLanguage":"pt-BR","potentialAction":[{"@type":"ReadAction","target":["http:\/\/sudoesteacontece.com.br\/?p=9899"]}]},{"@type":"ImageObject","inLanguage":"pt-BR","@id":"http:\/\/sudoesteacontece.com.br\/?p=9899#primaryimage","url":"https:\/\/sudoesteacontece.com.br\/wp-content\/uploads\/2026\/03\/649497258_1517123280419454_9114836254310267604_n.jpg","contentUrl":"https:\/\/sudoesteacontece.com.br\/wp-content\/uploads\/2026\/03\/649497258_1517123280419454_9114836254310267604_n.jpg","width":960,"height":540},{"@type":"BreadcrumbList","@id":"http:\/\/sudoesteacontece.com.br\/?p=9899#breadcrumb","itemListElement":[{"@type":"ListItem","position":1,"name":"In\u00edcio","item":"https:\/\/sudoesteacontece.com.br\/"},{"@type":"ListItem","position":2,"name":"Trabalhador rural morre ap\u00f3s choque fatal em cerca el\u00e9trica em Itua\u00e7u"}]},{"@type":"WebSite","@id":"https:\/\/sudoesteacontece.com.br\/#website","url":"https:\/\/sudoesteacontece.com.br\/","name":"Sudoesteacontece","description":"","publisher":{"@id":"https:\/\/sudoesteacontece.com.br\/#organization"},"potentialAction":[{"@type":"SearchAction","target":{"@type":"EntryPoint","urlTemplate":"https:\/\/sudoesteacontece.com.br\/?s={search_term_string}"},"query-input":{"@type":"PropertyValueSpecification","valueRequired":true,"valueName":"search_term_string"}}],"inLanguage":"pt-BR"},{"@type":"Organization","@id":"https:\/\/sudoesteacontece.com.br\/#organization","name":"Sudoesteacontece","url":"https:\/\/sudoesteacontece.com.br\/","logo":{"@type":"ImageObject","inLanguage":"pt-BR","@id":"https:\/\/sudoesteacontece.com.br\/#\/schema\/logo\/image\/","url":"https:\/\/sudoesteacontece.com.br\/wp-content\/uploads\/2025\/12\/cropped-logo-2-180x180-1.png","contentUrl":"https:\/\/sudoesteacontece.com.br\/wp-content\/uploads\/2025\/12\/cropped-logo-2-180x180-1.png","width":180,"height":180,"caption":"Sudoesteacontece"},"image":{"@id":"https:\/\/sudoesteacontece.com.br\/#\/schema\/logo\/image\/"},"sameAs":["https:\/\/www.facebook.com\/sudoesteacontece\/?locale=pt_BR"]},{"@type":"Person","@id":"https:\/\/sudoesteacontece.com.br\/#\/schema\/person\/3cf2cf009926a9683ebc29d5379fa79c","name":"Washington Tiago","image":{"@type":"ImageObject","inLanguage":"pt-BR","@id":"https:\/\/sudoesteacontece.com.br\/#\/schema\/person\/image\/","url":"https:\/\/secure.gravatar.com\/avatar\/33c43b8668157e040f9d1fe93c354bf087cbd8ba36270c1163198bd3ddcf2a56?s=96&d=mm&r=g","contentUrl":"https:\/\/secure.gravatar.com\/avatar\/33c43b8668157e040f9d1fe93c354bf087cbd8ba36270c1163198bd3ddcf2a56?s=96&d=mm&r=g","caption":"Washington Tiago"},"url":"https:\/\/sudoesteacontece.com.br\/?author=2"}]}},"_links":{"self":[{"href":"https:\/\/sudoesteacontece.com.br\/index.php?rest_route=\/wp\/v2\/posts\/9899","targetHints":{"allow":["GET"]}}],"collection":[{"href":"https:\/\/sudoesteacontece.com.br\/index.php?rest_route=\/wp\/v2\/posts"}],"about":[{"href":"https:\/\/sudoesteacontece.com.br\/index.php?rest_route=\/wp\/v2\/types\/post"}],"author":[{"embeddable":true,"href":"https:\/\/sudoesteacontece.com.br\/index.php?rest_route=\/wp\/v2\/users\/2"}],"replies":[{"embeddable":true,"href":"https:\/\/sudoesteacontece.com.br\/index.php?rest_route=%2Fwp%2Fv2%2Fcomments&post=9899"}],"version-history":[{"count":0,"href":"https:\/\/sudoesteacontece.com.br\/index.php?rest_route=\/wp\/v2\/posts\/9899\/revisions"}],"wp:attachment":[{"href":"https:\/\/sudoesteacontece.com.br\/index.php?rest_route=%2Fwp%2Fv2%2Fmedia&parent=9899"}],"wp:term":[{"taxonomy":"category","embeddable":true,"href":"https:\/\/sudoesteacontece.com.br\/index.php?rest_route=%2Fwp%2Fv2%2Fcategories&post=9899"},{"taxonomy":"post_tag","embeddable":true,"href":"https:\/\/sudoesteacontece.com.br\/index.php?rest_route=%2Fwp%2Fv2%2Ftags&post=9899"}],"curies":[{"name":"wp","href":"https:\/\/api.w.org\/{rel}","templated":true}]}}