{"id":9900,"date":"2026-03-11T18:51:58","date_gmt":"2026-03-11T21:51:58","guid":{"rendered":"https:\/\/sudoesteacontece.com.br\/?p=9900"},"modified":"2026-03-11T18:52:02","modified_gmt":"2026-03-11T21:52:02","slug":"moraes-nomeia-delegado-que-indiciou-bolsonaro-para-cargo-de-confianca-no-stf","status":"publish","type":"post","link":"https:\/\/sudoesteacontece.com.br\/?p=9900","title":{"rendered":"Moraes nomeia delegado que indiciou Bolsonaro para cargo de confian\u00e7a no STF"},"content":{"rendered":"<div class=\"wp-block-image\">\n<figure class=\"aligncenter size-full\"><img fetchpriority=\"high\" decoding=\"async\" width=\"900\" height=\"600\" src=\"http:\/\/sudoesteacontece.com.br\/wp-content\/uploads\/2026\/03\/Moraes-nomeia-delegado-que-indiciou-Bolsonaro-para-cargo-de-confianca-no-STF.jpg\" alt=\"\" class=\"wp-image-9949\" srcset=\"https:\/\/sudoesteacontece.com.br\/wp-content\/uploads\/2026\/03\/Moraes-nomeia-delegado-que-indiciou-Bolsonaro-para-cargo-de-confianca-no-STF.jpg 900w, https:\/\/sudoesteacontece.com.br\/wp-content\/uploads\/2026\/03\/Moraes-nomeia-delegado-que-indiciou-Bolsonaro-para-cargo-de-confianca-no-STF-300x200.jpg 300w, https:\/\/sudoesteacontece.com.br\/wp-content\/uploads\/2026\/03\/Moraes-nomeia-delegado-que-indiciou-Bolsonaro-para-cargo-de-confianca-no-STF-768x512.jpg 768w\" sizes=\"(max-width: 900px) 100vw, 900px\" \/><\/figure>\n<\/div>\n\n\n<p>Ministro Alexandre de Moraes, do STF, nomeou o delegado da Pol\u00edcia Federal F\u00e1bio Shor como assessor em seu gabinete. Respons\u00e1vel pelo inqu\u00e9rito da trama golpista de 2022 e pelo indiciamento do ex-presidente Jair Bolsonaro, Shor assume posi\u00e7\u00e3o estrat\u00e9gica, refor\u00e7ando o v\u00ednculo entre investiga\u00e7\u00e3o e atua\u00e7\u00e3o judicial no Supremo.<\/p>\n\n\n\n<p>Shor tamb\u00e9m conduziu os inqu\u00e9ritos das fake news, instaurado em 2019 pelo ent\u00e3o presidente Dias Toffoli, e das mil\u00edcias digitais. Sua atua\u00e7\u00e3o \u00e9 marcada por casos de grande repercuss\u00e3o e press\u00e3o pol\u00edtica, que inclu\u00edram ataques de parlamentares bolsonaristas, expondo o delegado a cr\u00edticas p\u00fablicas e a debates sobre imparcialidade e seguran\u00e7a institucional.<\/p>\n\n\n\n<p>Presidente do STF, Edson Fachin assinou a nomea\u00e7\u00e3o, publicada no Di\u00e1rio Oficial da Uni\u00e3o nesta ter\u00e7a-feira (10). Shor passa a ocupar o cargo em comiss\u00e3o de assessor de ministro, n\u00edvel CJ-3, posi\u00e7\u00e3o de hierarquia elevada que permite atua\u00e7\u00e3o direta com o magistrado, sem exigir v\u00ednculo efetivo como servidor concursado, ampliando sua influ\u00eancia nas decis\u00f5es estrat\u00e9gicas do tribunal.<\/p>\n\n\n\n<p>Investiga\u00e7\u00e3o da PF sobre o Banco Master trouxe \u00e0 tona mensagens de Moraes com Daniel Vorcaro no dia da pris\u00e3o do ex-banqueiro, cen\u00e1rio que adiciona tens\u00e3o pol\u00edtica \u00e0 nomea\u00e7\u00e3o. Shor j\u00e1 foi ouvido como testemunha no processo que condenou Bolsonaro, militares e autoridades por tentativa de golpe, destacando sua proximidade com casos de repercuss\u00e3o nacional e decis\u00f5es cr\u00edticas do STF.<\/p>\n\n\n\n<p>Deputados bolsonaristas, incluindo Eduardo Bolsonaro, Marcel Van Hattem e Gilberto Silva, criticaram publicamente a nomea\u00e7\u00e3o, acusando Moraes de centralizar poder sobre a Pol\u00edcia Federal. Eduardo afirmou que \u201cAlexandre de Moraes n\u00e3o precisa de conluio, ele comanda um destacamento da PF\u201d, refletindo a polariza\u00e7\u00e3o em torno da atua\u00e7\u00e3o do delegado e a press\u00e3o pol\u00edtica sobre decis\u00f5es judiciais no pa\u00eds.<\/p>\n","protected":false},"excerpt":{"rendered":"<p>Ministro Alexandre de Moraes, do STF, nomeou o delegado da Pol\u00edcia Federal F\u00e1bio Shor como assessor em seu gabinete. Respons\u00e1vel pelo inqu\u00e9rito da trama golpista de 2022 e pelo indiciamento do ex-presidente Jair Bolsonaro, Shor assume posi\u00e7\u00e3o estrat\u00e9gica, refor\u00e7ando o v\u00ednculo entre investiga\u00e7\u00e3o e atua\u00e7\u00e3o judicial no Supremo. Shor tamb\u00e9m conduziu os inqu\u00e9ritos das fake news, instaurado em 2019 pelo ent\u00e3o presidente Dias Toffoli, e das mil\u00edcias digitais. Sua atua\u00e7\u00e3o \u00e9 marcada por casos de grande repercuss\u00e3o e press\u00e3o pol\u00edtica, que inclu\u00edram ataques de parlamentares bolsonaristas, expondo o delegado a cr\u00edticas p\u00fablicas e a debates sobre imparcialidade e seguran\u00e7a institucional. Presidente do STF, Edson Fachin assinou a nomea\u00e7\u00e3o, publicada no Di\u00e1rio Oficial da Uni\u00e3o nesta ter\u00e7a-feira (10). Shor passa a ocupar o cargo em comiss\u00e3o de assessor de ministro, n\u00edvel CJ-3, posi\u00e7\u00e3o de hierarquia elevada que permite atua\u00e7\u00e3o direta com o magistrado, sem exigir v\u00ednculo efetivo como servidor concursado, ampliando sua influ\u00eancia nas decis\u00f5es estrat\u00e9gicas do tribunal. Investiga\u00e7\u00e3o da PF sobre o Banco Master trouxe \u00e0 tona mensagens de Moraes com Daniel Vorcaro no dia da pris\u00e3o do ex-banqueiro, cen\u00e1rio que adiciona tens\u00e3o pol\u00edtica \u00e0 nomea\u00e7\u00e3o. Shor j\u00e1 foi ouvido como testemunha no processo que condenou Bolsonaro, militares e autoridades por tentativa de golpe, destacando sua proximidade com casos de repercuss\u00e3o nacional e decis\u00f5es cr\u00edticas do STF. Deputados bolsonaristas, incluindo Eduardo Bolsonaro, Marcel Van Hattem e Gilberto Silva, criticaram publicamente a nomea\u00e7\u00e3o, acusando Moraes de centralizar poder sobre a Pol\u00edcia Federal. Eduardo afirmou que \u201cAlexandre de Moraes n\u00e3o precisa de conluio, ele comanda um destacamento da PF\u201d, refletindo a polariza\u00e7\u00e3o em torno da atua\u00e7\u00e3o do delegado e a press\u00e3o pol\u00edtica sobre decis\u00f5es judiciais no pa\u00eds.<\/p>\n","protected":false},"author":2,"featured_media":0,"comment_status":"open","ping_status":"open","sticky":false,"template":"","format":"standard","meta":{"footnotes":""},"categories":[53,13,3,6],"tags":[],"class_list":["post-9900","post","type-post","status-publish","format-standard","hentry","category-brasil","category-justica","category-policia","category-politica"],"yoast_head":"<!-- This site is optimized with the Yoast SEO plugin v26.5 - https:\/\/yoast.com\/wordpress\/plugins\/seo\/ -->\n<title>Moraes nomeia delegado que indiciou Bolsonaro para cargo de confian\u00e7a no STF - Sudoesteacontece<\/title>\n<meta name=\"robots\" content=\"index, follow, max-snippet:-1, max-image-preview:large, max-video-preview:-1\" \/>\n<link rel=\"canonical\" href=\"http:\/\/sudoesteacontece.com.br\/?p=9900\" \/>\n<meta property=\"og:locale\" content=\"pt_BR\" \/>\n<meta property=\"og:type\" content=\"article\" \/>\n<meta property=\"og:title\" content=\"Moraes nomeia delegado que indiciou Bolsonaro para cargo de confian\u00e7a no STF - Sudoesteacontece\" \/>\n<meta property=\"og:description\" content=\"Ministro Alexandre de Moraes, do STF, nomeou o delegado da Pol\u00edcia Federal F\u00e1bio Shor como assessor em seu gabinete. Respons\u00e1vel pelo inqu\u00e9rito da trama golpista de 2022 e pelo indiciamento do ex-presidente Jair Bolsonaro, Shor assume posi\u00e7\u00e3o estrat\u00e9gica, refor\u00e7ando o v\u00ednculo entre investiga\u00e7\u00e3o e atua\u00e7\u00e3o judicial no Supremo. Shor tamb\u00e9m conduziu os inqu\u00e9ritos das fake news, instaurado em 2019 pelo ent\u00e3o presidente Dias Toffoli, e das mil\u00edcias digitais. Sua atua\u00e7\u00e3o \u00e9 marcada por casos de grande repercuss\u00e3o e press\u00e3o pol\u00edtica, que inclu\u00edram ataques de parlamentares bolsonaristas, expondo o delegado a cr\u00edticas p\u00fablicas e a debates sobre imparcialidade e seguran\u00e7a institucional. Presidente do STF, Edson Fachin assinou a nomea\u00e7\u00e3o, publicada no Di\u00e1rio Oficial da Uni\u00e3o nesta ter\u00e7a-feira (10). Shor passa a ocupar o cargo em comiss\u00e3o de assessor de ministro, n\u00edvel CJ-3, posi\u00e7\u00e3o de hierarquia elevada que permite atua\u00e7\u00e3o direta com o magistrado, sem exigir v\u00ednculo efetivo como servidor concursado, ampliando sua influ\u00eancia nas decis\u00f5es estrat\u00e9gicas do tribunal. Investiga\u00e7\u00e3o da PF sobre o Banco Master trouxe \u00e0 tona mensagens de Moraes com Daniel Vorcaro no dia da pris\u00e3o do ex-banqueiro, cen\u00e1rio que adiciona tens\u00e3o pol\u00edtica \u00e0 nomea\u00e7\u00e3o. Shor j\u00e1 foi ouvido como testemunha no processo que condenou Bolsonaro, militares e autoridades por tentativa de golpe, destacando sua proximidade com casos de repercuss\u00e3o nacional e decis\u00f5es cr\u00edticas do STF. Deputados bolsonaristas, incluindo Eduardo Bolsonaro, Marcel Van Hattem e Gilberto Silva, criticaram publicamente a nomea\u00e7\u00e3o, acusando Moraes de centralizar poder sobre a Pol\u00edcia Federal. Eduardo afirmou que \u201cAlexandre de Moraes n\u00e3o precisa de conluio, ele comanda um destacamento da PF\u201d, refletindo a polariza\u00e7\u00e3o em torno da atua\u00e7\u00e3o do delegado e a press\u00e3o pol\u00edtica sobre decis\u00f5es judiciais no pa\u00eds.\" \/>\n<meta property=\"og:url\" content=\"http:\/\/sudoesteacontece.com.br\/?p=9900\" \/>\n<meta property=\"og:site_name\" content=\"Sudoesteacontece\" \/>\n<meta property=\"article:publisher\" content=\"https:\/\/www.facebook.com\/sudoesteacontece\/?locale=pt_BR\" \/>\n<meta property=\"article:published_time\" content=\"2026-03-11T21:51:58+00:00\" \/>\n<meta property=\"article:modified_time\" content=\"2026-03-11T21:52:02+00:00\" \/>\n<meta property=\"og:image\" content=\"http:\/\/sudoesteacontece.com.br\/wp-content\/uploads\/2026\/03\/Moraes-nomeia-delegado-que-indiciou-Bolsonaro-para-cargo-de-confianca-no-STF.jpg\" \/>\n<meta name=\"author\" content=\"Washington Tiago\" \/>\n<meta name=\"twitter:card\" content=\"summary_large_image\" \/>\n<meta name=\"twitter:label1\" content=\"Escrito por\" \/>\n\t<meta name=\"twitter:data1\" content=\"Washington Tiago\" \/>\n\t<meta name=\"twitter:label2\" content=\"Est. tempo de leitura\" \/>\n\t<meta name=\"twitter:data2\" content=\"2 minutos\" \/>\n<script type=\"application\/ld+json\" class=\"yoast-schema-graph\">{\"@context\":\"https:\/\/schema.org\",\"@graph\":[{\"@type\":\"Article\",\"@id\":\"http:\/\/sudoesteacontece.com.br\/?p=9900#article\",\"isPartOf\":{\"@id\":\"http:\/\/sudoesteacontece.com.br\/?p=9900\"},\"author\":{\"name\":\"Washington Tiago\",\"@id\":\"https:\/\/sudoesteacontece.com.br\/#\/schema\/person\/3cf2cf009926a9683ebc29d5379fa79c\"},\"headline\":\"Moraes nomeia delegado que indiciou Bolsonaro para cargo de confian\u00e7a no STF\",\"datePublished\":\"2026-03-11T21:51:58+00:00\",\"dateModified\":\"2026-03-11T21:52:02+00:00\",\"mainEntityOfPage\":{\"@id\":\"http:\/\/sudoesteacontece.com.br\/?p=9900\"},\"wordCount\":334,\"commentCount\":0,\"publisher\":{\"@id\":\"https:\/\/sudoesteacontece.com.br\/#organization\"},\"image\":{\"@id\":\"http:\/\/sudoesteacontece.com.br\/?p=9900#primaryimage\"},\"thumbnailUrl\":\"http:\/\/sudoesteacontece.com.br\/wp-content\/uploads\/2026\/03\/Moraes-nomeia-delegado-que-indiciou-Bolsonaro-para-cargo-de-confianca-no-STF.jpg\",\"articleSection\":[\"Brasil\",\"Justi\u00e7a\",\"Pol\u00edcia\",\"Pol\u00edtica\"],\"inLanguage\":\"pt-BR\",\"potentialAction\":[{\"@type\":\"CommentAction\",\"name\":\"Comment\",\"target\":[\"http:\/\/sudoesteacontece.com.br\/?p=9900#respond\"]}]},{\"@type\":\"WebPage\",\"@id\":\"http:\/\/sudoesteacontece.com.br\/?p=9900\",\"url\":\"http:\/\/sudoesteacontece.com.br\/?p=9900\",\"name\":\"Moraes nomeia delegado que indiciou Bolsonaro para cargo de confian\u00e7a no STF - Sudoesteacontece\",\"isPartOf\":{\"@id\":\"https:\/\/sudoesteacontece.com.br\/#website\"},\"primaryImageOfPage\":{\"@id\":\"http:\/\/sudoesteacontece.com.br\/?p=9900#primaryimage\"},\"image\":{\"@id\":\"http:\/\/sudoesteacontece.com.br\/?p=9900#primaryimage\"},\"thumbnailUrl\":\"http:\/\/sudoesteacontece.com.br\/wp-content\/uploads\/2026\/03\/Moraes-nomeia-delegado-que-indiciou-Bolsonaro-para-cargo-de-confianca-no-STF.jpg\",\"datePublished\":\"2026-03-11T21:51:58+00:00\",\"dateModified\":\"2026-03-11T21:52:02+00:00\",\"breadcrumb\":{\"@id\":\"http:\/\/sudoesteacontece.com.br\/?p=9900#breadcrumb\"},\"inLanguage\":\"pt-BR\",\"potentialAction\":[{\"@type\":\"ReadAction\",\"target\":[\"http:\/\/sudoesteacontece.com.br\/?p=9900\"]}]},{\"@type\":\"ImageObject\",\"inLanguage\":\"pt-BR\",\"@id\":\"http:\/\/sudoesteacontece.com.br\/?p=9900#primaryimage\",\"url\":\"https:\/\/sudoesteacontece.com.br\/wp-content\/uploads\/2026\/03\/Moraes-nomeia-delegado-que-indiciou-Bolsonaro-para-cargo-de-confianca-no-STF.jpg\",\"contentUrl\":\"https:\/\/sudoesteacontece.com.br\/wp-content\/uploads\/2026\/03\/Moraes-nomeia-delegado-que-indiciou-Bolsonaro-para-cargo-de-confianca-no-STF.jpg\",\"width\":900,\"height\":600},{\"@type\":\"BreadcrumbList\",\"@id\":\"http:\/\/sudoesteacontece.com.br\/?p=9900#breadcrumb\",\"itemListElement\":[{\"@type\":\"ListItem\",\"position\":1,\"name\":\"In\u00edcio\",\"item\":\"https:\/\/sudoesteacontece.com.br\/\"},{\"@type\":\"ListItem\",\"position\":2,\"name\":\"Moraes nomeia delegado que indiciou Bolsonaro para cargo de confian\u00e7a no STF\"}]},{\"@type\":\"WebSite\",\"@id\":\"https:\/\/sudoesteacontece.com.br\/#website\",\"url\":\"https:\/\/sudoesteacontece.com.br\/\",\"name\":\"Sudoesteacontece\",\"description\":\"\",\"publisher\":{\"@id\":\"https:\/\/sudoesteacontece.com.br\/#organization\"},\"potentialAction\":[{\"@type\":\"SearchAction\",\"target\":{\"@type\":\"EntryPoint\",\"urlTemplate\":\"https:\/\/sudoesteacontece.com.br\/?s={search_term_string}\"},\"query-input\":{\"@type\":\"PropertyValueSpecification\",\"valueRequired\":true,\"valueName\":\"search_term_string\"}}],\"inLanguage\":\"pt-BR\"},{\"@type\":\"Organization\",\"@id\":\"https:\/\/sudoesteacontece.com.br\/#organization\",\"name\":\"Sudoesteacontece\",\"url\":\"https:\/\/sudoesteacontece.com.br\/\",\"logo\":{\"@type\":\"ImageObject\",\"inLanguage\":\"pt-BR\",\"@id\":\"https:\/\/sudoesteacontece.com.br\/#\/schema\/logo\/image\/\",\"url\":\"https:\/\/sudoesteacontece.com.br\/wp-content\/uploads\/2025\/12\/cropped-logo-2-180x180-1.png\",\"contentUrl\":\"https:\/\/sudoesteacontece.com.br\/wp-content\/uploads\/2025\/12\/cropped-logo-2-180x180-1.png\",\"width\":180,\"height\":180,\"caption\":\"Sudoesteacontece\"},\"image\":{\"@id\":\"https:\/\/sudoesteacontece.com.br\/#\/schema\/logo\/image\/\"},\"sameAs\":[\"https:\/\/www.facebook.com\/sudoesteacontece\/?locale=pt_BR\"]},{\"@type\":\"Person\",\"@id\":\"https:\/\/sudoesteacontece.com.br\/#\/schema\/person\/3cf2cf009926a9683ebc29d5379fa79c\",\"name\":\"Washington Tiago\",\"image\":{\"@type\":\"ImageObject\",\"inLanguage\":\"pt-BR\",\"@id\":\"https:\/\/sudoesteacontece.com.br\/#\/schema\/person\/image\/\",\"url\":\"https:\/\/secure.gravatar.com\/avatar\/33c43b8668157e040f9d1fe93c354bf087cbd8ba36270c1163198bd3ddcf2a56?s=96&d=mm&r=g\",\"contentUrl\":\"https:\/\/secure.gravatar.com\/avatar\/33c43b8668157e040f9d1fe93c354bf087cbd8ba36270c1163198bd3ddcf2a56?s=96&d=mm&r=g\",\"caption\":\"Washington Tiago\"},\"url\":\"https:\/\/sudoesteacontece.com.br\/?author=2\"}]}<\/script>\n<!-- \/ Yoast SEO plugin. -->","yoast_head_json":{"title":"Moraes nomeia delegado que indiciou Bolsonaro para cargo de confian\u00e7a no STF - Sudoesteacontece","robots":{"index":"index","follow":"follow","max-snippet":"max-snippet:-1","max-image-preview":"max-image-preview:large","max-video-preview":"max-video-preview:-1"},"canonical":"http:\/\/sudoesteacontece.com.br\/?p=9900","og_locale":"pt_BR","og_type":"article","og_title":"Moraes nomeia delegado que indiciou Bolsonaro para cargo de confian\u00e7a no STF - Sudoesteacontece","og_description":"Ministro Alexandre de Moraes, do STF, nomeou o delegado da Pol\u00edcia Federal F\u00e1bio Shor como assessor em seu gabinete. Respons\u00e1vel pelo inqu\u00e9rito da trama golpista de 2022 e pelo indiciamento do ex-presidente Jair Bolsonaro, Shor assume posi\u00e7\u00e3o estrat\u00e9gica, refor\u00e7ando o v\u00ednculo entre investiga\u00e7\u00e3o e atua\u00e7\u00e3o judicial no Supremo. Shor tamb\u00e9m conduziu os inqu\u00e9ritos das fake news, instaurado em 2019 pelo ent\u00e3o presidente Dias Toffoli, e das mil\u00edcias digitais. Sua atua\u00e7\u00e3o \u00e9 marcada por casos de grande repercuss\u00e3o e press\u00e3o pol\u00edtica, que inclu\u00edram ataques de parlamentares bolsonaristas, expondo o delegado a cr\u00edticas p\u00fablicas e a debates sobre imparcialidade e seguran\u00e7a institucional. Presidente do STF, Edson Fachin assinou a nomea\u00e7\u00e3o, publicada no Di\u00e1rio Oficial da Uni\u00e3o nesta ter\u00e7a-feira (10). Shor passa a ocupar o cargo em comiss\u00e3o de assessor de ministro, n\u00edvel CJ-3, posi\u00e7\u00e3o de hierarquia elevada que permite atua\u00e7\u00e3o direta com o magistrado, sem exigir v\u00ednculo efetivo como servidor concursado, ampliando sua influ\u00eancia nas decis\u00f5es estrat\u00e9gicas do tribunal. Investiga\u00e7\u00e3o da PF sobre o Banco Master trouxe \u00e0 tona mensagens de Moraes com Daniel Vorcaro no dia da pris\u00e3o do ex-banqueiro, cen\u00e1rio que adiciona tens\u00e3o pol\u00edtica \u00e0 nomea\u00e7\u00e3o. Shor j\u00e1 foi ouvido como testemunha no processo que condenou Bolsonaro, militares e autoridades por tentativa de golpe, destacando sua proximidade com casos de repercuss\u00e3o nacional e decis\u00f5es cr\u00edticas do STF. Deputados bolsonaristas, incluindo Eduardo Bolsonaro, Marcel Van Hattem e Gilberto Silva, criticaram publicamente a nomea\u00e7\u00e3o, acusando Moraes de centralizar poder sobre a Pol\u00edcia Federal. Eduardo afirmou que \u201cAlexandre de Moraes n\u00e3o precisa de conluio, ele comanda um destacamento da PF\u201d, refletindo a polariza\u00e7\u00e3o em torno da atua\u00e7\u00e3o do delegado e a press\u00e3o pol\u00edtica sobre decis\u00f5es judiciais no pa\u00eds.","og_url":"http:\/\/sudoesteacontece.com.br\/?p=9900","og_site_name":"Sudoesteacontece","article_publisher":"https:\/\/www.facebook.com\/sudoesteacontece\/?locale=pt_BR","article_published_time":"2026-03-11T21:51:58+00:00","article_modified_time":"2026-03-11T21:52:02+00:00","og_image":[{"url":"http:\/\/sudoesteacontece.com.br\/wp-content\/uploads\/2026\/03\/Moraes-nomeia-delegado-que-indiciou-Bolsonaro-para-cargo-de-confianca-no-STF.jpg","type":"","width":"","height":""}],"author":"Washington Tiago","twitter_card":"summary_large_image","twitter_misc":{"Escrito por":"Washington Tiago","Est. tempo de leitura":"2 minutos"},"schema":{"@context":"https:\/\/schema.org","@graph":[{"@type":"Article","@id":"http:\/\/sudoesteacontece.com.br\/?p=9900#article","isPartOf":{"@id":"http:\/\/sudoesteacontece.com.br\/?p=9900"},"author":{"name":"Washington Tiago","@id":"https:\/\/sudoesteacontece.com.br\/#\/schema\/person\/3cf2cf009926a9683ebc29d5379fa79c"},"headline":"Moraes nomeia delegado que indiciou Bolsonaro para cargo de confian\u00e7a no STF","datePublished":"2026-03-11T21:51:58+00:00","dateModified":"2026-03-11T21:52:02+00:00","mainEntityOfPage":{"@id":"http:\/\/sudoesteacontece.com.br\/?p=9900"},"wordCount":334,"commentCount":0,"publisher":{"@id":"https:\/\/sudoesteacontece.com.br\/#organization"},"image":{"@id":"http:\/\/sudoesteacontece.com.br\/?p=9900#primaryimage"},"thumbnailUrl":"http:\/\/sudoesteacontece.com.br\/wp-content\/uploads\/2026\/03\/Moraes-nomeia-delegado-que-indiciou-Bolsonaro-para-cargo-de-confianca-no-STF.jpg","articleSection":["Brasil","Justi\u00e7a","Pol\u00edcia","Pol\u00edtica"],"inLanguage":"pt-BR","potentialAction":[{"@type":"CommentAction","name":"Comment","target":["http:\/\/sudoesteacontece.com.br\/?p=9900#respond"]}]},{"@type":"WebPage","@id":"http:\/\/sudoesteacontece.com.br\/?p=9900","url":"http:\/\/sudoesteacontece.com.br\/?p=9900","name":"Moraes nomeia delegado que indiciou Bolsonaro para cargo de confian\u00e7a no STF - Sudoesteacontece","isPartOf":{"@id":"https:\/\/sudoesteacontece.com.br\/#website"},"primaryImageOfPage":{"@id":"http:\/\/sudoesteacontece.com.br\/?p=9900#primaryimage"},"image":{"@id":"http:\/\/sudoesteacontece.com.br\/?p=9900#primaryimage"},"thumbnailUrl":"http:\/\/sudoesteacontece.com.br\/wp-content\/uploads\/2026\/03\/Moraes-nomeia-delegado-que-indiciou-Bolsonaro-para-cargo-de-confianca-no-STF.jpg","datePublished":"2026-03-11T21:51:58+00:00","dateModified":"2026-03-11T21:52:02+00:00","breadcrumb":{"@id":"http:\/\/sudoesteacontece.com.br\/?p=9900#breadcrumb"},"inLanguage":"pt-BR","potentialAction":[{"@type":"ReadAction","target":["http:\/\/sudoesteacontece.com.br\/?p=9900"]}]},{"@type":"ImageObject","inLanguage":"pt-BR","@id":"http:\/\/sudoesteacontece.com.br\/?p=9900#primaryimage","url":"https:\/\/sudoesteacontece.com.br\/wp-content\/uploads\/2026\/03\/Moraes-nomeia-delegado-que-indiciou-Bolsonaro-para-cargo-de-confianca-no-STF.jpg","contentUrl":"https:\/\/sudoesteacontece.com.br\/wp-content\/uploads\/2026\/03\/Moraes-nomeia-delegado-que-indiciou-Bolsonaro-para-cargo-de-confianca-no-STF.jpg","width":900,"height":600},{"@type":"BreadcrumbList","@id":"http:\/\/sudoesteacontece.com.br\/?p=9900#breadcrumb","itemListElement":[{"@type":"ListItem","position":1,"name":"In\u00edcio","item":"https:\/\/sudoesteacontece.com.br\/"},{"@type":"ListItem","position":2,"name":"Moraes nomeia delegado que indiciou Bolsonaro para cargo de confian\u00e7a no STF"}]},{"@type":"WebSite","@id":"https:\/\/sudoesteacontece.com.br\/#website","url":"https:\/\/sudoesteacontece.com.br\/","name":"Sudoesteacontece","description":"","publisher":{"@id":"https:\/\/sudoesteacontece.com.br\/#organization"},"potentialAction":[{"@type":"SearchAction","target":{"@type":"EntryPoint","urlTemplate":"https:\/\/sudoesteacontece.com.br\/?s={search_term_string}"},"query-input":{"@type":"PropertyValueSpecification","valueRequired":true,"valueName":"search_term_string"}}],"inLanguage":"pt-BR"},{"@type":"Organization","@id":"https:\/\/sudoesteacontece.com.br\/#organization","name":"Sudoesteacontece","url":"https:\/\/sudoesteacontece.com.br\/","logo":{"@type":"ImageObject","inLanguage":"pt-BR","@id":"https:\/\/sudoesteacontece.com.br\/#\/schema\/logo\/image\/","url":"https:\/\/sudoesteacontece.com.br\/wp-content\/uploads\/2025\/12\/cropped-logo-2-180x180-1.png","contentUrl":"https:\/\/sudoesteacontece.com.br\/wp-content\/uploads\/2025\/12\/cropped-logo-2-180x180-1.png","width":180,"height":180,"caption":"Sudoesteacontece"},"image":{"@id":"https:\/\/sudoesteacontece.com.br\/#\/schema\/logo\/image\/"},"sameAs":["https:\/\/www.facebook.com\/sudoesteacontece\/?locale=pt_BR"]},{"@type":"Person","@id":"https:\/\/sudoesteacontece.com.br\/#\/schema\/person\/3cf2cf009926a9683ebc29d5379fa79c","name":"Washington Tiago","image":{"@type":"ImageObject","inLanguage":"pt-BR","@id":"https:\/\/sudoesteacontece.com.br\/#\/schema\/person\/image\/","url":"https:\/\/secure.gravatar.com\/avatar\/33c43b8668157e040f9d1fe93c354bf087cbd8ba36270c1163198bd3ddcf2a56?s=96&d=mm&r=g","contentUrl":"https:\/\/secure.gravatar.com\/avatar\/33c43b8668157e040f9d1fe93c354bf087cbd8ba36270c1163198bd3ddcf2a56?s=96&d=mm&r=g","caption":"Washington Tiago"},"url":"https:\/\/sudoesteacontece.com.br\/?author=2"}]}},"_links":{"self":[{"href":"https:\/\/sudoesteacontece.com.br\/index.php?rest_route=\/wp\/v2\/posts\/9900","targetHints":{"allow":["GET"]}}],"collection":[{"href":"https:\/\/sudoesteacontece.com.br\/index.php?rest_route=\/wp\/v2\/posts"}],"about":[{"href":"https:\/\/sudoesteacontece.com.br\/index.php?rest_route=\/wp\/v2\/types\/post"}],"author":[{"embeddable":true,"href":"https:\/\/sudoesteacontece.com.br\/index.php?rest_route=\/wp\/v2\/users\/2"}],"replies":[{"embeddable":true,"href":"https:\/\/sudoesteacontece.com.br\/index.php?rest_route=%2Fwp%2Fv2%2Fcomments&post=9900"}],"version-history":[{"count":0,"href":"https:\/\/sudoesteacontece.com.br\/index.php?rest_route=\/wp\/v2\/posts\/9900\/revisions"}],"wp:attachment":[{"href":"https:\/\/sudoesteacontece.com.br\/index.php?rest_route=%2Fwp%2Fv2%2Fmedia&parent=9900"}],"wp:term":[{"taxonomy":"category","embeddable":true,"href":"https:\/\/sudoesteacontece.com.br\/index.php?rest_route=%2Fwp%2Fv2%2Fcategories&post=9900"},{"taxonomy":"post_tag","embeddable":true,"href":"https:\/\/sudoesteacontece.com.br\/index.php?rest_route=%2Fwp%2Fv2%2Ftags&post=9900"}],"curies":[{"name":"wp","href":"https:\/\/api.w.org\/{rel}","templated":true}]}}