{"id":995,"date":"2025-10-27T17:11:38","date_gmt":"2025-10-27T20:11:38","guid":{"rendered":"https:\/\/sudoesteacontece.com.br\/?p=995"},"modified":"2025-10-27T17:11:40","modified_gmt":"2025-10-27T20:11:40","slug":"jovem-de-17-anos-luta-pela-vida-em-vitoria-da-conquista-familia-apela-por-transferencia-urgente","status":"publish","type":"post","link":"https:\/\/sudoesteacontece.com.br\/?p=995","title":{"rendered":"Jovem de 17 Anos luta pela vida em Vit\u00f3ria da Conquista; fam\u00edlia apela por transfer\u00eancia urgente"},"content":{"rendered":"\n<figure class=\"wp-block-image size-full\"><img fetchpriority=\"high\" decoding=\"async\" width=\"788\" height=\"517\" src=\"http:\/\/sudoesteacontece.com.br\/wp-content\/uploads\/2025\/10\/Jovem-de-17-Anos-luta-pela-vida-em-Vitoria-da-Conquista-familia-apela-por-transferencia-urgente-sudoeste-acontece-1.jpg\" alt=\"\" class=\"wp-image-1007\" srcset=\"https:\/\/sudoesteacontece.com.br\/wp-content\/uploads\/2025\/10\/Jovem-de-17-Anos-luta-pela-vida-em-Vitoria-da-Conquista-familia-apela-por-transferencia-urgente-sudoeste-acontece-1.jpg 788w, https:\/\/sudoesteacontece.com.br\/wp-content\/uploads\/2025\/10\/Jovem-de-17-Anos-luta-pela-vida-em-Vitoria-da-Conquista-familia-apela-por-transferencia-urgente-sudoeste-acontece-1-300x197.jpg 300w, https:\/\/sudoesteacontece.com.br\/wp-content\/uploads\/2025\/10\/Jovem-de-17-Anos-luta-pela-vida-em-Vitoria-da-Conquista-familia-apela-por-transferencia-urgente-sudoeste-acontece-1-768x504.jpg 768w\" sizes=\"(max-width: 788px) 100vw, 788px\" \/><\/figure>\n\n\n\n<p>A luta pela vida de Kainan, um jovem de 17 anos, tem emocionado familiares e amigos em Vit\u00f3ria da Conquista. Internado no Hospital de Base, ele enfrenta um quadro grave de sa\u00fade: dois tumores no c\u00e9rebro que precisam ser removidos com urg\u00eancia.<\/p>\n\n\n\n<p>Um dos tumores est\u00e1 pressionando o olho de Kainan, e os m\u00e9dicos alertam para o agravamento da condi\u00e7\u00e3o a cada hora que passa. A fam\u00edlia est\u00e1 desesperada, temendo o pior, enquanto o jovem aguarda transfer\u00eancia para Salvador, onde o procedimento cir\u00fargico pode ser realizado.<\/p>\n\n\n\n<p>O hospital local informou que a cirurgia n\u00e3o pode ser realizada em Vit\u00f3ria da Conquista e que o procedimento \u00e9 exclusivo para unidades em Salvador. Desde ent\u00e3o, Kainan est\u00e1 na fila da regula\u00e7\u00e3o aguardando uma vaga para a transfer\u00eancia, mas a espera j\u00e1 se estende por um per\u00edodo longo e angustiante.<\/p>\n\n\n\n<p>A m\u00e3e de Kainan, visivelmente emocionada, fez um apelo \u00e0s autoridades de sa\u00fade, clamando por aten\u00e7\u00e3o imediata: &#8220;Meu filho est\u00e1 sofrendo. Ele precisa dessa cirurgia com urg\u00eancia. Ele perdeu o pai h\u00e1 pouco tempo e agora est\u00e1 enfrentando essa situa\u00e7\u00e3o. N\u00e3o temos como pagar por um procedimento particular. O tempo est\u00e1 passando, e ele n\u00e3o pode mais esperar.&#8221;<\/p>\n\n\n\n<p>Cirurgia particular \u00e9 muito cara, e a fam\u00edlia n\u00e3o tem condi\u00e7\u00f5es financeiras de arcar com os custos, nem com os tratamentos que vir\u00e3o ap\u00f3s o procedimento.<\/p>\n\n\n\n<p>Fam\u00edlia de Kainan faz um apelo \u00e0 solidariedade da comunidade, esperando que o caso seja atendido rapidamente. O n\u00famero da regula\u00e7\u00e3o \u00e9 4643696, e o nome do paciente \u00e9 Rojeferson Kainan de Jesus Moura. A transfer\u00eancia para Salvador \u00e9 urgente. Cada compartilhamento e gesto de apoio pode ajudar a hist\u00f3ria de Kainan a chegar at\u00e9 as autoridades de sa\u00fade que podem salvar sua vida.<\/p>\n","protected":false},"excerpt":{"rendered":"<p>A luta pela vida de Kainan, um jovem de 17 anos, tem emocionado familiares e amigos em Vit\u00f3ria da Conquista. Internado no Hospital de Base, ele enfrenta um quadro grave de sa\u00fade: dois tumores no c\u00e9rebro que precisam ser removidos com urg\u00eancia. Um dos tumores est\u00e1 pressionando o olho de Kainan, e os m\u00e9dicos alertam para o agravamento da condi\u00e7\u00e3o a cada hora que passa. A fam\u00edlia est\u00e1 desesperada, temendo o pior, enquanto o jovem aguarda transfer\u00eancia para Salvador, onde o procedimento cir\u00fargico pode ser realizado. O hospital local informou que a cirurgia n\u00e3o pode ser realizada em Vit\u00f3ria da Conquista e que o procedimento \u00e9 exclusivo para unidades em Salvador. Desde ent\u00e3o, Kainan est\u00e1 na fila da regula\u00e7\u00e3o aguardando uma vaga para a transfer\u00eancia, mas a espera j\u00e1 se estende por um per\u00edodo longo e angustiante. A m\u00e3e de Kainan, visivelmente emocionada, fez um apelo \u00e0s autoridades de sa\u00fade, clamando por aten\u00e7\u00e3o imediata: &#8220;Meu filho est\u00e1 sofrendo. Ele precisa dessa cirurgia com urg\u00eancia. Ele perdeu o pai h\u00e1 pouco tempo e agora est\u00e1 enfrentando essa situa\u00e7\u00e3o. N\u00e3o temos como pagar por um procedimento particular. O tempo est\u00e1 passando, e ele n\u00e3o pode mais esperar.&#8221; Cirurgia particular \u00e9 muito cara, e a fam\u00edlia n\u00e3o tem condi\u00e7\u00f5es financeiras de arcar com os custos, nem com os tratamentos que vir\u00e3o ap\u00f3s o procedimento. Fam\u00edlia de Kainan faz um apelo \u00e0 solidariedade da comunidade, esperando que o caso seja atendido rapidamente. O n\u00famero da regula\u00e7\u00e3o \u00e9 4643696, e o nome do paciente \u00e9 Rojeferson Kainan de Jesus Moura. A transfer\u00eancia para Salvador \u00e9 urgente. Cada compartilhamento e gesto de apoio pode ajudar a hist\u00f3ria de Kainan a chegar at\u00e9 as autoridades de sa\u00fade que podem salvar sua vida.<\/p>\n","protected":false},"author":2,"featured_media":1007,"comment_status":"open","ping_status":"open","sticky":false,"template":"","format":"standard","meta":{"footnotes":""},"categories":[6,45,8],"tags":[],"class_list":["post-995","post","type-post","status-publish","format-standard","has-post-thumbnail","hentry","category-politica","category-saude","category-vitoria-da-conquista"],"yoast_head":"<!-- This site is optimized with the Yoast SEO plugin v26.5 - https:\/\/yoast.com\/wordpress\/plugins\/seo\/ -->\n<title>Jovem de 17 Anos luta pela vida em Vit\u00f3ria da Conquista; fam\u00edlia apela por transfer\u00eancia urgente - Sudoesteacontece<\/title>\n<meta name=\"robots\" content=\"index, follow, max-snippet:-1, max-image-preview:large, max-video-preview:-1\" \/>\n<link rel=\"canonical\" href=\"https:\/\/sudoesteacontece.com.br\/?p=995\" \/>\n<meta property=\"og:locale\" content=\"pt_BR\" \/>\n<meta property=\"og:type\" content=\"article\" \/>\n<meta property=\"og:title\" content=\"Jovem de 17 Anos luta pela vida em Vit\u00f3ria da Conquista; fam\u00edlia apela por transfer\u00eancia urgente - Sudoesteacontece\" \/>\n<meta property=\"og:description\" content=\"A luta pela vida de Kainan, um jovem de 17 anos, tem emocionado familiares e amigos em Vit\u00f3ria da Conquista. Internado no Hospital de Base, ele enfrenta um quadro grave de sa\u00fade: dois tumores no c\u00e9rebro que precisam ser removidos com urg\u00eancia. Um dos tumores est\u00e1 pressionando o olho de Kainan, e os m\u00e9dicos alertam para o agravamento da condi\u00e7\u00e3o a cada hora que passa. A fam\u00edlia est\u00e1 desesperada, temendo o pior, enquanto o jovem aguarda transfer\u00eancia para Salvador, onde o procedimento cir\u00fargico pode ser realizado. O hospital local informou que a cirurgia n\u00e3o pode ser realizada em Vit\u00f3ria da Conquista e que o procedimento \u00e9 exclusivo para unidades em Salvador. Desde ent\u00e3o, Kainan est\u00e1 na fila da regula\u00e7\u00e3o aguardando uma vaga para a transfer\u00eancia, mas a espera j\u00e1 se estende por um per\u00edodo longo e angustiante. A m\u00e3e de Kainan, visivelmente emocionada, fez um apelo \u00e0s autoridades de sa\u00fade, clamando por aten\u00e7\u00e3o imediata: &#8220;Meu filho est\u00e1 sofrendo. Ele precisa dessa cirurgia com urg\u00eancia. Ele perdeu o pai h\u00e1 pouco tempo e agora est\u00e1 enfrentando essa situa\u00e7\u00e3o. N\u00e3o temos como pagar por um procedimento particular. O tempo est\u00e1 passando, e ele n\u00e3o pode mais esperar.&#8221; Cirurgia particular \u00e9 muito cara, e a fam\u00edlia n\u00e3o tem condi\u00e7\u00f5es financeiras de arcar com os custos, nem com os tratamentos que vir\u00e3o ap\u00f3s o procedimento. Fam\u00edlia de Kainan faz um apelo \u00e0 solidariedade da comunidade, esperando que o caso seja atendido rapidamente. O n\u00famero da regula\u00e7\u00e3o \u00e9 4643696, e o nome do paciente \u00e9 Rojeferson Kainan de Jesus Moura. A transfer\u00eancia para Salvador \u00e9 urgente. Cada compartilhamento e gesto de apoio pode ajudar a hist\u00f3ria de Kainan a chegar at\u00e9 as autoridades de sa\u00fade que podem salvar sua vida.\" \/>\n<meta property=\"og:url\" content=\"https:\/\/sudoesteacontece.com.br\/?p=995\" \/>\n<meta property=\"og:site_name\" content=\"Sudoesteacontece\" \/>\n<meta property=\"article:publisher\" content=\"https:\/\/www.facebook.com\/sudoesteacontece\/?locale=pt_BR\" \/>\n<meta property=\"article:published_time\" content=\"2025-10-27T20:11:38+00:00\" \/>\n<meta property=\"article:modified_time\" content=\"2025-10-27T20:11:40+00:00\" \/>\n<meta property=\"og:image\" content=\"https:\/\/sudoesteacontece.com.br\/wp-content\/uploads\/2025\/10\/Jovem-de-17-Anos-luta-pela-vida-em-Vitoria-da-Conquista-familia-apela-por-transferencia-urgente-sudoeste-acontece-1.jpg\" \/>\n\t<meta property=\"og:image:width\" content=\"788\" \/>\n\t<meta property=\"og:image:height\" content=\"517\" \/>\n\t<meta property=\"og:image:type\" content=\"image\/jpeg\" \/>\n<meta name=\"author\" content=\"Washington Tiago\" \/>\n<meta name=\"twitter:card\" content=\"summary_large_image\" \/>\n<meta name=\"twitter:label1\" content=\"Escrito por\" \/>\n\t<meta name=\"twitter:data1\" content=\"Washington Tiago\" \/>\n\t<meta name=\"twitter:label2\" content=\"Est. tempo de leitura\" \/>\n\t<meta name=\"twitter:data2\" content=\"2 minutos\" \/>\n<script type=\"application\/ld+json\" class=\"yoast-schema-graph\">{\"@context\":\"https:\/\/schema.org\",\"@graph\":[{\"@type\":\"Article\",\"@id\":\"https:\/\/sudoesteacontece.com.br\/?p=995#article\",\"isPartOf\":{\"@id\":\"https:\/\/sudoesteacontece.com.br\/?p=995\"},\"author\":{\"name\":\"Washington Tiago\",\"@id\":\"https:\/\/sudoesteacontece.com.br\/#\/schema\/person\/3cf2cf009926a9683ebc29d5379fa79c\"},\"headline\":\"Jovem de 17 Anos luta pela vida em Vit\u00f3ria da Conquista; fam\u00edlia apela por transfer\u00eancia urgente\",\"datePublished\":\"2025-10-27T20:11:38+00:00\",\"dateModified\":\"2025-10-27T20:11:40+00:00\",\"mainEntityOfPage\":{\"@id\":\"https:\/\/sudoesteacontece.com.br\/?p=995\"},\"wordCount\":328,\"commentCount\":0,\"publisher\":{\"@id\":\"https:\/\/sudoesteacontece.com.br\/#organization\"},\"image\":{\"@id\":\"https:\/\/sudoesteacontece.com.br\/?p=995#primaryimage\"},\"thumbnailUrl\":\"https:\/\/sudoesteacontece.com.br\/wp-content\/uploads\/2025\/10\/Jovem-de-17-Anos-luta-pela-vida-em-Vitoria-da-Conquista-familia-apela-por-transferencia-urgente-sudoeste-acontece-1.jpg\",\"articleSection\":[\"Pol\u00edtica\",\"Sa\u00fade\",\"Vit\u00f3ria da Conquista\"],\"inLanguage\":\"pt-BR\",\"potentialAction\":[{\"@type\":\"CommentAction\",\"name\":\"Comment\",\"target\":[\"https:\/\/sudoesteacontece.com.br\/?p=995#respond\"]}]},{\"@type\":\"WebPage\",\"@id\":\"https:\/\/sudoesteacontece.com.br\/?p=995\",\"url\":\"https:\/\/sudoesteacontece.com.br\/?p=995\",\"name\":\"Jovem de 17 Anos luta pela vida em Vit\u00f3ria da Conquista; fam\u00edlia apela por transfer\u00eancia urgente - Sudoesteacontece\",\"isPartOf\":{\"@id\":\"https:\/\/sudoesteacontece.com.br\/#website\"},\"primaryImageOfPage\":{\"@id\":\"https:\/\/sudoesteacontece.com.br\/?p=995#primaryimage\"},\"image\":{\"@id\":\"https:\/\/sudoesteacontece.com.br\/?p=995#primaryimage\"},\"thumbnailUrl\":\"https:\/\/sudoesteacontece.com.br\/wp-content\/uploads\/2025\/10\/Jovem-de-17-Anos-luta-pela-vida-em-Vitoria-da-Conquista-familia-apela-por-transferencia-urgente-sudoeste-acontece-1.jpg\",\"datePublished\":\"2025-10-27T20:11:38+00:00\",\"dateModified\":\"2025-10-27T20:11:40+00:00\",\"breadcrumb\":{\"@id\":\"https:\/\/sudoesteacontece.com.br\/?p=995#breadcrumb\"},\"inLanguage\":\"pt-BR\",\"potentialAction\":[{\"@type\":\"ReadAction\",\"target\":[\"https:\/\/sudoesteacontece.com.br\/?p=995\"]}]},{\"@type\":\"ImageObject\",\"inLanguage\":\"pt-BR\",\"@id\":\"https:\/\/sudoesteacontece.com.br\/?p=995#primaryimage\",\"url\":\"https:\/\/sudoesteacontece.com.br\/wp-content\/uploads\/2025\/10\/Jovem-de-17-Anos-luta-pela-vida-em-Vitoria-da-Conquista-familia-apela-por-transferencia-urgente-sudoeste-acontece-1.jpg\",\"contentUrl\":\"https:\/\/sudoesteacontece.com.br\/wp-content\/uploads\/2025\/10\/Jovem-de-17-Anos-luta-pela-vida-em-Vitoria-da-Conquista-familia-apela-por-transferencia-urgente-sudoeste-acontece-1.jpg\",\"width\":788,\"height\":517},{\"@type\":\"BreadcrumbList\",\"@id\":\"https:\/\/sudoesteacontece.com.br\/?p=995#breadcrumb\",\"itemListElement\":[{\"@type\":\"ListItem\",\"position\":1,\"name\":\"In\u00edcio\",\"item\":\"https:\/\/sudoesteacontece.com.br\/\"},{\"@type\":\"ListItem\",\"position\":2,\"name\":\"Jovem de 17 Anos luta pela vida em Vit\u00f3ria da Conquista; fam\u00edlia apela por transfer\u00eancia urgente\"}]},{\"@type\":\"WebSite\",\"@id\":\"https:\/\/sudoesteacontece.com.br\/#website\",\"url\":\"https:\/\/sudoesteacontece.com.br\/\",\"name\":\"Sudoesteacontece\",\"description\":\"\",\"publisher\":{\"@id\":\"https:\/\/sudoesteacontece.com.br\/#organization\"},\"potentialAction\":[{\"@type\":\"SearchAction\",\"target\":{\"@type\":\"EntryPoint\",\"urlTemplate\":\"https:\/\/sudoesteacontece.com.br\/?s={search_term_string}\"},\"query-input\":{\"@type\":\"PropertyValueSpecification\",\"valueRequired\":true,\"valueName\":\"search_term_string\"}}],\"inLanguage\":\"pt-BR\"},{\"@type\":\"Organization\",\"@id\":\"https:\/\/sudoesteacontece.com.br\/#organization\",\"name\":\"Sudoesteacontece\",\"url\":\"https:\/\/sudoesteacontece.com.br\/\",\"logo\":{\"@type\":\"ImageObject\",\"inLanguage\":\"pt-BR\",\"@id\":\"https:\/\/sudoesteacontece.com.br\/#\/schema\/logo\/image\/\",\"url\":\"https:\/\/sudoesteacontece.com.br\/wp-content\/uploads\/2025\/12\/cropped-logo-2-180x180-1.png\",\"contentUrl\":\"https:\/\/sudoesteacontece.com.br\/wp-content\/uploads\/2025\/12\/cropped-logo-2-180x180-1.png\",\"width\":180,\"height\":180,\"caption\":\"Sudoesteacontece\"},\"image\":{\"@id\":\"https:\/\/sudoesteacontece.com.br\/#\/schema\/logo\/image\/\"},\"sameAs\":[\"https:\/\/www.facebook.com\/sudoesteacontece\/?locale=pt_BR\"]},{\"@type\":\"Person\",\"@id\":\"https:\/\/sudoesteacontece.com.br\/#\/schema\/person\/3cf2cf009926a9683ebc29d5379fa79c\",\"name\":\"Washington Tiago\",\"image\":{\"@type\":\"ImageObject\",\"inLanguage\":\"pt-BR\",\"@id\":\"https:\/\/sudoesteacontece.com.br\/#\/schema\/person\/image\/\",\"url\":\"https:\/\/secure.gravatar.com\/avatar\/33c43b8668157e040f9d1fe93c354bf087cbd8ba36270c1163198bd3ddcf2a56?s=96&d=mm&r=g\",\"contentUrl\":\"https:\/\/secure.gravatar.com\/avatar\/33c43b8668157e040f9d1fe93c354bf087cbd8ba36270c1163198bd3ddcf2a56?s=96&d=mm&r=g\",\"caption\":\"Washington Tiago\"},\"url\":\"https:\/\/sudoesteacontece.com.br\/?author=2\"}]}<\/script>\n<!-- \/ Yoast SEO plugin. -->","yoast_head_json":{"title":"Jovem de 17 Anos luta pela vida em Vit\u00f3ria da Conquista; fam\u00edlia apela por transfer\u00eancia urgente - Sudoesteacontece","robots":{"index":"index","follow":"follow","max-snippet":"max-snippet:-1","max-image-preview":"max-image-preview:large","max-video-preview":"max-video-preview:-1"},"canonical":"https:\/\/sudoesteacontece.com.br\/?p=995","og_locale":"pt_BR","og_type":"article","og_title":"Jovem de 17 Anos luta pela vida em Vit\u00f3ria da Conquista; fam\u00edlia apela por transfer\u00eancia urgente - Sudoesteacontece","og_description":"A luta pela vida de Kainan, um jovem de 17 anos, tem emocionado familiares e amigos em Vit\u00f3ria da Conquista. Internado no Hospital de Base, ele enfrenta um quadro grave de sa\u00fade: dois tumores no c\u00e9rebro que precisam ser removidos com urg\u00eancia. Um dos tumores est\u00e1 pressionando o olho de Kainan, e os m\u00e9dicos alertam para o agravamento da condi\u00e7\u00e3o a cada hora que passa. A fam\u00edlia est\u00e1 desesperada, temendo o pior, enquanto o jovem aguarda transfer\u00eancia para Salvador, onde o procedimento cir\u00fargico pode ser realizado. O hospital local informou que a cirurgia n\u00e3o pode ser realizada em Vit\u00f3ria da Conquista e que o procedimento \u00e9 exclusivo para unidades em Salvador. Desde ent\u00e3o, Kainan est\u00e1 na fila da regula\u00e7\u00e3o aguardando uma vaga para a transfer\u00eancia, mas a espera j\u00e1 se estende por um per\u00edodo longo e angustiante. A m\u00e3e de Kainan, visivelmente emocionada, fez um apelo \u00e0s autoridades de sa\u00fade, clamando por aten\u00e7\u00e3o imediata: &#8220;Meu filho est\u00e1 sofrendo. Ele precisa dessa cirurgia com urg\u00eancia. Ele perdeu o pai h\u00e1 pouco tempo e agora est\u00e1 enfrentando essa situa\u00e7\u00e3o. N\u00e3o temos como pagar por um procedimento particular. O tempo est\u00e1 passando, e ele n\u00e3o pode mais esperar.&#8221; Cirurgia particular \u00e9 muito cara, e a fam\u00edlia n\u00e3o tem condi\u00e7\u00f5es financeiras de arcar com os custos, nem com os tratamentos que vir\u00e3o ap\u00f3s o procedimento. Fam\u00edlia de Kainan faz um apelo \u00e0 solidariedade da comunidade, esperando que o caso seja atendido rapidamente. O n\u00famero da regula\u00e7\u00e3o \u00e9 4643696, e o nome do paciente \u00e9 Rojeferson Kainan de Jesus Moura. A transfer\u00eancia para Salvador \u00e9 urgente. Cada compartilhamento e gesto de apoio pode ajudar a hist\u00f3ria de Kainan a chegar at\u00e9 as autoridades de sa\u00fade que podem salvar sua vida.","og_url":"https:\/\/sudoesteacontece.com.br\/?p=995","og_site_name":"Sudoesteacontece","article_publisher":"https:\/\/www.facebook.com\/sudoesteacontece\/?locale=pt_BR","article_published_time":"2025-10-27T20:11:38+00:00","article_modified_time":"2025-10-27T20:11:40+00:00","og_image":[{"width":788,"height":517,"url":"https:\/\/sudoesteacontece.com.br\/wp-content\/uploads\/2025\/10\/Jovem-de-17-Anos-luta-pela-vida-em-Vitoria-da-Conquista-familia-apela-por-transferencia-urgente-sudoeste-acontece-1.jpg","type":"image\/jpeg"}],"author":"Washington Tiago","twitter_card":"summary_large_image","twitter_misc":{"Escrito por":"Washington Tiago","Est. tempo de leitura":"2 minutos"},"schema":{"@context":"https:\/\/schema.org","@graph":[{"@type":"Article","@id":"https:\/\/sudoesteacontece.com.br\/?p=995#article","isPartOf":{"@id":"https:\/\/sudoesteacontece.com.br\/?p=995"},"author":{"name":"Washington Tiago","@id":"https:\/\/sudoesteacontece.com.br\/#\/schema\/person\/3cf2cf009926a9683ebc29d5379fa79c"},"headline":"Jovem de 17 Anos luta pela vida em Vit\u00f3ria da Conquista; fam\u00edlia apela por transfer\u00eancia urgente","datePublished":"2025-10-27T20:11:38+00:00","dateModified":"2025-10-27T20:11:40+00:00","mainEntityOfPage":{"@id":"https:\/\/sudoesteacontece.com.br\/?p=995"},"wordCount":328,"commentCount":0,"publisher":{"@id":"https:\/\/sudoesteacontece.com.br\/#organization"},"image":{"@id":"https:\/\/sudoesteacontece.com.br\/?p=995#primaryimage"},"thumbnailUrl":"https:\/\/sudoesteacontece.com.br\/wp-content\/uploads\/2025\/10\/Jovem-de-17-Anos-luta-pela-vida-em-Vitoria-da-Conquista-familia-apela-por-transferencia-urgente-sudoeste-acontece-1.jpg","articleSection":["Pol\u00edtica","Sa\u00fade","Vit\u00f3ria da Conquista"],"inLanguage":"pt-BR","potentialAction":[{"@type":"CommentAction","name":"Comment","target":["https:\/\/sudoesteacontece.com.br\/?p=995#respond"]}]},{"@type":"WebPage","@id":"https:\/\/sudoesteacontece.com.br\/?p=995","url":"https:\/\/sudoesteacontece.com.br\/?p=995","name":"Jovem de 17 Anos luta pela vida em Vit\u00f3ria da Conquista; fam\u00edlia apela por transfer\u00eancia urgente - Sudoesteacontece","isPartOf":{"@id":"https:\/\/sudoesteacontece.com.br\/#website"},"primaryImageOfPage":{"@id":"https:\/\/sudoesteacontece.com.br\/?p=995#primaryimage"},"image":{"@id":"https:\/\/sudoesteacontece.com.br\/?p=995#primaryimage"},"thumbnailUrl":"https:\/\/sudoesteacontece.com.br\/wp-content\/uploads\/2025\/10\/Jovem-de-17-Anos-luta-pela-vida-em-Vitoria-da-Conquista-familia-apela-por-transferencia-urgente-sudoeste-acontece-1.jpg","datePublished":"2025-10-27T20:11:38+00:00","dateModified":"2025-10-27T20:11:40+00:00","breadcrumb":{"@id":"https:\/\/sudoesteacontece.com.br\/?p=995#breadcrumb"},"inLanguage":"pt-BR","potentialAction":[{"@type":"ReadAction","target":["https:\/\/sudoesteacontece.com.br\/?p=995"]}]},{"@type":"ImageObject","inLanguage":"pt-BR","@id":"https:\/\/sudoesteacontece.com.br\/?p=995#primaryimage","url":"https:\/\/sudoesteacontece.com.br\/wp-content\/uploads\/2025\/10\/Jovem-de-17-Anos-luta-pela-vida-em-Vitoria-da-Conquista-familia-apela-por-transferencia-urgente-sudoeste-acontece-1.jpg","contentUrl":"https:\/\/sudoesteacontece.com.br\/wp-content\/uploads\/2025\/10\/Jovem-de-17-Anos-luta-pela-vida-em-Vitoria-da-Conquista-familia-apela-por-transferencia-urgente-sudoeste-acontece-1.jpg","width":788,"height":517},{"@type":"BreadcrumbList","@id":"https:\/\/sudoesteacontece.com.br\/?p=995#breadcrumb","itemListElement":[{"@type":"ListItem","position":1,"name":"In\u00edcio","item":"https:\/\/sudoesteacontece.com.br\/"},{"@type":"ListItem","position":2,"name":"Jovem de 17 Anos luta pela vida em Vit\u00f3ria da Conquista; fam\u00edlia apela por transfer\u00eancia urgente"}]},{"@type":"WebSite","@id":"https:\/\/sudoesteacontece.com.br\/#website","url":"https:\/\/sudoesteacontece.com.br\/","name":"Sudoesteacontece","description":"","publisher":{"@id":"https:\/\/sudoesteacontece.com.br\/#organization"},"potentialAction":[{"@type":"SearchAction","target":{"@type":"EntryPoint","urlTemplate":"https:\/\/sudoesteacontece.com.br\/?s={search_term_string}"},"query-input":{"@type":"PropertyValueSpecification","valueRequired":true,"valueName":"search_term_string"}}],"inLanguage":"pt-BR"},{"@type":"Organization","@id":"https:\/\/sudoesteacontece.com.br\/#organization","name":"Sudoesteacontece","url":"https:\/\/sudoesteacontece.com.br\/","logo":{"@type":"ImageObject","inLanguage":"pt-BR","@id":"https:\/\/sudoesteacontece.com.br\/#\/schema\/logo\/image\/","url":"https:\/\/sudoesteacontece.com.br\/wp-content\/uploads\/2025\/12\/cropped-logo-2-180x180-1.png","contentUrl":"https:\/\/sudoesteacontece.com.br\/wp-content\/uploads\/2025\/12\/cropped-logo-2-180x180-1.png","width":180,"height":180,"caption":"Sudoesteacontece"},"image":{"@id":"https:\/\/sudoesteacontece.com.br\/#\/schema\/logo\/image\/"},"sameAs":["https:\/\/www.facebook.com\/sudoesteacontece\/?locale=pt_BR"]},{"@type":"Person","@id":"https:\/\/sudoesteacontece.com.br\/#\/schema\/person\/3cf2cf009926a9683ebc29d5379fa79c","name":"Washington Tiago","image":{"@type":"ImageObject","inLanguage":"pt-BR","@id":"https:\/\/sudoesteacontece.com.br\/#\/schema\/person\/image\/","url":"https:\/\/secure.gravatar.com\/avatar\/33c43b8668157e040f9d1fe93c354bf087cbd8ba36270c1163198bd3ddcf2a56?s=96&d=mm&r=g","contentUrl":"https:\/\/secure.gravatar.com\/avatar\/33c43b8668157e040f9d1fe93c354bf087cbd8ba36270c1163198bd3ddcf2a56?s=96&d=mm&r=g","caption":"Washington Tiago"},"url":"https:\/\/sudoesteacontece.com.br\/?author=2"}]}},"_links":{"self":[{"href":"https:\/\/sudoesteacontece.com.br\/index.php?rest_route=\/wp\/v2\/posts\/995","targetHints":{"allow":["GET"]}}],"collection":[{"href":"https:\/\/sudoesteacontece.com.br\/index.php?rest_route=\/wp\/v2\/posts"}],"about":[{"href":"https:\/\/sudoesteacontece.com.br\/index.php?rest_route=\/wp\/v2\/types\/post"}],"author":[{"embeddable":true,"href":"https:\/\/sudoesteacontece.com.br\/index.php?rest_route=\/wp\/v2\/users\/2"}],"replies":[{"embeddable":true,"href":"https:\/\/sudoesteacontece.com.br\/index.php?rest_route=%2Fwp%2Fv2%2Fcomments&post=995"}],"version-history":[{"count":0,"href":"https:\/\/sudoesteacontece.com.br\/index.php?rest_route=\/wp\/v2\/posts\/995\/revisions"}],"wp:featuredmedia":[{"embeddable":true,"href":"https:\/\/sudoesteacontece.com.br\/index.php?rest_route=\/wp\/v2\/media\/1007"}],"wp:attachment":[{"href":"https:\/\/sudoesteacontece.com.br\/index.php?rest_route=%2Fwp%2Fv2%2Fmedia&parent=995"}],"wp:term":[{"taxonomy":"category","embeddable":true,"href":"https:\/\/sudoesteacontece.com.br\/index.php?rest_route=%2Fwp%2Fv2%2Fcategories&post=995"},{"taxonomy":"post_tag","embeddable":true,"href":"https:\/\/sudoesteacontece.com.br\/index.php?rest_route=%2Fwp%2Fv2%2Ftags&post=995"}],"curies":[{"name":"wp","href":"https:\/\/api.w.org\/{rel}","templated":true}]}}