{"id":9955,"date":"2026-03-11T19:09:33","date_gmt":"2026-03-11T22:09:33","guid":{"rendered":"https:\/\/sudoesteacontece.com.br\/?p=9955"},"modified":"2026-03-11T19:09:38","modified_gmt":"2026-03-11T22:09:38","slug":"alexandre-aleluia-alerta-arrogancia-do-pt-na-bahia-anuncia-a-queda-do-sistema","status":"publish","type":"post","link":"https:\/\/sudoesteacontece.com.br\/?p=9955","title":{"rendered":"Alexandre Aleluia alerta: \u201cArrog\u00e2ncia do PT na Bahia anuncia a queda do sistema\u201d"},"content":{"rendered":"<div class=\"wp-block-image\">\n<figure class=\"aligncenter size-full\"><img fetchpriority=\"high\" decoding=\"async\" width=\"720\" height=\"513\" src=\"http:\/\/sudoesteacontece.com.br\/wp-content\/uploads\/2026\/03\/649394869_1517127023752413_6515936525578186827_n.jpg\" alt=\"\" class=\"wp-image-9999\" srcset=\"https:\/\/sudoesteacontece.com.br\/wp-content\/uploads\/2026\/03\/649394869_1517127023752413_6515936525578186827_n.jpg 720w, https:\/\/sudoesteacontece.com.br\/wp-content\/uploads\/2026\/03\/649394869_1517127023752413_6515936525578186827_n-300x214.jpg 300w\" sizes=\"(max-width: 720px) 100vw, 720px\" \/><\/figure>\n<\/div>\n\n\n<p>Vereador Alexandre Aleluia (PL) assume presid\u00eancia da CCJ da C\u00e2mara de Salvador e detalha prioridades do Legislativo: Plano Municipal de Seguran\u00e7a P\u00fablica e novo Plano Diretor de Desenvolvimento Urbano (PDDU), que define a estrat\u00e9gia da cidade para a pr\u00f3xima d\u00e9cada. Ele promete debates amplos e participa\u00e7\u00e3o da sociedade civil em todas as etapas.<\/p>\n\n\n\n<p>Seguran\u00e7a e urbanismo ganham aten\u00e7\u00e3o imediata. Aleluia afirma que o PDDU ser\u00e1 enviado em maio e passar\u00e1 por audi\u00eancias p\u00fablicas, garantindo espa\u00e7o para \u00f3rg\u00e3os e cidad\u00e3os. Destaca mudan\u00e7as p\u00f3s-pandemia na din\u00e2mica urbana, mobilidade e formas de viver, fatores essenciais para atualizar o planejamento da capital baiana.<\/p>\n\n\n\n<p>Plano Municipal de Seguran\u00e7a tamb\u00e9m \u00e9 prioridade. Vereador avalia tramita\u00e7\u00e3o junto ao presidente da C\u00e2mara, podendo unificar comiss\u00f5es por urg\u00eancia e recursos federais. Ele garante tratamento igualit\u00e1rio a todos os projetos, mesmo sendo presidente da CCJ, refor\u00e7ando que normas e regras de tramita\u00e7\u00e3o ser\u00e3o cumpridas.<\/p>\n\n\n\n<p>Projeto de regulamenta\u00e7\u00e3o das praias, inspirado na experi\u00eancia do Porto da Barra, pode se expandir. Aleluia explica que a repercuss\u00e3o nas redes sociais impulsionou a proposta, permitindo que visitantes aproveitem a faixa de areia sem cobran\u00e7a obrigat\u00f3ria por cadeiras. Mat\u00e9ria seguir\u00e1 tramita\u00e7\u00e3o regular, com relator a ser designado em breve.<\/p>\n\n\n\n<p>Pr\u00e9-candidatura a deputado federal pelo Partido Novo est\u00e1 mantida. Aleluia defende liberdade de empreender, direito de propriedade e respeito \u00e0 cultura e religi\u00e3o. Destaca alinhamento com ideias do Novo e afirma que migra\u00e7\u00e3o depender\u00e1 de acordo interno com o PL na Bahia, liderado por Jo\u00e3o Roma, at\u00e9 o fim de mar\u00e7o.<\/p>\n\n\n\n<p>O vereador critica atua\u00e7\u00e3o do PL local, afirmando que a sigla pode estar \u201cfazendo a cama para eleger o sistema\u201d. Destaca que conservadores e liberais precisam se posicionar claramente para evitar se tornarem instrumento pol\u00edtico de manuten\u00e7\u00e3o do poder, e observa que desempenho recente do partido mostrou fragilidade eleitoral.<\/p>\n\n\n\n<p>Cen\u00e1rio estadual e nacional tamb\u00e9m \u00e9 analisado. Aleluia elogia governan\u00e7a de Romeu Zema (Novo) em Minas e afirma que pol\u00edtica \u00e9 vol\u00e1til: alian\u00e7as podem surgir, mas objetivo \u00e9 consolidar oposi\u00e7\u00e3o clara ao PT na Bahia. Ele define a chapa puro-sangue do partido no estado como \u201csinal de arrog\u00e2ncia\u201d e prev\u00ea ano emblem\u00e1tico para disputa pol\u00edtica.<\/p>\n\n\n\n<p>Cr\u00edticas ao PT refor\u00e7am tom de alerta. Aleluia aponta falhas em economia, seguran\u00e7a, educa\u00e7\u00e3o e sa\u00fade, dizendo que decad\u00eancia do modelo petista \u00e9 evidente. Afirma que dois ex-governadores e um governador buscando reelei\u00e7\u00e3o demonstram excesso de confian\u00e7a, e que a arrog\u00e2ncia do partido precede a queda, abrindo espa\u00e7o para renova\u00e7\u00e3o na Bahia.<\/p>\n","protected":false},"excerpt":{"rendered":"<p>Vereador Alexandre Aleluia (PL) assume presid\u00eancia da CCJ da C\u00e2mara de Salvador e detalha prioridades do Legislativo: Plano Municipal de Seguran\u00e7a P\u00fablica e novo Plano Diretor de Desenvolvimento Urbano (PDDU), que define a estrat\u00e9gia da cidade para a pr\u00f3xima d\u00e9cada. Ele promete debates amplos e participa\u00e7\u00e3o da sociedade civil em todas as etapas. Seguran\u00e7a e urbanismo ganham aten\u00e7\u00e3o imediata. Aleluia afirma que o PDDU ser\u00e1 enviado em maio e passar\u00e1 por audi\u00eancias p\u00fablicas, garantindo espa\u00e7o para \u00f3rg\u00e3os e cidad\u00e3os. Destaca mudan\u00e7as p\u00f3s-pandemia na din\u00e2mica urbana, mobilidade e formas de viver, fatores essenciais para atualizar o planejamento da capital baiana. Plano Municipal de Seguran\u00e7a tamb\u00e9m \u00e9 prioridade. Vereador avalia tramita\u00e7\u00e3o junto ao presidente da C\u00e2mara, podendo unificar comiss\u00f5es por urg\u00eancia e recursos federais. Ele garante tratamento igualit\u00e1rio a todos os projetos, mesmo sendo presidente da CCJ, refor\u00e7ando que normas e regras de tramita\u00e7\u00e3o ser\u00e3o cumpridas. Projeto de regulamenta\u00e7\u00e3o das praias, inspirado na experi\u00eancia do Porto da Barra, pode se expandir. Aleluia explica que a repercuss\u00e3o nas redes sociais impulsionou a proposta, permitindo que visitantes aproveitem a faixa de areia sem cobran\u00e7a obrigat\u00f3ria por cadeiras. Mat\u00e9ria seguir\u00e1 tramita\u00e7\u00e3o regular, com relator a ser designado em breve. Pr\u00e9-candidatura a deputado federal pelo Partido Novo est\u00e1 mantida. Aleluia defende liberdade de empreender, direito de propriedade e respeito \u00e0 cultura e religi\u00e3o. Destaca alinhamento com ideias do Novo e afirma que migra\u00e7\u00e3o depender\u00e1 de acordo interno com o PL na Bahia, liderado por Jo\u00e3o Roma, at\u00e9 o fim de mar\u00e7o. O vereador critica atua\u00e7\u00e3o do PL local, afirmando que a sigla pode estar \u201cfazendo a cama para eleger o sistema\u201d. Destaca que conservadores e liberais precisam se posicionar claramente para evitar se tornarem instrumento pol\u00edtico de manuten\u00e7\u00e3o do poder, e observa que desempenho recente do partido mostrou fragilidade eleitoral. Cen\u00e1rio estadual e nacional tamb\u00e9m \u00e9 analisado. Aleluia elogia governan\u00e7a de Romeu Zema (Novo) em Minas e afirma que pol\u00edtica \u00e9 vol\u00e1til: alian\u00e7as podem surgir, mas objetivo \u00e9 consolidar oposi\u00e7\u00e3o clara ao PT na Bahia. Ele define a chapa puro-sangue do partido no estado como \u201csinal de arrog\u00e2ncia\u201d e prev\u00ea ano emblem\u00e1tico para disputa pol\u00edtica. Cr\u00edticas ao PT refor\u00e7am tom de alerta. Aleluia aponta falhas em economia, seguran\u00e7a, educa\u00e7\u00e3o e sa\u00fade, dizendo que decad\u00eancia do modelo petista \u00e9 evidente. Afirma que dois ex-governadores e um governador buscando reelei\u00e7\u00e3o demonstram excesso de confian\u00e7a, e que a arrog\u00e2ncia do partido precede a queda, abrindo espa\u00e7o para renova\u00e7\u00e3o na Bahia.<\/p>\n","protected":false},"author":2,"featured_media":0,"comment_status":"open","ping_status":"open","sticky":false,"template":"","format":"standard","meta":{"footnotes":""},"categories":[7,58,6],"tags":[],"class_list":["post-9955","post","type-post","status-publish","format-standard","hentry","category-bahia","category-eleicoes-2026","category-politica"],"yoast_head":"<!-- This site is optimized with the Yoast SEO plugin v26.5 - https:\/\/yoast.com\/wordpress\/plugins\/seo\/ -->\n<title>Alexandre Aleluia alerta: \u201cArrog\u00e2ncia do PT na Bahia anuncia a queda do sistema\u201d - Sudoesteacontece<\/title>\n<meta name=\"robots\" content=\"index, follow, max-snippet:-1, max-image-preview:large, max-video-preview:-1\" \/>\n<link rel=\"canonical\" href=\"http:\/\/sudoesteacontece.com.br\/?p=9955\" \/>\n<meta property=\"og:locale\" content=\"pt_BR\" \/>\n<meta property=\"og:type\" content=\"article\" \/>\n<meta property=\"og:title\" content=\"Alexandre Aleluia alerta: \u201cArrog\u00e2ncia do PT na Bahia anuncia a queda do sistema\u201d - Sudoesteacontece\" \/>\n<meta property=\"og:description\" content=\"Vereador Alexandre Aleluia (PL) assume presid\u00eancia da CCJ da C\u00e2mara de Salvador e detalha prioridades do Legislativo: Plano Municipal de Seguran\u00e7a P\u00fablica e novo Plano Diretor de Desenvolvimento Urbano (PDDU), que define a estrat\u00e9gia da cidade para a pr\u00f3xima d\u00e9cada. Ele promete debates amplos e participa\u00e7\u00e3o da sociedade civil em todas as etapas. Seguran\u00e7a e urbanismo ganham aten\u00e7\u00e3o imediata. Aleluia afirma que o PDDU ser\u00e1 enviado em maio e passar\u00e1 por audi\u00eancias p\u00fablicas, garantindo espa\u00e7o para \u00f3rg\u00e3os e cidad\u00e3os. Destaca mudan\u00e7as p\u00f3s-pandemia na din\u00e2mica urbana, mobilidade e formas de viver, fatores essenciais para atualizar o planejamento da capital baiana. Plano Municipal de Seguran\u00e7a tamb\u00e9m \u00e9 prioridade. Vereador avalia tramita\u00e7\u00e3o junto ao presidente da C\u00e2mara, podendo unificar comiss\u00f5es por urg\u00eancia e recursos federais. Ele garante tratamento igualit\u00e1rio a todos os projetos, mesmo sendo presidente da CCJ, refor\u00e7ando que normas e regras de tramita\u00e7\u00e3o ser\u00e3o cumpridas. Projeto de regulamenta\u00e7\u00e3o das praias, inspirado na experi\u00eancia do Porto da Barra, pode se expandir. Aleluia explica que a repercuss\u00e3o nas redes sociais impulsionou a proposta, permitindo que visitantes aproveitem a faixa de areia sem cobran\u00e7a obrigat\u00f3ria por cadeiras. Mat\u00e9ria seguir\u00e1 tramita\u00e7\u00e3o regular, com relator a ser designado em breve. Pr\u00e9-candidatura a deputado federal pelo Partido Novo est\u00e1 mantida. Aleluia defende liberdade de empreender, direito de propriedade e respeito \u00e0 cultura e religi\u00e3o. Destaca alinhamento com ideias do Novo e afirma que migra\u00e7\u00e3o depender\u00e1 de acordo interno com o PL na Bahia, liderado por Jo\u00e3o Roma, at\u00e9 o fim de mar\u00e7o. O vereador critica atua\u00e7\u00e3o do PL local, afirmando que a sigla pode estar \u201cfazendo a cama para eleger o sistema\u201d. Destaca que conservadores e liberais precisam se posicionar claramente para evitar se tornarem instrumento pol\u00edtico de manuten\u00e7\u00e3o do poder, e observa que desempenho recente do partido mostrou fragilidade eleitoral. Cen\u00e1rio estadual e nacional tamb\u00e9m \u00e9 analisado. Aleluia elogia governan\u00e7a de Romeu Zema (Novo) em Minas e afirma que pol\u00edtica \u00e9 vol\u00e1til: alian\u00e7as podem surgir, mas objetivo \u00e9 consolidar oposi\u00e7\u00e3o clara ao PT na Bahia. Ele define a chapa puro-sangue do partido no estado como \u201csinal de arrog\u00e2ncia\u201d e prev\u00ea ano emblem\u00e1tico para disputa pol\u00edtica. Cr\u00edticas ao PT refor\u00e7am tom de alerta. Aleluia aponta falhas em economia, seguran\u00e7a, educa\u00e7\u00e3o e sa\u00fade, dizendo que decad\u00eancia do modelo petista \u00e9 evidente. Afirma que dois ex-governadores e um governador buscando reelei\u00e7\u00e3o demonstram excesso de confian\u00e7a, e que a arrog\u00e2ncia do partido precede a queda, abrindo espa\u00e7o para renova\u00e7\u00e3o na Bahia.\" \/>\n<meta property=\"og:url\" content=\"http:\/\/sudoesteacontece.com.br\/?p=9955\" \/>\n<meta property=\"og:site_name\" content=\"Sudoesteacontece\" \/>\n<meta property=\"article:publisher\" content=\"https:\/\/www.facebook.com\/sudoesteacontece\/?locale=pt_BR\" \/>\n<meta property=\"article:published_time\" content=\"2026-03-11T22:09:33+00:00\" \/>\n<meta property=\"article:modified_time\" content=\"2026-03-11T22:09:38+00:00\" \/>\n<meta property=\"og:image\" content=\"http:\/\/sudoesteacontece.com.br\/wp-content\/uploads\/2026\/03\/649394869_1517127023752413_6515936525578186827_n.jpg\" \/>\n<meta name=\"author\" content=\"Washington Tiago\" \/>\n<meta name=\"twitter:card\" content=\"summary_large_image\" \/>\n<meta name=\"twitter:label1\" content=\"Escrito por\" \/>\n\t<meta name=\"twitter:data1\" content=\"Washington Tiago\" \/>\n\t<meta name=\"twitter:label2\" content=\"Est. tempo de leitura\" \/>\n\t<meta name=\"twitter:data2\" content=\"3 minutos\" \/>\n<script type=\"application\/ld+json\" class=\"yoast-schema-graph\">{\"@context\":\"https:\/\/schema.org\",\"@graph\":[{\"@type\":\"Article\",\"@id\":\"http:\/\/sudoesteacontece.com.br\/?p=9955#article\",\"isPartOf\":{\"@id\":\"http:\/\/sudoesteacontece.com.br\/?p=9955\"},\"author\":{\"name\":\"Washington Tiago\",\"@id\":\"https:\/\/sudoesteacontece.com.br\/#\/schema\/person\/3cf2cf009926a9683ebc29d5379fa79c\"},\"headline\":\"Alexandre Aleluia alerta: \u201cArrog\u00e2ncia do PT na Bahia anuncia a queda do sistema\u201d\",\"datePublished\":\"2026-03-11T22:09:33+00:00\",\"dateModified\":\"2026-03-11T22:09:38+00:00\",\"mainEntityOfPage\":{\"@id\":\"http:\/\/sudoesteacontece.com.br\/?p=9955\"},\"wordCount\":473,\"commentCount\":0,\"publisher\":{\"@id\":\"https:\/\/sudoesteacontece.com.br\/#organization\"},\"image\":{\"@id\":\"http:\/\/sudoesteacontece.com.br\/?p=9955#primaryimage\"},\"thumbnailUrl\":\"http:\/\/sudoesteacontece.com.br\/wp-content\/uploads\/2026\/03\/649394869_1517127023752413_6515936525578186827_n.jpg\",\"articleSection\":[\"Bahia\",\"Elei\u00e7\u00f5es 2026\",\"Pol\u00edtica\"],\"inLanguage\":\"pt-BR\",\"potentialAction\":[{\"@type\":\"CommentAction\",\"name\":\"Comment\",\"target\":[\"http:\/\/sudoesteacontece.com.br\/?p=9955#respond\"]}]},{\"@type\":\"WebPage\",\"@id\":\"http:\/\/sudoesteacontece.com.br\/?p=9955\",\"url\":\"http:\/\/sudoesteacontece.com.br\/?p=9955\",\"name\":\"Alexandre Aleluia alerta: \u201cArrog\u00e2ncia do PT na Bahia anuncia a queda do sistema\u201d - Sudoesteacontece\",\"isPartOf\":{\"@id\":\"https:\/\/sudoesteacontece.com.br\/#website\"},\"primaryImageOfPage\":{\"@id\":\"http:\/\/sudoesteacontece.com.br\/?p=9955#primaryimage\"},\"image\":{\"@id\":\"http:\/\/sudoesteacontece.com.br\/?p=9955#primaryimage\"},\"thumbnailUrl\":\"http:\/\/sudoesteacontece.com.br\/wp-content\/uploads\/2026\/03\/649394869_1517127023752413_6515936525578186827_n.jpg\",\"datePublished\":\"2026-03-11T22:09:33+00:00\",\"dateModified\":\"2026-03-11T22:09:38+00:00\",\"breadcrumb\":{\"@id\":\"http:\/\/sudoesteacontece.com.br\/?p=9955#breadcrumb\"},\"inLanguage\":\"pt-BR\",\"potentialAction\":[{\"@type\":\"ReadAction\",\"target\":[\"http:\/\/sudoesteacontece.com.br\/?p=9955\"]}]},{\"@type\":\"ImageObject\",\"inLanguage\":\"pt-BR\",\"@id\":\"http:\/\/sudoesteacontece.com.br\/?p=9955#primaryimage\",\"url\":\"https:\/\/sudoesteacontece.com.br\/wp-content\/uploads\/2026\/03\/649394869_1517127023752413_6515936525578186827_n.jpg\",\"contentUrl\":\"https:\/\/sudoesteacontece.com.br\/wp-content\/uploads\/2026\/03\/649394869_1517127023752413_6515936525578186827_n.jpg\",\"width\":720,\"height\":513},{\"@type\":\"BreadcrumbList\",\"@id\":\"http:\/\/sudoesteacontece.com.br\/?p=9955#breadcrumb\",\"itemListElement\":[{\"@type\":\"ListItem\",\"position\":1,\"name\":\"In\u00edcio\",\"item\":\"https:\/\/sudoesteacontece.com.br\/\"},{\"@type\":\"ListItem\",\"position\":2,\"name\":\"Alexandre Aleluia alerta: \u201cArrog\u00e2ncia do PT na Bahia anuncia a queda do sistema\u201d\"}]},{\"@type\":\"WebSite\",\"@id\":\"https:\/\/sudoesteacontece.com.br\/#website\",\"url\":\"https:\/\/sudoesteacontece.com.br\/\",\"name\":\"Sudoesteacontece\",\"description\":\"\",\"publisher\":{\"@id\":\"https:\/\/sudoesteacontece.com.br\/#organization\"},\"potentialAction\":[{\"@type\":\"SearchAction\",\"target\":{\"@type\":\"EntryPoint\",\"urlTemplate\":\"https:\/\/sudoesteacontece.com.br\/?s={search_term_string}\"},\"query-input\":{\"@type\":\"PropertyValueSpecification\",\"valueRequired\":true,\"valueName\":\"search_term_string\"}}],\"inLanguage\":\"pt-BR\"},{\"@type\":\"Organization\",\"@id\":\"https:\/\/sudoesteacontece.com.br\/#organization\",\"name\":\"Sudoesteacontece\",\"url\":\"https:\/\/sudoesteacontece.com.br\/\",\"logo\":{\"@type\":\"ImageObject\",\"inLanguage\":\"pt-BR\",\"@id\":\"https:\/\/sudoesteacontece.com.br\/#\/schema\/logo\/image\/\",\"url\":\"https:\/\/sudoesteacontece.com.br\/wp-content\/uploads\/2025\/12\/cropped-logo-2-180x180-1.png\",\"contentUrl\":\"https:\/\/sudoesteacontece.com.br\/wp-content\/uploads\/2025\/12\/cropped-logo-2-180x180-1.png\",\"width\":180,\"height\":180,\"caption\":\"Sudoesteacontece\"},\"image\":{\"@id\":\"https:\/\/sudoesteacontece.com.br\/#\/schema\/logo\/image\/\"},\"sameAs\":[\"https:\/\/www.facebook.com\/sudoesteacontece\/?locale=pt_BR\"]},{\"@type\":\"Person\",\"@id\":\"https:\/\/sudoesteacontece.com.br\/#\/schema\/person\/3cf2cf009926a9683ebc29d5379fa79c\",\"name\":\"Washington Tiago\",\"image\":{\"@type\":\"ImageObject\",\"inLanguage\":\"pt-BR\",\"@id\":\"https:\/\/sudoesteacontece.com.br\/#\/schema\/person\/image\/\",\"url\":\"https:\/\/secure.gravatar.com\/avatar\/33c43b8668157e040f9d1fe93c354bf087cbd8ba36270c1163198bd3ddcf2a56?s=96&d=mm&r=g\",\"contentUrl\":\"https:\/\/secure.gravatar.com\/avatar\/33c43b8668157e040f9d1fe93c354bf087cbd8ba36270c1163198bd3ddcf2a56?s=96&d=mm&r=g\",\"caption\":\"Washington Tiago\"},\"url\":\"https:\/\/sudoesteacontece.com.br\/?author=2\"}]}<\/script>\n<!-- \/ Yoast SEO plugin. -->","yoast_head_json":{"title":"Alexandre Aleluia alerta: \u201cArrog\u00e2ncia do PT na Bahia anuncia a queda do sistema\u201d - Sudoesteacontece","robots":{"index":"index","follow":"follow","max-snippet":"max-snippet:-1","max-image-preview":"max-image-preview:large","max-video-preview":"max-video-preview:-1"},"canonical":"http:\/\/sudoesteacontece.com.br\/?p=9955","og_locale":"pt_BR","og_type":"article","og_title":"Alexandre Aleluia alerta: \u201cArrog\u00e2ncia do PT na Bahia anuncia a queda do sistema\u201d - Sudoesteacontece","og_description":"Vereador Alexandre Aleluia (PL) assume presid\u00eancia da CCJ da C\u00e2mara de Salvador e detalha prioridades do Legislativo: Plano Municipal de Seguran\u00e7a P\u00fablica e novo Plano Diretor de Desenvolvimento Urbano (PDDU), que define a estrat\u00e9gia da cidade para a pr\u00f3xima d\u00e9cada. Ele promete debates amplos e participa\u00e7\u00e3o da sociedade civil em todas as etapas. Seguran\u00e7a e urbanismo ganham aten\u00e7\u00e3o imediata. Aleluia afirma que o PDDU ser\u00e1 enviado em maio e passar\u00e1 por audi\u00eancias p\u00fablicas, garantindo espa\u00e7o para \u00f3rg\u00e3os e cidad\u00e3os. Destaca mudan\u00e7as p\u00f3s-pandemia na din\u00e2mica urbana, mobilidade e formas de viver, fatores essenciais para atualizar o planejamento da capital baiana. Plano Municipal de Seguran\u00e7a tamb\u00e9m \u00e9 prioridade. Vereador avalia tramita\u00e7\u00e3o junto ao presidente da C\u00e2mara, podendo unificar comiss\u00f5es por urg\u00eancia e recursos federais. Ele garante tratamento igualit\u00e1rio a todos os projetos, mesmo sendo presidente da CCJ, refor\u00e7ando que normas e regras de tramita\u00e7\u00e3o ser\u00e3o cumpridas. Projeto de regulamenta\u00e7\u00e3o das praias, inspirado na experi\u00eancia do Porto da Barra, pode se expandir. Aleluia explica que a repercuss\u00e3o nas redes sociais impulsionou a proposta, permitindo que visitantes aproveitem a faixa de areia sem cobran\u00e7a obrigat\u00f3ria por cadeiras. Mat\u00e9ria seguir\u00e1 tramita\u00e7\u00e3o regular, com relator a ser designado em breve. Pr\u00e9-candidatura a deputado federal pelo Partido Novo est\u00e1 mantida. Aleluia defende liberdade de empreender, direito de propriedade e respeito \u00e0 cultura e religi\u00e3o. Destaca alinhamento com ideias do Novo e afirma que migra\u00e7\u00e3o depender\u00e1 de acordo interno com o PL na Bahia, liderado por Jo\u00e3o Roma, at\u00e9 o fim de mar\u00e7o. O vereador critica atua\u00e7\u00e3o do PL local, afirmando que a sigla pode estar \u201cfazendo a cama para eleger o sistema\u201d. Destaca que conservadores e liberais precisam se posicionar claramente para evitar se tornarem instrumento pol\u00edtico de manuten\u00e7\u00e3o do poder, e observa que desempenho recente do partido mostrou fragilidade eleitoral. Cen\u00e1rio estadual e nacional tamb\u00e9m \u00e9 analisado. Aleluia elogia governan\u00e7a de Romeu Zema (Novo) em Minas e afirma que pol\u00edtica \u00e9 vol\u00e1til: alian\u00e7as podem surgir, mas objetivo \u00e9 consolidar oposi\u00e7\u00e3o clara ao PT na Bahia. Ele define a chapa puro-sangue do partido no estado como \u201csinal de arrog\u00e2ncia\u201d e prev\u00ea ano emblem\u00e1tico para disputa pol\u00edtica. Cr\u00edticas ao PT refor\u00e7am tom de alerta. Aleluia aponta falhas em economia, seguran\u00e7a, educa\u00e7\u00e3o e sa\u00fade, dizendo que decad\u00eancia do modelo petista \u00e9 evidente. Afirma que dois ex-governadores e um governador buscando reelei\u00e7\u00e3o demonstram excesso de confian\u00e7a, e que a arrog\u00e2ncia do partido precede a queda, abrindo espa\u00e7o para renova\u00e7\u00e3o na Bahia.","og_url":"http:\/\/sudoesteacontece.com.br\/?p=9955","og_site_name":"Sudoesteacontece","article_publisher":"https:\/\/www.facebook.com\/sudoesteacontece\/?locale=pt_BR","article_published_time":"2026-03-11T22:09:33+00:00","article_modified_time":"2026-03-11T22:09:38+00:00","og_image":[{"url":"http:\/\/sudoesteacontece.com.br\/wp-content\/uploads\/2026\/03\/649394869_1517127023752413_6515936525578186827_n.jpg","type":"","width":"","height":""}],"author":"Washington Tiago","twitter_card":"summary_large_image","twitter_misc":{"Escrito por":"Washington Tiago","Est. tempo de leitura":"3 minutos"},"schema":{"@context":"https:\/\/schema.org","@graph":[{"@type":"Article","@id":"http:\/\/sudoesteacontece.com.br\/?p=9955#article","isPartOf":{"@id":"http:\/\/sudoesteacontece.com.br\/?p=9955"},"author":{"name":"Washington Tiago","@id":"https:\/\/sudoesteacontece.com.br\/#\/schema\/person\/3cf2cf009926a9683ebc29d5379fa79c"},"headline":"Alexandre Aleluia alerta: \u201cArrog\u00e2ncia do PT na Bahia anuncia a queda do sistema\u201d","datePublished":"2026-03-11T22:09:33+00:00","dateModified":"2026-03-11T22:09:38+00:00","mainEntityOfPage":{"@id":"http:\/\/sudoesteacontece.com.br\/?p=9955"},"wordCount":473,"commentCount":0,"publisher":{"@id":"https:\/\/sudoesteacontece.com.br\/#organization"},"image":{"@id":"http:\/\/sudoesteacontece.com.br\/?p=9955#primaryimage"},"thumbnailUrl":"http:\/\/sudoesteacontece.com.br\/wp-content\/uploads\/2026\/03\/649394869_1517127023752413_6515936525578186827_n.jpg","articleSection":["Bahia","Elei\u00e7\u00f5es 2026","Pol\u00edtica"],"inLanguage":"pt-BR","potentialAction":[{"@type":"CommentAction","name":"Comment","target":["http:\/\/sudoesteacontece.com.br\/?p=9955#respond"]}]},{"@type":"WebPage","@id":"http:\/\/sudoesteacontece.com.br\/?p=9955","url":"http:\/\/sudoesteacontece.com.br\/?p=9955","name":"Alexandre Aleluia alerta: \u201cArrog\u00e2ncia do PT na Bahia anuncia a queda do sistema\u201d - Sudoesteacontece","isPartOf":{"@id":"https:\/\/sudoesteacontece.com.br\/#website"},"primaryImageOfPage":{"@id":"http:\/\/sudoesteacontece.com.br\/?p=9955#primaryimage"},"image":{"@id":"http:\/\/sudoesteacontece.com.br\/?p=9955#primaryimage"},"thumbnailUrl":"http:\/\/sudoesteacontece.com.br\/wp-content\/uploads\/2026\/03\/649394869_1517127023752413_6515936525578186827_n.jpg","datePublished":"2026-03-11T22:09:33+00:00","dateModified":"2026-03-11T22:09:38+00:00","breadcrumb":{"@id":"http:\/\/sudoesteacontece.com.br\/?p=9955#breadcrumb"},"inLanguage":"pt-BR","potentialAction":[{"@type":"ReadAction","target":["http:\/\/sudoesteacontece.com.br\/?p=9955"]}]},{"@type":"ImageObject","inLanguage":"pt-BR","@id":"http:\/\/sudoesteacontece.com.br\/?p=9955#primaryimage","url":"https:\/\/sudoesteacontece.com.br\/wp-content\/uploads\/2026\/03\/649394869_1517127023752413_6515936525578186827_n.jpg","contentUrl":"https:\/\/sudoesteacontece.com.br\/wp-content\/uploads\/2026\/03\/649394869_1517127023752413_6515936525578186827_n.jpg","width":720,"height":513},{"@type":"BreadcrumbList","@id":"http:\/\/sudoesteacontece.com.br\/?p=9955#breadcrumb","itemListElement":[{"@type":"ListItem","position":1,"name":"In\u00edcio","item":"https:\/\/sudoesteacontece.com.br\/"},{"@type":"ListItem","position":2,"name":"Alexandre Aleluia alerta: \u201cArrog\u00e2ncia do PT na Bahia anuncia a queda do sistema\u201d"}]},{"@type":"WebSite","@id":"https:\/\/sudoesteacontece.com.br\/#website","url":"https:\/\/sudoesteacontece.com.br\/","name":"Sudoesteacontece","description":"","publisher":{"@id":"https:\/\/sudoesteacontece.com.br\/#organization"},"potentialAction":[{"@type":"SearchAction","target":{"@type":"EntryPoint","urlTemplate":"https:\/\/sudoesteacontece.com.br\/?s={search_term_string}"},"query-input":{"@type":"PropertyValueSpecification","valueRequired":true,"valueName":"search_term_string"}}],"inLanguage":"pt-BR"},{"@type":"Organization","@id":"https:\/\/sudoesteacontece.com.br\/#organization","name":"Sudoesteacontece","url":"https:\/\/sudoesteacontece.com.br\/","logo":{"@type":"ImageObject","inLanguage":"pt-BR","@id":"https:\/\/sudoesteacontece.com.br\/#\/schema\/logo\/image\/","url":"https:\/\/sudoesteacontece.com.br\/wp-content\/uploads\/2025\/12\/cropped-logo-2-180x180-1.png","contentUrl":"https:\/\/sudoesteacontece.com.br\/wp-content\/uploads\/2025\/12\/cropped-logo-2-180x180-1.png","width":180,"height":180,"caption":"Sudoesteacontece"},"image":{"@id":"https:\/\/sudoesteacontece.com.br\/#\/schema\/logo\/image\/"},"sameAs":["https:\/\/www.facebook.com\/sudoesteacontece\/?locale=pt_BR"]},{"@type":"Person","@id":"https:\/\/sudoesteacontece.com.br\/#\/schema\/person\/3cf2cf009926a9683ebc29d5379fa79c","name":"Washington Tiago","image":{"@type":"ImageObject","inLanguage":"pt-BR","@id":"https:\/\/sudoesteacontece.com.br\/#\/schema\/person\/image\/","url":"https:\/\/secure.gravatar.com\/avatar\/33c43b8668157e040f9d1fe93c354bf087cbd8ba36270c1163198bd3ddcf2a56?s=96&d=mm&r=g","contentUrl":"https:\/\/secure.gravatar.com\/avatar\/33c43b8668157e040f9d1fe93c354bf087cbd8ba36270c1163198bd3ddcf2a56?s=96&d=mm&r=g","caption":"Washington Tiago"},"url":"https:\/\/sudoesteacontece.com.br\/?author=2"}]}},"_links":{"self":[{"href":"https:\/\/sudoesteacontece.com.br\/index.php?rest_route=\/wp\/v2\/posts\/9955","targetHints":{"allow":["GET"]}}],"collection":[{"href":"https:\/\/sudoesteacontece.com.br\/index.php?rest_route=\/wp\/v2\/posts"}],"about":[{"href":"https:\/\/sudoesteacontece.com.br\/index.php?rest_route=\/wp\/v2\/types\/post"}],"author":[{"embeddable":true,"href":"https:\/\/sudoesteacontece.com.br\/index.php?rest_route=\/wp\/v2\/users\/2"}],"replies":[{"embeddable":true,"href":"https:\/\/sudoesteacontece.com.br\/index.php?rest_route=%2Fwp%2Fv2%2Fcomments&post=9955"}],"version-history":[{"count":0,"href":"https:\/\/sudoesteacontece.com.br\/index.php?rest_route=\/wp\/v2\/posts\/9955\/revisions"}],"wp:attachment":[{"href":"https:\/\/sudoesteacontece.com.br\/index.php?rest_route=%2Fwp%2Fv2%2Fmedia&parent=9955"}],"wp:term":[{"taxonomy":"category","embeddable":true,"href":"https:\/\/sudoesteacontece.com.br\/index.php?rest_route=%2Fwp%2Fv2%2Fcategories&post=9955"},{"taxonomy":"post_tag","embeddable":true,"href":"https:\/\/sudoesteacontece.com.br\/index.php?rest_route=%2Fwp%2Fv2%2Ftags&post=9955"}],"curies":[{"name":"wp","href":"https:\/\/api.w.org\/{rel}","templated":true}]}}