{"id":9957,"date":"2026-03-11T19:11:17","date_gmt":"2026-03-11T22:11:17","guid":{"rendered":"https:\/\/sudoesteacontece.com.br\/?p=9957"},"modified":"2026-03-11T19:11:22","modified_gmt":"2026-03-11T22:11:22","slug":"suspeito-confessa-furto-de-motocicleta-e-acaba-preso-em-caetite","status":"publish","type":"post","link":"https:\/\/sudoesteacontece.com.br\/?p=9957","title":{"rendered":"Suspeito Confessa Furto de Motocicleta e Acaba Preso em Caetit\u00e9"},"content":{"rendered":"<div class=\"wp-block-image\">\n<figure class=\"aligncenter size-full\"><img fetchpriority=\"high\" decoding=\"async\" width=\"900\" height=\"600\" src=\"http:\/\/sudoesteacontece.com.br\/wp-content\/uploads\/2026\/03\/Novo-Projeto-11.jpg\" alt=\"\" class=\"wp-image-10002\" srcset=\"https:\/\/sudoesteacontece.com.br\/wp-content\/uploads\/2026\/03\/Novo-Projeto-11.jpg 900w, https:\/\/sudoesteacontece.com.br\/wp-content\/uploads\/2026\/03\/Novo-Projeto-11-300x200.jpg 300w, https:\/\/sudoesteacontece.com.br\/wp-content\/uploads\/2026\/03\/Novo-Projeto-11-768x512.jpg 768w\" sizes=\"(max-width: 900px) 100vw, 900px\" \/><\/figure>\n<\/div>\n\n\n<p>Pol\u00edcia agiu r\u00e1pido ap\u00f3s den\u00fancia de furto de uma motocicleta Honda CG 125 Titan azul, ocorrida na tarde desta ter\u00e7a-feira (10) na Avenida Olimar Oliveira, em Caetit\u00e9. A a\u00e7\u00e3o mobilizou a Pol\u00edcia Militar que chegou ao local por volta das 15h30.<\/p>\n\n\n\n<p>V\u00edtima indicou suspeito pr\u00f3ximo a uma lanchonete, permitindo que a guarni\u00e7\u00e3o localizasse o indiv\u00edduo nas proximidades. Durante abordagem, o homem confessou ter cometido o furto e revelou que entregou a moto a outras duas pessoas n\u00e3o identificadas.<\/p>\n\n\n\n<p>Suspeito e v\u00edtima foram levados \u00e0 delegacia, onde a Delegacia Territorial de Caetit\u00e9 adotou as medidas legais cab\u00edveis. A a\u00e7\u00e3o refor\u00e7a o combate a crimes de furto e a agilidade da pol\u00edcia em atender ocorr\u00eancias urbanas, garantindo seguran\u00e7a \u00e0 popula\u00e7\u00e3o local.<\/p>\n\n\n\n<p>Moradores acompanham apreens\u00e3o com aten\u00e7\u00e3o, enquanto autoridades refor\u00e7am a necessidade de den\u00fancias imediatas para auxiliar na recupera\u00e7\u00e3o de ve\u00edculos furtados e na responsabiliza\u00e7\u00e3o dos envolvidos.<\/p>\n\n\n\n<p>Opera\u00e7\u00e3o refor\u00e7a seguran\u00e7a na regi\u00e3o central da cidade, mostrando a efici\u00eancia das dilig\u00eancias realizadas pela Pol\u00edcia Militar e a coopera\u00e7\u00e3o da comunidade para identificar e deter suspeitos de crimes.<\/p>\n\n\n\n<p>Casos de furto de motocicletas seguem em alerta, incentivando motoristas e propriet\u00e1rios de ve\u00edculos a adotarem cuidados extras, como travas e monitoramento, para evitar situa\u00e7\u00f5es semelhantes.<\/p>\n\n\n\n<p>Delegacia segue investigando o caso, buscando localizar as outras duas pessoas envolvidas no crime e garantir que todos os respons\u00e1veis sejam identificados e responsabilizados dentro da lei.<\/p>\n\n\n\n<p>Comunidade espera por justi\u00e7a r\u00e1pida, enquanto o suspeito permanece sob cust\u00f3dia, refor\u00e7ando a confian\u00e7a na atua\u00e7\u00e3o da Pol\u00edcia Militar e na resposta r\u00e1pida da Delegacia Territorial de Caetit\u00e9.<\/p>\n","protected":false},"excerpt":{"rendered":"<p>Pol\u00edcia agiu r\u00e1pido ap\u00f3s den\u00fancia de furto de uma motocicleta Honda CG 125 Titan azul, ocorrida na tarde desta ter\u00e7a-feira (10) na Avenida Olimar Oliveira, em Caetit\u00e9. A a\u00e7\u00e3o mobilizou a Pol\u00edcia Militar que chegou ao local por volta das 15h30. V\u00edtima indicou suspeito pr\u00f3ximo a uma lanchonete, permitindo que a guarni\u00e7\u00e3o localizasse o indiv\u00edduo nas proximidades. Durante abordagem, o homem confessou ter cometido o furto e revelou que entregou a moto a outras duas pessoas n\u00e3o identificadas. Suspeito e v\u00edtima foram levados \u00e0 delegacia, onde a Delegacia Territorial de Caetit\u00e9 adotou as medidas legais cab\u00edveis. A a\u00e7\u00e3o refor\u00e7a o combate a crimes de furto e a agilidade da pol\u00edcia em atender ocorr\u00eancias urbanas, garantindo seguran\u00e7a \u00e0 popula\u00e7\u00e3o local. Moradores acompanham apreens\u00e3o com aten\u00e7\u00e3o, enquanto autoridades refor\u00e7am a necessidade de den\u00fancias imediatas para auxiliar na recupera\u00e7\u00e3o de ve\u00edculos furtados e na responsabiliza\u00e7\u00e3o dos envolvidos. Opera\u00e7\u00e3o refor\u00e7a seguran\u00e7a na regi\u00e3o central da cidade, mostrando a efici\u00eancia das dilig\u00eancias realizadas pela Pol\u00edcia Militar e a coopera\u00e7\u00e3o da comunidade para identificar e deter suspeitos de crimes. Casos de furto de motocicletas seguem em alerta, incentivando motoristas e propriet\u00e1rios de ve\u00edculos a adotarem cuidados extras, como travas e monitoramento, para evitar situa\u00e7\u00f5es semelhantes. Delegacia segue investigando o caso, buscando localizar as outras duas pessoas envolvidas no crime e garantir que todos os respons\u00e1veis sejam identificados e responsabilizados dentro da lei. Comunidade espera por justi\u00e7a r\u00e1pida, enquanto o suspeito permanece sob cust\u00f3dia, refor\u00e7ando a confian\u00e7a na atua\u00e7\u00e3o da Pol\u00edcia Militar e na resposta r\u00e1pida da Delegacia Territorial de Caetit\u00e9.<\/p>\n","protected":false},"author":2,"featured_media":0,"comment_status":"open","ping_status":"open","sticky":false,"template":"","format":"standard","meta":{"footnotes":""},"categories":[49,3],"tags":[],"class_list":["post-9957","post","type-post","status-publish","format-standard","hentry","category-caetite","category-policia"],"yoast_head":"<!-- This site is optimized with the Yoast SEO plugin v26.5 - https:\/\/yoast.com\/wordpress\/plugins\/seo\/ -->\n<title>Suspeito Confessa Furto de Motocicleta e Acaba Preso em Caetit\u00e9 - Sudoesteacontece<\/title>\n<meta name=\"robots\" content=\"index, follow, max-snippet:-1, max-image-preview:large, max-video-preview:-1\" \/>\n<link rel=\"canonical\" href=\"http:\/\/sudoesteacontece.com.br\/?p=9957\" \/>\n<meta property=\"og:locale\" content=\"pt_BR\" \/>\n<meta property=\"og:type\" content=\"article\" \/>\n<meta property=\"og:title\" content=\"Suspeito Confessa Furto de Motocicleta e Acaba Preso em Caetit\u00e9 - Sudoesteacontece\" \/>\n<meta property=\"og:description\" content=\"Pol\u00edcia agiu r\u00e1pido ap\u00f3s den\u00fancia de furto de uma motocicleta Honda CG 125 Titan azul, ocorrida na tarde desta ter\u00e7a-feira (10) na Avenida Olimar Oliveira, em Caetit\u00e9. A a\u00e7\u00e3o mobilizou a Pol\u00edcia Militar que chegou ao local por volta das 15h30. V\u00edtima indicou suspeito pr\u00f3ximo a uma lanchonete, permitindo que a guarni\u00e7\u00e3o localizasse o indiv\u00edduo nas proximidades. Durante abordagem, o homem confessou ter cometido o furto e revelou que entregou a moto a outras duas pessoas n\u00e3o identificadas. Suspeito e v\u00edtima foram levados \u00e0 delegacia, onde a Delegacia Territorial de Caetit\u00e9 adotou as medidas legais cab\u00edveis. A a\u00e7\u00e3o refor\u00e7a o combate a crimes de furto e a agilidade da pol\u00edcia em atender ocorr\u00eancias urbanas, garantindo seguran\u00e7a \u00e0 popula\u00e7\u00e3o local. Moradores acompanham apreens\u00e3o com aten\u00e7\u00e3o, enquanto autoridades refor\u00e7am a necessidade de den\u00fancias imediatas para auxiliar na recupera\u00e7\u00e3o de ve\u00edculos furtados e na responsabiliza\u00e7\u00e3o dos envolvidos. Opera\u00e7\u00e3o refor\u00e7a seguran\u00e7a na regi\u00e3o central da cidade, mostrando a efici\u00eancia das dilig\u00eancias realizadas pela Pol\u00edcia Militar e a coopera\u00e7\u00e3o da comunidade para identificar e deter suspeitos de crimes. Casos de furto de motocicletas seguem em alerta, incentivando motoristas e propriet\u00e1rios de ve\u00edculos a adotarem cuidados extras, como travas e monitoramento, para evitar situa\u00e7\u00f5es semelhantes. Delegacia segue investigando o caso, buscando localizar as outras duas pessoas envolvidas no crime e garantir que todos os respons\u00e1veis sejam identificados e responsabilizados dentro da lei. Comunidade espera por justi\u00e7a r\u00e1pida, enquanto o suspeito permanece sob cust\u00f3dia, refor\u00e7ando a confian\u00e7a na atua\u00e7\u00e3o da Pol\u00edcia Militar e na resposta r\u00e1pida da Delegacia Territorial de Caetit\u00e9.\" \/>\n<meta property=\"og:url\" content=\"http:\/\/sudoesteacontece.com.br\/?p=9957\" \/>\n<meta property=\"og:site_name\" content=\"Sudoesteacontece\" \/>\n<meta property=\"article:publisher\" content=\"https:\/\/www.facebook.com\/sudoesteacontece\/?locale=pt_BR\" \/>\n<meta property=\"article:published_time\" content=\"2026-03-11T22:11:17+00:00\" \/>\n<meta property=\"article:modified_time\" content=\"2026-03-11T22:11:22+00:00\" \/>\n<meta property=\"og:image\" content=\"http:\/\/sudoesteacontece.com.br\/wp-content\/uploads\/2026\/03\/Novo-Projeto-11.jpg\" \/>\n<meta name=\"author\" content=\"Washington Tiago\" \/>\n<meta name=\"twitter:card\" content=\"summary_large_image\" \/>\n<meta name=\"twitter:label1\" content=\"Escrito por\" \/>\n\t<meta name=\"twitter:data1\" content=\"Washington Tiago\" \/>\n\t<meta name=\"twitter:label2\" content=\"Est. tempo de leitura\" \/>\n\t<meta name=\"twitter:data2\" content=\"2 minutos\" \/>\n<script type=\"application\/ld+json\" class=\"yoast-schema-graph\">{\"@context\":\"https:\/\/schema.org\",\"@graph\":[{\"@type\":\"Article\",\"@id\":\"http:\/\/sudoesteacontece.com.br\/?p=9957#article\",\"isPartOf\":{\"@id\":\"http:\/\/sudoesteacontece.com.br\/?p=9957\"},\"author\":{\"name\":\"Washington Tiago\",\"@id\":\"https:\/\/sudoesteacontece.com.br\/#\/schema\/person\/3cf2cf009926a9683ebc29d5379fa79c\"},\"headline\":\"Suspeito Confessa Furto de Motocicleta e Acaba Preso em Caetit\u00e9\",\"datePublished\":\"2026-03-11T22:11:17+00:00\",\"dateModified\":\"2026-03-11T22:11:22+00:00\",\"mainEntityOfPage\":{\"@id\":\"http:\/\/sudoesteacontece.com.br\/?p=9957\"},\"wordCount\":307,\"commentCount\":0,\"publisher\":{\"@id\":\"https:\/\/sudoesteacontece.com.br\/#organization\"},\"image\":{\"@id\":\"http:\/\/sudoesteacontece.com.br\/?p=9957#primaryimage\"},\"thumbnailUrl\":\"http:\/\/sudoesteacontece.com.br\/wp-content\/uploads\/2026\/03\/Novo-Projeto-11.jpg\",\"articleSection\":[\"Caetit\u00e9\",\"Pol\u00edcia\"],\"inLanguage\":\"pt-BR\",\"potentialAction\":[{\"@type\":\"CommentAction\",\"name\":\"Comment\",\"target\":[\"http:\/\/sudoesteacontece.com.br\/?p=9957#respond\"]}]},{\"@type\":\"WebPage\",\"@id\":\"http:\/\/sudoesteacontece.com.br\/?p=9957\",\"url\":\"http:\/\/sudoesteacontece.com.br\/?p=9957\",\"name\":\"Suspeito Confessa Furto de Motocicleta e Acaba Preso em Caetit\u00e9 - Sudoesteacontece\",\"isPartOf\":{\"@id\":\"https:\/\/sudoesteacontece.com.br\/#website\"},\"primaryImageOfPage\":{\"@id\":\"http:\/\/sudoesteacontece.com.br\/?p=9957#primaryimage\"},\"image\":{\"@id\":\"http:\/\/sudoesteacontece.com.br\/?p=9957#primaryimage\"},\"thumbnailUrl\":\"http:\/\/sudoesteacontece.com.br\/wp-content\/uploads\/2026\/03\/Novo-Projeto-11.jpg\",\"datePublished\":\"2026-03-11T22:11:17+00:00\",\"dateModified\":\"2026-03-11T22:11:22+00:00\",\"breadcrumb\":{\"@id\":\"http:\/\/sudoesteacontece.com.br\/?p=9957#breadcrumb\"},\"inLanguage\":\"pt-BR\",\"potentialAction\":[{\"@type\":\"ReadAction\",\"target\":[\"http:\/\/sudoesteacontece.com.br\/?p=9957\"]}]},{\"@type\":\"ImageObject\",\"inLanguage\":\"pt-BR\",\"@id\":\"http:\/\/sudoesteacontece.com.br\/?p=9957#primaryimage\",\"url\":\"https:\/\/sudoesteacontece.com.br\/wp-content\/uploads\/2026\/03\/Novo-Projeto-11.jpg\",\"contentUrl\":\"https:\/\/sudoesteacontece.com.br\/wp-content\/uploads\/2026\/03\/Novo-Projeto-11.jpg\",\"width\":900,\"height\":600},{\"@type\":\"BreadcrumbList\",\"@id\":\"http:\/\/sudoesteacontece.com.br\/?p=9957#breadcrumb\",\"itemListElement\":[{\"@type\":\"ListItem\",\"position\":1,\"name\":\"In\u00edcio\",\"item\":\"https:\/\/sudoesteacontece.com.br\/\"},{\"@type\":\"ListItem\",\"position\":2,\"name\":\"Suspeito Confessa Furto de Motocicleta e Acaba Preso em Caetit\u00e9\"}]},{\"@type\":\"WebSite\",\"@id\":\"https:\/\/sudoesteacontece.com.br\/#website\",\"url\":\"https:\/\/sudoesteacontece.com.br\/\",\"name\":\"Sudoesteacontece\",\"description\":\"\",\"publisher\":{\"@id\":\"https:\/\/sudoesteacontece.com.br\/#organization\"},\"potentialAction\":[{\"@type\":\"SearchAction\",\"target\":{\"@type\":\"EntryPoint\",\"urlTemplate\":\"https:\/\/sudoesteacontece.com.br\/?s={search_term_string}\"},\"query-input\":{\"@type\":\"PropertyValueSpecification\",\"valueRequired\":true,\"valueName\":\"search_term_string\"}}],\"inLanguage\":\"pt-BR\"},{\"@type\":\"Organization\",\"@id\":\"https:\/\/sudoesteacontece.com.br\/#organization\",\"name\":\"Sudoesteacontece\",\"url\":\"https:\/\/sudoesteacontece.com.br\/\",\"logo\":{\"@type\":\"ImageObject\",\"inLanguage\":\"pt-BR\",\"@id\":\"https:\/\/sudoesteacontece.com.br\/#\/schema\/logo\/image\/\",\"url\":\"https:\/\/sudoesteacontece.com.br\/wp-content\/uploads\/2025\/12\/cropped-logo-2-180x180-1.png\",\"contentUrl\":\"https:\/\/sudoesteacontece.com.br\/wp-content\/uploads\/2025\/12\/cropped-logo-2-180x180-1.png\",\"width\":180,\"height\":180,\"caption\":\"Sudoesteacontece\"},\"image\":{\"@id\":\"https:\/\/sudoesteacontece.com.br\/#\/schema\/logo\/image\/\"},\"sameAs\":[\"https:\/\/www.facebook.com\/sudoesteacontece\/?locale=pt_BR\"]},{\"@type\":\"Person\",\"@id\":\"https:\/\/sudoesteacontece.com.br\/#\/schema\/person\/3cf2cf009926a9683ebc29d5379fa79c\",\"name\":\"Washington Tiago\",\"image\":{\"@type\":\"ImageObject\",\"inLanguage\":\"pt-BR\",\"@id\":\"https:\/\/sudoesteacontece.com.br\/#\/schema\/person\/image\/\",\"url\":\"https:\/\/secure.gravatar.com\/avatar\/33c43b8668157e040f9d1fe93c354bf087cbd8ba36270c1163198bd3ddcf2a56?s=96&d=mm&r=g\",\"contentUrl\":\"https:\/\/secure.gravatar.com\/avatar\/33c43b8668157e040f9d1fe93c354bf087cbd8ba36270c1163198bd3ddcf2a56?s=96&d=mm&r=g\",\"caption\":\"Washington Tiago\"},\"url\":\"https:\/\/sudoesteacontece.com.br\/?author=2\"}]}<\/script>\n<!-- \/ Yoast SEO plugin. -->","yoast_head_json":{"title":"Suspeito Confessa Furto de Motocicleta e Acaba Preso em Caetit\u00e9 - Sudoesteacontece","robots":{"index":"index","follow":"follow","max-snippet":"max-snippet:-1","max-image-preview":"max-image-preview:large","max-video-preview":"max-video-preview:-1"},"canonical":"http:\/\/sudoesteacontece.com.br\/?p=9957","og_locale":"pt_BR","og_type":"article","og_title":"Suspeito Confessa Furto de Motocicleta e Acaba Preso em Caetit\u00e9 - Sudoesteacontece","og_description":"Pol\u00edcia agiu r\u00e1pido ap\u00f3s den\u00fancia de furto de uma motocicleta Honda CG 125 Titan azul, ocorrida na tarde desta ter\u00e7a-feira (10) na Avenida Olimar Oliveira, em Caetit\u00e9. A a\u00e7\u00e3o mobilizou a Pol\u00edcia Militar que chegou ao local por volta das 15h30. V\u00edtima indicou suspeito pr\u00f3ximo a uma lanchonete, permitindo que a guarni\u00e7\u00e3o localizasse o indiv\u00edduo nas proximidades. Durante abordagem, o homem confessou ter cometido o furto e revelou que entregou a moto a outras duas pessoas n\u00e3o identificadas. Suspeito e v\u00edtima foram levados \u00e0 delegacia, onde a Delegacia Territorial de Caetit\u00e9 adotou as medidas legais cab\u00edveis. A a\u00e7\u00e3o refor\u00e7a o combate a crimes de furto e a agilidade da pol\u00edcia em atender ocorr\u00eancias urbanas, garantindo seguran\u00e7a \u00e0 popula\u00e7\u00e3o local. Moradores acompanham apreens\u00e3o com aten\u00e7\u00e3o, enquanto autoridades refor\u00e7am a necessidade de den\u00fancias imediatas para auxiliar na recupera\u00e7\u00e3o de ve\u00edculos furtados e na responsabiliza\u00e7\u00e3o dos envolvidos. Opera\u00e7\u00e3o refor\u00e7a seguran\u00e7a na regi\u00e3o central da cidade, mostrando a efici\u00eancia das dilig\u00eancias realizadas pela Pol\u00edcia Militar e a coopera\u00e7\u00e3o da comunidade para identificar e deter suspeitos de crimes. Casos de furto de motocicletas seguem em alerta, incentivando motoristas e propriet\u00e1rios de ve\u00edculos a adotarem cuidados extras, como travas e monitoramento, para evitar situa\u00e7\u00f5es semelhantes. Delegacia segue investigando o caso, buscando localizar as outras duas pessoas envolvidas no crime e garantir que todos os respons\u00e1veis sejam identificados e responsabilizados dentro da lei. Comunidade espera por justi\u00e7a r\u00e1pida, enquanto o suspeito permanece sob cust\u00f3dia, refor\u00e7ando a confian\u00e7a na atua\u00e7\u00e3o da Pol\u00edcia Militar e na resposta r\u00e1pida da Delegacia Territorial de Caetit\u00e9.","og_url":"http:\/\/sudoesteacontece.com.br\/?p=9957","og_site_name":"Sudoesteacontece","article_publisher":"https:\/\/www.facebook.com\/sudoesteacontece\/?locale=pt_BR","article_published_time":"2026-03-11T22:11:17+00:00","article_modified_time":"2026-03-11T22:11:22+00:00","og_image":[{"url":"http:\/\/sudoesteacontece.com.br\/wp-content\/uploads\/2026\/03\/Novo-Projeto-11.jpg","type":"","width":"","height":""}],"author":"Washington Tiago","twitter_card":"summary_large_image","twitter_misc":{"Escrito por":"Washington Tiago","Est. tempo de leitura":"2 minutos"},"schema":{"@context":"https:\/\/schema.org","@graph":[{"@type":"Article","@id":"http:\/\/sudoesteacontece.com.br\/?p=9957#article","isPartOf":{"@id":"http:\/\/sudoesteacontece.com.br\/?p=9957"},"author":{"name":"Washington Tiago","@id":"https:\/\/sudoesteacontece.com.br\/#\/schema\/person\/3cf2cf009926a9683ebc29d5379fa79c"},"headline":"Suspeito Confessa Furto de Motocicleta e Acaba Preso em Caetit\u00e9","datePublished":"2026-03-11T22:11:17+00:00","dateModified":"2026-03-11T22:11:22+00:00","mainEntityOfPage":{"@id":"http:\/\/sudoesteacontece.com.br\/?p=9957"},"wordCount":307,"commentCount":0,"publisher":{"@id":"https:\/\/sudoesteacontece.com.br\/#organization"},"image":{"@id":"http:\/\/sudoesteacontece.com.br\/?p=9957#primaryimage"},"thumbnailUrl":"http:\/\/sudoesteacontece.com.br\/wp-content\/uploads\/2026\/03\/Novo-Projeto-11.jpg","articleSection":["Caetit\u00e9","Pol\u00edcia"],"inLanguage":"pt-BR","potentialAction":[{"@type":"CommentAction","name":"Comment","target":["http:\/\/sudoesteacontece.com.br\/?p=9957#respond"]}]},{"@type":"WebPage","@id":"http:\/\/sudoesteacontece.com.br\/?p=9957","url":"http:\/\/sudoesteacontece.com.br\/?p=9957","name":"Suspeito Confessa Furto de Motocicleta e Acaba Preso em Caetit\u00e9 - Sudoesteacontece","isPartOf":{"@id":"https:\/\/sudoesteacontece.com.br\/#website"},"primaryImageOfPage":{"@id":"http:\/\/sudoesteacontece.com.br\/?p=9957#primaryimage"},"image":{"@id":"http:\/\/sudoesteacontece.com.br\/?p=9957#primaryimage"},"thumbnailUrl":"http:\/\/sudoesteacontece.com.br\/wp-content\/uploads\/2026\/03\/Novo-Projeto-11.jpg","datePublished":"2026-03-11T22:11:17+00:00","dateModified":"2026-03-11T22:11:22+00:00","breadcrumb":{"@id":"http:\/\/sudoesteacontece.com.br\/?p=9957#breadcrumb"},"inLanguage":"pt-BR","potentialAction":[{"@type":"ReadAction","target":["http:\/\/sudoesteacontece.com.br\/?p=9957"]}]},{"@type":"ImageObject","inLanguage":"pt-BR","@id":"http:\/\/sudoesteacontece.com.br\/?p=9957#primaryimage","url":"https:\/\/sudoesteacontece.com.br\/wp-content\/uploads\/2026\/03\/Novo-Projeto-11.jpg","contentUrl":"https:\/\/sudoesteacontece.com.br\/wp-content\/uploads\/2026\/03\/Novo-Projeto-11.jpg","width":900,"height":600},{"@type":"BreadcrumbList","@id":"http:\/\/sudoesteacontece.com.br\/?p=9957#breadcrumb","itemListElement":[{"@type":"ListItem","position":1,"name":"In\u00edcio","item":"https:\/\/sudoesteacontece.com.br\/"},{"@type":"ListItem","position":2,"name":"Suspeito Confessa Furto de Motocicleta e Acaba Preso em Caetit\u00e9"}]},{"@type":"WebSite","@id":"https:\/\/sudoesteacontece.com.br\/#website","url":"https:\/\/sudoesteacontece.com.br\/","name":"Sudoesteacontece","description":"","publisher":{"@id":"https:\/\/sudoesteacontece.com.br\/#organization"},"potentialAction":[{"@type":"SearchAction","target":{"@type":"EntryPoint","urlTemplate":"https:\/\/sudoesteacontece.com.br\/?s={search_term_string}"},"query-input":{"@type":"PropertyValueSpecification","valueRequired":true,"valueName":"search_term_string"}}],"inLanguage":"pt-BR"},{"@type":"Organization","@id":"https:\/\/sudoesteacontece.com.br\/#organization","name":"Sudoesteacontece","url":"https:\/\/sudoesteacontece.com.br\/","logo":{"@type":"ImageObject","inLanguage":"pt-BR","@id":"https:\/\/sudoesteacontece.com.br\/#\/schema\/logo\/image\/","url":"https:\/\/sudoesteacontece.com.br\/wp-content\/uploads\/2025\/12\/cropped-logo-2-180x180-1.png","contentUrl":"https:\/\/sudoesteacontece.com.br\/wp-content\/uploads\/2025\/12\/cropped-logo-2-180x180-1.png","width":180,"height":180,"caption":"Sudoesteacontece"},"image":{"@id":"https:\/\/sudoesteacontece.com.br\/#\/schema\/logo\/image\/"},"sameAs":["https:\/\/www.facebook.com\/sudoesteacontece\/?locale=pt_BR"]},{"@type":"Person","@id":"https:\/\/sudoesteacontece.com.br\/#\/schema\/person\/3cf2cf009926a9683ebc29d5379fa79c","name":"Washington Tiago","image":{"@type":"ImageObject","inLanguage":"pt-BR","@id":"https:\/\/sudoesteacontece.com.br\/#\/schema\/person\/image\/","url":"https:\/\/secure.gravatar.com\/avatar\/33c43b8668157e040f9d1fe93c354bf087cbd8ba36270c1163198bd3ddcf2a56?s=96&d=mm&r=g","contentUrl":"https:\/\/secure.gravatar.com\/avatar\/33c43b8668157e040f9d1fe93c354bf087cbd8ba36270c1163198bd3ddcf2a56?s=96&d=mm&r=g","caption":"Washington Tiago"},"url":"https:\/\/sudoesteacontece.com.br\/?author=2"}]}},"_links":{"self":[{"href":"https:\/\/sudoesteacontece.com.br\/index.php?rest_route=\/wp\/v2\/posts\/9957","targetHints":{"allow":["GET"]}}],"collection":[{"href":"https:\/\/sudoesteacontece.com.br\/index.php?rest_route=\/wp\/v2\/posts"}],"about":[{"href":"https:\/\/sudoesteacontece.com.br\/index.php?rest_route=\/wp\/v2\/types\/post"}],"author":[{"embeddable":true,"href":"https:\/\/sudoesteacontece.com.br\/index.php?rest_route=\/wp\/v2\/users\/2"}],"replies":[{"embeddable":true,"href":"https:\/\/sudoesteacontece.com.br\/index.php?rest_route=%2Fwp%2Fv2%2Fcomments&post=9957"}],"version-history":[{"count":0,"href":"https:\/\/sudoesteacontece.com.br\/index.php?rest_route=\/wp\/v2\/posts\/9957\/revisions"}],"wp:attachment":[{"href":"https:\/\/sudoesteacontece.com.br\/index.php?rest_route=%2Fwp%2Fv2%2Fmedia&parent=9957"}],"wp:term":[{"taxonomy":"category","embeddable":true,"href":"https:\/\/sudoesteacontece.com.br\/index.php?rest_route=%2Fwp%2Fv2%2Fcategories&post=9957"},{"taxonomy":"post_tag","embeddable":true,"href":"https:\/\/sudoesteacontece.com.br\/index.php?rest_route=%2Fwp%2Fv2%2Ftags&post=9957"}],"curies":[{"name":"wp","href":"https:\/\/api.w.org\/{rel}","templated":true}]}}