{"id":9959,"date":"2026-03-11T19:12:35","date_gmt":"2026-03-11T22:12:35","guid":{"rendered":"https:\/\/sudoesteacontece.com.br\/?p=9959"},"modified":"2026-03-11T19:12:40","modified_gmt":"2026-03-11T22:12:40","slug":"internacao-as-pressas-carlos-alberto-de-nobrega-cancela-festa-de-90-anos-por-pneumonia","status":"publish","type":"post","link":"https:\/\/sudoesteacontece.com.br\/?p=9959","title":{"rendered":"Interna\u00e7\u00e3o \u00e0s pressas: Carlos Alberto de N\u00f3brega cancela festa de 90 anos por pneumonia"},"content":{"rendered":"<div class=\"wp-block-image\">\n<figure class=\"aligncenter size-full\"><img fetchpriority=\"high\" decoding=\"async\" width=\"900\" height=\"600\" src=\"http:\/\/sudoesteacontece.com.br\/wp-content\/uploads\/2026\/03\/Novo-Projeto-12.jpg\" alt=\"\" class=\"wp-image-10004\" srcset=\"https:\/\/sudoesteacontece.com.br\/wp-content\/uploads\/2026\/03\/Novo-Projeto-12.jpg 900w, https:\/\/sudoesteacontece.com.br\/wp-content\/uploads\/2026\/03\/Novo-Projeto-12-300x200.jpg 300w, https:\/\/sudoesteacontece.com.br\/wp-content\/uploads\/2026\/03\/Novo-Projeto-12-768x512.jpg 768w\" sizes=\"(max-width: 900px) 100vw, 900px\" \/><\/figure>\n<\/div>\n\n\n<p>Hospitaliza\u00e7\u00e3o surpreendeu f\u00e3s de Carlos Alberto de N\u00f3brega no \u00faltimo domingo, ap\u00f3s diagn\u00f3stico de infec\u00e7\u00e3o respirat\u00f3ria. A fam\u00edlia decidiu suspender a festa de 90 anos do humorista, que seria celebrada com jantar especial reunindo amigos e parentes, mantendo a sa\u00fade do apresentador como prioridade.<\/p>\n\n\n\n<p>Preocupa\u00e7\u00e3o marcou os familiares. O diretor Marcelo de N\u00f3brega, filho do humorista, confirmou que a alta ainda n\u00e3o tem previs\u00e3o. \u201cMeu pai foi internado com pneumonia. T\u00ednhamos planejado a comemora\u00e7\u00e3o para quinta-feira, mas optamos por cancelar o evento enquanto ele permanece em observa\u00e7\u00e3o m\u00e9dica\u201d, afirmou Marcelo.<\/p>\n\n\n\n<p>V\u00eddeo divulgado nas redes sociais trouxe al\u00edvio aos f\u00e3s. Carlos Alberto apareceu ao lado da esposa, Renata de N\u00f3brega, m\u00e9dica, e garantiu que seu estado de sa\u00fade \u00e9 est\u00e1vel. Ele explicou que procurou atendimento para investigar outro problema, mas exames revelaram uma pneumonia pequena, exigindo cuidados e monitoramento constante.<\/p>\n\n\n\n<p>Aten\u00e7\u00e3o m\u00e9dica segue refor\u00e7ada. Humorista comentou que a press\u00e3o j\u00e1 est\u00e1 controlada e que a pneumonia exige cuidados devido \u00e0 idade. Ele estima permanecer hospitalizado por mais um ou dois dias, ressaltando a import\u00e2ncia de acompanhamento cont\u00ednuo e tranquilizando f\u00e3s quanto \u00e0 sua recupera\u00e7\u00e3o gradual.<\/p>\n","protected":false},"excerpt":{"rendered":"<p>Hospitaliza\u00e7\u00e3o surpreendeu f\u00e3s de Carlos Alberto de N\u00f3brega no \u00faltimo domingo, ap\u00f3s diagn\u00f3stico de infec\u00e7\u00e3o respirat\u00f3ria. A fam\u00edlia decidiu suspender a festa de 90 anos do humorista, que seria celebrada com jantar especial reunindo amigos e parentes, mantendo a sa\u00fade do apresentador como prioridade. Preocupa\u00e7\u00e3o marcou os familiares. O diretor Marcelo de N\u00f3brega, filho do humorista, confirmou que a alta ainda n\u00e3o tem previs\u00e3o. \u201cMeu pai foi internado com pneumonia. T\u00ednhamos planejado a comemora\u00e7\u00e3o para quinta-feira, mas optamos por cancelar o evento enquanto ele permanece em observa\u00e7\u00e3o m\u00e9dica\u201d, afirmou Marcelo. V\u00eddeo divulgado nas redes sociais trouxe al\u00edvio aos f\u00e3s. Carlos Alberto apareceu ao lado da esposa, Renata de N\u00f3brega, m\u00e9dica, e garantiu que seu estado de sa\u00fade \u00e9 est\u00e1vel. Ele explicou que procurou atendimento para investigar outro problema, mas exames revelaram uma pneumonia pequena, exigindo cuidados e monitoramento constante. Aten\u00e7\u00e3o m\u00e9dica segue refor\u00e7ada. Humorista comentou que a press\u00e3o j\u00e1 est\u00e1 controlada e que a pneumonia exige cuidados devido \u00e0 idade. Ele estima permanecer hospitalizado por mais um ou dois dias, ressaltando a import\u00e2ncia de acompanhamento cont\u00ednuo e tranquilizando f\u00e3s quanto \u00e0 sua recupera\u00e7\u00e3o gradual.<\/p>\n","protected":false},"author":2,"featured_media":0,"comment_status":"open","ping_status":"open","sticky":false,"template":"","format":"standard","meta":{"footnotes":""},"categories":[16],"tags":[],"class_list":["post-9959","post","type-post","status-publish","format-standard","hentry","category-tv-radio-e-cinema"],"yoast_head":"<!-- This site is optimized with the Yoast SEO plugin v26.5 - https:\/\/yoast.com\/wordpress\/plugins\/seo\/ -->\n<title>Interna\u00e7\u00e3o \u00e0s pressas: Carlos Alberto de N\u00f3brega cancela festa de 90 anos por pneumonia - Sudoesteacontece<\/title>\n<meta name=\"robots\" content=\"index, follow, max-snippet:-1, max-image-preview:large, max-video-preview:-1\" \/>\n<link rel=\"canonical\" href=\"http:\/\/sudoesteacontece.com.br\/?p=9959\" \/>\n<meta property=\"og:locale\" content=\"pt_BR\" \/>\n<meta property=\"og:type\" content=\"article\" \/>\n<meta property=\"og:title\" content=\"Interna\u00e7\u00e3o \u00e0s pressas: Carlos Alberto de N\u00f3brega cancela festa de 90 anos por pneumonia - Sudoesteacontece\" \/>\n<meta property=\"og:description\" content=\"Hospitaliza\u00e7\u00e3o surpreendeu f\u00e3s de Carlos Alberto de N\u00f3brega no \u00faltimo domingo, ap\u00f3s diagn\u00f3stico de infec\u00e7\u00e3o respirat\u00f3ria. A fam\u00edlia decidiu suspender a festa de 90 anos do humorista, que seria celebrada com jantar especial reunindo amigos e parentes, mantendo a sa\u00fade do apresentador como prioridade. Preocupa\u00e7\u00e3o marcou os familiares. O diretor Marcelo de N\u00f3brega, filho do humorista, confirmou que a alta ainda n\u00e3o tem previs\u00e3o. \u201cMeu pai foi internado com pneumonia. T\u00ednhamos planejado a comemora\u00e7\u00e3o para quinta-feira, mas optamos por cancelar o evento enquanto ele permanece em observa\u00e7\u00e3o m\u00e9dica\u201d, afirmou Marcelo. V\u00eddeo divulgado nas redes sociais trouxe al\u00edvio aos f\u00e3s. Carlos Alberto apareceu ao lado da esposa, Renata de N\u00f3brega, m\u00e9dica, e garantiu que seu estado de sa\u00fade \u00e9 est\u00e1vel. Ele explicou que procurou atendimento para investigar outro problema, mas exames revelaram uma pneumonia pequena, exigindo cuidados e monitoramento constante. Aten\u00e7\u00e3o m\u00e9dica segue refor\u00e7ada. Humorista comentou que a press\u00e3o j\u00e1 est\u00e1 controlada e que a pneumonia exige cuidados devido \u00e0 idade. Ele estima permanecer hospitalizado por mais um ou dois dias, ressaltando a import\u00e2ncia de acompanhamento cont\u00ednuo e tranquilizando f\u00e3s quanto \u00e0 sua recupera\u00e7\u00e3o gradual.\" \/>\n<meta property=\"og:url\" content=\"http:\/\/sudoesteacontece.com.br\/?p=9959\" \/>\n<meta property=\"og:site_name\" content=\"Sudoesteacontece\" \/>\n<meta property=\"article:publisher\" content=\"https:\/\/www.facebook.com\/sudoesteacontece\/?locale=pt_BR\" \/>\n<meta property=\"article:published_time\" content=\"2026-03-11T22:12:35+00:00\" \/>\n<meta property=\"article:modified_time\" content=\"2026-03-11T22:12:40+00:00\" \/>\n<meta property=\"og:image\" content=\"http:\/\/sudoesteacontece.com.br\/wp-content\/uploads\/2026\/03\/Novo-Projeto-12.jpg\" \/>\n<meta name=\"author\" content=\"Washington Tiago\" \/>\n<meta name=\"twitter:card\" content=\"summary_large_image\" \/>\n<meta name=\"twitter:label1\" content=\"Escrito por\" \/>\n\t<meta name=\"twitter:data1\" content=\"Washington Tiago\" \/>\n\t<meta name=\"twitter:label2\" content=\"Est. tempo de leitura\" \/>\n\t<meta name=\"twitter:data2\" content=\"2 minutos\" \/>\n<script type=\"application\/ld+json\" class=\"yoast-schema-graph\">{\"@context\":\"https:\/\/schema.org\",\"@graph\":[{\"@type\":\"Article\",\"@id\":\"http:\/\/sudoesteacontece.com.br\/?p=9959#article\",\"isPartOf\":{\"@id\":\"http:\/\/sudoesteacontece.com.br\/?p=9959\"},\"author\":{\"name\":\"Washington Tiago\",\"@id\":\"https:\/\/sudoesteacontece.com.br\/#\/schema\/person\/3cf2cf009926a9683ebc29d5379fa79c\"},\"headline\":\"Interna\u00e7\u00e3o \u00e0s pressas: Carlos Alberto de N\u00f3brega cancela festa de 90 anos por pneumonia\",\"datePublished\":\"2026-03-11T22:12:35+00:00\",\"dateModified\":\"2026-03-11T22:12:40+00:00\",\"mainEntityOfPage\":{\"@id\":\"http:\/\/sudoesteacontece.com.br\/?p=9959\"},\"wordCount\":227,\"commentCount\":0,\"publisher\":{\"@id\":\"https:\/\/sudoesteacontece.com.br\/#organization\"},\"image\":{\"@id\":\"http:\/\/sudoesteacontece.com.br\/?p=9959#primaryimage\"},\"thumbnailUrl\":\"http:\/\/sudoesteacontece.com.br\/wp-content\/uploads\/2026\/03\/Novo-Projeto-12.jpg\",\"articleSection\":[\"TV, R\u00e1dio e Cinema\"],\"inLanguage\":\"pt-BR\",\"potentialAction\":[{\"@type\":\"CommentAction\",\"name\":\"Comment\",\"target\":[\"http:\/\/sudoesteacontece.com.br\/?p=9959#respond\"]}]},{\"@type\":\"WebPage\",\"@id\":\"http:\/\/sudoesteacontece.com.br\/?p=9959\",\"url\":\"http:\/\/sudoesteacontece.com.br\/?p=9959\",\"name\":\"Interna\u00e7\u00e3o \u00e0s pressas: Carlos Alberto de N\u00f3brega cancela festa de 90 anos por pneumonia - Sudoesteacontece\",\"isPartOf\":{\"@id\":\"https:\/\/sudoesteacontece.com.br\/#website\"},\"primaryImageOfPage\":{\"@id\":\"http:\/\/sudoesteacontece.com.br\/?p=9959#primaryimage\"},\"image\":{\"@id\":\"http:\/\/sudoesteacontece.com.br\/?p=9959#primaryimage\"},\"thumbnailUrl\":\"http:\/\/sudoesteacontece.com.br\/wp-content\/uploads\/2026\/03\/Novo-Projeto-12.jpg\",\"datePublished\":\"2026-03-11T22:12:35+00:00\",\"dateModified\":\"2026-03-11T22:12:40+00:00\",\"breadcrumb\":{\"@id\":\"http:\/\/sudoesteacontece.com.br\/?p=9959#breadcrumb\"},\"inLanguage\":\"pt-BR\",\"potentialAction\":[{\"@type\":\"ReadAction\",\"target\":[\"http:\/\/sudoesteacontece.com.br\/?p=9959\"]}]},{\"@type\":\"ImageObject\",\"inLanguage\":\"pt-BR\",\"@id\":\"http:\/\/sudoesteacontece.com.br\/?p=9959#primaryimage\",\"url\":\"https:\/\/sudoesteacontece.com.br\/wp-content\/uploads\/2026\/03\/Novo-Projeto-12.jpg\",\"contentUrl\":\"https:\/\/sudoesteacontece.com.br\/wp-content\/uploads\/2026\/03\/Novo-Projeto-12.jpg\",\"width\":900,\"height\":600},{\"@type\":\"BreadcrumbList\",\"@id\":\"http:\/\/sudoesteacontece.com.br\/?p=9959#breadcrumb\",\"itemListElement\":[{\"@type\":\"ListItem\",\"position\":1,\"name\":\"In\u00edcio\",\"item\":\"https:\/\/sudoesteacontece.com.br\/\"},{\"@type\":\"ListItem\",\"position\":2,\"name\":\"Interna\u00e7\u00e3o \u00e0s pressas: Carlos Alberto de N\u00f3brega cancela festa de 90 anos por pneumonia\"}]},{\"@type\":\"WebSite\",\"@id\":\"https:\/\/sudoesteacontece.com.br\/#website\",\"url\":\"https:\/\/sudoesteacontece.com.br\/\",\"name\":\"Sudoesteacontece\",\"description\":\"\",\"publisher\":{\"@id\":\"https:\/\/sudoesteacontece.com.br\/#organization\"},\"potentialAction\":[{\"@type\":\"SearchAction\",\"target\":{\"@type\":\"EntryPoint\",\"urlTemplate\":\"https:\/\/sudoesteacontece.com.br\/?s={search_term_string}\"},\"query-input\":{\"@type\":\"PropertyValueSpecification\",\"valueRequired\":true,\"valueName\":\"search_term_string\"}}],\"inLanguage\":\"pt-BR\"},{\"@type\":\"Organization\",\"@id\":\"https:\/\/sudoesteacontece.com.br\/#organization\",\"name\":\"Sudoesteacontece\",\"url\":\"https:\/\/sudoesteacontece.com.br\/\",\"logo\":{\"@type\":\"ImageObject\",\"inLanguage\":\"pt-BR\",\"@id\":\"https:\/\/sudoesteacontece.com.br\/#\/schema\/logo\/image\/\",\"url\":\"https:\/\/sudoesteacontece.com.br\/wp-content\/uploads\/2025\/12\/cropped-logo-2-180x180-1.png\",\"contentUrl\":\"https:\/\/sudoesteacontece.com.br\/wp-content\/uploads\/2025\/12\/cropped-logo-2-180x180-1.png\",\"width\":180,\"height\":180,\"caption\":\"Sudoesteacontece\"},\"image\":{\"@id\":\"https:\/\/sudoesteacontece.com.br\/#\/schema\/logo\/image\/\"},\"sameAs\":[\"https:\/\/www.facebook.com\/sudoesteacontece\/?locale=pt_BR\"]},{\"@type\":\"Person\",\"@id\":\"https:\/\/sudoesteacontece.com.br\/#\/schema\/person\/3cf2cf009926a9683ebc29d5379fa79c\",\"name\":\"Washington Tiago\",\"image\":{\"@type\":\"ImageObject\",\"inLanguage\":\"pt-BR\",\"@id\":\"https:\/\/sudoesteacontece.com.br\/#\/schema\/person\/image\/\",\"url\":\"https:\/\/secure.gravatar.com\/avatar\/33c43b8668157e040f9d1fe93c354bf087cbd8ba36270c1163198bd3ddcf2a56?s=96&d=mm&r=g\",\"contentUrl\":\"https:\/\/secure.gravatar.com\/avatar\/33c43b8668157e040f9d1fe93c354bf087cbd8ba36270c1163198bd3ddcf2a56?s=96&d=mm&r=g\",\"caption\":\"Washington Tiago\"},\"url\":\"https:\/\/sudoesteacontece.com.br\/?author=2\"}]}<\/script>\n<!-- \/ Yoast SEO plugin. -->","yoast_head_json":{"title":"Interna\u00e7\u00e3o \u00e0s pressas: Carlos Alberto de N\u00f3brega cancela festa de 90 anos por pneumonia - Sudoesteacontece","robots":{"index":"index","follow":"follow","max-snippet":"max-snippet:-1","max-image-preview":"max-image-preview:large","max-video-preview":"max-video-preview:-1"},"canonical":"http:\/\/sudoesteacontece.com.br\/?p=9959","og_locale":"pt_BR","og_type":"article","og_title":"Interna\u00e7\u00e3o \u00e0s pressas: Carlos Alberto de N\u00f3brega cancela festa de 90 anos por pneumonia - Sudoesteacontece","og_description":"Hospitaliza\u00e7\u00e3o surpreendeu f\u00e3s de Carlos Alberto de N\u00f3brega no \u00faltimo domingo, ap\u00f3s diagn\u00f3stico de infec\u00e7\u00e3o respirat\u00f3ria. A fam\u00edlia decidiu suspender a festa de 90 anos do humorista, que seria celebrada com jantar especial reunindo amigos e parentes, mantendo a sa\u00fade do apresentador como prioridade. Preocupa\u00e7\u00e3o marcou os familiares. O diretor Marcelo de N\u00f3brega, filho do humorista, confirmou que a alta ainda n\u00e3o tem previs\u00e3o. \u201cMeu pai foi internado com pneumonia. T\u00ednhamos planejado a comemora\u00e7\u00e3o para quinta-feira, mas optamos por cancelar o evento enquanto ele permanece em observa\u00e7\u00e3o m\u00e9dica\u201d, afirmou Marcelo. V\u00eddeo divulgado nas redes sociais trouxe al\u00edvio aos f\u00e3s. Carlos Alberto apareceu ao lado da esposa, Renata de N\u00f3brega, m\u00e9dica, e garantiu que seu estado de sa\u00fade \u00e9 est\u00e1vel. Ele explicou que procurou atendimento para investigar outro problema, mas exames revelaram uma pneumonia pequena, exigindo cuidados e monitoramento constante. Aten\u00e7\u00e3o m\u00e9dica segue refor\u00e7ada. Humorista comentou que a press\u00e3o j\u00e1 est\u00e1 controlada e que a pneumonia exige cuidados devido \u00e0 idade. Ele estima permanecer hospitalizado por mais um ou dois dias, ressaltando a import\u00e2ncia de acompanhamento cont\u00ednuo e tranquilizando f\u00e3s quanto \u00e0 sua recupera\u00e7\u00e3o gradual.","og_url":"http:\/\/sudoesteacontece.com.br\/?p=9959","og_site_name":"Sudoesteacontece","article_publisher":"https:\/\/www.facebook.com\/sudoesteacontece\/?locale=pt_BR","article_published_time":"2026-03-11T22:12:35+00:00","article_modified_time":"2026-03-11T22:12:40+00:00","og_image":[{"url":"http:\/\/sudoesteacontece.com.br\/wp-content\/uploads\/2026\/03\/Novo-Projeto-12.jpg","type":"","width":"","height":""}],"author":"Washington Tiago","twitter_card":"summary_large_image","twitter_misc":{"Escrito por":"Washington Tiago","Est. tempo de leitura":"2 minutos"},"schema":{"@context":"https:\/\/schema.org","@graph":[{"@type":"Article","@id":"http:\/\/sudoesteacontece.com.br\/?p=9959#article","isPartOf":{"@id":"http:\/\/sudoesteacontece.com.br\/?p=9959"},"author":{"name":"Washington Tiago","@id":"https:\/\/sudoesteacontece.com.br\/#\/schema\/person\/3cf2cf009926a9683ebc29d5379fa79c"},"headline":"Interna\u00e7\u00e3o \u00e0s pressas: Carlos Alberto de N\u00f3brega cancela festa de 90 anos por pneumonia","datePublished":"2026-03-11T22:12:35+00:00","dateModified":"2026-03-11T22:12:40+00:00","mainEntityOfPage":{"@id":"http:\/\/sudoesteacontece.com.br\/?p=9959"},"wordCount":227,"commentCount":0,"publisher":{"@id":"https:\/\/sudoesteacontece.com.br\/#organization"},"image":{"@id":"http:\/\/sudoesteacontece.com.br\/?p=9959#primaryimage"},"thumbnailUrl":"http:\/\/sudoesteacontece.com.br\/wp-content\/uploads\/2026\/03\/Novo-Projeto-12.jpg","articleSection":["TV, R\u00e1dio e Cinema"],"inLanguage":"pt-BR","potentialAction":[{"@type":"CommentAction","name":"Comment","target":["http:\/\/sudoesteacontece.com.br\/?p=9959#respond"]}]},{"@type":"WebPage","@id":"http:\/\/sudoesteacontece.com.br\/?p=9959","url":"http:\/\/sudoesteacontece.com.br\/?p=9959","name":"Interna\u00e7\u00e3o \u00e0s pressas: Carlos Alberto de N\u00f3brega cancela festa de 90 anos por pneumonia - Sudoesteacontece","isPartOf":{"@id":"https:\/\/sudoesteacontece.com.br\/#website"},"primaryImageOfPage":{"@id":"http:\/\/sudoesteacontece.com.br\/?p=9959#primaryimage"},"image":{"@id":"http:\/\/sudoesteacontece.com.br\/?p=9959#primaryimage"},"thumbnailUrl":"http:\/\/sudoesteacontece.com.br\/wp-content\/uploads\/2026\/03\/Novo-Projeto-12.jpg","datePublished":"2026-03-11T22:12:35+00:00","dateModified":"2026-03-11T22:12:40+00:00","breadcrumb":{"@id":"http:\/\/sudoesteacontece.com.br\/?p=9959#breadcrumb"},"inLanguage":"pt-BR","potentialAction":[{"@type":"ReadAction","target":["http:\/\/sudoesteacontece.com.br\/?p=9959"]}]},{"@type":"ImageObject","inLanguage":"pt-BR","@id":"http:\/\/sudoesteacontece.com.br\/?p=9959#primaryimage","url":"https:\/\/sudoesteacontece.com.br\/wp-content\/uploads\/2026\/03\/Novo-Projeto-12.jpg","contentUrl":"https:\/\/sudoesteacontece.com.br\/wp-content\/uploads\/2026\/03\/Novo-Projeto-12.jpg","width":900,"height":600},{"@type":"BreadcrumbList","@id":"http:\/\/sudoesteacontece.com.br\/?p=9959#breadcrumb","itemListElement":[{"@type":"ListItem","position":1,"name":"In\u00edcio","item":"https:\/\/sudoesteacontece.com.br\/"},{"@type":"ListItem","position":2,"name":"Interna\u00e7\u00e3o \u00e0s pressas: Carlos Alberto de N\u00f3brega cancela festa de 90 anos por pneumonia"}]},{"@type":"WebSite","@id":"https:\/\/sudoesteacontece.com.br\/#website","url":"https:\/\/sudoesteacontece.com.br\/","name":"Sudoesteacontece","description":"","publisher":{"@id":"https:\/\/sudoesteacontece.com.br\/#organization"},"potentialAction":[{"@type":"SearchAction","target":{"@type":"EntryPoint","urlTemplate":"https:\/\/sudoesteacontece.com.br\/?s={search_term_string}"},"query-input":{"@type":"PropertyValueSpecification","valueRequired":true,"valueName":"search_term_string"}}],"inLanguage":"pt-BR"},{"@type":"Organization","@id":"https:\/\/sudoesteacontece.com.br\/#organization","name":"Sudoesteacontece","url":"https:\/\/sudoesteacontece.com.br\/","logo":{"@type":"ImageObject","inLanguage":"pt-BR","@id":"https:\/\/sudoesteacontece.com.br\/#\/schema\/logo\/image\/","url":"https:\/\/sudoesteacontece.com.br\/wp-content\/uploads\/2025\/12\/cropped-logo-2-180x180-1.png","contentUrl":"https:\/\/sudoesteacontece.com.br\/wp-content\/uploads\/2025\/12\/cropped-logo-2-180x180-1.png","width":180,"height":180,"caption":"Sudoesteacontece"},"image":{"@id":"https:\/\/sudoesteacontece.com.br\/#\/schema\/logo\/image\/"},"sameAs":["https:\/\/www.facebook.com\/sudoesteacontece\/?locale=pt_BR"]},{"@type":"Person","@id":"https:\/\/sudoesteacontece.com.br\/#\/schema\/person\/3cf2cf009926a9683ebc29d5379fa79c","name":"Washington Tiago","image":{"@type":"ImageObject","inLanguage":"pt-BR","@id":"https:\/\/sudoesteacontece.com.br\/#\/schema\/person\/image\/","url":"https:\/\/secure.gravatar.com\/avatar\/33c43b8668157e040f9d1fe93c354bf087cbd8ba36270c1163198bd3ddcf2a56?s=96&d=mm&r=g","contentUrl":"https:\/\/secure.gravatar.com\/avatar\/33c43b8668157e040f9d1fe93c354bf087cbd8ba36270c1163198bd3ddcf2a56?s=96&d=mm&r=g","caption":"Washington Tiago"},"url":"https:\/\/sudoesteacontece.com.br\/?author=2"}]}},"_links":{"self":[{"href":"https:\/\/sudoesteacontece.com.br\/index.php?rest_route=\/wp\/v2\/posts\/9959","targetHints":{"allow":["GET"]}}],"collection":[{"href":"https:\/\/sudoesteacontece.com.br\/index.php?rest_route=\/wp\/v2\/posts"}],"about":[{"href":"https:\/\/sudoesteacontece.com.br\/index.php?rest_route=\/wp\/v2\/types\/post"}],"author":[{"embeddable":true,"href":"https:\/\/sudoesteacontece.com.br\/index.php?rest_route=\/wp\/v2\/users\/2"}],"replies":[{"embeddable":true,"href":"https:\/\/sudoesteacontece.com.br\/index.php?rest_route=%2Fwp%2Fv2%2Fcomments&post=9959"}],"version-history":[{"count":0,"href":"https:\/\/sudoesteacontece.com.br\/index.php?rest_route=\/wp\/v2\/posts\/9959\/revisions"}],"wp:attachment":[{"href":"https:\/\/sudoesteacontece.com.br\/index.php?rest_route=%2Fwp%2Fv2%2Fmedia&parent=9959"}],"wp:term":[{"taxonomy":"category","embeddable":true,"href":"https:\/\/sudoesteacontece.com.br\/index.php?rest_route=%2Fwp%2Fv2%2Fcategories&post=9959"},{"taxonomy":"post_tag","embeddable":true,"href":"https:\/\/sudoesteacontece.com.br\/index.php?rest_route=%2Fwp%2Fv2%2Ftags&post=9959"}],"curies":[{"name":"wp","href":"https:\/\/api.w.org\/{rel}","templated":true}]}}