{"id":9961,"date":"2026-03-11T19:13:28","date_gmt":"2026-03-11T22:13:28","guid":{"rendered":"https:\/\/sudoesteacontece.com.br\/?p=9961"},"modified":"2026-03-11T19:13:33","modified_gmt":"2026-03-11T22:13:33","slug":"brumado-vereador-inicia-campanha-contra-o-tabagismo-apos-perda-do-irmao","status":"publish","type":"post","link":"https:\/\/sudoesteacontece.com.br\/?p=9961","title":{"rendered":"Brumado: Vereador inicia campanha contra o tabagismo ap\u00f3s perda do irm\u00e3o"},"content":{"rendered":"<div class=\"wp-block-image\">\n<figure class=\"aligncenter size-full\"><img fetchpriority=\"high\" decoding=\"async\" width=\"750\" height=\"500\" src=\"http:\/\/sudoesteacontece.com.br\/wp-content\/uploads\/2026\/03\/649755677_1517129670418815_7688358616589538603_n.jpeg\" alt=\"\" class=\"wp-image-10006\" srcset=\"https:\/\/sudoesteacontece.com.br\/wp-content\/uploads\/2026\/03\/649755677_1517129670418815_7688358616589538603_n.jpeg 750w, https:\/\/sudoesteacontece.com.br\/wp-content\/uploads\/2026\/03\/649755677_1517129670418815_7688358616589538603_n-300x200.jpeg 300w\" sizes=\"(max-width: 750px) 100vw, 750px\" \/><\/figure>\n<\/div>\n\n\n<p>Em sess\u00e3o emocionante da C\u00e2mara Municipal de Brumado, vereador Rubens Ara\u00fajo (PP) relatou a morte do irm\u00e3o, de 68 anos, v\u00edtima de complica\u00e7\u00f5es respirat\u00f3rias causadas pelo tabagismo. Parlamentar fez apelo \u00e0 popula\u00e7\u00e3o para que evite o consumo de cigarro e conscientize familiares sobre seus riscos \u00e0 sa\u00fade.<\/p>\n\n\n\n<p>Ara\u00fajo alertou que o cigarro \u00e9 uma armadilha que inicia com curiosidade e pode se tornar v\u00edcio. \u201cSou testemunha viva do sofrimento com meu pai e, mais recentemente, com meu irm\u00e3o. Muitas pessoas usam o cigarro ou a bebida para tentar resolver problemas moment\u00e2neos, mas isso n\u00e3o traz solu\u00e7\u00e3o real\u201d, afirmou.<\/p>\n\n\n\n<p>Parlamentar enfatizou que o tabagismo n\u00e3o oferece benef\u00edcios \u00e0 sa\u00fade e provoca mortes prematuras. \u201cJ\u00e1 \u00e9 comprovado que o cigarro mata e n\u00e3o traz vantagem alguma. Precisamos quebrar esse ciclo e proteger nossas fam\u00edlias dessa droga cruel\u201d, refor\u00e7ou, destacando a urg\u00eancia de campanhas preventivas e educativas em Brumado.<\/p>\n\n\n\n<p>Comprometido com a causa, Ara\u00fajo anunciou que liderar\u00e1 iniciativas contra o tabagismo enquanto ocupar a presid\u00eancia da C\u00e2mara. \u201cFiz esse compromisso com Deus, meu irm\u00e3o e meu pai. Vou defender essa bandeira, porque quem vive o sofrimento de perto sabe o quanto o v\u00edcio prejudica a vida de todos ao redor\u201d, concluiu.<\/p>\n","protected":false},"excerpt":{"rendered":"<p>Em sess\u00e3o emocionante da C\u00e2mara Municipal de Brumado, vereador Rubens Ara\u00fajo (PP) relatou a morte do irm\u00e3o, de 68 anos, v\u00edtima de complica\u00e7\u00f5es respirat\u00f3rias causadas pelo tabagismo. Parlamentar fez apelo \u00e0 popula\u00e7\u00e3o para que evite o consumo de cigarro e conscientize familiares sobre seus riscos \u00e0 sa\u00fade. Ara\u00fajo alertou que o cigarro \u00e9 uma armadilha que inicia com curiosidade e pode se tornar v\u00edcio. \u201cSou testemunha viva do sofrimento com meu pai e, mais recentemente, com meu irm\u00e3o. Muitas pessoas usam o cigarro ou a bebida para tentar resolver problemas moment\u00e2neos, mas isso n\u00e3o traz solu\u00e7\u00e3o real\u201d, afirmou. Parlamentar enfatizou que o tabagismo n\u00e3o oferece benef\u00edcios \u00e0 sa\u00fade e provoca mortes prematuras. \u201cJ\u00e1 \u00e9 comprovado que o cigarro mata e n\u00e3o traz vantagem alguma. Precisamos quebrar esse ciclo e proteger nossas fam\u00edlias dessa droga cruel\u201d, refor\u00e7ou, destacando a urg\u00eancia de campanhas preventivas e educativas em Brumado. Comprometido com a causa, Ara\u00fajo anunciou que liderar\u00e1 iniciativas contra o tabagismo enquanto ocupar a presid\u00eancia da C\u00e2mara. \u201cFiz esse compromisso com Deus, meu irm\u00e3o e meu pai. Vou defender essa bandeira, porque quem vive o sofrimento de perto sabe o quanto o v\u00edcio prejudica a vida de todos ao redor\u201d, concluiu.<\/p>\n","protected":false},"author":2,"featured_media":10006,"comment_status":"open","ping_status":"open","sticky":false,"template":"","format":"standard","meta":{"footnotes":""},"categories":[10,6,45],"tags":[],"class_list":["post-9961","post","type-post","status-publish","format-standard","has-post-thumbnail","hentry","category-brumado","category-politica","category-saude"],"yoast_head":"<!-- This site is optimized with the Yoast SEO plugin v26.5 - https:\/\/yoast.com\/wordpress\/plugins\/seo\/ -->\n<title>Brumado: Vereador inicia campanha contra o tabagismo ap\u00f3s perda do irm\u00e3o - Sudoesteacontece<\/title>\n<meta name=\"robots\" content=\"index, follow, max-snippet:-1, max-image-preview:large, max-video-preview:-1\" \/>\n<link rel=\"canonical\" href=\"http:\/\/sudoesteacontece.com.br\/?p=9961\" \/>\n<meta property=\"og:locale\" content=\"pt_BR\" \/>\n<meta property=\"og:type\" content=\"article\" \/>\n<meta property=\"og:title\" content=\"Brumado: Vereador inicia campanha contra o tabagismo ap\u00f3s perda do irm\u00e3o - Sudoesteacontece\" \/>\n<meta property=\"og:description\" content=\"Em sess\u00e3o emocionante da C\u00e2mara Municipal de Brumado, vereador Rubens Ara\u00fajo (PP) relatou a morte do irm\u00e3o, de 68 anos, v\u00edtima de complica\u00e7\u00f5es respirat\u00f3rias causadas pelo tabagismo. Parlamentar fez apelo \u00e0 popula\u00e7\u00e3o para que evite o consumo de cigarro e conscientize familiares sobre seus riscos \u00e0 sa\u00fade. Ara\u00fajo alertou que o cigarro \u00e9 uma armadilha que inicia com curiosidade e pode se tornar v\u00edcio. \u201cSou testemunha viva do sofrimento com meu pai e, mais recentemente, com meu irm\u00e3o. Muitas pessoas usam o cigarro ou a bebida para tentar resolver problemas moment\u00e2neos, mas isso n\u00e3o traz solu\u00e7\u00e3o real\u201d, afirmou. Parlamentar enfatizou que o tabagismo n\u00e3o oferece benef\u00edcios \u00e0 sa\u00fade e provoca mortes prematuras. \u201cJ\u00e1 \u00e9 comprovado que o cigarro mata e n\u00e3o traz vantagem alguma. Precisamos quebrar esse ciclo e proteger nossas fam\u00edlias dessa droga cruel\u201d, refor\u00e7ou, destacando a urg\u00eancia de campanhas preventivas e educativas em Brumado. Comprometido com a causa, Ara\u00fajo anunciou que liderar\u00e1 iniciativas contra o tabagismo enquanto ocupar a presid\u00eancia da C\u00e2mara. \u201cFiz esse compromisso com Deus, meu irm\u00e3o e meu pai. Vou defender essa bandeira, porque quem vive o sofrimento de perto sabe o quanto o v\u00edcio prejudica a vida de todos ao redor\u201d, concluiu.\" \/>\n<meta property=\"og:url\" content=\"http:\/\/sudoesteacontece.com.br\/?p=9961\" \/>\n<meta property=\"og:site_name\" content=\"Sudoesteacontece\" \/>\n<meta property=\"article:publisher\" content=\"https:\/\/www.facebook.com\/sudoesteacontece\/?locale=pt_BR\" \/>\n<meta property=\"article:published_time\" content=\"2026-03-11T22:13:28+00:00\" \/>\n<meta property=\"article:modified_time\" content=\"2026-03-11T22:13:33+00:00\" \/>\n<meta property=\"og:image\" content=\"http:\/\/sudoesteacontece.com.br\/wp-content\/uploads\/2026\/03\/649755677_1517129670418815_7688358616589538603_n.jpeg\" \/>\n\t<meta property=\"og:image:width\" content=\"750\" \/>\n\t<meta property=\"og:image:height\" content=\"500\" \/>\n\t<meta property=\"og:image:type\" content=\"image\/jpeg\" \/>\n<meta name=\"author\" content=\"Washington Tiago\" \/>\n<meta name=\"twitter:card\" content=\"summary_large_image\" \/>\n<meta name=\"twitter:label1\" content=\"Escrito por\" \/>\n\t<meta name=\"twitter:data1\" content=\"Washington Tiago\" \/>\n\t<meta name=\"twitter:label2\" content=\"Est. tempo de leitura\" \/>\n\t<meta name=\"twitter:data2\" content=\"2 minutos\" \/>\n<script type=\"application\/ld+json\" class=\"yoast-schema-graph\">{\"@context\":\"https:\/\/schema.org\",\"@graph\":[{\"@type\":\"Article\",\"@id\":\"http:\/\/sudoesteacontece.com.br\/?p=9961#article\",\"isPartOf\":{\"@id\":\"http:\/\/sudoesteacontece.com.br\/?p=9961\"},\"author\":{\"name\":\"Washington Tiago\",\"@id\":\"https:\/\/sudoesteacontece.com.br\/#\/schema\/person\/3cf2cf009926a9683ebc29d5379fa79c\"},\"headline\":\"Brumado: Vereador inicia campanha contra o tabagismo ap\u00f3s perda do irm\u00e3o\",\"datePublished\":\"2026-03-11T22:13:28+00:00\",\"dateModified\":\"2026-03-11T22:13:33+00:00\",\"mainEntityOfPage\":{\"@id\":\"http:\/\/sudoesteacontece.com.br\/?p=9961\"},\"wordCount\":232,\"commentCount\":0,\"publisher\":{\"@id\":\"https:\/\/sudoesteacontece.com.br\/#organization\"},\"image\":{\"@id\":\"http:\/\/sudoesteacontece.com.br\/?p=9961#primaryimage\"},\"thumbnailUrl\":\"https:\/\/sudoesteacontece.com.br\/wp-content\/uploads\/2026\/03\/649755677_1517129670418815_7688358616589538603_n.jpeg\",\"articleSection\":[\"Brumado\",\"Pol\u00edtica\",\"Sa\u00fade\"],\"inLanguage\":\"pt-BR\",\"potentialAction\":[{\"@type\":\"CommentAction\",\"name\":\"Comment\",\"target\":[\"http:\/\/sudoesteacontece.com.br\/?p=9961#respond\"]}]},{\"@type\":\"WebPage\",\"@id\":\"http:\/\/sudoesteacontece.com.br\/?p=9961\",\"url\":\"http:\/\/sudoesteacontece.com.br\/?p=9961\",\"name\":\"Brumado: Vereador inicia campanha contra o tabagismo ap\u00f3s perda do irm\u00e3o - Sudoesteacontece\",\"isPartOf\":{\"@id\":\"https:\/\/sudoesteacontece.com.br\/#website\"},\"primaryImageOfPage\":{\"@id\":\"http:\/\/sudoesteacontece.com.br\/?p=9961#primaryimage\"},\"image\":{\"@id\":\"http:\/\/sudoesteacontece.com.br\/?p=9961#primaryimage\"},\"thumbnailUrl\":\"https:\/\/sudoesteacontece.com.br\/wp-content\/uploads\/2026\/03\/649755677_1517129670418815_7688358616589538603_n.jpeg\",\"datePublished\":\"2026-03-11T22:13:28+00:00\",\"dateModified\":\"2026-03-11T22:13:33+00:00\",\"breadcrumb\":{\"@id\":\"http:\/\/sudoesteacontece.com.br\/?p=9961#breadcrumb\"},\"inLanguage\":\"pt-BR\",\"potentialAction\":[{\"@type\":\"ReadAction\",\"target\":[\"http:\/\/sudoesteacontece.com.br\/?p=9961\"]}]},{\"@type\":\"ImageObject\",\"inLanguage\":\"pt-BR\",\"@id\":\"http:\/\/sudoesteacontece.com.br\/?p=9961#primaryimage\",\"url\":\"https:\/\/sudoesteacontece.com.br\/wp-content\/uploads\/2026\/03\/649755677_1517129670418815_7688358616589538603_n.jpeg\",\"contentUrl\":\"https:\/\/sudoesteacontece.com.br\/wp-content\/uploads\/2026\/03\/649755677_1517129670418815_7688358616589538603_n.jpeg\",\"width\":750,\"height\":500},{\"@type\":\"BreadcrumbList\",\"@id\":\"http:\/\/sudoesteacontece.com.br\/?p=9961#breadcrumb\",\"itemListElement\":[{\"@type\":\"ListItem\",\"position\":1,\"name\":\"In\u00edcio\",\"item\":\"https:\/\/sudoesteacontece.com.br\/\"},{\"@type\":\"ListItem\",\"position\":2,\"name\":\"Brumado: Vereador inicia campanha contra o tabagismo ap\u00f3s perda do irm\u00e3o\"}]},{\"@type\":\"WebSite\",\"@id\":\"https:\/\/sudoesteacontece.com.br\/#website\",\"url\":\"https:\/\/sudoesteacontece.com.br\/\",\"name\":\"Sudoesteacontece\",\"description\":\"\",\"publisher\":{\"@id\":\"https:\/\/sudoesteacontece.com.br\/#organization\"},\"potentialAction\":[{\"@type\":\"SearchAction\",\"target\":{\"@type\":\"EntryPoint\",\"urlTemplate\":\"https:\/\/sudoesteacontece.com.br\/?s={search_term_string}\"},\"query-input\":{\"@type\":\"PropertyValueSpecification\",\"valueRequired\":true,\"valueName\":\"search_term_string\"}}],\"inLanguage\":\"pt-BR\"},{\"@type\":\"Organization\",\"@id\":\"https:\/\/sudoesteacontece.com.br\/#organization\",\"name\":\"Sudoesteacontece\",\"url\":\"https:\/\/sudoesteacontece.com.br\/\",\"logo\":{\"@type\":\"ImageObject\",\"inLanguage\":\"pt-BR\",\"@id\":\"https:\/\/sudoesteacontece.com.br\/#\/schema\/logo\/image\/\",\"url\":\"https:\/\/sudoesteacontece.com.br\/wp-content\/uploads\/2025\/12\/cropped-logo-2-180x180-1.png\",\"contentUrl\":\"https:\/\/sudoesteacontece.com.br\/wp-content\/uploads\/2025\/12\/cropped-logo-2-180x180-1.png\",\"width\":180,\"height\":180,\"caption\":\"Sudoesteacontece\"},\"image\":{\"@id\":\"https:\/\/sudoesteacontece.com.br\/#\/schema\/logo\/image\/\"},\"sameAs\":[\"https:\/\/www.facebook.com\/sudoesteacontece\/?locale=pt_BR\"]},{\"@type\":\"Person\",\"@id\":\"https:\/\/sudoesteacontece.com.br\/#\/schema\/person\/3cf2cf009926a9683ebc29d5379fa79c\",\"name\":\"Washington Tiago\",\"image\":{\"@type\":\"ImageObject\",\"inLanguage\":\"pt-BR\",\"@id\":\"https:\/\/sudoesteacontece.com.br\/#\/schema\/person\/image\/\",\"url\":\"https:\/\/secure.gravatar.com\/avatar\/33c43b8668157e040f9d1fe93c354bf087cbd8ba36270c1163198bd3ddcf2a56?s=96&d=mm&r=g\",\"contentUrl\":\"https:\/\/secure.gravatar.com\/avatar\/33c43b8668157e040f9d1fe93c354bf087cbd8ba36270c1163198bd3ddcf2a56?s=96&d=mm&r=g\",\"caption\":\"Washington Tiago\"},\"url\":\"https:\/\/sudoesteacontece.com.br\/?author=2\"}]}<\/script>\n<!-- \/ Yoast SEO plugin. -->","yoast_head_json":{"title":"Brumado: Vereador inicia campanha contra o tabagismo ap\u00f3s perda do irm\u00e3o - Sudoesteacontece","robots":{"index":"index","follow":"follow","max-snippet":"max-snippet:-1","max-image-preview":"max-image-preview:large","max-video-preview":"max-video-preview:-1"},"canonical":"http:\/\/sudoesteacontece.com.br\/?p=9961","og_locale":"pt_BR","og_type":"article","og_title":"Brumado: Vereador inicia campanha contra o tabagismo ap\u00f3s perda do irm\u00e3o - Sudoesteacontece","og_description":"Em sess\u00e3o emocionante da C\u00e2mara Municipal de Brumado, vereador Rubens Ara\u00fajo (PP) relatou a morte do irm\u00e3o, de 68 anos, v\u00edtima de complica\u00e7\u00f5es respirat\u00f3rias causadas pelo tabagismo. Parlamentar fez apelo \u00e0 popula\u00e7\u00e3o para que evite o consumo de cigarro e conscientize familiares sobre seus riscos \u00e0 sa\u00fade. Ara\u00fajo alertou que o cigarro \u00e9 uma armadilha que inicia com curiosidade e pode se tornar v\u00edcio. \u201cSou testemunha viva do sofrimento com meu pai e, mais recentemente, com meu irm\u00e3o. Muitas pessoas usam o cigarro ou a bebida para tentar resolver problemas moment\u00e2neos, mas isso n\u00e3o traz solu\u00e7\u00e3o real\u201d, afirmou. Parlamentar enfatizou que o tabagismo n\u00e3o oferece benef\u00edcios \u00e0 sa\u00fade e provoca mortes prematuras. \u201cJ\u00e1 \u00e9 comprovado que o cigarro mata e n\u00e3o traz vantagem alguma. Precisamos quebrar esse ciclo e proteger nossas fam\u00edlias dessa droga cruel\u201d, refor\u00e7ou, destacando a urg\u00eancia de campanhas preventivas e educativas em Brumado. Comprometido com a causa, Ara\u00fajo anunciou que liderar\u00e1 iniciativas contra o tabagismo enquanto ocupar a presid\u00eancia da C\u00e2mara. \u201cFiz esse compromisso com Deus, meu irm\u00e3o e meu pai. Vou defender essa bandeira, porque quem vive o sofrimento de perto sabe o quanto o v\u00edcio prejudica a vida de todos ao redor\u201d, concluiu.","og_url":"http:\/\/sudoesteacontece.com.br\/?p=9961","og_site_name":"Sudoesteacontece","article_publisher":"https:\/\/www.facebook.com\/sudoesteacontece\/?locale=pt_BR","article_published_time":"2026-03-11T22:13:28+00:00","article_modified_time":"2026-03-11T22:13:33+00:00","og_image":[{"width":750,"height":500,"url":"http:\/\/sudoesteacontece.com.br\/wp-content\/uploads\/2026\/03\/649755677_1517129670418815_7688358616589538603_n.jpeg","type":"image\/jpeg"}],"author":"Washington Tiago","twitter_card":"summary_large_image","twitter_misc":{"Escrito por":"Washington Tiago","Est. tempo de leitura":"2 minutos"},"schema":{"@context":"https:\/\/schema.org","@graph":[{"@type":"Article","@id":"http:\/\/sudoesteacontece.com.br\/?p=9961#article","isPartOf":{"@id":"http:\/\/sudoesteacontece.com.br\/?p=9961"},"author":{"name":"Washington Tiago","@id":"https:\/\/sudoesteacontece.com.br\/#\/schema\/person\/3cf2cf009926a9683ebc29d5379fa79c"},"headline":"Brumado: Vereador inicia campanha contra o tabagismo ap\u00f3s perda do irm\u00e3o","datePublished":"2026-03-11T22:13:28+00:00","dateModified":"2026-03-11T22:13:33+00:00","mainEntityOfPage":{"@id":"http:\/\/sudoesteacontece.com.br\/?p=9961"},"wordCount":232,"commentCount":0,"publisher":{"@id":"https:\/\/sudoesteacontece.com.br\/#organization"},"image":{"@id":"http:\/\/sudoesteacontece.com.br\/?p=9961#primaryimage"},"thumbnailUrl":"https:\/\/sudoesteacontece.com.br\/wp-content\/uploads\/2026\/03\/649755677_1517129670418815_7688358616589538603_n.jpeg","articleSection":["Brumado","Pol\u00edtica","Sa\u00fade"],"inLanguage":"pt-BR","potentialAction":[{"@type":"CommentAction","name":"Comment","target":["http:\/\/sudoesteacontece.com.br\/?p=9961#respond"]}]},{"@type":"WebPage","@id":"http:\/\/sudoesteacontece.com.br\/?p=9961","url":"http:\/\/sudoesteacontece.com.br\/?p=9961","name":"Brumado: Vereador inicia campanha contra o tabagismo ap\u00f3s perda do irm\u00e3o - Sudoesteacontece","isPartOf":{"@id":"https:\/\/sudoesteacontece.com.br\/#website"},"primaryImageOfPage":{"@id":"http:\/\/sudoesteacontece.com.br\/?p=9961#primaryimage"},"image":{"@id":"http:\/\/sudoesteacontece.com.br\/?p=9961#primaryimage"},"thumbnailUrl":"https:\/\/sudoesteacontece.com.br\/wp-content\/uploads\/2026\/03\/649755677_1517129670418815_7688358616589538603_n.jpeg","datePublished":"2026-03-11T22:13:28+00:00","dateModified":"2026-03-11T22:13:33+00:00","breadcrumb":{"@id":"http:\/\/sudoesteacontece.com.br\/?p=9961#breadcrumb"},"inLanguage":"pt-BR","potentialAction":[{"@type":"ReadAction","target":["http:\/\/sudoesteacontece.com.br\/?p=9961"]}]},{"@type":"ImageObject","inLanguage":"pt-BR","@id":"http:\/\/sudoesteacontece.com.br\/?p=9961#primaryimage","url":"https:\/\/sudoesteacontece.com.br\/wp-content\/uploads\/2026\/03\/649755677_1517129670418815_7688358616589538603_n.jpeg","contentUrl":"https:\/\/sudoesteacontece.com.br\/wp-content\/uploads\/2026\/03\/649755677_1517129670418815_7688358616589538603_n.jpeg","width":750,"height":500},{"@type":"BreadcrumbList","@id":"http:\/\/sudoesteacontece.com.br\/?p=9961#breadcrumb","itemListElement":[{"@type":"ListItem","position":1,"name":"In\u00edcio","item":"https:\/\/sudoesteacontece.com.br\/"},{"@type":"ListItem","position":2,"name":"Brumado: Vereador inicia campanha contra o tabagismo ap\u00f3s perda do irm\u00e3o"}]},{"@type":"WebSite","@id":"https:\/\/sudoesteacontece.com.br\/#website","url":"https:\/\/sudoesteacontece.com.br\/","name":"Sudoesteacontece","description":"","publisher":{"@id":"https:\/\/sudoesteacontece.com.br\/#organization"},"potentialAction":[{"@type":"SearchAction","target":{"@type":"EntryPoint","urlTemplate":"https:\/\/sudoesteacontece.com.br\/?s={search_term_string}"},"query-input":{"@type":"PropertyValueSpecification","valueRequired":true,"valueName":"search_term_string"}}],"inLanguage":"pt-BR"},{"@type":"Organization","@id":"https:\/\/sudoesteacontece.com.br\/#organization","name":"Sudoesteacontece","url":"https:\/\/sudoesteacontece.com.br\/","logo":{"@type":"ImageObject","inLanguage":"pt-BR","@id":"https:\/\/sudoesteacontece.com.br\/#\/schema\/logo\/image\/","url":"https:\/\/sudoesteacontece.com.br\/wp-content\/uploads\/2025\/12\/cropped-logo-2-180x180-1.png","contentUrl":"https:\/\/sudoesteacontece.com.br\/wp-content\/uploads\/2025\/12\/cropped-logo-2-180x180-1.png","width":180,"height":180,"caption":"Sudoesteacontece"},"image":{"@id":"https:\/\/sudoesteacontece.com.br\/#\/schema\/logo\/image\/"},"sameAs":["https:\/\/www.facebook.com\/sudoesteacontece\/?locale=pt_BR"]},{"@type":"Person","@id":"https:\/\/sudoesteacontece.com.br\/#\/schema\/person\/3cf2cf009926a9683ebc29d5379fa79c","name":"Washington Tiago","image":{"@type":"ImageObject","inLanguage":"pt-BR","@id":"https:\/\/sudoesteacontece.com.br\/#\/schema\/person\/image\/","url":"https:\/\/secure.gravatar.com\/avatar\/33c43b8668157e040f9d1fe93c354bf087cbd8ba36270c1163198bd3ddcf2a56?s=96&d=mm&r=g","contentUrl":"https:\/\/secure.gravatar.com\/avatar\/33c43b8668157e040f9d1fe93c354bf087cbd8ba36270c1163198bd3ddcf2a56?s=96&d=mm&r=g","caption":"Washington Tiago"},"url":"https:\/\/sudoesteacontece.com.br\/?author=2"}]}},"_links":{"self":[{"href":"https:\/\/sudoesteacontece.com.br\/index.php?rest_route=\/wp\/v2\/posts\/9961","targetHints":{"allow":["GET"]}}],"collection":[{"href":"https:\/\/sudoesteacontece.com.br\/index.php?rest_route=\/wp\/v2\/posts"}],"about":[{"href":"https:\/\/sudoesteacontece.com.br\/index.php?rest_route=\/wp\/v2\/types\/post"}],"author":[{"embeddable":true,"href":"https:\/\/sudoesteacontece.com.br\/index.php?rest_route=\/wp\/v2\/users\/2"}],"replies":[{"embeddable":true,"href":"https:\/\/sudoesteacontece.com.br\/index.php?rest_route=%2Fwp%2Fv2%2Fcomments&post=9961"}],"version-history":[{"count":0,"href":"https:\/\/sudoesteacontece.com.br\/index.php?rest_route=\/wp\/v2\/posts\/9961\/revisions"}],"wp:featuredmedia":[{"embeddable":true,"href":"https:\/\/sudoesteacontece.com.br\/index.php?rest_route=\/wp\/v2\/media\/10006"}],"wp:attachment":[{"href":"https:\/\/sudoesteacontece.com.br\/index.php?rest_route=%2Fwp%2Fv2%2Fmedia&parent=9961"}],"wp:term":[{"taxonomy":"category","embeddable":true,"href":"https:\/\/sudoesteacontece.com.br\/index.php?rest_route=%2Fwp%2Fv2%2Fcategories&post=9961"},{"taxonomy":"post_tag","embeddable":true,"href":"https:\/\/sudoesteacontece.com.br\/index.php?rest_route=%2Fwp%2Fv2%2Ftags&post=9961"}],"curies":[{"name":"wp","href":"https:\/\/api.w.org\/{rel}","templated":true}]}}