{"id":9967,"date":"2026-03-11T19:17:16","date_gmt":"2026-03-11T22:17:16","guid":{"rendered":"https:\/\/sudoesteacontece.com.br\/?p=9967"},"modified":"2026-03-11T19:17:21","modified_gmt":"2026-03-11T22:17:21","slug":"carreta-da-mamografia-chega-a-paramirim-e-oferece-exames-gratuitos","status":"publish","type":"post","link":"https:\/\/sudoesteacontece.com.br\/?p=9967","title":{"rendered":"Carreta da Mamografia chega a Paramirim e oferece exames gratuitos"},"content":{"rendered":"<div class=\"wp-block-image\">\n<figure class=\"aligncenter size-full\"><img fetchpriority=\"high\" decoding=\"async\" width=\"900\" height=\"600\" src=\"http:\/\/sudoesteacontece.com.br\/wp-content\/uploads\/2026\/03\/Novo-Projeto-14.jpg\" alt=\"\" class=\"wp-image-10014\" srcset=\"https:\/\/sudoesteacontece.com.br\/wp-content\/uploads\/2026\/03\/Novo-Projeto-14.jpg 900w, https:\/\/sudoesteacontece.com.br\/wp-content\/uploads\/2026\/03\/Novo-Projeto-14-300x200.jpg 300w, https:\/\/sudoesteacontece.com.br\/wp-content\/uploads\/2026\/03\/Novo-Projeto-14-768x512.jpg 768w\" sizes=\"(max-width: 900px) 100vw, 900px\" \/><\/figure>\n<\/div>\n\n\n<p>Paramirim recebe a Carreta da Mamografia, que realizar\u00e1 atendimentos das 7h \u00e0s 17h na Pra\u00e7a Santo Ant\u00f4nio. Mulheres de 50 a 74 anos podem agendar exame pelo Agente Comunit\u00e1rio de Sa\u00fade ou na UBS mais pr\u00f3xima at\u00e9 o dia 21 de mar\u00e7o, garantindo acesso r\u00e1pido e gratuito \u00e0 preven\u00e7\u00e3o do c\u00e2ncer de mama.<\/p>\n\n\n\n<p>Prefeitura refor\u00e7a import\u00e2ncia da mamografia para detec\u00e7\u00e3o precoce do c\u00e2ncer de mama, que apresenta altas chances de cura quando diagnosticado cedo. Iniciativa leva servi\u00e7o m\u00f3vel \u00e0 popula\u00e7\u00e3o, evitando deslocamentos e fortalecendo pol\u00edticas de aten\u00e7\u00e3o \u00e0 sa\u00fade da mulher, especialmente em munic\u00edpios do interior.<\/p>\n\n\n\n<p>Agentes Comunit\u00e1rios de Sa\u00fade orientam moradoras sobre documenta\u00e7\u00e3o necess\u00e1ria e agendamento do exame. Atendimento na carreta prioriza mulheres dentro da faixa et\u00e1ria recomendada, seguindo protocolos de preven\u00e7\u00e3o e seguran\u00e7a, com profissionais capacitados para conduzir o exame de forma r\u00e1pida, eficiente e humanizada.<\/p>\n\n\n\n<p>A a\u00e7\u00e3o integra pol\u00edticas de sa\u00fade municipal voltadas \u00e0 aten\u00e7\u00e3o b\u00e1sica e preven\u00e7\u00e3o. Prefeitura refor\u00e7a que todas as mulheres devem aproveitar a oportunidade e realizar a mamografia, destacando que exames peri\u00f3dicos s\u00e3o essenciais para detectar altera\u00e7\u00f5es precoces e salvar vidas por meio de interven\u00e7\u00e3o m\u00e9dica r\u00e1pida e eficaz.<\/p>\n","protected":false},"excerpt":{"rendered":"<p>Paramirim recebe a Carreta da Mamografia, que realizar\u00e1 atendimentos das 7h \u00e0s 17h na Pra\u00e7a Santo Ant\u00f4nio. Mulheres de 50 a 74 anos podem agendar exame pelo Agente Comunit\u00e1rio de Sa\u00fade ou na UBS mais pr\u00f3xima at\u00e9 o dia 21 de mar\u00e7o, garantindo acesso r\u00e1pido e gratuito \u00e0 preven\u00e7\u00e3o do c\u00e2ncer de mama. Prefeitura refor\u00e7a import\u00e2ncia da mamografia para detec\u00e7\u00e3o precoce do c\u00e2ncer de mama, que apresenta altas chances de cura quando diagnosticado cedo. Iniciativa leva servi\u00e7o m\u00f3vel \u00e0 popula\u00e7\u00e3o, evitando deslocamentos e fortalecendo pol\u00edticas de aten\u00e7\u00e3o \u00e0 sa\u00fade da mulher, especialmente em munic\u00edpios do interior. Agentes Comunit\u00e1rios de Sa\u00fade orientam moradoras sobre documenta\u00e7\u00e3o necess\u00e1ria e agendamento do exame. Atendimento na carreta prioriza mulheres dentro da faixa et\u00e1ria recomendada, seguindo protocolos de preven\u00e7\u00e3o e seguran\u00e7a, com profissionais capacitados para conduzir o exame de forma r\u00e1pida, eficiente e humanizada. A a\u00e7\u00e3o integra pol\u00edticas de sa\u00fade municipal voltadas \u00e0 aten\u00e7\u00e3o b\u00e1sica e preven\u00e7\u00e3o. Prefeitura refor\u00e7a que todas as mulheres devem aproveitar a oportunidade e realizar a mamografia, destacando que exames peri\u00f3dicos s\u00e3o essenciais para detectar altera\u00e7\u00f5es precoces e salvar vidas por meio de interven\u00e7\u00e3o m\u00e9dica r\u00e1pida e eficaz.<\/p>\n","protected":false},"author":2,"featured_media":0,"comment_status":"open","ping_status":"open","sticky":false,"template":"","format":"standard","meta":{"footnotes":""},"categories":[50,45],"tags":[],"class_list":["post-9967","post","type-post","status-publish","format-standard","hentry","category-paramirim","category-saude"],"yoast_head":"<!-- This site is optimized with the Yoast SEO plugin v26.5 - https:\/\/yoast.com\/wordpress\/plugins\/seo\/ -->\n<title>Carreta da Mamografia chega a Paramirim e oferece exames gratuitos - Sudoesteacontece<\/title>\n<meta name=\"robots\" content=\"index, follow, max-snippet:-1, max-image-preview:large, max-video-preview:-1\" \/>\n<link rel=\"canonical\" href=\"https:\/\/sudoesteacontece.com.br\/?p=9967\" \/>\n<meta property=\"og:locale\" content=\"pt_BR\" \/>\n<meta property=\"og:type\" content=\"article\" \/>\n<meta property=\"og:title\" content=\"Carreta da Mamografia chega a Paramirim e oferece exames gratuitos - Sudoesteacontece\" \/>\n<meta property=\"og:description\" content=\"Paramirim recebe a Carreta da Mamografia, que realizar\u00e1 atendimentos das 7h \u00e0s 17h na Pra\u00e7a Santo Ant\u00f4nio. Mulheres de 50 a 74 anos podem agendar exame pelo Agente Comunit\u00e1rio de Sa\u00fade ou na UBS mais pr\u00f3xima at\u00e9 o dia 21 de mar\u00e7o, garantindo acesso r\u00e1pido e gratuito \u00e0 preven\u00e7\u00e3o do c\u00e2ncer de mama. Prefeitura refor\u00e7a import\u00e2ncia da mamografia para detec\u00e7\u00e3o precoce do c\u00e2ncer de mama, que apresenta altas chances de cura quando diagnosticado cedo. Iniciativa leva servi\u00e7o m\u00f3vel \u00e0 popula\u00e7\u00e3o, evitando deslocamentos e fortalecendo pol\u00edticas de aten\u00e7\u00e3o \u00e0 sa\u00fade da mulher, especialmente em munic\u00edpios do interior. Agentes Comunit\u00e1rios de Sa\u00fade orientam moradoras sobre documenta\u00e7\u00e3o necess\u00e1ria e agendamento do exame. Atendimento na carreta prioriza mulheres dentro da faixa et\u00e1ria recomendada, seguindo protocolos de preven\u00e7\u00e3o e seguran\u00e7a, com profissionais capacitados para conduzir o exame de forma r\u00e1pida, eficiente e humanizada. A a\u00e7\u00e3o integra pol\u00edticas de sa\u00fade municipal voltadas \u00e0 aten\u00e7\u00e3o b\u00e1sica e preven\u00e7\u00e3o. Prefeitura refor\u00e7a que todas as mulheres devem aproveitar a oportunidade e realizar a mamografia, destacando que exames peri\u00f3dicos s\u00e3o essenciais para detectar altera\u00e7\u00f5es precoces e salvar vidas por meio de interven\u00e7\u00e3o m\u00e9dica r\u00e1pida e eficaz.\" \/>\n<meta property=\"og:url\" content=\"https:\/\/sudoesteacontece.com.br\/?p=9967\" \/>\n<meta property=\"og:site_name\" content=\"Sudoesteacontece\" \/>\n<meta property=\"article:publisher\" content=\"https:\/\/www.facebook.com\/sudoesteacontece\/?locale=pt_BR\" \/>\n<meta property=\"article:published_time\" content=\"2026-03-11T22:17:16+00:00\" \/>\n<meta property=\"article:modified_time\" content=\"2026-03-11T22:17:21+00:00\" \/>\n<meta property=\"og:image\" content=\"http:\/\/sudoesteacontece.com.br\/wp-content\/uploads\/2026\/03\/Novo-Projeto-14.jpg\" \/>\n<meta name=\"author\" content=\"Washington Tiago\" \/>\n<meta name=\"twitter:card\" content=\"summary_large_image\" \/>\n<meta name=\"twitter:label1\" content=\"Escrito por\" \/>\n\t<meta name=\"twitter:data1\" content=\"Washington Tiago\" \/>\n\t<meta name=\"twitter:label2\" content=\"Est. tempo de leitura\" \/>\n\t<meta name=\"twitter:data2\" content=\"2 minutos\" \/>\n<script type=\"application\/ld+json\" class=\"yoast-schema-graph\">{\"@context\":\"https:\/\/schema.org\",\"@graph\":[{\"@type\":\"Article\",\"@id\":\"https:\/\/sudoesteacontece.com.br\/?p=9967#article\",\"isPartOf\":{\"@id\":\"https:\/\/sudoesteacontece.com.br\/?p=9967\"},\"author\":{\"name\":\"Washington Tiago\",\"@id\":\"https:\/\/sudoesteacontece.com.br\/#\/schema\/person\/3cf2cf009926a9683ebc29d5379fa79c\"},\"headline\":\"Carreta da Mamografia chega a Paramirim e oferece exames gratuitos\",\"datePublished\":\"2026-03-11T22:17:16+00:00\",\"dateModified\":\"2026-03-11T22:17:21+00:00\",\"mainEntityOfPage\":{\"@id\":\"https:\/\/sudoesteacontece.com.br\/?p=9967\"},\"wordCount\":230,\"commentCount\":0,\"publisher\":{\"@id\":\"https:\/\/sudoesteacontece.com.br\/#organization\"},\"image\":{\"@id\":\"https:\/\/sudoesteacontece.com.br\/?p=9967#primaryimage\"},\"thumbnailUrl\":\"http:\/\/sudoesteacontece.com.br\/wp-content\/uploads\/2026\/03\/Novo-Projeto-14.jpg\",\"articleSection\":[\"Paramirim\",\"Sa\u00fade\"],\"inLanguage\":\"pt-BR\",\"potentialAction\":[{\"@type\":\"CommentAction\",\"name\":\"Comment\",\"target\":[\"https:\/\/sudoesteacontece.com.br\/?p=9967#respond\"]}]},{\"@type\":\"WebPage\",\"@id\":\"https:\/\/sudoesteacontece.com.br\/?p=9967\",\"url\":\"https:\/\/sudoesteacontece.com.br\/?p=9967\",\"name\":\"Carreta da Mamografia chega a Paramirim e oferece exames gratuitos - Sudoesteacontece\",\"isPartOf\":{\"@id\":\"https:\/\/sudoesteacontece.com.br\/#website\"},\"primaryImageOfPage\":{\"@id\":\"https:\/\/sudoesteacontece.com.br\/?p=9967#primaryimage\"},\"image\":{\"@id\":\"https:\/\/sudoesteacontece.com.br\/?p=9967#primaryimage\"},\"thumbnailUrl\":\"http:\/\/sudoesteacontece.com.br\/wp-content\/uploads\/2026\/03\/Novo-Projeto-14.jpg\",\"datePublished\":\"2026-03-11T22:17:16+00:00\",\"dateModified\":\"2026-03-11T22:17:21+00:00\",\"breadcrumb\":{\"@id\":\"https:\/\/sudoesteacontece.com.br\/?p=9967#breadcrumb\"},\"inLanguage\":\"pt-BR\",\"potentialAction\":[{\"@type\":\"ReadAction\",\"target\":[\"https:\/\/sudoesteacontece.com.br\/?p=9967\"]}]},{\"@type\":\"ImageObject\",\"inLanguage\":\"pt-BR\",\"@id\":\"https:\/\/sudoesteacontece.com.br\/?p=9967#primaryimage\",\"url\":\"https:\/\/sudoesteacontece.com.br\/wp-content\/uploads\/2026\/03\/Novo-Projeto-14.jpg\",\"contentUrl\":\"https:\/\/sudoesteacontece.com.br\/wp-content\/uploads\/2026\/03\/Novo-Projeto-14.jpg\",\"width\":900,\"height\":600},{\"@type\":\"BreadcrumbList\",\"@id\":\"https:\/\/sudoesteacontece.com.br\/?p=9967#breadcrumb\",\"itemListElement\":[{\"@type\":\"ListItem\",\"position\":1,\"name\":\"In\u00edcio\",\"item\":\"https:\/\/sudoesteacontece.com.br\/\"},{\"@type\":\"ListItem\",\"position\":2,\"name\":\"Carreta da Mamografia chega a Paramirim e oferece exames gratuitos\"}]},{\"@type\":\"WebSite\",\"@id\":\"https:\/\/sudoesteacontece.com.br\/#website\",\"url\":\"https:\/\/sudoesteacontece.com.br\/\",\"name\":\"Sudoesteacontece\",\"description\":\"\",\"publisher\":{\"@id\":\"https:\/\/sudoesteacontece.com.br\/#organization\"},\"potentialAction\":[{\"@type\":\"SearchAction\",\"target\":{\"@type\":\"EntryPoint\",\"urlTemplate\":\"https:\/\/sudoesteacontece.com.br\/?s={search_term_string}\"},\"query-input\":{\"@type\":\"PropertyValueSpecification\",\"valueRequired\":true,\"valueName\":\"search_term_string\"}}],\"inLanguage\":\"pt-BR\"},{\"@type\":\"Organization\",\"@id\":\"https:\/\/sudoesteacontece.com.br\/#organization\",\"name\":\"Sudoesteacontece\",\"url\":\"https:\/\/sudoesteacontece.com.br\/\",\"logo\":{\"@type\":\"ImageObject\",\"inLanguage\":\"pt-BR\",\"@id\":\"https:\/\/sudoesteacontece.com.br\/#\/schema\/logo\/image\/\",\"url\":\"https:\/\/sudoesteacontece.com.br\/wp-content\/uploads\/2025\/12\/cropped-logo-2-180x180-1.png\",\"contentUrl\":\"https:\/\/sudoesteacontece.com.br\/wp-content\/uploads\/2025\/12\/cropped-logo-2-180x180-1.png\",\"width\":180,\"height\":180,\"caption\":\"Sudoesteacontece\"},\"image\":{\"@id\":\"https:\/\/sudoesteacontece.com.br\/#\/schema\/logo\/image\/\"},\"sameAs\":[\"https:\/\/www.facebook.com\/sudoesteacontece\/?locale=pt_BR\"]},{\"@type\":\"Person\",\"@id\":\"https:\/\/sudoesteacontece.com.br\/#\/schema\/person\/3cf2cf009926a9683ebc29d5379fa79c\",\"name\":\"Washington Tiago\",\"image\":{\"@type\":\"ImageObject\",\"inLanguage\":\"pt-BR\",\"@id\":\"https:\/\/sudoesteacontece.com.br\/#\/schema\/person\/image\/\",\"url\":\"https:\/\/secure.gravatar.com\/avatar\/33c43b8668157e040f9d1fe93c354bf087cbd8ba36270c1163198bd3ddcf2a56?s=96&d=mm&r=g\",\"contentUrl\":\"https:\/\/secure.gravatar.com\/avatar\/33c43b8668157e040f9d1fe93c354bf087cbd8ba36270c1163198bd3ddcf2a56?s=96&d=mm&r=g\",\"caption\":\"Washington Tiago\"},\"url\":\"https:\/\/sudoesteacontece.com.br\/?author=2\"}]}<\/script>\n<!-- \/ Yoast SEO plugin. -->","yoast_head_json":{"title":"Carreta da Mamografia chega a Paramirim e oferece exames gratuitos - Sudoesteacontece","robots":{"index":"index","follow":"follow","max-snippet":"max-snippet:-1","max-image-preview":"max-image-preview:large","max-video-preview":"max-video-preview:-1"},"canonical":"https:\/\/sudoesteacontece.com.br\/?p=9967","og_locale":"pt_BR","og_type":"article","og_title":"Carreta da Mamografia chega a Paramirim e oferece exames gratuitos - Sudoesteacontece","og_description":"Paramirim recebe a Carreta da Mamografia, que realizar\u00e1 atendimentos das 7h \u00e0s 17h na Pra\u00e7a Santo Ant\u00f4nio. Mulheres de 50 a 74 anos podem agendar exame pelo Agente Comunit\u00e1rio de Sa\u00fade ou na UBS mais pr\u00f3xima at\u00e9 o dia 21 de mar\u00e7o, garantindo acesso r\u00e1pido e gratuito \u00e0 preven\u00e7\u00e3o do c\u00e2ncer de mama. Prefeitura refor\u00e7a import\u00e2ncia da mamografia para detec\u00e7\u00e3o precoce do c\u00e2ncer de mama, que apresenta altas chances de cura quando diagnosticado cedo. Iniciativa leva servi\u00e7o m\u00f3vel \u00e0 popula\u00e7\u00e3o, evitando deslocamentos e fortalecendo pol\u00edticas de aten\u00e7\u00e3o \u00e0 sa\u00fade da mulher, especialmente em munic\u00edpios do interior. Agentes Comunit\u00e1rios de Sa\u00fade orientam moradoras sobre documenta\u00e7\u00e3o necess\u00e1ria e agendamento do exame. Atendimento na carreta prioriza mulheres dentro da faixa et\u00e1ria recomendada, seguindo protocolos de preven\u00e7\u00e3o e seguran\u00e7a, com profissionais capacitados para conduzir o exame de forma r\u00e1pida, eficiente e humanizada. A a\u00e7\u00e3o integra pol\u00edticas de sa\u00fade municipal voltadas \u00e0 aten\u00e7\u00e3o b\u00e1sica e preven\u00e7\u00e3o. Prefeitura refor\u00e7a que todas as mulheres devem aproveitar a oportunidade e realizar a mamografia, destacando que exames peri\u00f3dicos s\u00e3o essenciais para detectar altera\u00e7\u00f5es precoces e salvar vidas por meio de interven\u00e7\u00e3o m\u00e9dica r\u00e1pida e eficaz.","og_url":"https:\/\/sudoesteacontece.com.br\/?p=9967","og_site_name":"Sudoesteacontece","article_publisher":"https:\/\/www.facebook.com\/sudoesteacontece\/?locale=pt_BR","article_published_time":"2026-03-11T22:17:16+00:00","article_modified_time":"2026-03-11T22:17:21+00:00","og_image":[{"url":"http:\/\/sudoesteacontece.com.br\/wp-content\/uploads\/2026\/03\/Novo-Projeto-14.jpg","type":"","width":"","height":""}],"author":"Washington Tiago","twitter_card":"summary_large_image","twitter_misc":{"Escrito por":"Washington Tiago","Est. tempo de leitura":"2 minutos"},"schema":{"@context":"https:\/\/schema.org","@graph":[{"@type":"Article","@id":"https:\/\/sudoesteacontece.com.br\/?p=9967#article","isPartOf":{"@id":"https:\/\/sudoesteacontece.com.br\/?p=9967"},"author":{"name":"Washington Tiago","@id":"https:\/\/sudoesteacontece.com.br\/#\/schema\/person\/3cf2cf009926a9683ebc29d5379fa79c"},"headline":"Carreta da Mamografia chega a Paramirim e oferece exames gratuitos","datePublished":"2026-03-11T22:17:16+00:00","dateModified":"2026-03-11T22:17:21+00:00","mainEntityOfPage":{"@id":"https:\/\/sudoesteacontece.com.br\/?p=9967"},"wordCount":230,"commentCount":0,"publisher":{"@id":"https:\/\/sudoesteacontece.com.br\/#organization"},"image":{"@id":"https:\/\/sudoesteacontece.com.br\/?p=9967#primaryimage"},"thumbnailUrl":"http:\/\/sudoesteacontece.com.br\/wp-content\/uploads\/2026\/03\/Novo-Projeto-14.jpg","articleSection":["Paramirim","Sa\u00fade"],"inLanguage":"pt-BR","potentialAction":[{"@type":"CommentAction","name":"Comment","target":["https:\/\/sudoesteacontece.com.br\/?p=9967#respond"]}]},{"@type":"WebPage","@id":"https:\/\/sudoesteacontece.com.br\/?p=9967","url":"https:\/\/sudoesteacontece.com.br\/?p=9967","name":"Carreta da Mamografia chega a Paramirim e oferece exames gratuitos - Sudoesteacontece","isPartOf":{"@id":"https:\/\/sudoesteacontece.com.br\/#website"},"primaryImageOfPage":{"@id":"https:\/\/sudoesteacontece.com.br\/?p=9967#primaryimage"},"image":{"@id":"https:\/\/sudoesteacontece.com.br\/?p=9967#primaryimage"},"thumbnailUrl":"http:\/\/sudoesteacontece.com.br\/wp-content\/uploads\/2026\/03\/Novo-Projeto-14.jpg","datePublished":"2026-03-11T22:17:16+00:00","dateModified":"2026-03-11T22:17:21+00:00","breadcrumb":{"@id":"https:\/\/sudoesteacontece.com.br\/?p=9967#breadcrumb"},"inLanguage":"pt-BR","potentialAction":[{"@type":"ReadAction","target":["https:\/\/sudoesteacontece.com.br\/?p=9967"]}]},{"@type":"ImageObject","inLanguage":"pt-BR","@id":"https:\/\/sudoesteacontece.com.br\/?p=9967#primaryimage","url":"https:\/\/sudoesteacontece.com.br\/wp-content\/uploads\/2026\/03\/Novo-Projeto-14.jpg","contentUrl":"https:\/\/sudoesteacontece.com.br\/wp-content\/uploads\/2026\/03\/Novo-Projeto-14.jpg","width":900,"height":600},{"@type":"BreadcrumbList","@id":"https:\/\/sudoesteacontece.com.br\/?p=9967#breadcrumb","itemListElement":[{"@type":"ListItem","position":1,"name":"In\u00edcio","item":"https:\/\/sudoesteacontece.com.br\/"},{"@type":"ListItem","position":2,"name":"Carreta da Mamografia chega a Paramirim e oferece exames gratuitos"}]},{"@type":"WebSite","@id":"https:\/\/sudoesteacontece.com.br\/#website","url":"https:\/\/sudoesteacontece.com.br\/","name":"Sudoesteacontece","description":"","publisher":{"@id":"https:\/\/sudoesteacontece.com.br\/#organization"},"potentialAction":[{"@type":"SearchAction","target":{"@type":"EntryPoint","urlTemplate":"https:\/\/sudoesteacontece.com.br\/?s={search_term_string}"},"query-input":{"@type":"PropertyValueSpecification","valueRequired":true,"valueName":"search_term_string"}}],"inLanguage":"pt-BR"},{"@type":"Organization","@id":"https:\/\/sudoesteacontece.com.br\/#organization","name":"Sudoesteacontece","url":"https:\/\/sudoesteacontece.com.br\/","logo":{"@type":"ImageObject","inLanguage":"pt-BR","@id":"https:\/\/sudoesteacontece.com.br\/#\/schema\/logo\/image\/","url":"https:\/\/sudoesteacontece.com.br\/wp-content\/uploads\/2025\/12\/cropped-logo-2-180x180-1.png","contentUrl":"https:\/\/sudoesteacontece.com.br\/wp-content\/uploads\/2025\/12\/cropped-logo-2-180x180-1.png","width":180,"height":180,"caption":"Sudoesteacontece"},"image":{"@id":"https:\/\/sudoesteacontece.com.br\/#\/schema\/logo\/image\/"},"sameAs":["https:\/\/www.facebook.com\/sudoesteacontece\/?locale=pt_BR"]},{"@type":"Person","@id":"https:\/\/sudoesteacontece.com.br\/#\/schema\/person\/3cf2cf009926a9683ebc29d5379fa79c","name":"Washington Tiago","image":{"@type":"ImageObject","inLanguage":"pt-BR","@id":"https:\/\/sudoesteacontece.com.br\/#\/schema\/person\/image\/","url":"https:\/\/secure.gravatar.com\/avatar\/33c43b8668157e040f9d1fe93c354bf087cbd8ba36270c1163198bd3ddcf2a56?s=96&d=mm&r=g","contentUrl":"https:\/\/secure.gravatar.com\/avatar\/33c43b8668157e040f9d1fe93c354bf087cbd8ba36270c1163198bd3ddcf2a56?s=96&d=mm&r=g","caption":"Washington Tiago"},"url":"https:\/\/sudoesteacontece.com.br\/?author=2"}]}},"_links":{"self":[{"href":"https:\/\/sudoesteacontece.com.br\/index.php?rest_route=\/wp\/v2\/posts\/9967","targetHints":{"allow":["GET"]}}],"collection":[{"href":"https:\/\/sudoesteacontece.com.br\/index.php?rest_route=\/wp\/v2\/posts"}],"about":[{"href":"https:\/\/sudoesteacontece.com.br\/index.php?rest_route=\/wp\/v2\/types\/post"}],"author":[{"embeddable":true,"href":"https:\/\/sudoesteacontece.com.br\/index.php?rest_route=\/wp\/v2\/users\/2"}],"replies":[{"embeddable":true,"href":"https:\/\/sudoesteacontece.com.br\/index.php?rest_route=%2Fwp%2Fv2%2Fcomments&post=9967"}],"version-history":[{"count":0,"href":"https:\/\/sudoesteacontece.com.br\/index.php?rest_route=\/wp\/v2\/posts\/9967\/revisions"}],"wp:attachment":[{"href":"https:\/\/sudoesteacontece.com.br\/index.php?rest_route=%2Fwp%2Fv2%2Fmedia&parent=9967"}],"wp:term":[{"taxonomy":"category","embeddable":true,"href":"https:\/\/sudoesteacontece.com.br\/index.php?rest_route=%2Fwp%2Fv2%2Fcategories&post=9967"},{"taxonomy":"post_tag","embeddable":true,"href":"https:\/\/sudoesteacontece.com.br\/index.php?rest_route=%2Fwp%2Fv2%2Ftags&post=9967"}],"curies":[{"name":"wp","href":"https:\/\/api.w.org\/{rel}","templated":true}]}}