{"id":997,"date":"2025-10-27T17:16:06","date_gmt":"2025-10-27T20:16:06","guid":{"rendered":"https:\/\/sudoesteacontece.com.br\/?p=997"},"modified":"2025-10-27T17:16:08","modified_gmt":"2025-10-27T20:16:08","slug":"ciprv-brumado-apreende-veiculo-com-restricao-de-circulacao-na-ba-262-em-vitoria-da-conquista","status":"publish","type":"post","link":"https:\/\/sudoesteacontece.com.br\/?p=997","title":{"rendered":"CIPRv\/Brumado apreende ve\u00edculo com restri\u00e7\u00e3o de circula\u00e7\u00e3o na BA-262 em Vit\u00f3ria da Conquista"},"content":{"rendered":"\n<figure class=\"wp-block-image size-large\"><img fetchpriority=\"high\" decoding=\"async\" width=\"1024\" height=\"461\" src=\"http:\/\/sudoesteacontece.com.br\/wp-content\/uploads\/2025\/10\/Policia-Rodoviaria-apreende-veiculo-com-restricao-de-circulacao-na-BA-262-em-Vitoria-da-Conquista-sudoeste-acontece-1-1024x461.jpg\" alt=\"\" class=\"wp-image-1011\" srcset=\"https:\/\/sudoesteacontece.com.br\/wp-content\/uploads\/2025\/10\/Policia-Rodoviaria-apreende-veiculo-com-restricao-de-circulacao-na-BA-262-em-Vitoria-da-Conquista-sudoeste-acontece-1-1024x461.jpg 1024w, https:\/\/sudoesteacontece.com.br\/wp-content\/uploads\/2025\/10\/Policia-Rodoviaria-apreende-veiculo-com-restricao-de-circulacao-na-BA-262-em-Vitoria-da-Conquista-sudoeste-acontece-1-300x135.jpg 300w, https:\/\/sudoesteacontece.com.br\/wp-content\/uploads\/2025\/10\/Policia-Rodoviaria-apreende-veiculo-com-restricao-de-circulacao-na-BA-262-em-Vitoria-da-Conquista-sudoeste-acontece-1-768x346.jpg 768w, https:\/\/sudoesteacontece.com.br\/wp-content\/uploads\/2025\/10\/Policia-Rodoviaria-apreende-veiculo-com-restricao-de-circulacao-na-BA-262-em-Vitoria-da-Conquista-sudoeste-acontece-1-1536x691.jpg 1536w, https:\/\/sudoesteacontece.com.br\/wp-content\/uploads\/2025\/10\/Policia-Rodoviaria-apreende-veiculo-com-restricao-de-circulacao-na-BA-262-em-Vitoria-da-Conquista-sudoeste-acontece-1.jpg 1600w\" sizes=\"(max-width: 1024px) 100vw, 1024px\" \/><\/figure>\n\n\n\n<p>A Pol\u00edcia Rodovi\u00e1ria apreendeu um ve\u00edculo com restri\u00e7\u00e3o de circula\u00e7\u00e3o na tarde deste s\u00e1bado (25), por volta das 15h13, durante uma fiscaliza\u00e7\u00e3o na BA-262, em Vit\u00f3ria da Conquista, no sudoeste da Bahia. A a\u00e7\u00e3o foi realizada por policiais da Companhia Independente de Pol\u00edcia Rodovi\u00e1ria (CIPRv\/Brumado), no Posto do Pradoso.<\/p>\n\n\n\n<p>Segundo a corpora\u00e7\u00e3o, a equipe abordou o carro durante uma opera\u00e7\u00e3o de rotina na rodovia estadual. Os policiais solicitaram os documentos e realizaram consulta no sistema para verificar a situa\u00e7\u00e3o do ve\u00edculo e do condutor.<\/p>\n\n\n\n<p>Durante a verifica\u00e7\u00e3o, a guarni\u00e7\u00e3o constatou que o autom\u00f3vel possu\u00eda restri\u00e7\u00e3o de circula\u00e7\u00e3o registrada. Esse tipo de restri\u00e7\u00e3o indica que o ve\u00edculo n\u00e3o poderia estar trafegando at\u00e9 regulariza\u00e7\u00e3o de pend\u00eancias administrativas ou judiciais.<\/p>\n\n\n\n<p>Ap\u00f3s confirmar a irregularidade, os policiais recolheram o ve\u00edculo e seguiram os procedimentos previstos em lei. O carro foi encaminhado ao p\u00e1tio do Detran em Vit\u00f3ria da Conquista, onde ficar\u00e1 retido at\u00e9 que a situa\u00e7\u00e3o seja analisada pelas autoridades competentes.<\/p>\n\n\n\n<p>A CIPRv informou que a\u00e7\u00f5es como esta fazem parte do trabalho preventivo realizado nas rodovias estaduais. O objetivo \u00e9 combater irregularidades, recuperar ve\u00edculos com restri\u00e7\u00e3o e aumentar a seguran\u00e7a vi\u00e1ria na regi\u00e3o.<\/p>\n\n\n\n<p>Al\u00e9m das fiscaliza\u00e7\u00f5es de tr\u00e2nsito, a pol\u00edcia orienta motoristas a manterem a documenta\u00e7\u00e3o do ve\u00edculo atualizada. Conduzir autom\u00f3vel com restri\u00e7\u00e3o pode resultar em apreens\u00e3o e multa, conforme determina o C\u00f3digo de Tr\u00e2nsito Brasileiro.<\/p>\n","protected":false},"excerpt":{"rendered":"<p>A Pol\u00edcia Rodovi\u00e1ria apreendeu um ve\u00edculo com restri\u00e7\u00e3o de circula\u00e7\u00e3o na tarde deste s\u00e1bado (25), por volta das 15h13, durante uma fiscaliza\u00e7\u00e3o na BA-262, em Vit\u00f3ria da Conquista, no sudoeste da Bahia. A a\u00e7\u00e3o foi realizada por policiais da Companhia Independente de Pol\u00edcia Rodovi\u00e1ria (CIPRv\/Brumado), no Posto do Pradoso. Segundo a corpora\u00e7\u00e3o, a equipe abordou o carro durante uma opera\u00e7\u00e3o de rotina na rodovia estadual. Os policiais solicitaram os documentos e realizaram consulta no sistema para verificar a situa\u00e7\u00e3o do ve\u00edculo e do condutor. Durante a verifica\u00e7\u00e3o, a guarni\u00e7\u00e3o constatou que o autom\u00f3vel possu\u00eda restri\u00e7\u00e3o de circula\u00e7\u00e3o registrada. Esse tipo de restri\u00e7\u00e3o indica que o ve\u00edculo n\u00e3o poderia estar trafegando at\u00e9 regulariza\u00e7\u00e3o de pend\u00eancias administrativas ou judiciais. Ap\u00f3s confirmar a irregularidade, os policiais recolheram o ve\u00edculo e seguiram os procedimentos previstos em lei. O carro foi encaminhado ao p\u00e1tio do Detran em Vit\u00f3ria da Conquista, onde ficar\u00e1 retido at\u00e9 que a situa\u00e7\u00e3o seja analisada pelas autoridades competentes. A CIPRv informou que a\u00e7\u00f5es como esta fazem parte do trabalho preventivo realizado nas rodovias estaduais. O objetivo \u00e9 combater irregularidades, recuperar ve\u00edculos com restri\u00e7\u00e3o e aumentar a seguran\u00e7a vi\u00e1ria na regi\u00e3o. Al\u00e9m das fiscaliza\u00e7\u00f5es de tr\u00e2nsito, a pol\u00edcia orienta motoristas a manterem a documenta\u00e7\u00e3o do ve\u00edculo atualizada. Conduzir autom\u00f3vel com restri\u00e7\u00e3o pode resultar em apreens\u00e3o e multa, conforme determina o C\u00f3digo de Tr\u00e2nsito Brasileiro.<\/p>\n","protected":false},"author":2,"featured_media":1011,"comment_status":"open","ping_status":"open","sticky":false,"template":"","format":"standard","meta":{"footnotes":""},"categories":[4,3,8],"tags":[],"class_list":["post-997","post","type-post","status-publish","format-standard","has-post-thumbnail","hentry","category-cidades","category-policia","category-vitoria-da-conquista"],"yoast_head":"<!-- This site is optimized with the Yoast SEO plugin v26.5 - https:\/\/yoast.com\/wordpress\/plugins\/seo\/ -->\n<title>CIPRv\/Brumado apreende ve\u00edculo com restri\u00e7\u00e3o de circula\u00e7\u00e3o na BA-262 em Vit\u00f3ria da Conquista - Sudoesteacontece<\/title>\n<meta name=\"robots\" content=\"index, follow, max-snippet:-1, max-image-preview:large, max-video-preview:-1\" \/>\n<link rel=\"canonical\" href=\"https:\/\/sudoesteacontece.com.br\/?p=997\" \/>\n<meta property=\"og:locale\" content=\"pt_BR\" \/>\n<meta property=\"og:type\" content=\"article\" \/>\n<meta property=\"og:title\" content=\"CIPRv\/Brumado apreende ve\u00edculo com restri\u00e7\u00e3o de circula\u00e7\u00e3o na BA-262 em Vit\u00f3ria da Conquista - Sudoesteacontece\" \/>\n<meta property=\"og:description\" content=\"A Pol\u00edcia Rodovi\u00e1ria apreendeu um ve\u00edculo com restri\u00e7\u00e3o de circula\u00e7\u00e3o na tarde deste s\u00e1bado (25), por volta das 15h13, durante uma fiscaliza\u00e7\u00e3o na BA-262, em Vit\u00f3ria da Conquista, no sudoeste da Bahia. A a\u00e7\u00e3o foi realizada por policiais da Companhia Independente de Pol\u00edcia Rodovi\u00e1ria (CIPRv\/Brumado), no Posto do Pradoso. Segundo a corpora\u00e7\u00e3o, a equipe abordou o carro durante uma opera\u00e7\u00e3o de rotina na rodovia estadual. Os policiais solicitaram os documentos e realizaram consulta no sistema para verificar a situa\u00e7\u00e3o do ve\u00edculo e do condutor. Durante a verifica\u00e7\u00e3o, a guarni\u00e7\u00e3o constatou que o autom\u00f3vel possu\u00eda restri\u00e7\u00e3o de circula\u00e7\u00e3o registrada. Esse tipo de restri\u00e7\u00e3o indica que o ve\u00edculo n\u00e3o poderia estar trafegando at\u00e9 regulariza\u00e7\u00e3o de pend\u00eancias administrativas ou judiciais. Ap\u00f3s confirmar a irregularidade, os policiais recolheram o ve\u00edculo e seguiram os procedimentos previstos em lei. O carro foi encaminhado ao p\u00e1tio do Detran em Vit\u00f3ria da Conquista, onde ficar\u00e1 retido at\u00e9 que a situa\u00e7\u00e3o seja analisada pelas autoridades competentes. A CIPRv informou que a\u00e7\u00f5es como esta fazem parte do trabalho preventivo realizado nas rodovias estaduais. O objetivo \u00e9 combater irregularidades, recuperar ve\u00edculos com restri\u00e7\u00e3o e aumentar a seguran\u00e7a vi\u00e1ria na regi\u00e3o. Al\u00e9m das fiscaliza\u00e7\u00f5es de tr\u00e2nsito, a pol\u00edcia orienta motoristas a manterem a documenta\u00e7\u00e3o do ve\u00edculo atualizada. Conduzir autom\u00f3vel com restri\u00e7\u00e3o pode resultar em apreens\u00e3o e multa, conforme determina o C\u00f3digo de Tr\u00e2nsito Brasileiro.\" \/>\n<meta property=\"og:url\" content=\"https:\/\/sudoesteacontece.com.br\/?p=997\" \/>\n<meta property=\"og:site_name\" content=\"Sudoesteacontece\" \/>\n<meta property=\"article:publisher\" content=\"https:\/\/www.facebook.com\/sudoesteacontece\/?locale=pt_BR\" \/>\n<meta property=\"article:published_time\" content=\"2025-10-27T20:16:06+00:00\" \/>\n<meta property=\"article:modified_time\" content=\"2025-10-27T20:16:08+00:00\" \/>\n<meta property=\"og:image\" content=\"https:\/\/sudoesteacontece.com.br\/wp-content\/uploads\/2025\/10\/Policia-Rodoviaria-apreende-veiculo-com-restricao-de-circulacao-na-BA-262-em-Vitoria-da-Conquista-sudoeste-acontece-1.jpg\" \/>\n\t<meta property=\"og:image:width\" content=\"1600\" \/>\n\t<meta property=\"og:image:height\" content=\"720\" \/>\n\t<meta property=\"og:image:type\" content=\"image\/jpeg\" \/>\n<meta name=\"author\" content=\"Washington Tiago\" \/>\n<meta name=\"twitter:card\" content=\"summary_large_image\" \/>\n<meta name=\"twitter:label1\" content=\"Escrito por\" \/>\n\t<meta name=\"twitter:data1\" content=\"Washington Tiago\" \/>\n\t<meta name=\"twitter:label2\" content=\"Est. tempo de leitura\" \/>\n\t<meta name=\"twitter:data2\" content=\"1 minuto\" \/>\n<script type=\"application\/ld+json\" class=\"yoast-schema-graph\">{\"@context\":\"https:\/\/schema.org\",\"@graph\":[{\"@type\":\"Article\",\"@id\":\"https:\/\/sudoesteacontece.com.br\/?p=997#article\",\"isPartOf\":{\"@id\":\"https:\/\/sudoesteacontece.com.br\/?p=997\"},\"author\":{\"name\":\"Washington Tiago\",\"@id\":\"https:\/\/sudoesteacontece.com.br\/#\/schema\/person\/3cf2cf009926a9683ebc29d5379fa79c\"},\"headline\":\"CIPRv\/Brumado apreende ve\u00edculo com restri\u00e7\u00e3o de circula\u00e7\u00e3o na BA-262 em Vit\u00f3ria da Conquista\",\"datePublished\":\"2025-10-27T20:16:06+00:00\",\"dateModified\":\"2025-10-27T20:16:08+00:00\",\"mainEntityOfPage\":{\"@id\":\"https:\/\/sudoesteacontece.com.br\/?p=997\"},\"wordCount\":287,\"commentCount\":0,\"publisher\":{\"@id\":\"https:\/\/sudoesteacontece.com.br\/#organization\"},\"image\":{\"@id\":\"https:\/\/sudoesteacontece.com.br\/?p=997#primaryimage\"},\"thumbnailUrl\":\"https:\/\/sudoesteacontece.com.br\/wp-content\/uploads\/2025\/10\/Policia-Rodoviaria-apreende-veiculo-com-restricao-de-circulacao-na-BA-262-em-Vitoria-da-Conquista-sudoeste-acontece-1.jpg\",\"articleSection\":[\"Cidades\",\"Pol\u00edcia\",\"Vit\u00f3ria da Conquista\"],\"inLanguage\":\"pt-BR\",\"potentialAction\":[{\"@type\":\"CommentAction\",\"name\":\"Comment\",\"target\":[\"https:\/\/sudoesteacontece.com.br\/?p=997#respond\"]}]},{\"@type\":\"WebPage\",\"@id\":\"https:\/\/sudoesteacontece.com.br\/?p=997\",\"url\":\"https:\/\/sudoesteacontece.com.br\/?p=997\",\"name\":\"CIPRv\/Brumado apreende ve\u00edculo com restri\u00e7\u00e3o de circula\u00e7\u00e3o na BA-262 em Vit\u00f3ria da Conquista - Sudoesteacontece\",\"isPartOf\":{\"@id\":\"https:\/\/sudoesteacontece.com.br\/#website\"},\"primaryImageOfPage\":{\"@id\":\"https:\/\/sudoesteacontece.com.br\/?p=997#primaryimage\"},\"image\":{\"@id\":\"https:\/\/sudoesteacontece.com.br\/?p=997#primaryimage\"},\"thumbnailUrl\":\"https:\/\/sudoesteacontece.com.br\/wp-content\/uploads\/2025\/10\/Policia-Rodoviaria-apreende-veiculo-com-restricao-de-circulacao-na-BA-262-em-Vitoria-da-Conquista-sudoeste-acontece-1.jpg\",\"datePublished\":\"2025-10-27T20:16:06+00:00\",\"dateModified\":\"2025-10-27T20:16:08+00:00\",\"breadcrumb\":{\"@id\":\"https:\/\/sudoesteacontece.com.br\/?p=997#breadcrumb\"},\"inLanguage\":\"pt-BR\",\"potentialAction\":[{\"@type\":\"ReadAction\",\"target\":[\"https:\/\/sudoesteacontece.com.br\/?p=997\"]}]},{\"@type\":\"ImageObject\",\"inLanguage\":\"pt-BR\",\"@id\":\"https:\/\/sudoesteacontece.com.br\/?p=997#primaryimage\",\"url\":\"https:\/\/sudoesteacontece.com.br\/wp-content\/uploads\/2025\/10\/Policia-Rodoviaria-apreende-veiculo-com-restricao-de-circulacao-na-BA-262-em-Vitoria-da-Conquista-sudoeste-acontece-1.jpg\",\"contentUrl\":\"https:\/\/sudoesteacontece.com.br\/wp-content\/uploads\/2025\/10\/Policia-Rodoviaria-apreende-veiculo-com-restricao-de-circulacao-na-BA-262-em-Vitoria-da-Conquista-sudoeste-acontece-1.jpg\",\"width\":1600,\"height\":720},{\"@type\":\"BreadcrumbList\",\"@id\":\"https:\/\/sudoesteacontece.com.br\/?p=997#breadcrumb\",\"itemListElement\":[{\"@type\":\"ListItem\",\"position\":1,\"name\":\"In\u00edcio\",\"item\":\"https:\/\/sudoesteacontece.com.br\/\"},{\"@type\":\"ListItem\",\"position\":2,\"name\":\"CIPRv\/Brumado apreende ve\u00edculo com restri\u00e7\u00e3o de circula\u00e7\u00e3o na BA-262 em Vit\u00f3ria da Conquista\"}]},{\"@type\":\"WebSite\",\"@id\":\"https:\/\/sudoesteacontece.com.br\/#website\",\"url\":\"https:\/\/sudoesteacontece.com.br\/\",\"name\":\"Sudoesteacontece\",\"description\":\"\",\"publisher\":{\"@id\":\"https:\/\/sudoesteacontece.com.br\/#organization\"},\"potentialAction\":[{\"@type\":\"SearchAction\",\"target\":{\"@type\":\"EntryPoint\",\"urlTemplate\":\"https:\/\/sudoesteacontece.com.br\/?s={search_term_string}\"},\"query-input\":{\"@type\":\"PropertyValueSpecification\",\"valueRequired\":true,\"valueName\":\"search_term_string\"}}],\"inLanguage\":\"pt-BR\"},{\"@type\":\"Organization\",\"@id\":\"https:\/\/sudoesteacontece.com.br\/#organization\",\"name\":\"Sudoesteacontece\",\"url\":\"https:\/\/sudoesteacontece.com.br\/\",\"logo\":{\"@type\":\"ImageObject\",\"inLanguage\":\"pt-BR\",\"@id\":\"https:\/\/sudoesteacontece.com.br\/#\/schema\/logo\/image\/\",\"url\":\"https:\/\/sudoesteacontece.com.br\/wp-content\/uploads\/2025\/12\/cropped-logo-2-180x180-1.png\",\"contentUrl\":\"https:\/\/sudoesteacontece.com.br\/wp-content\/uploads\/2025\/12\/cropped-logo-2-180x180-1.png\",\"width\":180,\"height\":180,\"caption\":\"Sudoesteacontece\"},\"image\":{\"@id\":\"https:\/\/sudoesteacontece.com.br\/#\/schema\/logo\/image\/\"},\"sameAs\":[\"https:\/\/www.facebook.com\/sudoesteacontece\/?locale=pt_BR\"]},{\"@type\":\"Person\",\"@id\":\"https:\/\/sudoesteacontece.com.br\/#\/schema\/person\/3cf2cf009926a9683ebc29d5379fa79c\",\"name\":\"Washington Tiago\",\"image\":{\"@type\":\"ImageObject\",\"inLanguage\":\"pt-BR\",\"@id\":\"https:\/\/sudoesteacontece.com.br\/#\/schema\/person\/image\/\",\"url\":\"https:\/\/secure.gravatar.com\/avatar\/33c43b8668157e040f9d1fe93c354bf087cbd8ba36270c1163198bd3ddcf2a56?s=96&d=mm&r=g\",\"contentUrl\":\"https:\/\/secure.gravatar.com\/avatar\/33c43b8668157e040f9d1fe93c354bf087cbd8ba36270c1163198bd3ddcf2a56?s=96&d=mm&r=g\",\"caption\":\"Washington Tiago\"},\"url\":\"https:\/\/sudoesteacontece.com.br\/?author=2\"}]}<\/script>\n<!-- \/ Yoast SEO plugin. -->","yoast_head_json":{"title":"CIPRv\/Brumado apreende ve\u00edculo com restri\u00e7\u00e3o de circula\u00e7\u00e3o na BA-262 em Vit\u00f3ria da Conquista - Sudoesteacontece","robots":{"index":"index","follow":"follow","max-snippet":"max-snippet:-1","max-image-preview":"max-image-preview:large","max-video-preview":"max-video-preview:-1"},"canonical":"https:\/\/sudoesteacontece.com.br\/?p=997","og_locale":"pt_BR","og_type":"article","og_title":"CIPRv\/Brumado apreende ve\u00edculo com restri\u00e7\u00e3o de circula\u00e7\u00e3o na BA-262 em Vit\u00f3ria da Conquista - Sudoesteacontece","og_description":"A Pol\u00edcia Rodovi\u00e1ria apreendeu um ve\u00edculo com restri\u00e7\u00e3o de circula\u00e7\u00e3o na tarde deste s\u00e1bado (25), por volta das 15h13, durante uma fiscaliza\u00e7\u00e3o na BA-262, em Vit\u00f3ria da Conquista, no sudoeste da Bahia. A a\u00e7\u00e3o foi realizada por policiais da Companhia Independente de Pol\u00edcia Rodovi\u00e1ria (CIPRv\/Brumado), no Posto do Pradoso. Segundo a corpora\u00e7\u00e3o, a equipe abordou o carro durante uma opera\u00e7\u00e3o de rotina na rodovia estadual. Os policiais solicitaram os documentos e realizaram consulta no sistema para verificar a situa\u00e7\u00e3o do ve\u00edculo e do condutor. Durante a verifica\u00e7\u00e3o, a guarni\u00e7\u00e3o constatou que o autom\u00f3vel possu\u00eda restri\u00e7\u00e3o de circula\u00e7\u00e3o registrada. Esse tipo de restri\u00e7\u00e3o indica que o ve\u00edculo n\u00e3o poderia estar trafegando at\u00e9 regulariza\u00e7\u00e3o de pend\u00eancias administrativas ou judiciais. Ap\u00f3s confirmar a irregularidade, os policiais recolheram o ve\u00edculo e seguiram os procedimentos previstos em lei. O carro foi encaminhado ao p\u00e1tio do Detran em Vit\u00f3ria da Conquista, onde ficar\u00e1 retido at\u00e9 que a situa\u00e7\u00e3o seja analisada pelas autoridades competentes. A CIPRv informou que a\u00e7\u00f5es como esta fazem parte do trabalho preventivo realizado nas rodovias estaduais. O objetivo \u00e9 combater irregularidades, recuperar ve\u00edculos com restri\u00e7\u00e3o e aumentar a seguran\u00e7a vi\u00e1ria na regi\u00e3o. Al\u00e9m das fiscaliza\u00e7\u00f5es de tr\u00e2nsito, a pol\u00edcia orienta motoristas a manterem a documenta\u00e7\u00e3o do ve\u00edculo atualizada. Conduzir autom\u00f3vel com restri\u00e7\u00e3o pode resultar em apreens\u00e3o e multa, conforme determina o C\u00f3digo de Tr\u00e2nsito Brasileiro.","og_url":"https:\/\/sudoesteacontece.com.br\/?p=997","og_site_name":"Sudoesteacontece","article_publisher":"https:\/\/www.facebook.com\/sudoesteacontece\/?locale=pt_BR","article_published_time":"2025-10-27T20:16:06+00:00","article_modified_time":"2025-10-27T20:16:08+00:00","og_image":[{"width":1600,"height":720,"url":"https:\/\/sudoesteacontece.com.br\/wp-content\/uploads\/2025\/10\/Policia-Rodoviaria-apreende-veiculo-com-restricao-de-circulacao-na-BA-262-em-Vitoria-da-Conquista-sudoeste-acontece-1.jpg","type":"image\/jpeg"}],"author":"Washington Tiago","twitter_card":"summary_large_image","twitter_misc":{"Escrito por":"Washington Tiago","Est. tempo de leitura":"1 minuto"},"schema":{"@context":"https:\/\/schema.org","@graph":[{"@type":"Article","@id":"https:\/\/sudoesteacontece.com.br\/?p=997#article","isPartOf":{"@id":"https:\/\/sudoesteacontece.com.br\/?p=997"},"author":{"name":"Washington Tiago","@id":"https:\/\/sudoesteacontece.com.br\/#\/schema\/person\/3cf2cf009926a9683ebc29d5379fa79c"},"headline":"CIPRv\/Brumado apreende ve\u00edculo com restri\u00e7\u00e3o de circula\u00e7\u00e3o na BA-262 em Vit\u00f3ria da Conquista","datePublished":"2025-10-27T20:16:06+00:00","dateModified":"2025-10-27T20:16:08+00:00","mainEntityOfPage":{"@id":"https:\/\/sudoesteacontece.com.br\/?p=997"},"wordCount":287,"commentCount":0,"publisher":{"@id":"https:\/\/sudoesteacontece.com.br\/#organization"},"image":{"@id":"https:\/\/sudoesteacontece.com.br\/?p=997#primaryimage"},"thumbnailUrl":"https:\/\/sudoesteacontece.com.br\/wp-content\/uploads\/2025\/10\/Policia-Rodoviaria-apreende-veiculo-com-restricao-de-circulacao-na-BA-262-em-Vitoria-da-Conquista-sudoeste-acontece-1.jpg","articleSection":["Cidades","Pol\u00edcia","Vit\u00f3ria da Conquista"],"inLanguage":"pt-BR","potentialAction":[{"@type":"CommentAction","name":"Comment","target":["https:\/\/sudoesteacontece.com.br\/?p=997#respond"]}]},{"@type":"WebPage","@id":"https:\/\/sudoesteacontece.com.br\/?p=997","url":"https:\/\/sudoesteacontece.com.br\/?p=997","name":"CIPRv\/Brumado apreende ve\u00edculo com restri\u00e7\u00e3o de circula\u00e7\u00e3o na BA-262 em Vit\u00f3ria da Conquista - Sudoesteacontece","isPartOf":{"@id":"https:\/\/sudoesteacontece.com.br\/#website"},"primaryImageOfPage":{"@id":"https:\/\/sudoesteacontece.com.br\/?p=997#primaryimage"},"image":{"@id":"https:\/\/sudoesteacontece.com.br\/?p=997#primaryimage"},"thumbnailUrl":"https:\/\/sudoesteacontece.com.br\/wp-content\/uploads\/2025\/10\/Policia-Rodoviaria-apreende-veiculo-com-restricao-de-circulacao-na-BA-262-em-Vitoria-da-Conquista-sudoeste-acontece-1.jpg","datePublished":"2025-10-27T20:16:06+00:00","dateModified":"2025-10-27T20:16:08+00:00","breadcrumb":{"@id":"https:\/\/sudoesteacontece.com.br\/?p=997#breadcrumb"},"inLanguage":"pt-BR","potentialAction":[{"@type":"ReadAction","target":["https:\/\/sudoesteacontece.com.br\/?p=997"]}]},{"@type":"ImageObject","inLanguage":"pt-BR","@id":"https:\/\/sudoesteacontece.com.br\/?p=997#primaryimage","url":"https:\/\/sudoesteacontece.com.br\/wp-content\/uploads\/2025\/10\/Policia-Rodoviaria-apreende-veiculo-com-restricao-de-circulacao-na-BA-262-em-Vitoria-da-Conquista-sudoeste-acontece-1.jpg","contentUrl":"https:\/\/sudoesteacontece.com.br\/wp-content\/uploads\/2025\/10\/Policia-Rodoviaria-apreende-veiculo-com-restricao-de-circulacao-na-BA-262-em-Vitoria-da-Conquista-sudoeste-acontece-1.jpg","width":1600,"height":720},{"@type":"BreadcrumbList","@id":"https:\/\/sudoesteacontece.com.br\/?p=997#breadcrumb","itemListElement":[{"@type":"ListItem","position":1,"name":"In\u00edcio","item":"https:\/\/sudoesteacontece.com.br\/"},{"@type":"ListItem","position":2,"name":"CIPRv\/Brumado apreende ve\u00edculo com restri\u00e7\u00e3o de circula\u00e7\u00e3o na BA-262 em Vit\u00f3ria da Conquista"}]},{"@type":"WebSite","@id":"https:\/\/sudoesteacontece.com.br\/#website","url":"https:\/\/sudoesteacontece.com.br\/","name":"Sudoesteacontece","description":"","publisher":{"@id":"https:\/\/sudoesteacontece.com.br\/#organization"},"potentialAction":[{"@type":"SearchAction","target":{"@type":"EntryPoint","urlTemplate":"https:\/\/sudoesteacontece.com.br\/?s={search_term_string}"},"query-input":{"@type":"PropertyValueSpecification","valueRequired":true,"valueName":"search_term_string"}}],"inLanguage":"pt-BR"},{"@type":"Organization","@id":"https:\/\/sudoesteacontece.com.br\/#organization","name":"Sudoesteacontece","url":"https:\/\/sudoesteacontece.com.br\/","logo":{"@type":"ImageObject","inLanguage":"pt-BR","@id":"https:\/\/sudoesteacontece.com.br\/#\/schema\/logo\/image\/","url":"https:\/\/sudoesteacontece.com.br\/wp-content\/uploads\/2025\/12\/cropped-logo-2-180x180-1.png","contentUrl":"https:\/\/sudoesteacontece.com.br\/wp-content\/uploads\/2025\/12\/cropped-logo-2-180x180-1.png","width":180,"height":180,"caption":"Sudoesteacontece"},"image":{"@id":"https:\/\/sudoesteacontece.com.br\/#\/schema\/logo\/image\/"},"sameAs":["https:\/\/www.facebook.com\/sudoesteacontece\/?locale=pt_BR"]},{"@type":"Person","@id":"https:\/\/sudoesteacontece.com.br\/#\/schema\/person\/3cf2cf009926a9683ebc29d5379fa79c","name":"Washington Tiago","image":{"@type":"ImageObject","inLanguage":"pt-BR","@id":"https:\/\/sudoesteacontece.com.br\/#\/schema\/person\/image\/","url":"https:\/\/secure.gravatar.com\/avatar\/33c43b8668157e040f9d1fe93c354bf087cbd8ba36270c1163198bd3ddcf2a56?s=96&d=mm&r=g","contentUrl":"https:\/\/secure.gravatar.com\/avatar\/33c43b8668157e040f9d1fe93c354bf087cbd8ba36270c1163198bd3ddcf2a56?s=96&d=mm&r=g","caption":"Washington Tiago"},"url":"https:\/\/sudoesteacontece.com.br\/?author=2"}]}},"_links":{"self":[{"href":"https:\/\/sudoesteacontece.com.br\/index.php?rest_route=\/wp\/v2\/posts\/997","targetHints":{"allow":["GET"]}}],"collection":[{"href":"https:\/\/sudoesteacontece.com.br\/index.php?rest_route=\/wp\/v2\/posts"}],"about":[{"href":"https:\/\/sudoesteacontece.com.br\/index.php?rest_route=\/wp\/v2\/types\/post"}],"author":[{"embeddable":true,"href":"https:\/\/sudoesteacontece.com.br\/index.php?rest_route=\/wp\/v2\/users\/2"}],"replies":[{"embeddable":true,"href":"https:\/\/sudoesteacontece.com.br\/index.php?rest_route=%2Fwp%2Fv2%2Fcomments&post=997"}],"version-history":[{"count":0,"href":"https:\/\/sudoesteacontece.com.br\/index.php?rest_route=\/wp\/v2\/posts\/997\/revisions"}],"wp:featuredmedia":[{"embeddable":true,"href":"https:\/\/sudoesteacontece.com.br\/index.php?rest_route=\/wp\/v2\/media\/1011"}],"wp:attachment":[{"href":"https:\/\/sudoesteacontece.com.br\/index.php?rest_route=%2Fwp%2Fv2%2Fmedia&parent=997"}],"wp:term":[{"taxonomy":"category","embeddable":true,"href":"https:\/\/sudoesteacontece.com.br\/index.php?rest_route=%2Fwp%2Fv2%2Fcategories&post=997"},{"taxonomy":"post_tag","embeddable":true,"href":"https:\/\/sudoesteacontece.com.br\/index.php?rest_route=%2Fwp%2Fv2%2Ftags&post=997"}],"curies":[{"name":"wp","href":"https:\/\/api.w.org\/{rel}","templated":true}]}}