{"id":9970,"date":"2026-03-11T19:19:37","date_gmt":"2026-03-11T22:19:37","guid":{"rendered":"https:\/\/sudoesteacontece.com.br\/?p=9970"},"modified":"2026-03-11T19:19:42","modified_gmt":"2026-03-11T22:19:42","slug":"adolescente-de-12-anos-da-a-luz-em-iuiu-exame-de-dna-deve-definir-paternidade","status":"publish","type":"post","link":"https:\/\/sudoesteacontece.com.br\/?p=9970","title":{"rendered":"Adolescente de 12 anos d\u00e1 \u00e0 luz em Iuiu; exame de DNA deve definir paternidade"},"content":{"rendered":"<div class=\"wp-block-image\">\n<figure class=\"aligncenter size-full\"><img fetchpriority=\"high\" decoding=\"async\" width=\"900\" height=\"600\" src=\"http:\/\/sudoesteacontece.com.br\/wp-content\/uploads\/2026\/02\/UTI-do-Hospital-Geral-de-Guanambi-completa-20-anos-e-amplia-atendimento-de-alta-complexidade-HGG.jpg\" alt=\"\" class=\"wp-image-8117\" srcset=\"https:\/\/sudoesteacontece.com.br\/wp-content\/uploads\/2026\/02\/UTI-do-Hospital-Geral-de-Guanambi-completa-20-anos-e-amplia-atendimento-de-alta-complexidade-HGG.jpg 900w, https:\/\/sudoesteacontece.com.br\/wp-content\/uploads\/2026\/02\/UTI-do-Hospital-Geral-de-Guanambi-completa-20-anos-e-amplia-atendimento-de-alta-complexidade-HGG-300x200.jpg 300w, https:\/\/sudoesteacontece.com.br\/wp-content\/uploads\/2026\/02\/UTI-do-Hospital-Geral-de-Guanambi-completa-20-anos-e-amplia-atendimento-de-alta-complexidade-HGG-768x512.jpg 768w\" sizes=\"(max-width: 900px) 100vw, 900px\" \/><\/figure>\n<\/div>\n\n\n<p>Adolescente de 12 anos deu \u00e0 luz uma menina na tarde de ter\u00e7a-feira (10), no Hospital Geral de Guanambi (HGG), em Iuiu, sudoeste da Bahia. Beb\u00ea nasceu com 3,216 kg, parto ocorreu de forma normal, sem necessidade de interven\u00e7\u00e3o cir\u00fargica. M\u00e3e e filha permanecem internadas para acompanhamento m\u00e9dico.<\/p>\n\n\n\n<p>Padrasto e primo da jovem s\u00e3o apontados como suspeitos de abuso, mas negam envolvimento. Ambos aguardam resultados de exame de DNA para esclarecer paternidade. Padrasto afirma que prova sua inoc\u00eancia ap\u00f3s nascimento da filha. Primo tamb\u00e9m nega rela\u00e7\u00e3o e destaca que teste confirmar\u00e1 a verdade.<\/p>\n\n\n\n<p>Pol\u00edcia Civil iniciou investiga\u00e7\u00e3o para apurar o caso. Procedimentos periciais e exames m\u00e9dicos buscam reunir provas que possam comprovar ou descartar a participa\u00e7\u00e3o dos suspeitos. Autoridades afirmam que prioridade \u00e9 prote\u00e7\u00e3o da menor e seguran\u00e7a da rec\u00e9m-nascida durante a apura\u00e7\u00e3o do crime.<\/p>\n\n\n\n<p>Fam\u00edlia e comunidade vivem momento de tens\u00e3o ap\u00f3s revela\u00e7\u00e3o do ocorrido. Caso refor\u00e7a debates sobre viol\u00eancia sexual contra crian\u00e7as e adolescentes, al\u00e9m da import\u00e2ncia de medidas preventivas, apoio psicol\u00f3gico e acompanhamento institucional para v\u00edtimas em \u00e1reas rurais da Bahia.<\/p>\n","protected":false},"excerpt":{"rendered":"<p>Adolescente de 12 anos deu \u00e0 luz uma menina na tarde de ter\u00e7a-feira (10), no Hospital Geral de Guanambi (HGG), em Iuiu, sudoeste da Bahia. Beb\u00ea nasceu com 3,216 kg, parto ocorreu de forma normal, sem necessidade de interven\u00e7\u00e3o cir\u00fargica. M\u00e3e e filha permanecem internadas para acompanhamento m\u00e9dico. Padrasto e primo da jovem s\u00e3o apontados como suspeitos de abuso, mas negam envolvimento. Ambos aguardam resultados de exame de DNA para esclarecer paternidade. Padrasto afirma que prova sua inoc\u00eancia ap\u00f3s nascimento da filha. Primo tamb\u00e9m nega rela\u00e7\u00e3o e destaca que teste confirmar\u00e1 a verdade. Pol\u00edcia Civil iniciou investiga\u00e7\u00e3o para apurar o caso. Procedimentos periciais e exames m\u00e9dicos buscam reunir provas que possam comprovar ou descartar a participa\u00e7\u00e3o dos suspeitos. Autoridades afirmam que prioridade \u00e9 prote\u00e7\u00e3o da menor e seguran\u00e7a da rec\u00e9m-nascida durante a apura\u00e7\u00e3o do crime. Fam\u00edlia e comunidade vivem momento de tens\u00e3o ap\u00f3s revela\u00e7\u00e3o do ocorrido. Caso refor\u00e7a debates sobre viol\u00eancia sexual contra crian\u00e7as e adolescentes, al\u00e9m da import\u00e2ncia de medidas preventivas, apoio psicol\u00f3gico e acompanhamento institucional para v\u00edtimas em \u00e1reas rurais da Bahia.<\/p>\n","protected":false},"author":2,"featured_media":8117,"comment_status":"open","ping_status":"open","sticky":false,"template":"","format":"standard","meta":{"footnotes":""},"categories":[4,17,87,3],"tags":[],"class_list":["post-9970","post","type-post","status-publish","format-standard","has-post-thumbnail","hentry","category-cidades","category-guanambi","category-iuiu","category-policia"],"yoast_head":"<!-- This site is optimized with the Yoast SEO plugin v26.5 - https:\/\/yoast.com\/wordpress\/plugins\/seo\/ -->\n<title>Adolescente de 12 anos d\u00e1 \u00e0 luz em Iuiu; exame de DNA deve definir paternidade - Sudoesteacontece<\/title>\n<meta name=\"robots\" content=\"index, follow, max-snippet:-1, max-image-preview:large, max-video-preview:-1\" \/>\n<link rel=\"canonical\" href=\"http:\/\/sudoesteacontece.com.br\/?p=9970\" \/>\n<meta property=\"og:locale\" content=\"pt_BR\" \/>\n<meta property=\"og:type\" content=\"article\" \/>\n<meta property=\"og:title\" content=\"Adolescente de 12 anos d\u00e1 \u00e0 luz em Iuiu; exame de DNA deve definir paternidade - Sudoesteacontece\" \/>\n<meta property=\"og:description\" content=\"Adolescente de 12 anos deu \u00e0 luz uma menina na tarde de ter\u00e7a-feira (10), no Hospital Geral de Guanambi (HGG), em Iuiu, sudoeste da Bahia. Beb\u00ea nasceu com 3,216 kg, parto ocorreu de forma normal, sem necessidade de interven\u00e7\u00e3o cir\u00fargica. M\u00e3e e filha permanecem internadas para acompanhamento m\u00e9dico. Padrasto e primo da jovem s\u00e3o apontados como suspeitos de abuso, mas negam envolvimento. Ambos aguardam resultados de exame de DNA para esclarecer paternidade. Padrasto afirma que prova sua inoc\u00eancia ap\u00f3s nascimento da filha. Primo tamb\u00e9m nega rela\u00e7\u00e3o e destaca que teste confirmar\u00e1 a verdade. Pol\u00edcia Civil iniciou investiga\u00e7\u00e3o para apurar o caso. Procedimentos periciais e exames m\u00e9dicos buscam reunir provas que possam comprovar ou descartar a participa\u00e7\u00e3o dos suspeitos. Autoridades afirmam que prioridade \u00e9 prote\u00e7\u00e3o da menor e seguran\u00e7a da rec\u00e9m-nascida durante a apura\u00e7\u00e3o do crime. Fam\u00edlia e comunidade vivem momento de tens\u00e3o ap\u00f3s revela\u00e7\u00e3o do ocorrido. Caso refor\u00e7a debates sobre viol\u00eancia sexual contra crian\u00e7as e adolescentes, al\u00e9m da import\u00e2ncia de medidas preventivas, apoio psicol\u00f3gico e acompanhamento institucional para v\u00edtimas em \u00e1reas rurais da Bahia.\" \/>\n<meta property=\"og:url\" content=\"http:\/\/sudoesteacontece.com.br\/?p=9970\" \/>\n<meta property=\"og:site_name\" content=\"Sudoesteacontece\" \/>\n<meta property=\"article:publisher\" content=\"https:\/\/www.facebook.com\/sudoesteacontece\/?locale=pt_BR\" \/>\n<meta property=\"article:published_time\" content=\"2026-03-11T22:19:37+00:00\" \/>\n<meta property=\"article:modified_time\" content=\"2026-03-11T22:19:42+00:00\" \/>\n<meta property=\"og:image\" content=\"http:\/\/sudoesteacontece.com.br\/wp-content\/uploads\/2026\/02\/UTI-do-Hospital-Geral-de-Guanambi-completa-20-anos-e-amplia-atendimento-de-alta-complexidade-HGG.jpg\" \/>\n\t<meta property=\"og:image:width\" content=\"900\" \/>\n\t<meta property=\"og:image:height\" content=\"600\" \/>\n\t<meta property=\"og:image:type\" content=\"image\/jpeg\" \/>\n<meta name=\"author\" content=\"Washington Tiago\" \/>\n<meta name=\"twitter:card\" content=\"summary_large_image\" \/>\n<meta name=\"twitter:label1\" content=\"Escrito por\" \/>\n\t<meta name=\"twitter:data1\" content=\"Washington Tiago\" \/>\n\t<meta name=\"twitter:label2\" content=\"Est. tempo de leitura\" \/>\n\t<meta name=\"twitter:data2\" content=\"2 minutos\" \/>\n<script type=\"application\/ld+json\" class=\"yoast-schema-graph\">{\"@context\":\"https:\/\/schema.org\",\"@graph\":[{\"@type\":\"Article\",\"@id\":\"http:\/\/sudoesteacontece.com.br\/?p=9970#article\",\"isPartOf\":{\"@id\":\"http:\/\/sudoesteacontece.com.br\/?p=9970\"},\"author\":{\"name\":\"Washington Tiago\",\"@id\":\"https:\/\/sudoesteacontece.com.br\/#\/schema\/person\/3cf2cf009926a9683ebc29d5379fa79c\"},\"headline\":\"Adolescente de 12 anos d\u00e1 \u00e0 luz em Iuiu; exame de DNA deve definir paternidade\",\"datePublished\":\"2026-03-11T22:19:37+00:00\",\"dateModified\":\"2026-03-11T22:19:42+00:00\",\"mainEntityOfPage\":{\"@id\":\"http:\/\/sudoesteacontece.com.br\/?p=9970\"},\"wordCount\":211,\"commentCount\":0,\"publisher\":{\"@id\":\"https:\/\/sudoesteacontece.com.br\/#organization\"},\"image\":{\"@id\":\"http:\/\/sudoesteacontece.com.br\/?p=9970#primaryimage\"},\"thumbnailUrl\":\"https:\/\/sudoesteacontece.com.br\/wp-content\/uploads\/2026\/02\/UTI-do-Hospital-Geral-de-Guanambi-completa-20-anos-e-amplia-atendimento-de-alta-complexidade-HGG.jpg\",\"articleSection\":[\"Cidades\",\"Guanambi\",\"Iuiu\",\"Pol\u00edcia\"],\"inLanguage\":\"pt-BR\",\"potentialAction\":[{\"@type\":\"CommentAction\",\"name\":\"Comment\",\"target\":[\"http:\/\/sudoesteacontece.com.br\/?p=9970#respond\"]}]},{\"@type\":\"WebPage\",\"@id\":\"http:\/\/sudoesteacontece.com.br\/?p=9970\",\"url\":\"http:\/\/sudoesteacontece.com.br\/?p=9970\",\"name\":\"Adolescente de 12 anos d\u00e1 \u00e0 luz em Iuiu; exame de DNA deve definir paternidade - Sudoesteacontece\",\"isPartOf\":{\"@id\":\"https:\/\/sudoesteacontece.com.br\/#website\"},\"primaryImageOfPage\":{\"@id\":\"http:\/\/sudoesteacontece.com.br\/?p=9970#primaryimage\"},\"image\":{\"@id\":\"http:\/\/sudoesteacontece.com.br\/?p=9970#primaryimage\"},\"thumbnailUrl\":\"https:\/\/sudoesteacontece.com.br\/wp-content\/uploads\/2026\/02\/UTI-do-Hospital-Geral-de-Guanambi-completa-20-anos-e-amplia-atendimento-de-alta-complexidade-HGG.jpg\",\"datePublished\":\"2026-03-11T22:19:37+00:00\",\"dateModified\":\"2026-03-11T22:19:42+00:00\",\"breadcrumb\":{\"@id\":\"http:\/\/sudoesteacontece.com.br\/?p=9970#breadcrumb\"},\"inLanguage\":\"pt-BR\",\"potentialAction\":[{\"@type\":\"ReadAction\",\"target\":[\"http:\/\/sudoesteacontece.com.br\/?p=9970\"]}]},{\"@type\":\"ImageObject\",\"inLanguage\":\"pt-BR\",\"@id\":\"http:\/\/sudoesteacontece.com.br\/?p=9970#primaryimage\",\"url\":\"https:\/\/sudoesteacontece.com.br\/wp-content\/uploads\/2026\/02\/UTI-do-Hospital-Geral-de-Guanambi-completa-20-anos-e-amplia-atendimento-de-alta-complexidade-HGG.jpg\",\"contentUrl\":\"https:\/\/sudoesteacontece.com.br\/wp-content\/uploads\/2026\/02\/UTI-do-Hospital-Geral-de-Guanambi-completa-20-anos-e-amplia-atendimento-de-alta-complexidade-HGG.jpg\",\"width\":900,\"height\":600},{\"@type\":\"BreadcrumbList\",\"@id\":\"http:\/\/sudoesteacontece.com.br\/?p=9970#breadcrumb\",\"itemListElement\":[{\"@type\":\"ListItem\",\"position\":1,\"name\":\"In\u00edcio\",\"item\":\"https:\/\/sudoesteacontece.com.br\/\"},{\"@type\":\"ListItem\",\"position\":2,\"name\":\"Adolescente de 12 anos d\u00e1 \u00e0 luz em Iuiu; exame de DNA deve definir paternidade\"}]},{\"@type\":\"WebSite\",\"@id\":\"https:\/\/sudoesteacontece.com.br\/#website\",\"url\":\"https:\/\/sudoesteacontece.com.br\/\",\"name\":\"Sudoesteacontece\",\"description\":\"\",\"publisher\":{\"@id\":\"https:\/\/sudoesteacontece.com.br\/#organization\"},\"potentialAction\":[{\"@type\":\"SearchAction\",\"target\":{\"@type\":\"EntryPoint\",\"urlTemplate\":\"https:\/\/sudoesteacontece.com.br\/?s={search_term_string}\"},\"query-input\":{\"@type\":\"PropertyValueSpecification\",\"valueRequired\":true,\"valueName\":\"search_term_string\"}}],\"inLanguage\":\"pt-BR\"},{\"@type\":\"Organization\",\"@id\":\"https:\/\/sudoesteacontece.com.br\/#organization\",\"name\":\"Sudoesteacontece\",\"url\":\"https:\/\/sudoesteacontece.com.br\/\",\"logo\":{\"@type\":\"ImageObject\",\"inLanguage\":\"pt-BR\",\"@id\":\"https:\/\/sudoesteacontece.com.br\/#\/schema\/logo\/image\/\",\"url\":\"https:\/\/sudoesteacontece.com.br\/wp-content\/uploads\/2025\/12\/cropped-logo-2-180x180-1.png\",\"contentUrl\":\"https:\/\/sudoesteacontece.com.br\/wp-content\/uploads\/2025\/12\/cropped-logo-2-180x180-1.png\",\"width\":180,\"height\":180,\"caption\":\"Sudoesteacontece\"},\"image\":{\"@id\":\"https:\/\/sudoesteacontece.com.br\/#\/schema\/logo\/image\/\"},\"sameAs\":[\"https:\/\/www.facebook.com\/sudoesteacontece\/?locale=pt_BR\"]},{\"@type\":\"Person\",\"@id\":\"https:\/\/sudoesteacontece.com.br\/#\/schema\/person\/3cf2cf009926a9683ebc29d5379fa79c\",\"name\":\"Washington Tiago\",\"image\":{\"@type\":\"ImageObject\",\"inLanguage\":\"pt-BR\",\"@id\":\"https:\/\/sudoesteacontece.com.br\/#\/schema\/person\/image\/\",\"url\":\"https:\/\/secure.gravatar.com\/avatar\/33c43b8668157e040f9d1fe93c354bf087cbd8ba36270c1163198bd3ddcf2a56?s=96&d=mm&r=g\",\"contentUrl\":\"https:\/\/secure.gravatar.com\/avatar\/33c43b8668157e040f9d1fe93c354bf087cbd8ba36270c1163198bd3ddcf2a56?s=96&d=mm&r=g\",\"caption\":\"Washington Tiago\"},\"url\":\"https:\/\/sudoesteacontece.com.br\/?author=2\"}]}<\/script>\n<!-- \/ Yoast SEO plugin. -->","yoast_head_json":{"title":"Adolescente de 12 anos d\u00e1 \u00e0 luz em Iuiu; exame de DNA deve definir paternidade - Sudoesteacontece","robots":{"index":"index","follow":"follow","max-snippet":"max-snippet:-1","max-image-preview":"max-image-preview:large","max-video-preview":"max-video-preview:-1"},"canonical":"http:\/\/sudoesteacontece.com.br\/?p=9970","og_locale":"pt_BR","og_type":"article","og_title":"Adolescente de 12 anos d\u00e1 \u00e0 luz em Iuiu; exame de DNA deve definir paternidade - Sudoesteacontece","og_description":"Adolescente de 12 anos deu \u00e0 luz uma menina na tarde de ter\u00e7a-feira (10), no Hospital Geral de Guanambi (HGG), em Iuiu, sudoeste da Bahia. Beb\u00ea nasceu com 3,216 kg, parto ocorreu de forma normal, sem necessidade de interven\u00e7\u00e3o cir\u00fargica. M\u00e3e e filha permanecem internadas para acompanhamento m\u00e9dico. Padrasto e primo da jovem s\u00e3o apontados como suspeitos de abuso, mas negam envolvimento. Ambos aguardam resultados de exame de DNA para esclarecer paternidade. Padrasto afirma que prova sua inoc\u00eancia ap\u00f3s nascimento da filha. Primo tamb\u00e9m nega rela\u00e7\u00e3o e destaca que teste confirmar\u00e1 a verdade. Pol\u00edcia Civil iniciou investiga\u00e7\u00e3o para apurar o caso. Procedimentos periciais e exames m\u00e9dicos buscam reunir provas que possam comprovar ou descartar a participa\u00e7\u00e3o dos suspeitos. Autoridades afirmam que prioridade \u00e9 prote\u00e7\u00e3o da menor e seguran\u00e7a da rec\u00e9m-nascida durante a apura\u00e7\u00e3o do crime. Fam\u00edlia e comunidade vivem momento de tens\u00e3o ap\u00f3s revela\u00e7\u00e3o do ocorrido. Caso refor\u00e7a debates sobre viol\u00eancia sexual contra crian\u00e7as e adolescentes, al\u00e9m da import\u00e2ncia de medidas preventivas, apoio psicol\u00f3gico e acompanhamento institucional para v\u00edtimas em \u00e1reas rurais da Bahia.","og_url":"http:\/\/sudoesteacontece.com.br\/?p=9970","og_site_name":"Sudoesteacontece","article_publisher":"https:\/\/www.facebook.com\/sudoesteacontece\/?locale=pt_BR","article_published_time":"2026-03-11T22:19:37+00:00","article_modified_time":"2026-03-11T22:19:42+00:00","og_image":[{"width":900,"height":600,"url":"http:\/\/sudoesteacontece.com.br\/wp-content\/uploads\/2026\/02\/UTI-do-Hospital-Geral-de-Guanambi-completa-20-anos-e-amplia-atendimento-de-alta-complexidade-HGG.jpg","type":"image\/jpeg"}],"author":"Washington Tiago","twitter_card":"summary_large_image","twitter_misc":{"Escrito por":"Washington Tiago","Est. tempo de leitura":"2 minutos"},"schema":{"@context":"https:\/\/schema.org","@graph":[{"@type":"Article","@id":"http:\/\/sudoesteacontece.com.br\/?p=9970#article","isPartOf":{"@id":"http:\/\/sudoesteacontece.com.br\/?p=9970"},"author":{"name":"Washington Tiago","@id":"https:\/\/sudoesteacontece.com.br\/#\/schema\/person\/3cf2cf009926a9683ebc29d5379fa79c"},"headline":"Adolescente de 12 anos d\u00e1 \u00e0 luz em Iuiu; exame de DNA deve definir paternidade","datePublished":"2026-03-11T22:19:37+00:00","dateModified":"2026-03-11T22:19:42+00:00","mainEntityOfPage":{"@id":"http:\/\/sudoesteacontece.com.br\/?p=9970"},"wordCount":211,"commentCount":0,"publisher":{"@id":"https:\/\/sudoesteacontece.com.br\/#organization"},"image":{"@id":"http:\/\/sudoesteacontece.com.br\/?p=9970#primaryimage"},"thumbnailUrl":"https:\/\/sudoesteacontece.com.br\/wp-content\/uploads\/2026\/02\/UTI-do-Hospital-Geral-de-Guanambi-completa-20-anos-e-amplia-atendimento-de-alta-complexidade-HGG.jpg","articleSection":["Cidades","Guanambi","Iuiu","Pol\u00edcia"],"inLanguage":"pt-BR","potentialAction":[{"@type":"CommentAction","name":"Comment","target":["http:\/\/sudoesteacontece.com.br\/?p=9970#respond"]}]},{"@type":"WebPage","@id":"http:\/\/sudoesteacontece.com.br\/?p=9970","url":"http:\/\/sudoesteacontece.com.br\/?p=9970","name":"Adolescente de 12 anos d\u00e1 \u00e0 luz em Iuiu; exame de DNA deve definir paternidade - Sudoesteacontece","isPartOf":{"@id":"https:\/\/sudoesteacontece.com.br\/#website"},"primaryImageOfPage":{"@id":"http:\/\/sudoesteacontece.com.br\/?p=9970#primaryimage"},"image":{"@id":"http:\/\/sudoesteacontece.com.br\/?p=9970#primaryimage"},"thumbnailUrl":"https:\/\/sudoesteacontece.com.br\/wp-content\/uploads\/2026\/02\/UTI-do-Hospital-Geral-de-Guanambi-completa-20-anos-e-amplia-atendimento-de-alta-complexidade-HGG.jpg","datePublished":"2026-03-11T22:19:37+00:00","dateModified":"2026-03-11T22:19:42+00:00","breadcrumb":{"@id":"http:\/\/sudoesteacontece.com.br\/?p=9970#breadcrumb"},"inLanguage":"pt-BR","potentialAction":[{"@type":"ReadAction","target":["http:\/\/sudoesteacontece.com.br\/?p=9970"]}]},{"@type":"ImageObject","inLanguage":"pt-BR","@id":"http:\/\/sudoesteacontece.com.br\/?p=9970#primaryimage","url":"https:\/\/sudoesteacontece.com.br\/wp-content\/uploads\/2026\/02\/UTI-do-Hospital-Geral-de-Guanambi-completa-20-anos-e-amplia-atendimento-de-alta-complexidade-HGG.jpg","contentUrl":"https:\/\/sudoesteacontece.com.br\/wp-content\/uploads\/2026\/02\/UTI-do-Hospital-Geral-de-Guanambi-completa-20-anos-e-amplia-atendimento-de-alta-complexidade-HGG.jpg","width":900,"height":600},{"@type":"BreadcrumbList","@id":"http:\/\/sudoesteacontece.com.br\/?p=9970#breadcrumb","itemListElement":[{"@type":"ListItem","position":1,"name":"In\u00edcio","item":"https:\/\/sudoesteacontece.com.br\/"},{"@type":"ListItem","position":2,"name":"Adolescente de 12 anos d\u00e1 \u00e0 luz em Iuiu; exame de DNA deve definir paternidade"}]},{"@type":"WebSite","@id":"https:\/\/sudoesteacontece.com.br\/#website","url":"https:\/\/sudoesteacontece.com.br\/","name":"Sudoesteacontece","description":"","publisher":{"@id":"https:\/\/sudoesteacontece.com.br\/#organization"},"potentialAction":[{"@type":"SearchAction","target":{"@type":"EntryPoint","urlTemplate":"https:\/\/sudoesteacontece.com.br\/?s={search_term_string}"},"query-input":{"@type":"PropertyValueSpecification","valueRequired":true,"valueName":"search_term_string"}}],"inLanguage":"pt-BR"},{"@type":"Organization","@id":"https:\/\/sudoesteacontece.com.br\/#organization","name":"Sudoesteacontece","url":"https:\/\/sudoesteacontece.com.br\/","logo":{"@type":"ImageObject","inLanguage":"pt-BR","@id":"https:\/\/sudoesteacontece.com.br\/#\/schema\/logo\/image\/","url":"https:\/\/sudoesteacontece.com.br\/wp-content\/uploads\/2025\/12\/cropped-logo-2-180x180-1.png","contentUrl":"https:\/\/sudoesteacontece.com.br\/wp-content\/uploads\/2025\/12\/cropped-logo-2-180x180-1.png","width":180,"height":180,"caption":"Sudoesteacontece"},"image":{"@id":"https:\/\/sudoesteacontece.com.br\/#\/schema\/logo\/image\/"},"sameAs":["https:\/\/www.facebook.com\/sudoesteacontece\/?locale=pt_BR"]},{"@type":"Person","@id":"https:\/\/sudoesteacontece.com.br\/#\/schema\/person\/3cf2cf009926a9683ebc29d5379fa79c","name":"Washington Tiago","image":{"@type":"ImageObject","inLanguage":"pt-BR","@id":"https:\/\/sudoesteacontece.com.br\/#\/schema\/person\/image\/","url":"https:\/\/secure.gravatar.com\/avatar\/33c43b8668157e040f9d1fe93c354bf087cbd8ba36270c1163198bd3ddcf2a56?s=96&d=mm&r=g","contentUrl":"https:\/\/secure.gravatar.com\/avatar\/33c43b8668157e040f9d1fe93c354bf087cbd8ba36270c1163198bd3ddcf2a56?s=96&d=mm&r=g","caption":"Washington Tiago"},"url":"https:\/\/sudoesteacontece.com.br\/?author=2"}]}},"_links":{"self":[{"href":"https:\/\/sudoesteacontece.com.br\/index.php?rest_route=\/wp\/v2\/posts\/9970","targetHints":{"allow":["GET"]}}],"collection":[{"href":"https:\/\/sudoesteacontece.com.br\/index.php?rest_route=\/wp\/v2\/posts"}],"about":[{"href":"https:\/\/sudoesteacontece.com.br\/index.php?rest_route=\/wp\/v2\/types\/post"}],"author":[{"embeddable":true,"href":"https:\/\/sudoesteacontece.com.br\/index.php?rest_route=\/wp\/v2\/users\/2"}],"replies":[{"embeddable":true,"href":"https:\/\/sudoesteacontece.com.br\/index.php?rest_route=%2Fwp%2Fv2%2Fcomments&post=9970"}],"version-history":[{"count":0,"href":"https:\/\/sudoesteacontece.com.br\/index.php?rest_route=\/wp\/v2\/posts\/9970\/revisions"}],"wp:featuredmedia":[{"embeddable":true,"href":"https:\/\/sudoesteacontece.com.br\/index.php?rest_route=\/wp\/v2\/media\/8117"}],"wp:attachment":[{"href":"https:\/\/sudoesteacontece.com.br\/index.php?rest_route=%2Fwp%2Fv2%2Fmedia&parent=9970"}],"wp:term":[{"taxonomy":"category","embeddable":true,"href":"https:\/\/sudoesteacontece.com.br\/index.php?rest_route=%2Fwp%2Fv2%2Fcategories&post=9970"},{"taxonomy":"post_tag","embeddable":true,"href":"https:\/\/sudoesteacontece.com.br\/index.php?rest_route=%2Fwp%2Fv2%2Ftags&post=9970"}],"curies":[{"name":"wp","href":"https:\/\/api.w.org\/{rel}","templated":true}]}}