{"id":9976,"date":"2026-03-11T19:27:35","date_gmt":"2026-03-11T22:27:35","guid":{"rendered":"https:\/\/sudoesteacontece.com.br\/?p=9976"},"modified":"2026-03-11T19:27:40","modified_gmt":"2026-03-11T22:27:40","slug":"acusado-de-tentativa-de-feminicidio-em-aracatu-vai-a-juri-apos-dois-anos-preso-em-outro-estado","status":"publish","type":"post","link":"https:\/\/sudoesteacontece.com.br\/?p=9976","title":{"rendered":"Acusado de tentativa de feminic\u00eddio em Aracatu vai a j\u00fari ap\u00f3s dois anos preso em outro estado"},"content":{"rendered":"<div class=\"wp-block-image\">\n<figure class=\"aligncenter size-full\"><img fetchpriority=\"high\" decoding=\"async\" width=\"810\" height=\"540\" src=\"http:\/\/sudoesteacontece.com.br\/wp-content\/uploads\/2026\/03\/650661497_1517152130416569_6938971532986227420_n.jpg\" alt=\"\" class=\"wp-image-10028\" srcset=\"https:\/\/sudoesteacontece.com.br\/wp-content\/uploads\/2026\/03\/650661497_1517152130416569_6938971532986227420_n.jpg 810w, https:\/\/sudoesteacontece.com.br\/wp-content\/uploads\/2026\/03\/650661497_1517152130416569_6938971532986227420_n-300x200.jpg 300w, https:\/\/sudoesteacontece.com.br\/wp-content\/uploads\/2026\/03\/650661497_1517152130416569_6938971532986227420_n-768x512.jpg 768w\" sizes=\"(max-width: 810px) 100vw, 810px\" \/><\/figure>\n<\/div>\n\n\n<p>Jorge Nunes de Sousa, denunciado por tentativa de homic\u00eddio qualificado contra a ex-companheira Fabiana Maria de Jesus Sousa, participar\u00e1 de seu julgamento no Tribunal do J\u00fari por videoconfer\u00eancia. Crime ocorreu em 8 de novembro de 2019, em Aracatu, quando ele desferiu m\u00faltiplos golpes de faca na v\u00edtima, que sobreviveu.<\/p>\n\n\n\n<p>Investiga\u00e7\u00e3o aponta que motiva\u00e7\u00e3o do crime foi torpe, relacionada \u00e0 n\u00e3o aceita\u00e7\u00e3o da separa\u00e7\u00e3o, e ocorreu em contexto de viol\u00eancia dom\u00e9stica. O acusado j\u00e1 havia amea\u00e7ado a v\u00edtima anteriormente, afirmando que \u201cteria de ficar com ele de qualquer forma\u201d e que a mataria caso n\u00e3o aceitasse reconcilia\u00e7\u00e3o.<\/p>\n\n\n\n<p>Laudo pericial confirma materialidade do delito, detalhando ferimentos no peito, costas, bra\u00e7os e joelhos da v\u00edtima, al\u00e9m de risco de morte por hemopneumot\u00f3rax bilateral e grande perda sangu\u00ednea. Pris\u00e3o preventiva do acusado foi decretada em 25 de agosto de 2021, e den\u00fancia recebida em 31 de agosto de 2023.<\/p>\n\n\n\n<p>R\u00e9u estava foragido at\u00e9 7 de janeiro de 2024, quando foi localizado e preso em Santana de Parna\u00edba\/SP. Participou de audi\u00eancia de cust\u00f3dia, apresentou resposta \u00e0 acusa\u00e7\u00e3o, arrolou testemunhas e solicitou revoga\u00e7\u00e3o da pris\u00e3o. Audi\u00eancia de instru\u00e7\u00e3o e julgamento ocorreu em outubro de 2024, e decis\u00e3o de pron\u00fancia foi prolatada em junho de 2025.<\/p>\n\n\n\n<p>Juiz determinou utiliza\u00e7\u00e3o da videoconfer\u00eancia para sess\u00e3o de julgamento, fundamentando-se no art. 185, \u00a72\u00ba do CPP e jurisprud\u00eancia consolidada do STJ, que reconhece excepcionalidade em casos de periculosidade do r\u00e9u, dificuldade de transporte interestadual e aus\u00eancia de previs\u00e3o de recambiamento. Medida garante participa\u00e7\u00e3o em tempo real e comunica\u00e7\u00e3o reservada com a defesa.<\/p>\n\n\n\n<p>Decis\u00e3o preserva ampla defesa e contradit\u00f3rio, permitindo que r\u00e9u acompanhe todos os atos processuais sem preju\u00edzo. Superior Tribunal de Justi\u00e7a refor\u00e7ou entendimento de que videoconfer\u00eancia n\u00e3o configura cerceamento de defesa, especialmente quando o r\u00e9u se encontra preso em outro estado e o deslocamento pode comprometer seguran\u00e7a p\u00fablica, log\u00edstica ou efetividade da justi\u00e7a.<\/p>\n\n\n\n<p>Sess\u00e3o de instru\u00e7\u00e3o e julgamento foi marcada para o dia 12 de mar\u00e7o de 2026, no sal\u00e3o do j\u00fari, com in\u00edcio \u00e0s 8h30. Defensoria P\u00fablica acompanhar\u00e1 o r\u00e9u durante todo o processo, garantindo comunica\u00e7\u00e3o pr\u00e9via e reservada, assegurando que todas as prerrogativas constitucionais sejam plenamente observadas durante a sess\u00e3o virtual.<\/p>\n","protected":false},"excerpt":{"rendered":"<p>Jorge Nunes de Sousa, denunciado por tentativa de homic\u00eddio qualificado contra a ex-companheira Fabiana Maria de Jesus Sousa, participar\u00e1 de seu julgamento no Tribunal do J\u00fari por videoconfer\u00eancia. Crime ocorreu em 8 de novembro de 2019, em Aracatu, quando ele desferiu m\u00faltiplos golpes de faca na v\u00edtima, que sobreviveu. Investiga\u00e7\u00e3o aponta que motiva\u00e7\u00e3o do crime foi torpe, relacionada \u00e0 n\u00e3o aceita\u00e7\u00e3o da separa\u00e7\u00e3o, e ocorreu em contexto de viol\u00eancia dom\u00e9stica. O acusado j\u00e1 havia amea\u00e7ado a v\u00edtima anteriormente, afirmando que \u201cteria de ficar com ele de qualquer forma\u201d e que a mataria caso n\u00e3o aceitasse reconcilia\u00e7\u00e3o. Laudo pericial confirma materialidade do delito, detalhando ferimentos no peito, costas, bra\u00e7os e joelhos da v\u00edtima, al\u00e9m de risco de morte por hemopneumot\u00f3rax bilateral e grande perda sangu\u00ednea. Pris\u00e3o preventiva do acusado foi decretada em 25 de agosto de 2021, e den\u00fancia recebida em 31 de agosto de 2023. R\u00e9u estava foragido at\u00e9 7 de janeiro de 2024, quando foi localizado e preso em Santana de Parna\u00edba\/SP. Participou de audi\u00eancia de cust\u00f3dia, apresentou resposta \u00e0 acusa\u00e7\u00e3o, arrolou testemunhas e solicitou revoga\u00e7\u00e3o da pris\u00e3o. Audi\u00eancia de instru\u00e7\u00e3o e julgamento ocorreu em outubro de 2024, e decis\u00e3o de pron\u00fancia foi prolatada em junho de 2025. Juiz determinou utiliza\u00e7\u00e3o da videoconfer\u00eancia para sess\u00e3o de julgamento, fundamentando-se no art. 185, \u00a72\u00ba do CPP e jurisprud\u00eancia consolidada do STJ, que reconhece excepcionalidade em casos de periculosidade do r\u00e9u, dificuldade de transporte interestadual e aus\u00eancia de previs\u00e3o de recambiamento. Medida garante participa\u00e7\u00e3o em tempo real e comunica\u00e7\u00e3o reservada com a defesa. Decis\u00e3o preserva ampla defesa e contradit\u00f3rio, permitindo que r\u00e9u acompanhe todos os atos processuais sem preju\u00edzo. Superior Tribunal de Justi\u00e7a refor\u00e7ou entendimento de que videoconfer\u00eancia n\u00e3o configura cerceamento de defesa, especialmente quando o r\u00e9u se encontra preso em outro estado e o deslocamento pode comprometer seguran\u00e7a p\u00fablica, log\u00edstica ou efetividade da justi\u00e7a. Sess\u00e3o de instru\u00e7\u00e3o e julgamento foi marcada para o dia 12 de mar\u00e7o de 2026, no sal\u00e3o do j\u00fari, com in\u00edcio \u00e0s 8h30. Defensoria P\u00fablica acompanhar\u00e1 o r\u00e9u durante todo o processo, garantindo comunica\u00e7\u00e3o pr\u00e9via e reservada, assegurando que todas as prerrogativas constitucionais sejam plenamente observadas durante a sess\u00e3o virtual.<\/p>\n","protected":false},"author":2,"featured_media":0,"comment_status":"open","ping_status":"open","sticky":false,"template":"","format":"standard","meta":{"footnotes":""},"categories":[72,10,4,13,3],"tags":[],"class_list":["post-9976","post","type-post","status-publish","format-standard","hentry","category-aracatu","category-brumado","category-cidades","category-justica","category-policia"],"yoast_head":"<!-- This site is optimized with the Yoast SEO plugin v26.5 - https:\/\/yoast.com\/wordpress\/plugins\/seo\/ -->\n<title>Acusado de tentativa de feminic\u00eddio em Aracatu vai a j\u00fari ap\u00f3s dois anos preso em outro estado - Sudoesteacontece<\/title>\n<meta name=\"robots\" content=\"index, follow, max-snippet:-1, max-image-preview:large, max-video-preview:-1\" \/>\n<link rel=\"canonical\" href=\"http:\/\/sudoesteacontece.com.br\/?p=9976\" \/>\n<meta property=\"og:locale\" content=\"pt_BR\" \/>\n<meta property=\"og:type\" content=\"article\" \/>\n<meta property=\"og:title\" content=\"Acusado de tentativa de feminic\u00eddio em Aracatu vai a j\u00fari ap\u00f3s dois anos preso em outro estado - Sudoesteacontece\" \/>\n<meta property=\"og:description\" content=\"Jorge Nunes de Sousa, denunciado por tentativa de homic\u00eddio qualificado contra a ex-companheira Fabiana Maria de Jesus Sousa, participar\u00e1 de seu julgamento no Tribunal do J\u00fari por videoconfer\u00eancia. Crime ocorreu em 8 de novembro de 2019, em Aracatu, quando ele desferiu m\u00faltiplos golpes de faca na v\u00edtima, que sobreviveu. Investiga\u00e7\u00e3o aponta que motiva\u00e7\u00e3o do crime foi torpe, relacionada \u00e0 n\u00e3o aceita\u00e7\u00e3o da separa\u00e7\u00e3o, e ocorreu em contexto de viol\u00eancia dom\u00e9stica. O acusado j\u00e1 havia amea\u00e7ado a v\u00edtima anteriormente, afirmando que \u201cteria de ficar com ele de qualquer forma\u201d e que a mataria caso n\u00e3o aceitasse reconcilia\u00e7\u00e3o. Laudo pericial confirma materialidade do delito, detalhando ferimentos no peito, costas, bra\u00e7os e joelhos da v\u00edtima, al\u00e9m de risco de morte por hemopneumot\u00f3rax bilateral e grande perda sangu\u00ednea. Pris\u00e3o preventiva do acusado foi decretada em 25 de agosto de 2021, e den\u00fancia recebida em 31 de agosto de 2023. R\u00e9u estava foragido at\u00e9 7 de janeiro de 2024, quando foi localizado e preso em Santana de Parna\u00edba\/SP. Participou de audi\u00eancia de cust\u00f3dia, apresentou resposta \u00e0 acusa\u00e7\u00e3o, arrolou testemunhas e solicitou revoga\u00e7\u00e3o da pris\u00e3o. Audi\u00eancia de instru\u00e7\u00e3o e julgamento ocorreu em outubro de 2024, e decis\u00e3o de pron\u00fancia foi prolatada em junho de 2025. Juiz determinou utiliza\u00e7\u00e3o da videoconfer\u00eancia para sess\u00e3o de julgamento, fundamentando-se no art. 185, \u00a72\u00ba do CPP e jurisprud\u00eancia consolidada do STJ, que reconhece excepcionalidade em casos de periculosidade do r\u00e9u, dificuldade de transporte interestadual e aus\u00eancia de previs\u00e3o de recambiamento. Medida garante participa\u00e7\u00e3o em tempo real e comunica\u00e7\u00e3o reservada com a defesa. Decis\u00e3o preserva ampla defesa e contradit\u00f3rio, permitindo que r\u00e9u acompanhe todos os atos processuais sem preju\u00edzo. Superior Tribunal de Justi\u00e7a refor\u00e7ou entendimento de que videoconfer\u00eancia n\u00e3o configura cerceamento de defesa, especialmente quando o r\u00e9u se encontra preso em outro estado e o deslocamento pode comprometer seguran\u00e7a p\u00fablica, log\u00edstica ou efetividade da justi\u00e7a. Sess\u00e3o de instru\u00e7\u00e3o e julgamento foi marcada para o dia 12 de mar\u00e7o de 2026, no sal\u00e3o do j\u00fari, com in\u00edcio \u00e0s 8h30. Defensoria P\u00fablica acompanhar\u00e1 o r\u00e9u durante todo o processo, garantindo comunica\u00e7\u00e3o pr\u00e9via e reservada, assegurando que todas as prerrogativas constitucionais sejam plenamente observadas durante a sess\u00e3o virtual.\" \/>\n<meta property=\"og:url\" content=\"http:\/\/sudoesteacontece.com.br\/?p=9976\" \/>\n<meta property=\"og:site_name\" content=\"Sudoesteacontece\" \/>\n<meta property=\"article:publisher\" content=\"https:\/\/www.facebook.com\/sudoesteacontece\/?locale=pt_BR\" \/>\n<meta property=\"article:published_time\" content=\"2026-03-11T22:27:35+00:00\" \/>\n<meta property=\"article:modified_time\" content=\"2026-03-11T22:27:40+00:00\" \/>\n<meta property=\"og:image\" content=\"http:\/\/sudoesteacontece.com.br\/wp-content\/uploads\/2026\/03\/650661497_1517152130416569_6938971532986227420_n.jpg\" \/>\n<meta name=\"author\" content=\"Washington Tiago\" \/>\n<meta name=\"twitter:card\" content=\"summary_large_image\" \/>\n<meta name=\"twitter:label1\" content=\"Escrito por\" \/>\n\t<meta name=\"twitter:data1\" content=\"Washington Tiago\" \/>\n\t<meta name=\"twitter:label2\" content=\"Est. tempo de leitura\" \/>\n\t<meta name=\"twitter:data2\" content=\"3 minutos\" \/>\n<script type=\"application\/ld+json\" class=\"yoast-schema-graph\">{\"@context\":\"https:\/\/schema.org\",\"@graph\":[{\"@type\":\"Article\",\"@id\":\"http:\/\/sudoesteacontece.com.br\/?p=9976#article\",\"isPartOf\":{\"@id\":\"http:\/\/sudoesteacontece.com.br\/?p=9976\"},\"author\":{\"name\":\"Washington Tiago\",\"@id\":\"https:\/\/sudoesteacontece.com.br\/#\/schema\/person\/3cf2cf009926a9683ebc29d5379fa79c\"},\"headline\":\"Acusado de tentativa de feminic\u00eddio em Aracatu vai a j\u00fari ap\u00f3s dois anos preso em outro estado\",\"datePublished\":\"2026-03-11T22:27:35+00:00\",\"dateModified\":\"2026-03-11T22:27:40+00:00\",\"mainEntityOfPage\":{\"@id\":\"http:\/\/sudoesteacontece.com.br\/?p=9976\"},\"wordCount\":425,\"commentCount\":0,\"publisher\":{\"@id\":\"https:\/\/sudoesteacontece.com.br\/#organization\"},\"image\":{\"@id\":\"http:\/\/sudoesteacontece.com.br\/?p=9976#primaryimage\"},\"thumbnailUrl\":\"http:\/\/sudoesteacontece.com.br\/wp-content\/uploads\/2026\/03\/650661497_1517152130416569_6938971532986227420_n.jpg\",\"articleSection\":[\"Aracatu\",\"Brumado\",\"Cidades\",\"Justi\u00e7a\",\"Pol\u00edcia\"],\"inLanguage\":\"pt-BR\",\"potentialAction\":[{\"@type\":\"CommentAction\",\"name\":\"Comment\",\"target\":[\"http:\/\/sudoesteacontece.com.br\/?p=9976#respond\"]}]},{\"@type\":\"WebPage\",\"@id\":\"http:\/\/sudoesteacontece.com.br\/?p=9976\",\"url\":\"http:\/\/sudoesteacontece.com.br\/?p=9976\",\"name\":\"Acusado de tentativa de feminic\u00eddio em Aracatu vai a j\u00fari ap\u00f3s dois anos preso em outro estado - Sudoesteacontece\",\"isPartOf\":{\"@id\":\"https:\/\/sudoesteacontece.com.br\/#website\"},\"primaryImageOfPage\":{\"@id\":\"http:\/\/sudoesteacontece.com.br\/?p=9976#primaryimage\"},\"image\":{\"@id\":\"http:\/\/sudoesteacontece.com.br\/?p=9976#primaryimage\"},\"thumbnailUrl\":\"http:\/\/sudoesteacontece.com.br\/wp-content\/uploads\/2026\/03\/650661497_1517152130416569_6938971532986227420_n.jpg\",\"datePublished\":\"2026-03-11T22:27:35+00:00\",\"dateModified\":\"2026-03-11T22:27:40+00:00\",\"breadcrumb\":{\"@id\":\"http:\/\/sudoesteacontece.com.br\/?p=9976#breadcrumb\"},\"inLanguage\":\"pt-BR\",\"potentialAction\":[{\"@type\":\"ReadAction\",\"target\":[\"http:\/\/sudoesteacontece.com.br\/?p=9976\"]}]},{\"@type\":\"ImageObject\",\"inLanguage\":\"pt-BR\",\"@id\":\"http:\/\/sudoesteacontece.com.br\/?p=9976#primaryimage\",\"url\":\"https:\/\/sudoesteacontece.com.br\/wp-content\/uploads\/2026\/03\/650661497_1517152130416569_6938971532986227420_n.jpg\",\"contentUrl\":\"https:\/\/sudoesteacontece.com.br\/wp-content\/uploads\/2026\/03\/650661497_1517152130416569_6938971532986227420_n.jpg\",\"width\":810,\"height\":540},{\"@type\":\"BreadcrumbList\",\"@id\":\"http:\/\/sudoesteacontece.com.br\/?p=9976#breadcrumb\",\"itemListElement\":[{\"@type\":\"ListItem\",\"position\":1,\"name\":\"In\u00edcio\",\"item\":\"https:\/\/sudoesteacontece.com.br\/\"},{\"@type\":\"ListItem\",\"position\":2,\"name\":\"Acusado de tentativa de feminic\u00eddio em Aracatu vai a j\u00fari ap\u00f3s dois anos preso em outro estado\"}]},{\"@type\":\"WebSite\",\"@id\":\"https:\/\/sudoesteacontece.com.br\/#website\",\"url\":\"https:\/\/sudoesteacontece.com.br\/\",\"name\":\"Sudoesteacontece\",\"description\":\"\",\"publisher\":{\"@id\":\"https:\/\/sudoesteacontece.com.br\/#organization\"},\"potentialAction\":[{\"@type\":\"SearchAction\",\"target\":{\"@type\":\"EntryPoint\",\"urlTemplate\":\"https:\/\/sudoesteacontece.com.br\/?s={search_term_string}\"},\"query-input\":{\"@type\":\"PropertyValueSpecification\",\"valueRequired\":true,\"valueName\":\"search_term_string\"}}],\"inLanguage\":\"pt-BR\"},{\"@type\":\"Organization\",\"@id\":\"https:\/\/sudoesteacontece.com.br\/#organization\",\"name\":\"Sudoesteacontece\",\"url\":\"https:\/\/sudoesteacontece.com.br\/\",\"logo\":{\"@type\":\"ImageObject\",\"inLanguage\":\"pt-BR\",\"@id\":\"https:\/\/sudoesteacontece.com.br\/#\/schema\/logo\/image\/\",\"url\":\"https:\/\/sudoesteacontece.com.br\/wp-content\/uploads\/2025\/12\/cropped-logo-2-180x180-1.png\",\"contentUrl\":\"https:\/\/sudoesteacontece.com.br\/wp-content\/uploads\/2025\/12\/cropped-logo-2-180x180-1.png\",\"width\":180,\"height\":180,\"caption\":\"Sudoesteacontece\"},\"image\":{\"@id\":\"https:\/\/sudoesteacontece.com.br\/#\/schema\/logo\/image\/\"},\"sameAs\":[\"https:\/\/www.facebook.com\/sudoesteacontece\/?locale=pt_BR\"]},{\"@type\":\"Person\",\"@id\":\"https:\/\/sudoesteacontece.com.br\/#\/schema\/person\/3cf2cf009926a9683ebc29d5379fa79c\",\"name\":\"Washington Tiago\",\"image\":{\"@type\":\"ImageObject\",\"inLanguage\":\"pt-BR\",\"@id\":\"https:\/\/sudoesteacontece.com.br\/#\/schema\/person\/image\/\",\"url\":\"https:\/\/secure.gravatar.com\/avatar\/33c43b8668157e040f9d1fe93c354bf087cbd8ba36270c1163198bd3ddcf2a56?s=96&d=mm&r=g\",\"contentUrl\":\"https:\/\/secure.gravatar.com\/avatar\/33c43b8668157e040f9d1fe93c354bf087cbd8ba36270c1163198bd3ddcf2a56?s=96&d=mm&r=g\",\"caption\":\"Washington Tiago\"},\"url\":\"https:\/\/sudoesteacontece.com.br\/?author=2\"}]}<\/script>\n<!-- \/ Yoast SEO plugin. -->","yoast_head_json":{"title":"Acusado de tentativa de feminic\u00eddio em Aracatu vai a j\u00fari ap\u00f3s dois anos preso em outro estado - Sudoesteacontece","robots":{"index":"index","follow":"follow","max-snippet":"max-snippet:-1","max-image-preview":"max-image-preview:large","max-video-preview":"max-video-preview:-1"},"canonical":"http:\/\/sudoesteacontece.com.br\/?p=9976","og_locale":"pt_BR","og_type":"article","og_title":"Acusado de tentativa de feminic\u00eddio em Aracatu vai a j\u00fari ap\u00f3s dois anos preso em outro estado - Sudoesteacontece","og_description":"Jorge Nunes de Sousa, denunciado por tentativa de homic\u00eddio qualificado contra a ex-companheira Fabiana Maria de Jesus Sousa, participar\u00e1 de seu julgamento no Tribunal do J\u00fari por videoconfer\u00eancia. Crime ocorreu em 8 de novembro de 2019, em Aracatu, quando ele desferiu m\u00faltiplos golpes de faca na v\u00edtima, que sobreviveu. Investiga\u00e7\u00e3o aponta que motiva\u00e7\u00e3o do crime foi torpe, relacionada \u00e0 n\u00e3o aceita\u00e7\u00e3o da separa\u00e7\u00e3o, e ocorreu em contexto de viol\u00eancia dom\u00e9stica. O acusado j\u00e1 havia amea\u00e7ado a v\u00edtima anteriormente, afirmando que \u201cteria de ficar com ele de qualquer forma\u201d e que a mataria caso n\u00e3o aceitasse reconcilia\u00e7\u00e3o. Laudo pericial confirma materialidade do delito, detalhando ferimentos no peito, costas, bra\u00e7os e joelhos da v\u00edtima, al\u00e9m de risco de morte por hemopneumot\u00f3rax bilateral e grande perda sangu\u00ednea. Pris\u00e3o preventiva do acusado foi decretada em 25 de agosto de 2021, e den\u00fancia recebida em 31 de agosto de 2023. R\u00e9u estava foragido at\u00e9 7 de janeiro de 2024, quando foi localizado e preso em Santana de Parna\u00edba\/SP. Participou de audi\u00eancia de cust\u00f3dia, apresentou resposta \u00e0 acusa\u00e7\u00e3o, arrolou testemunhas e solicitou revoga\u00e7\u00e3o da pris\u00e3o. Audi\u00eancia de instru\u00e7\u00e3o e julgamento ocorreu em outubro de 2024, e decis\u00e3o de pron\u00fancia foi prolatada em junho de 2025. Juiz determinou utiliza\u00e7\u00e3o da videoconfer\u00eancia para sess\u00e3o de julgamento, fundamentando-se no art. 185, \u00a72\u00ba do CPP e jurisprud\u00eancia consolidada do STJ, que reconhece excepcionalidade em casos de periculosidade do r\u00e9u, dificuldade de transporte interestadual e aus\u00eancia de previs\u00e3o de recambiamento. Medida garante participa\u00e7\u00e3o em tempo real e comunica\u00e7\u00e3o reservada com a defesa. Decis\u00e3o preserva ampla defesa e contradit\u00f3rio, permitindo que r\u00e9u acompanhe todos os atos processuais sem preju\u00edzo. Superior Tribunal de Justi\u00e7a refor\u00e7ou entendimento de que videoconfer\u00eancia n\u00e3o configura cerceamento de defesa, especialmente quando o r\u00e9u se encontra preso em outro estado e o deslocamento pode comprometer seguran\u00e7a p\u00fablica, log\u00edstica ou efetividade da justi\u00e7a. Sess\u00e3o de instru\u00e7\u00e3o e julgamento foi marcada para o dia 12 de mar\u00e7o de 2026, no sal\u00e3o do j\u00fari, com in\u00edcio \u00e0s 8h30. Defensoria P\u00fablica acompanhar\u00e1 o r\u00e9u durante todo o processo, garantindo comunica\u00e7\u00e3o pr\u00e9via e reservada, assegurando que todas as prerrogativas constitucionais sejam plenamente observadas durante a sess\u00e3o virtual.","og_url":"http:\/\/sudoesteacontece.com.br\/?p=9976","og_site_name":"Sudoesteacontece","article_publisher":"https:\/\/www.facebook.com\/sudoesteacontece\/?locale=pt_BR","article_published_time":"2026-03-11T22:27:35+00:00","article_modified_time":"2026-03-11T22:27:40+00:00","og_image":[{"url":"http:\/\/sudoesteacontece.com.br\/wp-content\/uploads\/2026\/03\/650661497_1517152130416569_6938971532986227420_n.jpg","type":"","width":"","height":""}],"author":"Washington Tiago","twitter_card":"summary_large_image","twitter_misc":{"Escrito por":"Washington Tiago","Est. tempo de leitura":"3 minutos"},"schema":{"@context":"https:\/\/schema.org","@graph":[{"@type":"Article","@id":"http:\/\/sudoesteacontece.com.br\/?p=9976#article","isPartOf":{"@id":"http:\/\/sudoesteacontece.com.br\/?p=9976"},"author":{"name":"Washington Tiago","@id":"https:\/\/sudoesteacontece.com.br\/#\/schema\/person\/3cf2cf009926a9683ebc29d5379fa79c"},"headline":"Acusado de tentativa de feminic\u00eddio em Aracatu vai a j\u00fari ap\u00f3s dois anos preso em outro estado","datePublished":"2026-03-11T22:27:35+00:00","dateModified":"2026-03-11T22:27:40+00:00","mainEntityOfPage":{"@id":"http:\/\/sudoesteacontece.com.br\/?p=9976"},"wordCount":425,"commentCount":0,"publisher":{"@id":"https:\/\/sudoesteacontece.com.br\/#organization"},"image":{"@id":"http:\/\/sudoesteacontece.com.br\/?p=9976#primaryimage"},"thumbnailUrl":"http:\/\/sudoesteacontece.com.br\/wp-content\/uploads\/2026\/03\/650661497_1517152130416569_6938971532986227420_n.jpg","articleSection":["Aracatu","Brumado","Cidades","Justi\u00e7a","Pol\u00edcia"],"inLanguage":"pt-BR","potentialAction":[{"@type":"CommentAction","name":"Comment","target":["http:\/\/sudoesteacontece.com.br\/?p=9976#respond"]}]},{"@type":"WebPage","@id":"http:\/\/sudoesteacontece.com.br\/?p=9976","url":"http:\/\/sudoesteacontece.com.br\/?p=9976","name":"Acusado de tentativa de feminic\u00eddio em Aracatu vai a j\u00fari ap\u00f3s dois anos preso em outro estado - Sudoesteacontece","isPartOf":{"@id":"https:\/\/sudoesteacontece.com.br\/#website"},"primaryImageOfPage":{"@id":"http:\/\/sudoesteacontece.com.br\/?p=9976#primaryimage"},"image":{"@id":"http:\/\/sudoesteacontece.com.br\/?p=9976#primaryimage"},"thumbnailUrl":"http:\/\/sudoesteacontece.com.br\/wp-content\/uploads\/2026\/03\/650661497_1517152130416569_6938971532986227420_n.jpg","datePublished":"2026-03-11T22:27:35+00:00","dateModified":"2026-03-11T22:27:40+00:00","breadcrumb":{"@id":"http:\/\/sudoesteacontece.com.br\/?p=9976#breadcrumb"},"inLanguage":"pt-BR","potentialAction":[{"@type":"ReadAction","target":["http:\/\/sudoesteacontece.com.br\/?p=9976"]}]},{"@type":"ImageObject","inLanguage":"pt-BR","@id":"http:\/\/sudoesteacontece.com.br\/?p=9976#primaryimage","url":"https:\/\/sudoesteacontece.com.br\/wp-content\/uploads\/2026\/03\/650661497_1517152130416569_6938971532986227420_n.jpg","contentUrl":"https:\/\/sudoesteacontece.com.br\/wp-content\/uploads\/2026\/03\/650661497_1517152130416569_6938971532986227420_n.jpg","width":810,"height":540},{"@type":"BreadcrumbList","@id":"http:\/\/sudoesteacontece.com.br\/?p=9976#breadcrumb","itemListElement":[{"@type":"ListItem","position":1,"name":"In\u00edcio","item":"https:\/\/sudoesteacontece.com.br\/"},{"@type":"ListItem","position":2,"name":"Acusado de tentativa de feminic\u00eddio em Aracatu vai a j\u00fari ap\u00f3s dois anos preso em outro estado"}]},{"@type":"WebSite","@id":"https:\/\/sudoesteacontece.com.br\/#website","url":"https:\/\/sudoesteacontece.com.br\/","name":"Sudoesteacontece","description":"","publisher":{"@id":"https:\/\/sudoesteacontece.com.br\/#organization"},"potentialAction":[{"@type":"SearchAction","target":{"@type":"EntryPoint","urlTemplate":"https:\/\/sudoesteacontece.com.br\/?s={search_term_string}"},"query-input":{"@type":"PropertyValueSpecification","valueRequired":true,"valueName":"search_term_string"}}],"inLanguage":"pt-BR"},{"@type":"Organization","@id":"https:\/\/sudoesteacontece.com.br\/#organization","name":"Sudoesteacontece","url":"https:\/\/sudoesteacontece.com.br\/","logo":{"@type":"ImageObject","inLanguage":"pt-BR","@id":"https:\/\/sudoesteacontece.com.br\/#\/schema\/logo\/image\/","url":"https:\/\/sudoesteacontece.com.br\/wp-content\/uploads\/2025\/12\/cropped-logo-2-180x180-1.png","contentUrl":"https:\/\/sudoesteacontece.com.br\/wp-content\/uploads\/2025\/12\/cropped-logo-2-180x180-1.png","width":180,"height":180,"caption":"Sudoesteacontece"},"image":{"@id":"https:\/\/sudoesteacontece.com.br\/#\/schema\/logo\/image\/"},"sameAs":["https:\/\/www.facebook.com\/sudoesteacontece\/?locale=pt_BR"]},{"@type":"Person","@id":"https:\/\/sudoesteacontece.com.br\/#\/schema\/person\/3cf2cf009926a9683ebc29d5379fa79c","name":"Washington Tiago","image":{"@type":"ImageObject","inLanguage":"pt-BR","@id":"https:\/\/sudoesteacontece.com.br\/#\/schema\/person\/image\/","url":"https:\/\/secure.gravatar.com\/avatar\/33c43b8668157e040f9d1fe93c354bf087cbd8ba36270c1163198bd3ddcf2a56?s=96&d=mm&r=g","contentUrl":"https:\/\/secure.gravatar.com\/avatar\/33c43b8668157e040f9d1fe93c354bf087cbd8ba36270c1163198bd3ddcf2a56?s=96&d=mm&r=g","caption":"Washington Tiago"},"url":"https:\/\/sudoesteacontece.com.br\/?author=2"}]}},"_links":{"self":[{"href":"https:\/\/sudoesteacontece.com.br\/index.php?rest_route=\/wp\/v2\/posts\/9976","targetHints":{"allow":["GET"]}}],"collection":[{"href":"https:\/\/sudoesteacontece.com.br\/index.php?rest_route=\/wp\/v2\/posts"}],"about":[{"href":"https:\/\/sudoesteacontece.com.br\/index.php?rest_route=\/wp\/v2\/types\/post"}],"author":[{"embeddable":true,"href":"https:\/\/sudoesteacontece.com.br\/index.php?rest_route=\/wp\/v2\/users\/2"}],"replies":[{"embeddable":true,"href":"https:\/\/sudoesteacontece.com.br\/index.php?rest_route=%2Fwp%2Fv2%2Fcomments&post=9976"}],"version-history":[{"count":0,"href":"https:\/\/sudoesteacontece.com.br\/index.php?rest_route=\/wp\/v2\/posts\/9976\/revisions"}],"wp:attachment":[{"href":"https:\/\/sudoesteacontece.com.br\/index.php?rest_route=%2Fwp%2Fv2%2Fmedia&parent=9976"}],"wp:term":[{"taxonomy":"category","embeddable":true,"href":"https:\/\/sudoesteacontece.com.br\/index.php?rest_route=%2Fwp%2Fv2%2Fcategories&post=9976"},{"taxonomy":"post_tag","embeddable":true,"href":"https:\/\/sudoesteacontece.com.br\/index.php?rest_route=%2Fwp%2Fv2%2Ftags&post=9976"}],"curies":[{"name":"wp","href":"https:\/\/api.w.org\/{rel}","templated":true}]}}