{"id":9983,"date":"2026-03-11T19:30:50","date_gmt":"2026-03-11T22:30:50","guid":{"rendered":"https:\/\/sudoesteacontece.com.br\/?p=9983"},"modified":"2026-03-11T19:30:54","modified_gmt":"2026-03-11T22:30:54","slug":"adolescente-mata-avo-com-bastao-em-igaci-e-alega-ouvir-vozes-mandando-o-crime","status":"publish","type":"post","link":"https:\/\/sudoesteacontece.com.br\/?p=9983","title":{"rendered":"Adolescente mata av\u00f3 com bast\u00e3o em Igaci e alega ouvir vozes mandando o crime"},"content":{"rendered":"<div class=\"wp-block-image\">\n<figure class=\"aligncenter size-full\"><img fetchpriority=\"high\" decoding=\"async\" width=\"900\" height=\"600\" src=\"http:\/\/sudoesteacontece.com.br\/wp-content\/uploads\/2026\/03\/Novo-Projeto-18.jpg\" alt=\"\" class=\"wp-image-10034\" srcset=\"https:\/\/sudoesteacontece.com.br\/wp-content\/uploads\/2026\/03\/Novo-Projeto-18.jpg 900w, https:\/\/sudoesteacontece.com.br\/wp-content\/uploads\/2026\/03\/Novo-Projeto-18-300x200.jpg 300w, https:\/\/sudoesteacontece.com.br\/wp-content\/uploads\/2026\/03\/Novo-Projeto-18-768x512.jpg 768w\" sizes=\"(max-width: 900px) 100vw, 900px\" \/><\/figure>\n<\/div>\n\n\n<p>Pol\u00edcia apreendeu jovem de 17 anos na segunda-feira (9) suspeito de matar a pr\u00f3pria av\u00f3, Jailza Paulino Giroldo, de 73 anos, com golpes de bast\u00e3o, em Igaci, interior de Alagoas. Adolescente confessou o crime e disse que estava sob efeito de drogas ao ouvir vozes que ordenaram a agress\u00e3o.<\/p>\n\n\n\n<p>Corpo da idosa foi encontrado no banheiro, com ferimento e sangramento na cabe\u00e7a. Segundo familiares, Jailza foi vista pela \u00faltima vez no domingo na casa com a companheira do neto, que tamb\u00e9m fazia uso de drogas e vivia no local.<\/p>\n\n\n\n<p>Objetos foram levados da resid\u00eancia, incluindo televis\u00e3o e botij\u00e3o de g\u00e1s. Pol\u00edcia Militar localizou o adolescente e a namorada em terreno pr\u00f3ximo a uma \u00e1rea conhecida como Jangada. Ambos confirmaram a participa\u00e7\u00e3o no crime durante abordagem.<\/p>\n\n\n\n<p>Desentendimento motivou agress\u00e3o, segundo investiga\u00e7\u00e3o da Pol\u00edcia Civil. Irritado com reclama\u00e7\u00f5es da av\u00f3, o adolescente pegou um bast\u00e3o e desferiu m\u00faltiplos golpes, parando apenas quando outra pessoa interveio no local. Bast\u00e3o foi descartado no quintal da casa onde viviam.<\/p>\n\n\n\n<p>Adolescente foi conduzido para exame de corpo de delito, acompanhado da respons\u00e1vel legal. Em seguida, foi levado ao Centro Integrado de Seguran\u00e7a P\u00fablica (CISP) de Palmeira dos \u00cdndios e autuado por ato infracional an\u00e1logo a homic\u00eddio qualificado.<\/p>\n\n\n\n<p>Caso causa choque na comunidade, que acompanha de perto o desenrolar das investiga\u00e7\u00f5es e questiona o envolvimento de drogas e dist\u00farbios psicol\u00f3gicos na motiva\u00e7\u00e3o do crime. Autoridades refor\u00e7am apoio \u00e0 fam\u00edlia e medidas de preven\u00e7\u00e3o para jovens em situa\u00e7\u00e3o de risco.<\/p>\n\n\n\n<p>Pol\u00edcia Civil segue investigando, verificando circunst\u00e2ncias e testemunhas para esclarecer integralmente o epis\u00f3dio, enquanto o adolescente permanece sob cust\u00f3dia e a v\u00edtima \u00e9 velada por familiares e amigos, gerando grande como\u00e7\u00e3o local.<\/p>\n\n\n\n<p>Comunidade refor\u00e7a alerta sobre viol\u00eancia dom\u00e9stica e uso de drogas entre adolescentes, com a trag\u00e9dia destacando necessidade de aten\u00e7\u00e3o de \u00f3rg\u00e3os sociais e familiares para preven\u00e7\u00e3o de novos crimes.<\/p>\n","protected":false},"excerpt":{"rendered":"<p>Pol\u00edcia apreendeu jovem de 17 anos na segunda-feira (9) suspeito de matar a pr\u00f3pria av\u00f3, Jailza Paulino Giroldo, de 73 anos, com golpes de bast\u00e3o, em Igaci, interior de Alagoas. Adolescente confessou o crime e disse que estava sob efeito de drogas ao ouvir vozes que ordenaram a agress\u00e3o. Corpo da idosa foi encontrado no banheiro, com ferimento e sangramento na cabe\u00e7a. Segundo familiares, Jailza foi vista pela \u00faltima vez no domingo na casa com a companheira do neto, que tamb\u00e9m fazia uso de drogas e vivia no local. Objetos foram levados da resid\u00eancia, incluindo televis\u00e3o e botij\u00e3o de g\u00e1s. Pol\u00edcia Militar localizou o adolescente e a namorada em terreno pr\u00f3ximo a uma \u00e1rea conhecida como Jangada. Ambos confirmaram a participa\u00e7\u00e3o no crime durante abordagem. Desentendimento motivou agress\u00e3o, segundo investiga\u00e7\u00e3o da Pol\u00edcia Civil. Irritado com reclama\u00e7\u00f5es da av\u00f3, o adolescente pegou um bast\u00e3o e desferiu m\u00faltiplos golpes, parando apenas quando outra pessoa interveio no local. Bast\u00e3o foi descartado no quintal da casa onde viviam. Adolescente foi conduzido para exame de corpo de delito, acompanhado da respons\u00e1vel legal. Em seguida, foi levado ao Centro Integrado de Seguran\u00e7a P\u00fablica (CISP) de Palmeira dos \u00cdndios e autuado por ato infracional an\u00e1logo a homic\u00eddio qualificado. Caso causa choque na comunidade, que acompanha de perto o desenrolar das investiga\u00e7\u00f5es e questiona o envolvimento de drogas e dist\u00farbios psicol\u00f3gicos na motiva\u00e7\u00e3o do crime. Autoridades refor\u00e7am apoio \u00e0 fam\u00edlia e medidas de preven\u00e7\u00e3o para jovens em situa\u00e7\u00e3o de risco. Pol\u00edcia Civil segue investigando, verificando circunst\u00e2ncias e testemunhas para esclarecer integralmente o epis\u00f3dio, enquanto o adolescente permanece sob cust\u00f3dia e a v\u00edtima \u00e9 velada por familiares e amigos, gerando grande como\u00e7\u00e3o local. Comunidade refor\u00e7a alerta sobre viol\u00eancia dom\u00e9stica e uso de drogas entre adolescentes, com a trag\u00e9dia destacando necessidade de aten\u00e7\u00e3o de \u00f3rg\u00e3os sociais e familiares para preven\u00e7\u00e3o de novos crimes.<\/p>\n","protected":false},"author":2,"featured_media":0,"comment_status":"open","ping_status":"open","sticky":false,"template":"","format":"standard","meta":{"footnotes":""},"categories":[3],"tags":[],"class_list":["post-9983","post","type-post","status-publish","format-standard","hentry","category-policia"],"yoast_head":"<!-- This site is optimized with the Yoast SEO plugin v26.5 - https:\/\/yoast.com\/wordpress\/plugins\/seo\/ -->\n<title>Adolescente mata av\u00f3 com bast\u00e3o em Igaci e alega ouvir vozes mandando o crime - Sudoesteacontece<\/title>\n<meta name=\"robots\" content=\"index, follow, max-snippet:-1, max-image-preview:large, max-video-preview:-1\" \/>\n<link rel=\"canonical\" href=\"http:\/\/sudoesteacontece.com.br\/?p=9983\" \/>\n<meta property=\"og:locale\" content=\"pt_BR\" \/>\n<meta property=\"og:type\" content=\"article\" \/>\n<meta property=\"og:title\" content=\"Adolescente mata av\u00f3 com bast\u00e3o em Igaci e alega ouvir vozes mandando o crime - Sudoesteacontece\" \/>\n<meta property=\"og:description\" content=\"Pol\u00edcia apreendeu jovem de 17 anos na segunda-feira (9) suspeito de matar a pr\u00f3pria av\u00f3, Jailza Paulino Giroldo, de 73 anos, com golpes de bast\u00e3o, em Igaci, interior de Alagoas. Adolescente confessou o crime e disse que estava sob efeito de drogas ao ouvir vozes que ordenaram a agress\u00e3o. Corpo da idosa foi encontrado no banheiro, com ferimento e sangramento na cabe\u00e7a. Segundo familiares, Jailza foi vista pela \u00faltima vez no domingo na casa com a companheira do neto, que tamb\u00e9m fazia uso de drogas e vivia no local. Objetos foram levados da resid\u00eancia, incluindo televis\u00e3o e botij\u00e3o de g\u00e1s. Pol\u00edcia Militar localizou o adolescente e a namorada em terreno pr\u00f3ximo a uma \u00e1rea conhecida como Jangada. Ambos confirmaram a participa\u00e7\u00e3o no crime durante abordagem. Desentendimento motivou agress\u00e3o, segundo investiga\u00e7\u00e3o da Pol\u00edcia Civil. Irritado com reclama\u00e7\u00f5es da av\u00f3, o adolescente pegou um bast\u00e3o e desferiu m\u00faltiplos golpes, parando apenas quando outra pessoa interveio no local. Bast\u00e3o foi descartado no quintal da casa onde viviam. Adolescente foi conduzido para exame de corpo de delito, acompanhado da respons\u00e1vel legal. Em seguida, foi levado ao Centro Integrado de Seguran\u00e7a P\u00fablica (CISP) de Palmeira dos \u00cdndios e autuado por ato infracional an\u00e1logo a homic\u00eddio qualificado. Caso causa choque na comunidade, que acompanha de perto o desenrolar das investiga\u00e7\u00f5es e questiona o envolvimento de drogas e dist\u00farbios psicol\u00f3gicos na motiva\u00e7\u00e3o do crime. Autoridades refor\u00e7am apoio \u00e0 fam\u00edlia e medidas de preven\u00e7\u00e3o para jovens em situa\u00e7\u00e3o de risco. Pol\u00edcia Civil segue investigando, verificando circunst\u00e2ncias e testemunhas para esclarecer integralmente o epis\u00f3dio, enquanto o adolescente permanece sob cust\u00f3dia e a v\u00edtima \u00e9 velada por familiares e amigos, gerando grande como\u00e7\u00e3o local. Comunidade refor\u00e7a alerta sobre viol\u00eancia dom\u00e9stica e uso de drogas entre adolescentes, com a trag\u00e9dia destacando necessidade de aten\u00e7\u00e3o de \u00f3rg\u00e3os sociais e familiares para preven\u00e7\u00e3o de novos crimes.\" \/>\n<meta property=\"og:url\" content=\"http:\/\/sudoesteacontece.com.br\/?p=9983\" \/>\n<meta property=\"og:site_name\" content=\"Sudoesteacontece\" \/>\n<meta property=\"article:publisher\" content=\"https:\/\/www.facebook.com\/sudoesteacontece\/?locale=pt_BR\" \/>\n<meta property=\"article:published_time\" content=\"2026-03-11T22:30:50+00:00\" \/>\n<meta property=\"article:modified_time\" content=\"2026-03-11T22:30:54+00:00\" \/>\n<meta property=\"og:image\" content=\"http:\/\/sudoesteacontece.com.br\/wp-content\/uploads\/2026\/03\/Novo-Projeto-18.jpg\" \/>\n<meta name=\"author\" content=\"Washington Tiago\" \/>\n<meta name=\"twitter:card\" content=\"summary_large_image\" \/>\n<meta name=\"twitter:label1\" content=\"Escrito por\" \/>\n\t<meta name=\"twitter:data1\" content=\"Washington Tiago\" \/>\n\t<meta name=\"twitter:label2\" content=\"Est. tempo de leitura\" \/>\n\t<meta name=\"twitter:data2\" content=\"2 minutos\" \/>\n<script type=\"application\/ld+json\" class=\"yoast-schema-graph\">{\"@context\":\"https:\/\/schema.org\",\"@graph\":[{\"@type\":\"Article\",\"@id\":\"http:\/\/sudoesteacontece.com.br\/?p=9983#article\",\"isPartOf\":{\"@id\":\"http:\/\/sudoesteacontece.com.br\/?p=9983\"},\"author\":{\"name\":\"Washington Tiago\",\"@id\":\"https:\/\/sudoesteacontece.com.br\/#\/schema\/person\/3cf2cf009926a9683ebc29d5379fa79c\"},\"headline\":\"Adolescente mata av\u00f3 com bast\u00e3o em Igaci e alega ouvir vozes mandando o crime\",\"datePublished\":\"2026-03-11T22:30:50+00:00\",\"dateModified\":\"2026-03-11T22:30:54+00:00\",\"mainEntityOfPage\":{\"@id\":\"http:\/\/sudoesteacontece.com.br\/?p=9983\"},\"wordCount\":359,\"commentCount\":0,\"publisher\":{\"@id\":\"https:\/\/sudoesteacontece.com.br\/#organization\"},\"image\":{\"@id\":\"http:\/\/sudoesteacontece.com.br\/?p=9983#primaryimage\"},\"thumbnailUrl\":\"http:\/\/sudoesteacontece.com.br\/wp-content\/uploads\/2026\/03\/Novo-Projeto-18.jpg\",\"articleSection\":[\"Pol\u00edcia\"],\"inLanguage\":\"pt-BR\",\"potentialAction\":[{\"@type\":\"CommentAction\",\"name\":\"Comment\",\"target\":[\"http:\/\/sudoesteacontece.com.br\/?p=9983#respond\"]}]},{\"@type\":\"WebPage\",\"@id\":\"http:\/\/sudoesteacontece.com.br\/?p=9983\",\"url\":\"http:\/\/sudoesteacontece.com.br\/?p=9983\",\"name\":\"Adolescente mata av\u00f3 com bast\u00e3o em Igaci e alega ouvir vozes mandando o crime - Sudoesteacontece\",\"isPartOf\":{\"@id\":\"https:\/\/sudoesteacontece.com.br\/#website\"},\"primaryImageOfPage\":{\"@id\":\"http:\/\/sudoesteacontece.com.br\/?p=9983#primaryimage\"},\"image\":{\"@id\":\"http:\/\/sudoesteacontece.com.br\/?p=9983#primaryimage\"},\"thumbnailUrl\":\"http:\/\/sudoesteacontece.com.br\/wp-content\/uploads\/2026\/03\/Novo-Projeto-18.jpg\",\"datePublished\":\"2026-03-11T22:30:50+00:00\",\"dateModified\":\"2026-03-11T22:30:54+00:00\",\"breadcrumb\":{\"@id\":\"http:\/\/sudoesteacontece.com.br\/?p=9983#breadcrumb\"},\"inLanguage\":\"pt-BR\",\"potentialAction\":[{\"@type\":\"ReadAction\",\"target\":[\"http:\/\/sudoesteacontece.com.br\/?p=9983\"]}]},{\"@type\":\"ImageObject\",\"inLanguage\":\"pt-BR\",\"@id\":\"http:\/\/sudoesteacontece.com.br\/?p=9983#primaryimage\",\"url\":\"https:\/\/sudoesteacontece.com.br\/wp-content\/uploads\/2026\/03\/Novo-Projeto-18.jpg\",\"contentUrl\":\"https:\/\/sudoesteacontece.com.br\/wp-content\/uploads\/2026\/03\/Novo-Projeto-18.jpg\",\"width\":900,\"height\":600},{\"@type\":\"BreadcrumbList\",\"@id\":\"http:\/\/sudoesteacontece.com.br\/?p=9983#breadcrumb\",\"itemListElement\":[{\"@type\":\"ListItem\",\"position\":1,\"name\":\"In\u00edcio\",\"item\":\"https:\/\/sudoesteacontece.com.br\/\"},{\"@type\":\"ListItem\",\"position\":2,\"name\":\"Adolescente mata av\u00f3 com bast\u00e3o em Igaci e alega ouvir vozes mandando o crime\"}]},{\"@type\":\"WebSite\",\"@id\":\"https:\/\/sudoesteacontece.com.br\/#website\",\"url\":\"https:\/\/sudoesteacontece.com.br\/\",\"name\":\"Sudoesteacontece\",\"description\":\"\",\"publisher\":{\"@id\":\"https:\/\/sudoesteacontece.com.br\/#organization\"},\"potentialAction\":[{\"@type\":\"SearchAction\",\"target\":{\"@type\":\"EntryPoint\",\"urlTemplate\":\"https:\/\/sudoesteacontece.com.br\/?s={search_term_string}\"},\"query-input\":{\"@type\":\"PropertyValueSpecification\",\"valueRequired\":true,\"valueName\":\"search_term_string\"}}],\"inLanguage\":\"pt-BR\"},{\"@type\":\"Organization\",\"@id\":\"https:\/\/sudoesteacontece.com.br\/#organization\",\"name\":\"Sudoesteacontece\",\"url\":\"https:\/\/sudoesteacontece.com.br\/\",\"logo\":{\"@type\":\"ImageObject\",\"inLanguage\":\"pt-BR\",\"@id\":\"https:\/\/sudoesteacontece.com.br\/#\/schema\/logo\/image\/\",\"url\":\"https:\/\/sudoesteacontece.com.br\/wp-content\/uploads\/2025\/12\/cropped-logo-2-180x180-1.png\",\"contentUrl\":\"https:\/\/sudoesteacontece.com.br\/wp-content\/uploads\/2025\/12\/cropped-logo-2-180x180-1.png\",\"width\":180,\"height\":180,\"caption\":\"Sudoesteacontece\"},\"image\":{\"@id\":\"https:\/\/sudoesteacontece.com.br\/#\/schema\/logo\/image\/\"},\"sameAs\":[\"https:\/\/www.facebook.com\/sudoesteacontece\/?locale=pt_BR\"]},{\"@type\":\"Person\",\"@id\":\"https:\/\/sudoesteacontece.com.br\/#\/schema\/person\/3cf2cf009926a9683ebc29d5379fa79c\",\"name\":\"Washington Tiago\",\"image\":{\"@type\":\"ImageObject\",\"inLanguage\":\"pt-BR\",\"@id\":\"https:\/\/sudoesteacontece.com.br\/#\/schema\/person\/image\/\",\"url\":\"https:\/\/secure.gravatar.com\/avatar\/33c43b8668157e040f9d1fe93c354bf087cbd8ba36270c1163198bd3ddcf2a56?s=96&d=mm&r=g\",\"contentUrl\":\"https:\/\/secure.gravatar.com\/avatar\/33c43b8668157e040f9d1fe93c354bf087cbd8ba36270c1163198bd3ddcf2a56?s=96&d=mm&r=g\",\"caption\":\"Washington Tiago\"},\"url\":\"https:\/\/sudoesteacontece.com.br\/?author=2\"}]}<\/script>\n<!-- \/ Yoast SEO plugin. -->","yoast_head_json":{"title":"Adolescente mata av\u00f3 com bast\u00e3o em Igaci e alega ouvir vozes mandando o crime - Sudoesteacontece","robots":{"index":"index","follow":"follow","max-snippet":"max-snippet:-1","max-image-preview":"max-image-preview:large","max-video-preview":"max-video-preview:-1"},"canonical":"http:\/\/sudoesteacontece.com.br\/?p=9983","og_locale":"pt_BR","og_type":"article","og_title":"Adolescente mata av\u00f3 com bast\u00e3o em Igaci e alega ouvir vozes mandando o crime - Sudoesteacontece","og_description":"Pol\u00edcia apreendeu jovem de 17 anos na segunda-feira (9) suspeito de matar a pr\u00f3pria av\u00f3, Jailza Paulino Giroldo, de 73 anos, com golpes de bast\u00e3o, em Igaci, interior de Alagoas. Adolescente confessou o crime e disse que estava sob efeito de drogas ao ouvir vozes que ordenaram a agress\u00e3o. Corpo da idosa foi encontrado no banheiro, com ferimento e sangramento na cabe\u00e7a. Segundo familiares, Jailza foi vista pela \u00faltima vez no domingo na casa com a companheira do neto, que tamb\u00e9m fazia uso de drogas e vivia no local. Objetos foram levados da resid\u00eancia, incluindo televis\u00e3o e botij\u00e3o de g\u00e1s. Pol\u00edcia Militar localizou o adolescente e a namorada em terreno pr\u00f3ximo a uma \u00e1rea conhecida como Jangada. Ambos confirmaram a participa\u00e7\u00e3o no crime durante abordagem. Desentendimento motivou agress\u00e3o, segundo investiga\u00e7\u00e3o da Pol\u00edcia Civil. Irritado com reclama\u00e7\u00f5es da av\u00f3, o adolescente pegou um bast\u00e3o e desferiu m\u00faltiplos golpes, parando apenas quando outra pessoa interveio no local. Bast\u00e3o foi descartado no quintal da casa onde viviam. Adolescente foi conduzido para exame de corpo de delito, acompanhado da respons\u00e1vel legal. Em seguida, foi levado ao Centro Integrado de Seguran\u00e7a P\u00fablica (CISP) de Palmeira dos \u00cdndios e autuado por ato infracional an\u00e1logo a homic\u00eddio qualificado. Caso causa choque na comunidade, que acompanha de perto o desenrolar das investiga\u00e7\u00f5es e questiona o envolvimento de drogas e dist\u00farbios psicol\u00f3gicos na motiva\u00e7\u00e3o do crime. Autoridades refor\u00e7am apoio \u00e0 fam\u00edlia e medidas de preven\u00e7\u00e3o para jovens em situa\u00e7\u00e3o de risco. Pol\u00edcia Civil segue investigando, verificando circunst\u00e2ncias e testemunhas para esclarecer integralmente o epis\u00f3dio, enquanto o adolescente permanece sob cust\u00f3dia e a v\u00edtima \u00e9 velada por familiares e amigos, gerando grande como\u00e7\u00e3o local. Comunidade refor\u00e7a alerta sobre viol\u00eancia dom\u00e9stica e uso de drogas entre adolescentes, com a trag\u00e9dia destacando necessidade de aten\u00e7\u00e3o de \u00f3rg\u00e3os sociais e familiares para preven\u00e7\u00e3o de novos crimes.","og_url":"http:\/\/sudoesteacontece.com.br\/?p=9983","og_site_name":"Sudoesteacontece","article_publisher":"https:\/\/www.facebook.com\/sudoesteacontece\/?locale=pt_BR","article_published_time":"2026-03-11T22:30:50+00:00","article_modified_time":"2026-03-11T22:30:54+00:00","og_image":[{"url":"http:\/\/sudoesteacontece.com.br\/wp-content\/uploads\/2026\/03\/Novo-Projeto-18.jpg","type":"","width":"","height":""}],"author":"Washington Tiago","twitter_card":"summary_large_image","twitter_misc":{"Escrito por":"Washington Tiago","Est. tempo de leitura":"2 minutos"},"schema":{"@context":"https:\/\/schema.org","@graph":[{"@type":"Article","@id":"http:\/\/sudoesteacontece.com.br\/?p=9983#article","isPartOf":{"@id":"http:\/\/sudoesteacontece.com.br\/?p=9983"},"author":{"name":"Washington Tiago","@id":"https:\/\/sudoesteacontece.com.br\/#\/schema\/person\/3cf2cf009926a9683ebc29d5379fa79c"},"headline":"Adolescente mata av\u00f3 com bast\u00e3o em Igaci e alega ouvir vozes mandando o crime","datePublished":"2026-03-11T22:30:50+00:00","dateModified":"2026-03-11T22:30:54+00:00","mainEntityOfPage":{"@id":"http:\/\/sudoesteacontece.com.br\/?p=9983"},"wordCount":359,"commentCount":0,"publisher":{"@id":"https:\/\/sudoesteacontece.com.br\/#organization"},"image":{"@id":"http:\/\/sudoesteacontece.com.br\/?p=9983#primaryimage"},"thumbnailUrl":"http:\/\/sudoesteacontece.com.br\/wp-content\/uploads\/2026\/03\/Novo-Projeto-18.jpg","articleSection":["Pol\u00edcia"],"inLanguage":"pt-BR","potentialAction":[{"@type":"CommentAction","name":"Comment","target":["http:\/\/sudoesteacontece.com.br\/?p=9983#respond"]}]},{"@type":"WebPage","@id":"http:\/\/sudoesteacontece.com.br\/?p=9983","url":"http:\/\/sudoesteacontece.com.br\/?p=9983","name":"Adolescente mata av\u00f3 com bast\u00e3o em Igaci e alega ouvir vozes mandando o crime - Sudoesteacontece","isPartOf":{"@id":"https:\/\/sudoesteacontece.com.br\/#website"},"primaryImageOfPage":{"@id":"http:\/\/sudoesteacontece.com.br\/?p=9983#primaryimage"},"image":{"@id":"http:\/\/sudoesteacontece.com.br\/?p=9983#primaryimage"},"thumbnailUrl":"http:\/\/sudoesteacontece.com.br\/wp-content\/uploads\/2026\/03\/Novo-Projeto-18.jpg","datePublished":"2026-03-11T22:30:50+00:00","dateModified":"2026-03-11T22:30:54+00:00","breadcrumb":{"@id":"http:\/\/sudoesteacontece.com.br\/?p=9983#breadcrumb"},"inLanguage":"pt-BR","potentialAction":[{"@type":"ReadAction","target":["http:\/\/sudoesteacontece.com.br\/?p=9983"]}]},{"@type":"ImageObject","inLanguage":"pt-BR","@id":"http:\/\/sudoesteacontece.com.br\/?p=9983#primaryimage","url":"https:\/\/sudoesteacontece.com.br\/wp-content\/uploads\/2026\/03\/Novo-Projeto-18.jpg","contentUrl":"https:\/\/sudoesteacontece.com.br\/wp-content\/uploads\/2026\/03\/Novo-Projeto-18.jpg","width":900,"height":600},{"@type":"BreadcrumbList","@id":"http:\/\/sudoesteacontece.com.br\/?p=9983#breadcrumb","itemListElement":[{"@type":"ListItem","position":1,"name":"In\u00edcio","item":"https:\/\/sudoesteacontece.com.br\/"},{"@type":"ListItem","position":2,"name":"Adolescente mata av\u00f3 com bast\u00e3o em Igaci e alega ouvir vozes mandando o crime"}]},{"@type":"WebSite","@id":"https:\/\/sudoesteacontece.com.br\/#website","url":"https:\/\/sudoesteacontece.com.br\/","name":"Sudoesteacontece","description":"","publisher":{"@id":"https:\/\/sudoesteacontece.com.br\/#organization"},"potentialAction":[{"@type":"SearchAction","target":{"@type":"EntryPoint","urlTemplate":"https:\/\/sudoesteacontece.com.br\/?s={search_term_string}"},"query-input":{"@type":"PropertyValueSpecification","valueRequired":true,"valueName":"search_term_string"}}],"inLanguage":"pt-BR"},{"@type":"Organization","@id":"https:\/\/sudoesteacontece.com.br\/#organization","name":"Sudoesteacontece","url":"https:\/\/sudoesteacontece.com.br\/","logo":{"@type":"ImageObject","inLanguage":"pt-BR","@id":"https:\/\/sudoesteacontece.com.br\/#\/schema\/logo\/image\/","url":"https:\/\/sudoesteacontece.com.br\/wp-content\/uploads\/2025\/12\/cropped-logo-2-180x180-1.png","contentUrl":"https:\/\/sudoesteacontece.com.br\/wp-content\/uploads\/2025\/12\/cropped-logo-2-180x180-1.png","width":180,"height":180,"caption":"Sudoesteacontece"},"image":{"@id":"https:\/\/sudoesteacontece.com.br\/#\/schema\/logo\/image\/"},"sameAs":["https:\/\/www.facebook.com\/sudoesteacontece\/?locale=pt_BR"]},{"@type":"Person","@id":"https:\/\/sudoesteacontece.com.br\/#\/schema\/person\/3cf2cf009926a9683ebc29d5379fa79c","name":"Washington Tiago","image":{"@type":"ImageObject","inLanguage":"pt-BR","@id":"https:\/\/sudoesteacontece.com.br\/#\/schema\/person\/image\/","url":"https:\/\/secure.gravatar.com\/avatar\/33c43b8668157e040f9d1fe93c354bf087cbd8ba36270c1163198bd3ddcf2a56?s=96&d=mm&r=g","contentUrl":"https:\/\/secure.gravatar.com\/avatar\/33c43b8668157e040f9d1fe93c354bf087cbd8ba36270c1163198bd3ddcf2a56?s=96&d=mm&r=g","caption":"Washington Tiago"},"url":"https:\/\/sudoesteacontece.com.br\/?author=2"}]}},"_links":{"self":[{"href":"https:\/\/sudoesteacontece.com.br\/index.php?rest_route=\/wp\/v2\/posts\/9983","targetHints":{"allow":["GET"]}}],"collection":[{"href":"https:\/\/sudoesteacontece.com.br\/index.php?rest_route=\/wp\/v2\/posts"}],"about":[{"href":"https:\/\/sudoesteacontece.com.br\/index.php?rest_route=\/wp\/v2\/types\/post"}],"author":[{"embeddable":true,"href":"https:\/\/sudoesteacontece.com.br\/index.php?rest_route=\/wp\/v2\/users\/2"}],"replies":[{"embeddable":true,"href":"https:\/\/sudoesteacontece.com.br\/index.php?rest_route=%2Fwp%2Fv2%2Fcomments&post=9983"}],"version-history":[{"count":0,"href":"https:\/\/sudoesteacontece.com.br\/index.php?rest_route=\/wp\/v2\/posts\/9983\/revisions"}],"wp:attachment":[{"href":"https:\/\/sudoesteacontece.com.br\/index.php?rest_route=%2Fwp%2Fv2%2Fmedia&parent=9983"}],"wp:term":[{"taxonomy":"category","embeddable":true,"href":"https:\/\/sudoesteacontece.com.br\/index.php?rest_route=%2Fwp%2Fv2%2Fcategories&post=9983"},{"taxonomy":"post_tag","embeddable":true,"href":"https:\/\/sudoesteacontece.com.br\/index.php?rest_route=%2Fwp%2Fv2%2Ftags&post=9983"}],"curies":[{"name":"wp","href":"https:\/\/api.w.org\/{rel}","templated":true}]}}