{"id":9985,"date":"2026-03-11T19:31:24","date_gmt":"2026-03-11T22:31:24","guid":{"rendered":"https:\/\/sudoesteacontece.com.br\/?p=9985"},"modified":"2026-03-11T19:31:28","modified_gmt":"2026-03-11T22:31:28","slug":"palmas-de-monte-alto-camara-destaca-papel-das-mulheres-em-sessao-especial","status":"publish","type":"post","link":"https:\/\/sudoesteacontece.com.br\/?p=9985","title":{"rendered":"Palmas de Monte Alto: C\u00e2mara destaca papel das mulheres em sess\u00e3o especial"},"content":{"rendered":"<div class=\"wp-block-image\">\n<figure class=\"aligncenter size-full\"><img fetchpriority=\"high\" decoding=\"async\" width=\"843\" height=\"509\" src=\"http:\/\/sudoesteacontece.com.br\/wp-content\/uploads\/2026\/03\/649551427_1517164630415319_5217033248971693000_n.jpg\" alt=\"\" class=\"wp-image-10036\" srcset=\"https:\/\/sudoesteacontece.com.br\/wp-content\/uploads\/2026\/03\/649551427_1517164630415319_5217033248971693000_n.jpg 843w, https:\/\/sudoesteacontece.com.br\/wp-content\/uploads\/2026\/03\/649551427_1517164630415319_5217033248971693000_n-300x181.jpg 300w, https:\/\/sudoesteacontece.com.br\/wp-content\/uploads\/2026\/03\/649551427_1517164630415319_5217033248971693000_n-768x464.jpg 768w\" sizes=\"(max-width: 843px) 100vw, 843px\" \/><\/figure>\n<\/div>\n\n\n<p>C\u00e2mara Municipal de Palmas de Monte Alto realizou sess\u00e3o especial em homenagem ao Dia Internacional da Mulher. Servidoras e demais mulheres presentes receberam reconhecimento simb\u00f3lico pelo papel fundamental que desempenham na sociedade e na vida profissional e comunit\u00e1ria, refor\u00e7ando a import\u00e2ncia da igualdade de g\u00eanero.<\/p>\n\n\n\n<p>Presidente da C\u00e2mara, Domingos Neto, ressaltou relev\u00e2ncia da iniciativa e a necessidade da participa\u00e7\u00e3o feminina nos espa\u00e7os p\u00fablicos e pol\u00edticos. Parlamentar destacou que gesto vai al\u00e9m da simbologia, refletindo respeito e valoriza\u00e7\u00e3o das mulheres que contribuem com dedica\u00e7\u00e3o e sensibilidade para uma sociedade mais justa e inclusiva.<\/p>\n\n\n\n<p>Momento de homenagem integrou programa\u00e7\u00e3o da sess\u00e3o legislativa e foi marcado por emo\u00e7\u00e3o e reconhecimento. Mulheres celebraram a iniciativa, que refor\u00e7a visibilidade e espa\u00e7o para sua atua\u00e7\u00e3o em todos os setores, e reafirma compromisso da C\u00e2mara em promover igualdade, respeito e valoriza\u00e7\u00e3o da participa\u00e7\u00e3o feminina na comunidade local.<\/p>\n","protected":false},"excerpt":{"rendered":"<p>C\u00e2mara Municipal de Palmas de Monte Alto realizou sess\u00e3o especial em homenagem ao Dia Internacional da Mulher. Servidoras e demais mulheres presentes receberam reconhecimento simb\u00f3lico pelo papel fundamental que desempenham na sociedade e na vida profissional e comunit\u00e1ria, refor\u00e7ando a import\u00e2ncia da igualdade de g\u00eanero. Presidente da C\u00e2mara, Domingos Neto, ressaltou relev\u00e2ncia da iniciativa e a necessidade da participa\u00e7\u00e3o feminina nos espa\u00e7os p\u00fablicos e pol\u00edticos. Parlamentar destacou que gesto vai al\u00e9m da simbologia, refletindo respeito e valoriza\u00e7\u00e3o das mulheres que contribuem com dedica\u00e7\u00e3o e sensibilidade para uma sociedade mais justa e inclusiva. Momento de homenagem integrou programa\u00e7\u00e3o da sess\u00e3o legislativa e foi marcado por emo\u00e7\u00e3o e reconhecimento. Mulheres celebraram a iniciativa, que refor\u00e7a visibilidade e espa\u00e7o para sua atua\u00e7\u00e3o em todos os setores, e reafirma compromisso da C\u00e2mara em promover igualdade, respeito e valoriza\u00e7\u00e3o da participa\u00e7\u00e3o feminina na comunidade local.<\/p>\n","protected":false},"author":2,"featured_media":0,"comment_status":"open","ping_status":"open","sticky":false,"template":"","format":"standard","meta":{"footnotes":""},"categories":[48,6],"tags":[],"class_list":["post-9985","post","type-post","status-publish","format-standard","hentry","category-palmas-de-monte-alto","category-politica"],"yoast_head":"<!-- This site is optimized with the Yoast SEO plugin v26.5 - https:\/\/yoast.com\/wordpress\/plugins\/seo\/ -->\n<title>Palmas de Monte Alto: C\u00e2mara destaca papel das mulheres em sess\u00e3o especial - Sudoesteacontece<\/title>\n<meta name=\"robots\" content=\"index, follow, max-snippet:-1, max-image-preview:large, max-video-preview:-1\" \/>\n<link rel=\"canonical\" href=\"http:\/\/sudoesteacontece.com.br\/?p=9985\" \/>\n<meta property=\"og:locale\" content=\"pt_BR\" \/>\n<meta property=\"og:type\" content=\"article\" \/>\n<meta property=\"og:title\" content=\"Palmas de Monte Alto: C\u00e2mara destaca papel das mulheres em sess\u00e3o especial - Sudoesteacontece\" \/>\n<meta property=\"og:description\" content=\"C\u00e2mara Municipal de Palmas de Monte Alto realizou sess\u00e3o especial em homenagem ao Dia Internacional da Mulher. Servidoras e demais mulheres presentes receberam reconhecimento simb\u00f3lico pelo papel fundamental que desempenham na sociedade e na vida profissional e comunit\u00e1ria, refor\u00e7ando a import\u00e2ncia da igualdade de g\u00eanero. Presidente da C\u00e2mara, Domingos Neto, ressaltou relev\u00e2ncia da iniciativa e a necessidade da participa\u00e7\u00e3o feminina nos espa\u00e7os p\u00fablicos e pol\u00edticos. Parlamentar destacou que gesto vai al\u00e9m da simbologia, refletindo respeito e valoriza\u00e7\u00e3o das mulheres que contribuem com dedica\u00e7\u00e3o e sensibilidade para uma sociedade mais justa e inclusiva. Momento de homenagem integrou programa\u00e7\u00e3o da sess\u00e3o legislativa e foi marcado por emo\u00e7\u00e3o e reconhecimento. Mulheres celebraram a iniciativa, que refor\u00e7a visibilidade e espa\u00e7o para sua atua\u00e7\u00e3o em todos os setores, e reafirma compromisso da C\u00e2mara em promover igualdade, respeito e valoriza\u00e7\u00e3o da participa\u00e7\u00e3o feminina na comunidade local.\" \/>\n<meta property=\"og:url\" content=\"http:\/\/sudoesteacontece.com.br\/?p=9985\" \/>\n<meta property=\"og:site_name\" content=\"Sudoesteacontece\" \/>\n<meta property=\"article:publisher\" content=\"https:\/\/www.facebook.com\/sudoesteacontece\/?locale=pt_BR\" \/>\n<meta property=\"article:published_time\" content=\"2026-03-11T22:31:24+00:00\" \/>\n<meta property=\"article:modified_time\" content=\"2026-03-11T22:31:28+00:00\" \/>\n<meta property=\"og:image\" content=\"http:\/\/sudoesteacontece.com.br\/wp-content\/uploads\/2026\/03\/649551427_1517164630415319_5217033248971693000_n.jpg\" \/>\n<meta name=\"author\" content=\"Washington Tiago\" \/>\n<meta name=\"twitter:card\" content=\"summary_large_image\" \/>\n<meta name=\"twitter:label1\" content=\"Escrito por\" \/>\n\t<meta name=\"twitter:data1\" content=\"Washington Tiago\" \/>\n\t<meta name=\"twitter:label2\" content=\"Est. tempo de leitura\" \/>\n\t<meta name=\"twitter:data2\" content=\"1 minuto\" \/>\n<script type=\"application\/ld+json\" class=\"yoast-schema-graph\">{\"@context\":\"https:\/\/schema.org\",\"@graph\":[{\"@type\":\"Article\",\"@id\":\"http:\/\/sudoesteacontece.com.br\/?p=9985#article\",\"isPartOf\":{\"@id\":\"http:\/\/sudoesteacontece.com.br\/?p=9985\"},\"author\":{\"name\":\"Washington Tiago\",\"@id\":\"https:\/\/sudoesteacontece.com.br\/#\/schema\/person\/3cf2cf009926a9683ebc29d5379fa79c\"},\"headline\":\"Palmas de Monte Alto: C\u00e2mara destaca papel das mulheres em sess\u00e3o especial\",\"datePublished\":\"2026-03-11T22:31:24+00:00\",\"dateModified\":\"2026-03-11T22:31:28+00:00\",\"mainEntityOfPage\":{\"@id\":\"http:\/\/sudoesteacontece.com.br\/?p=9985\"},\"wordCount\":179,\"commentCount\":0,\"publisher\":{\"@id\":\"https:\/\/sudoesteacontece.com.br\/#organization\"},\"image\":{\"@id\":\"http:\/\/sudoesteacontece.com.br\/?p=9985#primaryimage\"},\"thumbnailUrl\":\"http:\/\/sudoesteacontece.com.br\/wp-content\/uploads\/2026\/03\/649551427_1517164630415319_5217033248971693000_n.jpg\",\"articleSection\":[\"Palmas de Monte Alto\",\"Pol\u00edtica\"],\"inLanguage\":\"pt-BR\",\"potentialAction\":[{\"@type\":\"CommentAction\",\"name\":\"Comment\",\"target\":[\"http:\/\/sudoesteacontece.com.br\/?p=9985#respond\"]}]},{\"@type\":\"WebPage\",\"@id\":\"http:\/\/sudoesteacontece.com.br\/?p=9985\",\"url\":\"http:\/\/sudoesteacontece.com.br\/?p=9985\",\"name\":\"Palmas de Monte Alto: C\u00e2mara destaca papel das mulheres em sess\u00e3o especial - Sudoesteacontece\",\"isPartOf\":{\"@id\":\"https:\/\/sudoesteacontece.com.br\/#website\"},\"primaryImageOfPage\":{\"@id\":\"http:\/\/sudoesteacontece.com.br\/?p=9985#primaryimage\"},\"image\":{\"@id\":\"http:\/\/sudoesteacontece.com.br\/?p=9985#primaryimage\"},\"thumbnailUrl\":\"http:\/\/sudoesteacontece.com.br\/wp-content\/uploads\/2026\/03\/649551427_1517164630415319_5217033248971693000_n.jpg\",\"datePublished\":\"2026-03-11T22:31:24+00:00\",\"dateModified\":\"2026-03-11T22:31:28+00:00\",\"breadcrumb\":{\"@id\":\"http:\/\/sudoesteacontece.com.br\/?p=9985#breadcrumb\"},\"inLanguage\":\"pt-BR\",\"potentialAction\":[{\"@type\":\"ReadAction\",\"target\":[\"http:\/\/sudoesteacontece.com.br\/?p=9985\"]}]},{\"@type\":\"ImageObject\",\"inLanguage\":\"pt-BR\",\"@id\":\"http:\/\/sudoesteacontece.com.br\/?p=9985#primaryimage\",\"url\":\"https:\/\/sudoesteacontece.com.br\/wp-content\/uploads\/2026\/03\/649551427_1517164630415319_5217033248971693000_n.jpg\",\"contentUrl\":\"https:\/\/sudoesteacontece.com.br\/wp-content\/uploads\/2026\/03\/649551427_1517164630415319_5217033248971693000_n.jpg\",\"width\":843,\"height\":509},{\"@type\":\"BreadcrumbList\",\"@id\":\"http:\/\/sudoesteacontece.com.br\/?p=9985#breadcrumb\",\"itemListElement\":[{\"@type\":\"ListItem\",\"position\":1,\"name\":\"In\u00edcio\",\"item\":\"https:\/\/sudoesteacontece.com.br\/\"},{\"@type\":\"ListItem\",\"position\":2,\"name\":\"Palmas de Monte Alto: C\u00e2mara destaca papel das mulheres em sess\u00e3o especial\"}]},{\"@type\":\"WebSite\",\"@id\":\"https:\/\/sudoesteacontece.com.br\/#website\",\"url\":\"https:\/\/sudoesteacontece.com.br\/\",\"name\":\"Sudoesteacontece\",\"description\":\"\",\"publisher\":{\"@id\":\"https:\/\/sudoesteacontece.com.br\/#organization\"},\"potentialAction\":[{\"@type\":\"SearchAction\",\"target\":{\"@type\":\"EntryPoint\",\"urlTemplate\":\"https:\/\/sudoesteacontece.com.br\/?s={search_term_string}\"},\"query-input\":{\"@type\":\"PropertyValueSpecification\",\"valueRequired\":true,\"valueName\":\"search_term_string\"}}],\"inLanguage\":\"pt-BR\"},{\"@type\":\"Organization\",\"@id\":\"https:\/\/sudoesteacontece.com.br\/#organization\",\"name\":\"Sudoesteacontece\",\"url\":\"https:\/\/sudoesteacontece.com.br\/\",\"logo\":{\"@type\":\"ImageObject\",\"inLanguage\":\"pt-BR\",\"@id\":\"https:\/\/sudoesteacontece.com.br\/#\/schema\/logo\/image\/\",\"url\":\"https:\/\/sudoesteacontece.com.br\/wp-content\/uploads\/2025\/12\/cropped-logo-2-180x180-1.png\",\"contentUrl\":\"https:\/\/sudoesteacontece.com.br\/wp-content\/uploads\/2025\/12\/cropped-logo-2-180x180-1.png\",\"width\":180,\"height\":180,\"caption\":\"Sudoesteacontece\"},\"image\":{\"@id\":\"https:\/\/sudoesteacontece.com.br\/#\/schema\/logo\/image\/\"},\"sameAs\":[\"https:\/\/www.facebook.com\/sudoesteacontece\/?locale=pt_BR\"]},{\"@type\":\"Person\",\"@id\":\"https:\/\/sudoesteacontece.com.br\/#\/schema\/person\/3cf2cf009926a9683ebc29d5379fa79c\",\"name\":\"Washington Tiago\",\"image\":{\"@type\":\"ImageObject\",\"inLanguage\":\"pt-BR\",\"@id\":\"https:\/\/sudoesteacontece.com.br\/#\/schema\/person\/image\/\",\"url\":\"https:\/\/secure.gravatar.com\/avatar\/33c43b8668157e040f9d1fe93c354bf087cbd8ba36270c1163198bd3ddcf2a56?s=96&d=mm&r=g\",\"contentUrl\":\"https:\/\/secure.gravatar.com\/avatar\/33c43b8668157e040f9d1fe93c354bf087cbd8ba36270c1163198bd3ddcf2a56?s=96&d=mm&r=g\",\"caption\":\"Washington Tiago\"},\"url\":\"https:\/\/sudoesteacontece.com.br\/?author=2\"}]}<\/script>\n<!-- \/ Yoast SEO plugin. -->","yoast_head_json":{"title":"Palmas de Monte Alto: C\u00e2mara destaca papel das mulheres em sess\u00e3o especial - Sudoesteacontece","robots":{"index":"index","follow":"follow","max-snippet":"max-snippet:-1","max-image-preview":"max-image-preview:large","max-video-preview":"max-video-preview:-1"},"canonical":"http:\/\/sudoesteacontece.com.br\/?p=9985","og_locale":"pt_BR","og_type":"article","og_title":"Palmas de Monte Alto: C\u00e2mara destaca papel das mulheres em sess\u00e3o especial - Sudoesteacontece","og_description":"C\u00e2mara Municipal de Palmas de Monte Alto realizou sess\u00e3o especial em homenagem ao Dia Internacional da Mulher. Servidoras e demais mulheres presentes receberam reconhecimento simb\u00f3lico pelo papel fundamental que desempenham na sociedade e na vida profissional e comunit\u00e1ria, refor\u00e7ando a import\u00e2ncia da igualdade de g\u00eanero. Presidente da C\u00e2mara, Domingos Neto, ressaltou relev\u00e2ncia da iniciativa e a necessidade da participa\u00e7\u00e3o feminina nos espa\u00e7os p\u00fablicos e pol\u00edticos. Parlamentar destacou que gesto vai al\u00e9m da simbologia, refletindo respeito e valoriza\u00e7\u00e3o das mulheres que contribuem com dedica\u00e7\u00e3o e sensibilidade para uma sociedade mais justa e inclusiva. Momento de homenagem integrou programa\u00e7\u00e3o da sess\u00e3o legislativa e foi marcado por emo\u00e7\u00e3o e reconhecimento. Mulheres celebraram a iniciativa, que refor\u00e7a visibilidade e espa\u00e7o para sua atua\u00e7\u00e3o em todos os setores, e reafirma compromisso da C\u00e2mara em promover igualdade, respeito e valoriza\u00e7\u00e3o da participa\u00e7\u00e3o feminina na comunidade local.","og_url":"http:\/\/sudoesteacontece.com.br\/?p=9985","og_site_name":"Sudoesteacontece","article_publisher":"https:\/\/www.facebook.com\/sudoesteacontece\/?locale=pt_BR","article_published_time":"2026-03-11T22:31:24+00:00","article_modified_time":"2026-03-11T22:31:28+00:00","og_image":[{"url":"http:\/\/sudoesteacontece.com.br\/wp-content\/uploads\/2026\/03\/649551427_1517164630415319_5217033248971693000_n.jpg","type":"","width":"","height":""}],"author":"Washington Tiago","twitter_card":"summary_large_image","twitter_misc":{"Escrito por":"Washington Tiago","Est. tempo de leitura":"1 minuto"},"schema":{"@context":"https:\/\/schema.org","@graph":[{"@type":"Article","@id":"http:\/\/sudoesteacontece.com.br\/?p=9985#article","isPartOf":{"@id":"http:\/\/sudoesteacontece.com.br\/?p=9985"},"author":{"name":"Washington Tiago","@id":"https:\/\/sudoesteacontece.com.br\/#\/schema\/person\/3cf2cf009926a9683ebc29d5379fa79c"},"headline":"Palmas de Monte Alto: C\u00e2mara destaca papel das mulheres em sess\u00e3o especial","datePublished":"2026-03-11T22:31:24+00:00","dateModified":"2026-03-11T22:31:28+00:00","mainEntityOfPage":{"@id":"http:\/\/sudoesteacontece.com.br\/?p=9985"},"wordCount":179,"commentCount":0,"publisher":{"@id":"https:\/\/sudoesteacontece.com.br\/#organization"},"image":{"@id":"http:\/\/sudoesteacontece.com.br\/?p=9985#primaryimage"},"thumbnailUrl":"http:\/\/sudoesteacontece.com.br\/wp-content\/uploads\/2026\/03\/649551427_1517164630415319_5217033248971693000_n.jpg","articleSection":["Palmas de Monte Alto","Pol\u00edtica"],"inLanguage":"pt-BR","potentialAction":[{"@type":"CommentAction","name":"Comment","target":["http:\/\/sudoesteacontece.com.br\/?p=9985#respond"]}]},{"@type":"WebPage","@id":"http:\/\/sudoesteacontece.com.br\/?p=9985","url":"http:\/\/sudoesteacontece.com.br\/?p=9985","name":"Palmas de Monte Alto: C\u00e2mara destaca papel das mulheres em sess\u00e3o especial - Sudoesteacontece","isPartOf":{"@id":"https:\/\/sudoesteacontece.com.br\/#website"},"primaryImageOfPage":{"@id":"http:\/\/sudoesteacontece.com.br\/?p=9985#primaryimage"},"image":{"@id":"http:\/\/sudoesteacontece.com.br\/?p=9985#primaryimage"},"thumbnailUrl":"http:\/\/sudoesteacontece.com.br\/wp-content\/uploads\/2026\/03\/649551427_1517164630415319_5217033248971693000_n.jpg","datePublished":"2026-03-11T22:31:24+00:00","dateModified":"2026-03-11T22:31:28+00:00","breadcrumb":{"@id":"http:\/\/sudoesteacontece.com.br\/?p=9985#breadcrumb"},"inLanguage":"pt-BR","potentialAction":[{"@type":"ReadAction","target":["http:\/\/sudoesteacontece.com.br\/?p=9985"]}]},{"@type":"ImageObject","inLanguage":"pt-BR","@id":"http:\/\/sudoesteacontece.com.br\/?p=9985#primaryimage","url":"https:\/\/sudoesteacontece.com.br\/wp-content\/uploads\/2026\/03\/649551427_1517164630415319_5217033248971693000_n.jpg","contentUrl":"https:\/\/sudoesteacontece.com.br\/wp-content\/uploads\/2026\/03\/649551427_1517164630415319_5217033248971693000_n.jpg","width":843,"height":509},{"@type":"BreadcrumbList","@id":"http:\/\/sudoesteacontece.com.br\/?p=9985#breadcrumb","itemListElement":[{"@type":"ListItem","position":1,"name":"In\u00edcio","item":"https:\/\/sudoesteacontece.com.br\/"},{"@type":"ListItem","position":2,"name":"Palmas de Monte Alto: C\u00e2mara destaca papel das mulheres em sess\u00e3o especial"}]},{"@type":"WebSite","@id":"https:\/\/sudoesteacontece.com.br\/#website","url":"https:\/\/sudoesteacontece.com.br\/","name":"Sudoesteacontece","description":"","publisher":{"@id":"https:\/\/sudoesteacontece.com.br\/#organization"},"potentialAction":[{"@type":"SearchAction","target":{"@type":"EntryPoint","urlTemplate":"https:\/\/sudoesteacontece.com.br\/?s={search_term_string}"},"query-input":{"@type":"PropertyValueSpecification","valueRequired":true,"valueName":"search_term_string"}}],"inLanguage":"pt-BR"},{"@type":"Organization","@id":"https:\/\/sudoesteacontece.com.br\/#organization","name":"Sudoesteacontece","url":"https:\/\/sudoesteacontece.com.br\/","logo":{"@type":"ImageObject","inLanguage":"pt-BR","@id":"https:\/\/sudoesteacontece.com.br\/#\/schema\/logo\/image\/","url":"https:\/\/sudoesteacontece.com.br\/wp-content\/uploads\/2025\/12\/cropped-logo-2-180x180-1.png","contentUrl":"https:\/\/sudoesteacontece.com.br\/wp-content\/uploads\/2025\/12\/cropped-logo-2-180x180-1.png","width":180,"height":180,"caption":"Sudoesteacontece"},"image":{"@id":"https:\/\/sudoesteacontece.com.br\/#\/schema\/logo\/image\/"},"sameAs":["https:\/\/www.facebook.com\/sudoesteacontece\/?locale=pt_BR"]},{"@type":"Person","@id":"https:\/\/sudoesteacontece.com.br\/#\/schema\/person\/3cf2cf009926a9683ebc29d5379fa79c","name":"Washington Tiago","image":{"@type":"ImageObject","inLanguage":"pt-BR","@id":"https:\/\/sudoesteacontece.com.br\/#\/schema\/person\/image\/","url":"https:\/\/secure.gravatar.com\/avatar\/33c43b8668157e040f9d1fe93c354bf087cbd8ba36270c1163198bd3ddcf2a56?s=96&d=mm&r=g","contentUrl":"https:\/\/secure.gravatar.com\/avatar\/33c43b8668157e040f9d1fe93c354bf087cbd8ba36270c1163198bd3ddcf2a56?s=96&d=mm&r=g","caption":"Washington Tiago"},"url":"https:\/\/sudoesteacontece.com.br\/?author=2"}]}},"_links":{"self":[{"href":"https:\/\/sudoesteacontece.com.br\/index.php?rest_route=\/wp\/v2\/posts\/9985","targetHints":{"allow":["GET"]}}],"collection":[{"href":"https:\/\/sudoesteacontece.com.br\/index.php?rest_route=\/wp\/v2\/posts"}],"about":[{"href":"https:\/\/sudoesteacontece.com.br\/index.php?rest_route=\/wp\/v2\/types\/post"}],"author":[{"embeddable":true,"href":"https:\/\/sudoesteacontece.com.br\/index.php?rest_route=\/wp\/v2\/users\/2"}],"replies":[{"embeddable":true,"href":"https:\/\/sudoesteacontece.com.br\/index.php?rest_route=%2Fwp%2Fv2%2Fcomments&post=9985"}],"version-history":[{"count":0,"href":"https:\/\/sudoesteacontece.com.br\/index.php?rest_route=\/wp\/v2\/posts\/9985\/revisions"}],"wp:attachment":[{"href":"https:\/\/sudoesteacontece.com.br\/index.php?rest_route=%2Fwp%2Fv2%2Fmedia&parent=9985"}],"wp:term":[{"taxonomy":"category","embeddable":true,"href":"https:\/\/sudoesteacontece.com.br\/index.php?rest_route=%2Fwp%2Fv2%2Fcategories&post=9985"},{"taxonomy":"post_tag","embeddable":true,"href":"https:\/\/sudoesteacontece.com.br\/index.php?rest_route=%2Fwp%2Fv2%2Ftags&post=9985"}],"curies":[{"name":"wp","href":"https:\/\/api.w.org\/{rel}","templated":true}]}}