{"id":9994,"date":"2026-03-11T19:24:45","date_gmt":"2026-03-11T22:24:45","guid":{"rendered":"https:\/\/sudoesteacontece.com.br\/?p=9994"},"modified":"2026-03-11T19:24:50","modified_gmt":"2026-03-11T22:24:50","slug":"jaques-wagner-elogia-lideranca-do-prefeito-fabricio-abrantes-e-destaca-avanco-do-saneamento-em-brumado","status":"publish","type":"post","link":"https:\/\/sudoesteacontece.com.br\/?p=9994","title":{"rendered":"Jaques Wagner elogia lideran\u00e7a do prefeito Fabr\u00edcio Abrantes e destaca avan\u00e7o do saneamento em Brumado"},"content":{"rendered":"<div class=\"wp-block-image\">\n<figure class=\"aligncenter size-full\"><img fetchpriority=\"high\" decoding=\"async\" width=\"900\" height=\"600\" src=\"http:\/\/sudoesteacontece.com.br\/wp-content\/uploads\/2026\/03\/ugo.jpg\" alt=\"\" class=\"wp-image-10023\" srcset=\"https:\/\/sudoesteacontece.com.br\/wp-content\/uploads\/2026\/03\/ugo.jpg 900w, https:\/\/sudoesteacontece.com.br\/wp-content\/uploads\/2026\/03\/ugo-300x200.jpg 300w, https:\/\/sudoesteacontece.com.br\/wp-content\/uploads\/2026\/03\/ugo-768x512.jpg 768w\" sizes=\"(max-width: 900px) 100vw, 900px\" \/><\/figure>\n<\/div>\n\n\n<p>A pol\u00edtica do interior da Bahia tem revelado novos nomes que ganham proje\u00e7\u00e3o no cen\u00e1rio estadual. Entre eles est\u00e1 o prefeito de Brumado, Fabr\u00edcio Abrantes (Avante), que tem se destacado pela articula\u00e7\u00e3o pol\u00edtica e pela busca de investimentos para o munic\u00edpio.<\/p>\n\n\n\n<p>Empres\u00e1rio e natural da cidade, Fabr\u00edcio foi eleito nas elei\u00e7\u00f5es de 2024 com 21.567 votos, o equivalente a 49,79% dos votos v\u00e1lidos, assumindo a gest\u00e3o municipal em janeiro de 2025. Desde ent\u00e3o, o prefeito tem buscado fortalecer o di\u00e1logo com diferentes esferas de governo, com foco em projetos estruturantes para a cidade.<\/p>\n\n\n\n<p>Um dos temas que ganhou destaque recentemente \u00e9 a implanta\u00e7\u00e3o do sistema de esgotamento sanit\u00e1rio de Brumado, considerada uma das obras mais aguardadas pela popula\u00e7\u00e3o. O projeto conta com investimentos previstos no Programa de Acelera\u00e7\u00e3o do Crescimento (PAC), do Governo Federal, e representa um passo importante para melhorar a infraestrutura urbana e a qualidade de vida no munic\u00edpio.<\/p>\n\n\n\n<p>O assunto foi abordado durante agenda institucional realizada nesta quarta-feira (11), no munic\u00edpio de Belo Campo, que contou com a presen\u00e7a do senador Jaques Wagner e do ministro da Casa Civil <strong>Rui Costa<\/strong>. Na ocasi\u00e3o, foi inaugurada uma Unidade B\u00e1sica de Sa\u00fade (UBS) Tipo 2, ampliando a rede de aten\u00e7\u00e3o b\u00e1sica da cidade e fortalecendo o atendimento do Sistema \u00danico de Sa\u00fade (SUS).<\/p>\n\n\n\n<p>Durante o encontro, que reuniu prefeitos e lideran\u00e7as pol\u00edticas do sudoeste baiano, Wagner elogiou o perfil do prefeito de Brumado e destacou sua postura administrativa. Segundo o senador, a presen\u00e7a de novas lideran\u00e7as na pol\u00edtica municipal \u00e9 positiva para o desenvolvimento das cidades.<\/p>\n\n\n\n<p>Ele ressaltou ainda o empenho de Fabr\u00edcio nas tratativas para viabilizar o projeto de saneamento, apontando a dedica\u00e7\u00e3o do gestor na busca por solu\u00e7\u00f5es que atendam \u00e0s demandas da popula\u00e7\u00e3o.<\/p>\n\n\n\n<p>O prefeito tamb\u00e9m comentou sobre o andamento da iniciativa e afirmou que o projeto est\u00e1 avan\u00e7ando. De acordo com ele, os recursos para a obra j\u00e1 est\u00e3o garantidos pelo PAC e as discuss\u00f5es agora se concentram nos detalhes t\u00e9cnicos necess\u00e1rios para que a Embasa possa realizar o processo de licita\u00e7\u00e3o.<\/p>\n\n\n\n<p>Para Fabr\u00edcio, a implanta\u00e7\u00e3o do sistema de esgotamento sanit\u00e1rio representa um sonho antigo dos moradores e poder\u00e1 trazer impactos positivos para a sa\u00fade p\u00fablica, o meio ambiente e o desenvolvimento urbano de Brumado.<\/p>\n\n\n\n<p>O deputado federal Waldenor Pereira tamb\u00e9m destacou o papel do prefeito na articula\u00e7\u00e3o pol\u00edtica que tem garantido novos investimentos para o munic\u00edpio. Segundo ele, a capacidade de di\u00e1logo da gest\u00e3o tem facilitado a aproxima\u00e7\u00e3o com os governos estadual e federal, abrindo caminho para a chegada de recursos e obras importantes.<\/p>\n\n\n\n<p>Com pouco mais de um ano de administra\u00e7\u00e3o, Fabr\u00edcio Abrantes vem consolidando sua atua\u00e7\u00e3o pol\u00edtica e fortalecendo parcerias institucionais. Caso o projeto de saneamento avance conforme o planejamento, a iniciativa poder\u00e1 se tornar um dos principais marcos de sua gest\u00e3o e um passo decisivo para o desenvolvimento de Brumado.<\/p>\n","protected":false},"excerpt":{"rendered":"<p>A pol\u00edtica do interior da Bahia tem revelado novos nomes que ganham proje\u00e7\u00e3o no cen\u00e1rio estadual. Entre eles est\u00e1 o prefeito de Brumado, Fabr\u00edcio Abrantes (Avante), que tem se destacado pela articula\u00e7\u00e3o pol\u00edtica e pela busca de investimentos para o munic\u00edpio. Empres\u00e1rio e natural da cidade, Fabr\u00edcio foi eleito nas elei\u00e7\u00f5es de 2024 com 21.567 votos, o equivalente a 49,79% dos votos v\u00e1lidos, assumindo a gest\u00e3o municipal em janeiro de 2025. Desde ent\u00e3o, o prefeito tem buscado fortalecer o di\u00e1logo com diferentes esferas de governo, com foco em projetos estruturantes para a cidade. Um dos temas que ganhou destaque recentemente \u00e9 a implanta\u00e7\u00e3o do sistema de esgotamento sanit\u00e1rio de Brumado, considerada uma das obras mais aguardadas pela popula\u00e7\u00e3o. O projeto conta com investimentos previstos no Programa de Acelera\u00e7\u00e3o do Crescimento (PAC), do Governo Federal, e representa um passo importante para melhorar a infraestrutura urbana e a qualidade de vida no munic\u00edpio. O assunto foi abordado durante agenda institucional realizada nesta quarta-feira (11), no munic\u00edpio de Belo Campo, que contou com a presen\u00e7a do senador Jaques Wagner e do ministro da Casa Civil Rui Costa. Na ocasi\u00e3o, foi inaugurada uma Unidade B\u00e1sica de Sa\u00fade (UBS) Tipo 2, ampliando a rede de aten\u00e7\u00e3o b\u00e1sica da cidade e fortalecendo o atendimento do Sistema \u00danico de Sa\u00fade (SUS). Durante o encontro, que reuniu prefeitos e lideran\u00e7as pol\u00edticas do sudoeste baiano, Wagner elogiou o perfil do prefeito de Brumado e destacou sua postura administrativa. Segundo o senador, a presen\u00e7a de novas lideran\u00e7as na pol\u00edtica municipal \u00e9 positiva para o desenvolvimento das cidades. Ele ressaltou ainda o empenho de Fabr\u00edcio nas tratativas para viabilizar o projeto de saneamento, apontando a dedica\u00e7\u00e3o do gestor na busca por solu\u00e7\u00f5es que atendam \u00e0s demandas da popula\u00e7\u00e3o. O prefeito tamb\u00e9m comentou sobre o andamento da iniciativa e afirmou que o projeto est\u00e1 avan\u00e7ando. De acordo com ele, os recursos para a obra j\u00e1 est\u00e3o garantidos pelo PAC e as discuss\u00f5es agora se concentram nos detalhes t\u00e9cnicos necess\u00e1rios para que a Embasa possa realizar o processo de licita\u00e7\u00e3o. Para Fabr\u00edcio, a implanta\u00e7\u00e3o do sistema de esgotamento sanit\u00e1rio representa um sonho antigo dos moradores e poder\u00e1 trazer impactos positivos para a sa\u00fade p\u00fablica, o meio ambiente e o desenvolvimento urbano de Brumado. O deputado federal Waldenor Pereira tamb\u00e9m destacou o papel do prefeito na articula\u00e7\u00e3o pol\u00edtica que tem garantido novos investimentos para o munic\u00edpio. Segundo ele, a capacidade de di\u00e1logo da gest\u00e3o tem facilitado a aproxima\u00e7\u00e3o com os governos estadual e federal, abrindo caminho para a chegada de recursos e obras importantes. Com pouco mais de um ano de administra\u00e7\u00e3o, Fabr\u00edcio Abrantes vem consolidando sua atua\u00e7\u00e3o pol\u00edtica e fortalecendo parcerias institucionais. Caso o projeto de saneamento avance conforme o planejamento, a iniciativa poder\u00e1 se tornar um dos principais marcos de sua gest\u00e3o e um passo decisivo para o desenvolvimento de Brumado.<\/p>\n","protected":false},"author":2,"featured_media":10023,"comment_status":"open","ping_status":"open","sticky":false,"template":"","format":"standard","meta":{"footnotes":""},"categories":[10,4,58,6],"tags":[],"class_list":["post-9994","post","type-post","status-publish","format-standard","has-post-thumbnail","hentry","category-brumado","category-cidades","category-eleicoes-2026","category-politica"],"yoast_head":"<!-- This site is optimized with the Yoast SEO plugin v26.5 - https:\/\/yoast.com\/wordpress\/plugins\/seo\/ -->\n<title>Jaques Wagner elogia lideran\u00e7a do prefeito Fabr\u00edcio Abrantes e destaca avan\u00e7o do saneamento em Brumado - Sudoesteacontece<\/title>\n<meta name=\"robots\" content=\"index, follow, max-snippet:-1, max-image-preview:large, max-video-preview:-1\" \/>\n<link rel=\"canonical\" href=\"http:\/\/sudoesteacontece.com.br\/?p=9994\" \/>\n<meta property=\"og:locale\" content=\"pt_BR\" \/>\n<meta property=\"og:type\" content=\"article\" \/>\n<meta property=\"og:title\" content=\"Jaques Wagner elogia lideran\u00e7a do prefeito Fabr\u00edcio Abrantes e destaca avan\u00e7o do saneamento em Brumado - Sudoesteacontece\" \/>\n<meta property=\"og:description\" content=\"A pol\u00edtica do interior da Bahia tem revelado novos nomes que ganham proje\u00e7\u00e3o no cen\u00e1rio estadual. Entre eles est\u00e1 o prefeito de Brumado, Fabr\u00edcio Abrantes (Avante), que tem se destacado pela articula\u00e7\u00e3o pol\u00edtica e pela busca de investimentos para o munic\u00edpio. Empres\u00e1rio e natural da cidade, Fabr\u00edcio foi eleito nas elei\u00e7\u00f5es de 2024 com 21.567 votos, o equivalente a 49,79% dos votos v\u00e1lidos, assumindo a gest\u00e3o municipal em janeiro de 2025. Desde ent\u00e3o, o prefeito tem buscado fortalecer o di\u00e1logo com diferentes esferas de governo, com foco em projetos estruturantes para a cidade. Um dos temas que ganhou destaque recentemente \u00e9 a implanta\u00e7\u00e3o do sistema de esgotamento sanit\u00e1rio de Brumado, considerada uma das obras mais aguardadas pela popula\u00e7\u00e3o. O projeto conta com investimentos previstos no Programa de Acelera\u00e7\u00e3o do Crescimento (PAC), do Governo Federal, e representa um passo importante para melhorar a infraestrutura urbana e a qualidade de vida no munic\u00edpio. O assunto foi abordado durante agenda institucional realizada nesta quarta-feira (11), no munic\u00edpio de Belo Campo, que contou com a presen\u00e7a do senador Jaques Wagner e do ministro da Casa Civil Rui Costa. Na ocasi\u00e3o, foi inaugurada uma Unidade B\u00e1sica de Sa\u00fade (UBS) Tipo 2, ampliando a rede de aten\u00e7\u00e3o b\u00e1sica da cidade e fortalecendo o atendimento do Sistema \u00danico de Sa\u00fade (SUS). Durante o encontro, que reuniu prefeitos e lideran\u00e7as pol\u00edticas do sudoeste baiano, Wagner elogiou o perfil do prefeito de Brumado e destacou sua postura administrativa. Segundo o senador, a presen\u00e7a de novas lideran\u00e7as na pol\u00edtica municipal \u00e9 positiva para o desenvolvimento das cidades. Ele ressaltou ainda o empenho de Fabr\u00edcio nas tratativas para viabilizar o projeto de saneamento, apontando a dedica\u00e7\u00e3o do gestor na busca por solu\u00e7\u00f5es que atendam \u00e0s demandas da popula\u00e7\u00e3o. O prefeito tamb\u00e9m comentou sobre o andamento da iniciativa e afirmou que o projeto est\u00e1 avan\u00e7ando. De acordo com ele, os recursos para a obra j\u00e1 est\u00e3o garantidos pelo PAC e as discuss\u00f5es agora se concentram nos detalhes t\u00e9cnicos necess\u00e1rios para que a Embasa possa realizar o processo de licita\u00e7\u00e3o. Para Fabr\u00edcio, a implanta\u00e7\u00e3o do sistema de esgotamento sanit\u00e1rio representa um sonho antigo dos moradores e poder\u00e1 trazer impactos positivos para a sa\u00fade p\u00fablica, o meio ambiente e o desenvolvimento urbano de Brumado. O deputado federal Waldenor Pereira tamb\u00e9m destacou o papel do prefeito na articula\u00e7\u00e3o pol\u00edtica que tem garantido novos investimentos para o munic\u00edpio. Segundo ele, a capacidade de di\u00e1logo da gest\u00e3o tem facilitado a aproxima\u00e7\u00e3o com os governos estadual e federal, abrindo caminho para a chegada de recursos e obras importantes. Com pouco mais de um ano de administra\u00e7\u00e3o, Fabr\u00edcio Abrantes vem consolidando sua atua\u00e7\u00e3o pol\u00edtica e fortalecendo parcerias institucionais. Caso o projeto de saneamento avance conforme o planejamento, a iniciativa poder\u00e1 se tornar um dos principais marcos de sua gest\u00e3o e um passo decisivo para o desenvolvimento de Brumado.\" \/>\n<meta property=\"og:url\" content=\"http:\/\/sudoesteacontece.com.br\/?p=9994\" \/>\n<meta property=\"og:site_name\" content=\"Sudoesteacontece\" \/>\n<meta property=\"article:publisher\" content=\"https:\/\/www.facebook.com\/sudoesteacontece\/?locale=pt_BR\" \/>\n<meta property=\"article:published_time\" content=\"2026-03-11T22:24:45+00:00\" \/>\n<meta property=\"article:modified_time\" content=\"2026-03-11T22:24:50+00:00\" \/>\n<meta property=\"og:image\" content=\"http:\/\/sudoesteacontece.com.br\/wp-content\/uploads\/2026\/03\/ugo.jpg\" \/>\n\t<meta property=\"og:image:width\" content=\"900\" \/>\n\t<meta property=\"og:image:height\" content=\"600\" \/>\n\t<meta property=\"og:image:type\" content=\"image\/jpeg\" \/>\n<meta name=\"author\" content=\"Washington Tiago\" \/>\n<meta name=\"twitter:card\" content=\"summary_large_image\" \/>\n<meta name=\"twitter:label1\" content=\"Escrito por\" \/>\n\t<meta name=\"twitter:data1\" content=\"Washington Tiago\" \/>\n\t<meta name=\"twitter:label2\" content=\"Est. tempo de leitura\" \/>\n\t<meta name=\"twitter:data2\" content=\"3 minutos\" \/>\n<script type=\"application\/ld+json\" class=\"yoast-schema-graph\">{\"@context\":\"https:\/\/schema.org\",\"@graph\":[{\"@type\":\"Article\",\"@id\":\"http:\/\/sudoesteacontece.com.br\/?p=9994#article\",\"isPartOf\":{\"@id\":\"http:\/\/sudoesteacontece.com.br\/?p=9994\"},\"author\":{\"name\":\"Washington Tiago\",\"@id\":\"https:\/\/sudoesteacontece.com.br\/#\/schema\/person\/3cf2cf009926a9683ebc29d5379fa79c\"},\"headline\":\"Jaques Wagner elogia lideran\u00e7a do prefeito Fabr\u00edcio Abrantes e destaca avan\u00e7o do saneamento em Brumado\",\"datePublished\":\"2026-03-11T22:24:45+00:00\",\"dateModified\":\"2026-03-11T22:24:50+00:00\",\"mainEntityOfPage\":{\"@id\":\"http:\/\/sudoesteacontece.com.br\/?p=9994\"},\"wordCount\":539,\"commentCount\":0,\"publisher\":{\"@id\":\"https:\/\/sudoesteacontece.com.br\/#organization\"},\"image\":{\"@id\":\"http:\/\/sudoesteacontece.com.br\/?p=9994#primaryimage\"},\"thumbnailUrl\":\"https:\/\/sudoesteacontece.com.br\/wp-content\/uploads\/2026\/03\/ugo.jpg\",\"articleSection\":[\"Brumado\",\"Cidades\",\"Elei\u00e7\u00f5es 2026\",\"Pol\u00edtica\"],\"inLanguage\":\"pt-BR\",\"potentialAction\":[{\"@type\":\"CommentAction\",\"name\":\"Comment\",\"target\":[\"http:\/\/sudoesteacontece.com.br\/?p=9994#respond\"]}]},{\"@type\":\"WebPage\",\"@id\":\"http:\/\/sudoesteacontece.com.br\/?p=9994\",\"url\":\"http:\/\/sudoesteacontece.com.br\/?p=9994\",\"name\":\"Jaques Wagner elogia lideran\u00e7a do prefeito Fabr\u00edcio Abrantes e destaca avan\u00e7o do saneamento em Brumado - Sudoesteacontece\",\"isPartOf\":{\"@id\":\"https:\/\/sudoesteacontece.com.br\/#website\"},\"primaryImageOfPage\":{\"@id\":\"http:\/\/sudoesteacontece.com.br\/?p=9994#primaryimage\"},\"image\":{\"@id\":\"http:\/\/sudoesteacontece.com.br\/?p=9994#primaryimage\"},\"thumbnailUrl\":\"https:\/\/sudoesteacontece.com.br\/wp-content\/uploads\/2026\/03\/ugo.jpg\",\"datePublished\":\"2026-03-11T22:24:45+00:00\",\"dateModified\":\"2026-03-11T22:24:50+00:00\",\"breadcrumb\":{\"@id\":\"http:\/\/sudoesteacontece.com.br\/?p=9994#breadcrumb\"},\"inLanguage\":\"pt-BR\",\"potentialAction\":[{\"@type\":\"ReadAction\",\"target\":[\"http:\/\/sudoesteacontece.com.br\/?p=9994\"]}]},{\"@type\":\"ImageObject\",\"inLanguage\":\"pt-BR\",\"@id\":\"http:\/\/sudoesteacontece.com.br\/?p=9994#primaryimage\",\"url\":\"https:\/\/sudoesteacontece.com.br\/wp-content\/uploads\/2026\/03\/ugo.jpg\",\"contentUrl\":\"https:\/\/sudoesteacontece.com.br\/wp-content\/uploads\/2026\/03\/ugo.jpg\",\"width\":900,\"height\":600},{\"@type\":\"BreadcrumbList\",\"@id\":\"http:\/\/sudoesteacontece.com.br\/?p=9994#breadcrumb\",\"itemListElement\":[{\"@type\":\"ListItem\",\"position\":1,\"name\":\"In\u00edcio\",\"item\":\"https:\/\/sudoesteacontece.com.br\/\"},{\"@type\":\"ListItem\",\"position\":2,\"name\":\"Jaques Wagner elogia lideran\u00e7a do prefeito Fabr\u00edcio Abrantes e destaca avan\u00e7o do saneamento em Brumado\"}]},{\"@type\":\"WebSite\",\"@id\":\"https:\/\/sudoesteacontece.com.br\/#website\",\"url\":\"https:\/\/sudoesteacontece.com.br\/\",\"name\":\"Sudoesteacontece\",\"description\":\"\",\"publisher\":{\"@id\":\"https:\/\/sudoesteacontece.com.br\/#organization\"},\"potentialAction\":[{\"@type\":\"SearchAction\",\"target\":{\"@type\":\"EntryPoint\",\"urlTemplate\":\"https:\/\/sudoesteacontece.com.br\/?s={search_term_string}\"},\"query-input\":{\"@type\":\"PropertyValueSpecification\",\"valueRequired\":true,\"valueName\":\"search_term_string\"}}],\"inLanguage\":\"pt-BR\"},{\"@type\":\"Organization\",\"@id\":\"https:\/\/sudoesteacontece.com.br\/#organization\",\"name\":\"Sudoesteacontece\",\"url\":\"https:\/\/sudoesteacontece.com.br\/\",\"logo\":{\"@type\":\"ImageObject\",\"inLanguage\":\"pt-BR\",\"@id\":\"https:\/\/sudoesteacontece.com.br\/#\/schema\/logo\/image\/\",\"url\":\"https:\/\/sudoesteacontece.com.br\/wp-content\/uploads\/2025\/12\/cropped-logo-2-180x180-1.png\",\"contentUrl\":\"https:\/\/sudoesteacontece.com.br\/wp-content\/uploads\/2025\/12\/cropped-logo-2-180x180-1.png\",\"width\":180,\"height\":180,\"caption\":\"Sudoesteacontece\"},\"image\":{\"@id\":\"https:\/\/sudoesteacontece.com.br\/#\/schema\/logo\/image\/\"},\"sameAs\":[\"https:\/\/www.facebook.com\/sudoesteacontece\/?locale=pt_BR\"]},{\"@type\":\"Person\",\"@id\":\"https:\/\/sudoesteacontece.com.br\/#\/schema\/person\/3cf2cf009926a9683ebc29d5379fa79c\",\"name\":\"Washington Tiago\",\"image\":{\"@type\":\"ImageObject\",\"inLanguage\":\"pt-BR\",\"@id\":\"https:\/\/sudoesteacontece.com.br\/#\/schema\/person\/image\/\",\"url\":\"https:\/\/secure.gravatar.com\/avatar\/33c43b8668157e040f9d1fe93c354bf087cbd8ba36270c1163198bd3ddcf2a56?s=96&d=mm&r=g\",\"contentUrl\":\"https:\/\/secure.gravatar.com\/avatar\/33c43b8668157e040f9d1fe93c354bf087cbd8ba36270c1163198bd3ddcf2a56?s=96&d=mm&r=g\",\"caption\":\"Washington Tiago\"},\"url\":\"https:\/\/sudoesteacontece.com.br\/?author=2\"}]}<\/script>\n<!-- \/ Yoast SEO plugin. -->","yoast_head_json":{"title":"Jaques Wagner elogia lideran\u00e7a do prefeito Fabr\u00edcio Abrantes e destaca avan\u00e7o do saneamento em Brumado - Sudoesteacontece","robots":{"index":"index","follow":"follow","max-snippet":"max-snippet:-1","max-image-preview":"max-image-preview:large","max-video-preview":"max-video-preview:-1"},"canonical":"http:\/\/sudoesteacontece.com.br\/?p=9994","og_locale":"pt_BR","og_type":"article","og_title":"Jaques Wagner elogia lideran\u00e7a do prefeito Fabr\u00edcio Abrantes e destaca avan\u00e7o do saneamento em Brumado - Sudoesteacontece","og_description":"A pol\u00edtica do interior da Bahia tem revelado novos nomes que ganham proje\u00e7\u00e3o no cen\u00e1rio estadual. Entre eles est\u00e1 o prefeito de Brumado, Fabr\u00edcio Abrantes (Avante), que tem se destacado pela articula\u00e7\u00e3o pol\u00edtica e pela busca de investimentos para o munic\u00edpio. Empres\u00e1rio e natural da cidade, Fabr\u00edcio foi eleito nas elei\u00e7\u00f5es de 2024 com 21.567 votos, o equivalente a 49,79% dos votos v\u00e1lidos, assumindo a gest\u00e3o municipal em janeiro de 2025. Desde ent\u00e3o, o prefeito tem buscado fortalecer o di\u00e1logo com diferentes esferas de governo, com foco em projetos estruturantes para a cidade. Um dos temas que ganhou destaque recentemente \u00e9 a implanta\u00e7\u00e3o do sistema de esgotamento sanit\u00e1rio de Brumado, considerada uma das obras mais aguardadas pela popula\u00e7\u00e3o. O projeto conta com investimentos previstos no Programa de Acelera\u00e7\u00e3o do Crescimento (PAC), do Governo Federal, e representa um passo importante para melhorar a infraestrutura urbana e a qualidade de vida no munic\u00edpio. O assunto foi abordado durante agenda institucional realizada nesta quarta-feira (11), no munic\u00edpio de Belo Campo, que contou com a presen\u00e7a do senador Jaques Wagner e do ministro da Casa Civil Rui Costa. Na ocasi\u00e3o, foi inaugurada uma Unidade B\u00e1sica de Sa\u00fade (UBS) Tipo 2, ampliando a rede de aten\u00e7\u00e3o b\u00e1sica da cidade e fortalecendo o atendimento do Sistema \u00danico de Sa\u00fade (SUS). Durante o encontro, que reuniu prefeitos e lideran\u00e7as pol\u00edticas do sudoeste baiano, Wagner elogiou o perfil do prefeito de Brumado e destacou sua postura administrativa. Segundo o senador, a presen\u00e7a de novas lideran\u00e7as na pol\u00edtica municipal \u00e9 positiva para o desenvolvimento das cidades. Ele ressaltou ainda o empenho de Fabr\u00edcio nas tratativas para viabilizar o projeto de saneamento, apontando a dedica\u00e7\u00e3o do gestor na busca por solu\u00e7\u00f5es que atendam \u00e0s demandas da popula\u00e7\u00e3o. O prefeito tamb\u00e9m comentou sobre o andamento da iniciativa e afirmou que o projeto est\u00e1 avan\u00e7ando. De acordo com ele, os recursos para a obra j\u00e1 est\u00e3o garantidos pelo PAC e as discuss\u00f5es agora se concentram nos detalhes t\u00e9cnicos necess\u00e1rios para que a Embasa possa realizar o processo de licita\u00e7\u00e3o. Para Fabr\u00edcio, a implanta\u00e7\u00e3o do sistema de esgotamento sanit\u00e1rio representa um sonho antigo dos moradores e poder\u00e1 trazer impactos positivos para a sa\u00fade p\u00fablica, o meio ambiente e o desenvolvimento urbano de Brumado. O deputado federal Waldenor Pereira tamb\u00e9m destacou o papel do prefeito na articula\u00e7\u00e3o pol\u00edtica que tem garantido novos investimentos para o munic\u00edpio. Segundo ele, a capacidade de di\u00e1logo da gest\u00e3o tem facilitado a aproxima\u00e7\u00e3o com os governos estadual e federal, abrindo caminho para a chegada de recursos e obras importantes. Com pouco mais de um ano de administra\u00e7\u00e3o, Fabr\u00edcio Abrantes vem consolidando sua atua\u00e7\u00e3o pol\u00edtica e fortalecendo parcerias institucionais. Caso o projeto de saneamento avance conforme o planejamento, a iniciativa poder\u00e1 se tornar um dos principais marcos de sua gest\u00e3o e um passo decisivo para o desenvolvimento de Brumado.","og_url":"http:\/\/sudoesteacontece.com.br\/?p=9994","og_site_name":"Sudoesteacontece","article_publisher":"https:\/\/www.facebook.com\/sudoesteacontece\/?locale=pt_BR","article_published_time":"2026-03-11T22:24:45+00:00","article_modified_time":"2026-03-11T22:24:50+00:00","og_image":[{"width":900,"height":600,"url":"http:\/\/sudoesteacontece.com.br\/wp-content\/uploads\/2026\/03\/ugo.jpg","type":"image\/jpeg"}],"author":"Washington Tiago","twitter_card":"summary_large_image","twitter_misc":{"Escrito por":"Washington Tiago","Est. tempo de leitura":"3 minutos"},"schema":{"@context":"https:\/\/schema.org","@graph":[{"@type":"Article","@id":"http:\/\/sudoesteacontece.com.br\/?p=9994#article","isPartOf":{"@id":"http:\/\/sudoesteacontece.com.br\/?p=9994"},"author":{"name":"Washington Tiago","@id":"https:\/\/sudoesteacontece.com.br\/#\/schema\/person\/3cf2cf009926a9683ebc29d5379fa79c"},"headline":"Jaques Wagner elogia lideran\u00e7a do prefeito Fabr\u00edcio Abrantes e destaca avan\u00e7o do saneamento em Brumado","datePublished":"2026-03-11T22:24:45+00:00","dateModified":"2026-03-11T22:24:50+00:00","mainEntityOfPage":{"@id":"http:\/\/sudoesteacontece.com.br\/?p=9994"},"wordCount":539,"commentCount":0,"publisher":{"@id":"https:\/\/sudoesteacontece.com.br\/#organization"},"image":{"@id":"http:\/\/sudoesteacontece.com.br\/?p=9994#primaryimage"},"thumbnailUrl":"https:\/\/sudoesteacontece.com.br\/wp-content\/uploads\/2026\/03\/ugo.jpg","articleSection":["Brumado","Cidades","Elei\u00e7\u00f5es 2026","Pol\u00edtica"],"inLanguage":"pt-BR","potentialAction":[{"@type":"CommentAction","name":"Comment","target":["http:\/\/sudoesteacontece.com.br\/?p=9994#respond"]}]},{"@type":"WebPage","@id":"http:\/\/sudoesteacontece.com.br\/?p=9994","url":"http:\/\/sudoesteacontece.com.br\/?p=9994","name":"Jaques Wagner elogia lideran\u00e7a do prefeito Fabr\u00edcio Abrantes e destaca avan\u00e7o do saneamento em Brumado - Sudoesteacontece","isPartOf":{"@id":"https:\/\/sudoesteacontece.com.br\/#website"},"primaryImageOfPage":{"@id":"http:\/\/sudoesteacontece.com.br\/?p=9994#primaryimage"},"image":{"@id":"http:\/\/sudoesteacontece.com.br\/?p=9994#primaryimage"},"thumbnailUrl":"https:\/\/sudoesteacontece.com.br\/wp-content\/uploads\/2026\/03\/ugo.jpg","datePublished":"2026-03-11T22:24:45+00:00","dateModified":"2026-03-11T22:24:50+00:00","breadcrumb":{"@id":"http:\/\/sudoesteacontece.com.br\/?p=9994#breadcrumb"},"inLanguage":"pt-BR","potentialAction":[{"@type":"ReadAction","target":["http:\/\/sudoesteacontece.com.br\/?p=9994"]}]},{"@type":"ImageObject","inLanguage":"pt-BR","@id":"http:\/\/sudoesteacontece.com.br\/?p=9994#primaryimage","url":"https:\/\/sudoesteacontece.com.br\/wp-content\/uploads\/2026\/03\/ugo.jpg","contentUrl":"https:\/\/sudoesteacontece.com.br\/wp-content\/uploads\/2026\/03\/ugo.jpg","width":900,"height":600},{"@type":"BreadcrumbList","@id":"http:\/\/sudoesteacontece.com.br\/?p=9994#breadcrumb","itemListElement":[{"@type":"ListItem","position":1,"name":"In\u00edcio","item":"https:\/\/sudoesteacontece.com.br\/"},{"@type":"ListItem","position":2,"name":"Jaques Wagner elogia lideran\u00e7a do prefeito Fabr\u00edcio Abrantes e destaca avan\u00e7o do saneamento em Brumado"}]},{"@type":"WebSite","@id":"https:\/\/sudoesteacontece.com.br\/#website","url":"https:\/\/sudoesteacontece.com.br\/","name":"Sudoesteacontece","description":"","publisher":{"@id":"https:\/\/sudoesteacontece.com.br\/#organization"},"potentialAction":[{"@type":"SearchAction","target":{"@type":"EntryPoint","urlTemplate":"https:\/\/sudoesteacontece.com.br\/?s={search_term_string}"},"query-input":{"@type":"PropertyValueSpecification","valueRequired":true,"valueName":"search_term_string"}}],"inLanguage":"pt-BR"},{"@type":"Organization","@id":"https:\/\/sudoesteacontece.com.br\/#organization","name":"Sudoesteacontece","url":"https:\/\/sudoesteacontece.com.br\/","logo":{"@type":"ImageObject","inLanguage":"pt-BR","@id":"https:\/\/sudoesteacontece.com.br\/#\/schema\/logo\/image\/","url":"https:\/\/sudoesteacontece.com.br\/wp-content\/uploads\/2025\/12\/cropped-logo-2-180x180-1.png","contentUrl":"https:\/\/sudoesteacontece.com.br\/wp-content\/uploads\/2025\/12\/cropped-logo-2-180x180-1.png","width":180,"height":180,"caption":"Sudoesteacontece"},"image":{"@id":"https:\/\/sudoesteacontece.com.br\/#\/schema\/logo\/image\/"},"sameAs":["https:\/\/www.facebook.com\/sudoesteacontece\/?locale=pt_BR"]},{"@type":"Person","@id":"https:\/\/sudoesteacontece.com.br\/#\/schema\/person\/3cf2cf009926a9683ebc29d5379fa79c","name":"Washington Tiago","image":{"@type":"ImageObject","inLanguage":"pt-BR","@id":"https:\/\/sudoesteacontece.com.br\/#\/schema\/person\/image\/","url":"https:\/\/secure.gravatar.com\/avatar\/33c43b8668157e040f9d1fe93c354bf087cbd8ba36270c1163198bd3ddcf2a56?s=96&d=mm&r=g","contentUrl":"https:\/\/secure.gravatar.com\/avatar\/33c43b8668157e040f9d1fe93c354bf087cbd8ba36270c1163198bd3ddcf2a56?s=96&d=mm&r=g","caption":"Washington Tiago"},"url":"https:\/\/sudoesteacontece.com.br\/?author=2"}]}},"_links":{"self":[{"href":"https:\/\/sudoesteacontece.com.br\/index.php?rest_route=\/wp\/v2\/posts\/9994","targetHints":{"allow":["GET"]}}],"collection":[{"href":"https:\/\/sudoesteacontece.com.br\/index.php?rest_route=\/wp\/v2\/posts"}],"about":[{"href":"https:\/\/sudoesteacontece.com.br\/index.php?rest_route=\/wp\/v2\/types\/post"}],"author":[{"embeddable":true,"href":"https:\/\/sudoesteacontece.com.br\/index.php?rest_route=\/wp\/v2\/users\/2"}],"replies":[{"embeddable":true,"href":"https:\/\/sudoesteacontece.com.br\/index.php?rest_route=%2Fwp%2Fv2%2Fcomments&post=9994"}],"version-history":[{"count":0,"href":"https:\/\/sudoesteacontece.com.br\/index.php?rest_route=\/wp\/v2\/posts\/9994\/revisions"}],"wp:featuredmedia":[{"embeddable":true,"href":"https:\/\/sudoesteacontece.com.br\/index.php?rest_route=\/wp\/v2\/media\/10023"}],"wp:attachment":[{"href":"https:\/\/sudoesteacontece.com.br\/index.php?rest_route=%2Fwp%2Fv2%2Fmedia&parent=9994"}],"wp:term":[{"taxonomy":"category","embeddable":true,"href":"https:\/\/sudoesteacontece.com.br\/index.php?rest_route=%2Fwp%2Fv2%2Fcategories&post=9994"},{"taxonomy":"post_tag","embeddable":true,"href":"https:\/\/sudoesteacontece.com.br\/index.php?rest_route=%2Fwp%2Fv2%2Ftags&post=9994"}],"curies":[{"name":"wp","href":"https:\/\/api.w.org\/{rel}","templated":true}]}}